{"id":59430,"date":"2020-01-31T12:03:19","date_gmt":"2020-01-31T12:03:19","guid":{"rendered":"https:\/\/www.copealcoy.es\/?p=59430"},"modified":"2020-01-31T12:03:19","modified_gmt":"2020-01-31T12:03:19","slug":"el-ive-iniciara-la-inspeccion-de-edificios-la-proxima-semana","status":"publish","type":"post","link":"https:\/\/www.copealcoy.es\/es\/el-ive-iniciara-la-inspeccion-de-edificios-la-proxima-semana\/","title":{"rendered":"El IVE iniciar\u00e1 la inspecci\u00f3n de edificios la pr\u00f3xima semana"},"content":{"rendered":"<p style=\"text-align: justify;\">El <strong>Instituto Valenciano de la Edificiaci\u00f3n (IVE)<\/strong> y el <strong>Ayuntamiento de Alcoy<\/strong> han concretado el inicio de<strong> las inspecciones a edificios<\/strong> situados en el centro de la ciudad por parte de los t\u00e9cnicos. Esta, seg\u00fan informa el Gobierno Municipal, <strong>ser\u00e1 asumida econ\u00f3micamente por la Conseller\u00eda y no es equivalente a una ITE<\/strong>. Indicar que la Inspecci\u00f3n T\u00e9cnica del Edificio <strong>es obligatoria para las viviendas de m\u00e1s de 50 a\u00f1os<\/strong> y su realizaci\u00f3n es responsabilidad del propietario.<\/p>\n<p style=\"text-align: justify;\">Desde el Ayuntamiento se calcula que <strong>ser\u00e1 necesaria la revisi\u00f3n de entre 400 y 500 edificios situados en el Centro de la ciudad<\/strong> y se pretende empezar por aquellos que se considera que <strong>pueden revestir mayores problemas<\/strong> sin que, entre ellos, est\u00e9n <strong>los que ya est\u00e1n declarados<\/strong> en ruina inminente. Entre los acuerdos de la reuni\u00f3n, se ha decidido que la semana que viene <strong>ya se puedan iniciar las primeras revisiones por parte de los t\u00e9cnicos del IVE<\/strong>. En total, se calcula que estos diagn\u00f3sticos <strong>podr\u00edan estar acabados en unas 4-6 semanas<\/strong> &#8220;<em>queremos destacar la r\u00e1pida respuesta que han tenido las necesidades de Alcoy. En todo momento, hemos encontrado rapidez y mucha profesionalidad. La experiencia anterior del IVE supone que haya unos tr\u00e1mites muy claros y que han dado resultados en otras poblaciones durante la DANA por el que creemos que, estos diagn\u00f3sticos de los edificios del centro de Alcoy puede estar acabado en pocas semanas. Unos diagn\u00f3sticos que asumir\u00e1 econ\u00f3micamente Conseller\u00eda, y que nos permitir\u00e1 poder conocer en tiempos r\u00e9cord la situaci\u00f3n del parque de edificios del centro hist\u00f3rico<\/em>&#8220;; asevera la edil de Urbanismo; <strong>Lorena Zamorano<\/strong>.<\/p>\n<p style=\"text-align: justify;\">Indicar que <strong>dos t\u00e9cnicos municipales<\/strong>, uno del departamento de urbanismo y otro de arquitectura, <strong>trabajar\u00e1n codo con codo con los t\u00e9cnicos del IVE<\/strong> para determinar los edificios. Una vez cuenten con el diagn\u00f3stico, <strong>requerir\u00e1n a los propietarios para que estos realicen todas las medidas<\/strong> que tienen la obligaci\u00f3n de asumir.<\/p>\n","protected":false},"excerpt":{"rendered":"<p>El Instituto Valenciano de la Edificiaci\u00f3n (IVE) y el Ayuntamiento de Alcoy han concretado el inicio de las inspecciones a&#8230;<\/p>\n","protected":false},"author":1,"featured_media":59431,"comment_status":"open","ping_status":"open","sticky":false,"template":"","format":"standard","meta":{"footnotes":""},"categories":[97,75,125],"tags":[1494,7065,7066,1796,3746,633],"class_list":["post-59430","post","type-post","status-publish","format-standard","has-post-thumbnail","hentry","category-alcoy","category-noticias","category-portada","tag-alcoy","tag-inspeccion-tecnica-de-edificios","tag-ive","tag-lorena-zamorano","tag-tecnicos","tag-urbanismo"],"yoast_head":"<!-- This site is optimized with the Yoast SEO plugin v27.3 - https:\/\/yoast.com\/product\/yoast-seo-wordpress\/ -->\n<title>El IVE iniciar\u00e1 la inspecci\u00f3n de edificios la pr\u00f3xima semana - COPE Alcoy<\/title>\n<meta name=\"robots\" content=\"index, follow, max-snippet:-1, max-image-preview:large, max-video-preview:-1\" \/>\n<link rel=\"canonical\" href=\"https:\/\/www.copealcoy.es\/es\/el-ive-iniciara-la-inspeccion-de-edificios-la-proxima-semana\/\" \/>\n<meta property=\"og:locale\" content=\"es_ES\" \/>\n<meta property=\"og:type\" content=\"article\" \/>\n<meta property=\"og:title\" content=\"El IVE iniciar\u00e1 la inspecci\u00f3n de edificios la pr\u00f3xima semana - COPE Alcoy\" \/>\n<meta property=\"og:description\" content=\"El Instituto Valenciano de la Edificiaci\u00f3n (IVE) y el Ayuntamiento de Alcoy han concretado el inicio de las inspecciones a...\" \/>\n<meta property=\"og:url\" content=\"https:\/\/www.copealcoy.es\/es\/el-ive-iniciara-la-inspeccion-de-edificios-la-proxima-semana\/\" \/>\n<meta property=\"og:site_name\" content=\"COPE Alcoy\" \/>\n<meta property=\"article:published_time\" content=\"2020-01-31T12:03:19+00:00\" \/>\n<meta property=\"og:image\" content=\"https:\/\/www.copealcoy.es\/wp-content\/uploads\/2020\/01\/IMG_8951-e1580413058316-1-scaled.jpg\" \/>\n\t<meta property=\"og:image:width\" content=\"2560\" \/>\n\t<meta property=\"og:image:height\" content=\"1336\" \/>\n\t<meta property=\"og:image:type\" content=\"image\/jpeg\" \/>\n<meta name=\"author\" content=\"Cope Alcoy\" \/>\n<meta name=\"twitter:label1\" content=\"Escrito por\" \/>\n\t<meta name=\"twitter:data1\" content=\"Cope Alcoy\" \/>\n\t<meta name=\"twitter:label2\" content=\"Tiempo de lectura\" \/>\n\t<meta name=\"twitter:data2\" content=\"2 minutos\" \/>\n<script type=\"application\/ld+json\" class=\"yoast-schema-graph\">{\"@context\":\"https:\\\/\\\/schema.org\",\"@graph\":[{\"@type\":\"Article\",\"@id\":\"https:\\\/\\\/www.copealcoy.es\\\/es\\\/el-ive-iniciara-la-inspeccion-de-edificios-la-proxima-semana\\\/#article\",\"isPartOf\":{\"@id\":\"https:\\\/\\\/www.copealcoy.es\\\/es\\\/el-ive-iniciara-la-inspeccion-de-edificios-la-proxima-semana\\\/\"},\"author\":{\"name\":\"Cope Alcoy\",\"@id\":\"https:\\\/\\\/www.copealcoy.es\\\/es\\\/#\\\/schema\\\/person\\\/e777c87fa024e57d40170af9df39882c\"},\"headline\":\"El IVE iniciar\u00e1 la inspecci\u00f3n de edificios la pr\u00f3xima semana\",\"datePublished\":\"2020-01-31T12:03:19+00:00\",\"mainEntityOfPage\":{\"@id\":\"https:\\\/\\\/www.copealcoy.es\\\/es\\\/el-ive-iniciara-la-inspeccion-de-edificios-la-proxima-semana\\\/\"},\"wordCount\":354,\"commentCount\":0,\"image\":{\"@id\":\"https:\\\/\\\/www.copealcoy.es\\\/es\\\/el-ive-iniciara-la-inspeccion-de-edificios-la-proxima-semana\\\/#primaryimage\"},\"thumbnailUrl\":\"https:\\\/\\\/www.copealcoy.es\\\/wp-content\\\/uploads\\\/2020\\\/01\\\/IMG_8951-e1580413058316-1-scaled.jpg\",\"keywords\":[\"Alcoy\",\"inspecci\u00f3n t\u00e9cnica de edificios\",\"IVE\",\"Lorena Zamorano\",\"t\u00e9cnicos\",\"Urbanismo\"],\"articleSection\":[\"Alcoy\",\"Noticias\",\"Portada\"],\"inLanguage\":\"es\"},{\"@type\":\"WebPage\",\"@id\":\"https:\\\/\\\/www.copealcoy.es\\\/es\\\/el-ive-iniciara-la-inspeccion-de-edificios-la-proxima-semana\\\/\",\"url\":\"https:\\\/\\\/www.copealcoy.es\\\/es\\\/el-ive-iniciara-la-inspeccion-de-edificios-la-proxima-semana\\\/\",\"name\":\"El IVE iniciar\u00e1 la inspecci\u00f3n de edificios la pr\u00f3xima semana - COPE Alcoy\",\"isPartOf\":{\"@id\":\"https:\\\/\\\/www.copealcoy.es\\\/es\\\/#website\"},\"primaryImageOfPage\":{\"@id\":\"https:\\\/\\\/www.copealcoy.es\\\/es\\\/el-ive-iniciara-la-inspeccion-de-edificios-la-proxima-semana\\\/#primaryimage\"},\"image\":{\"@id\":\"https:\\\/\\\/www.copealcoy.es\\\/es\\\/el-ive-iniciara-la-inspeccion-de-edificios-la-proxima-semana\\\/#primaryimage\"},\"thumbnailUrl\":\"https:\\\/\\\/www.copealcoy.es\\\/wp-content\\\/uploads\\\/2020\\\/01\\\/IMG_8951-e1580413058316-1-scaled.jpg\",\"datePublished\":\"2020-01-31T12:03:19+00:00\",\"author\":{\"@id\":\"https:\\\/\\\/www.copealcoy.es\\\/es\\\/#\\\/schema\\\/person\\\/e777c87fa024e57d40170af9df39882c\"},\"breadcrumb\":{\"@id\":\"https:\\\/\\\/www.copealcoy.es\\\/es\\\/el-ive-iniciara-la-inspeccion-de-edificios-la-proxima-semana\\\/#breadcrumb\"},\"inLanguage\":\"es\",\"potentialAction\":[{\"@type\":\"ReadAction\",\"target\":[\"https:\\\/\\\/www.copealcoy.es\\\/es\\\/el-ive-iniciara-la-inspeccion-de-edificios-la-proxima-semana\\\/\"]}]},{\"@type\":\"ImageObject\",\"inLanguage\":\"es\",\"@id\":\"https:\\\/\\\/www.copealcoy.es\\\/es\\\/el-ive-iniciara-la-inspeccion-de-edificios-la-proxima-semana\\\/#primaryimage\",\"url\":\"https:\\\/\\\/www.copealcoy.es\\\/wp-content\\\/uploads\\\/2020\\\/01\\\/IMG_8951-e1580413058316-1-scaled.jpg\",\"contentUrl\":\"https:\\\/\\\/www.copealcoy.es\\\/wp-content\\\/uploads\\\/2020\\\/01\\\/IMG_8951-e1580413058316-1-scaled.jpg\",\"width\":2560,\"height\":1336,\"caption\":\"La reuni\u00f3n se ha llevado a cabo en el Ayuntamiento de Alcoy \\\/ Foto: Ajuntament d'Alcoi\"},{\"@type\":\"BreadcrumbList\",\"@id\":\"https:\\\/\\\/www.copealcoy.es\\\/es\\\/el-ive-iniciara-la-inspeccion-de-edificios-la-proxima-semana\\\/#breadcrumb\",\"itemListElement\":[{\"@type\":\"ListItem\",\"position\":1,\"name\":\"Portada\",\"item\":\"https:\\\/\\\/www.copealcoy.es\\\/es\\\/\"},{\"@type\":\"ListItem\",\"position\":2,\"name\":\"El IVE iniciar\u00e1 la inspecci\u00f3n de edificios la pr\u00f3xima semana\"}]},{\"@type\":\"WebSite\",\"@id\":\"https:\\\/\\\/www.copealcoy.es\\\/es\\\/#website\",\"url\":\"https:\\\/\\\/www.copealcoy.es\\\/es\\\/\",\"name\":\"COPE Alcoy\",\"description\":\"Emisora COPE de radio local con emisi\u00f3n online. Pont de Sant Jordi 8-10 03803 Alcoy\",\"potentialAction\":[{\"@type\":\"SearchAction\",\"target\":{\"@type\":\"EntryPoint\",\"urlTemplate\":\"https:\\\/\\\/www.copealcoy.es\\\/es\\\/?s={search_term_string}\"},\"query-input\":{\"@type\":\"PropertyValueSpecification\",\"valueRequired\":true,\"valueName\":\"search_term_string\"}}],\"inLanguage\":\"es\"},{\"@type\":\"Person\",\"@id\":\"https:\\\/\\\/www.copealcoy.es\\\/es\\\/#\\\/schema\\\/person\\\/e777c87fa024e57d40170af9df39882c\",\"name\":\"Cope Alcoy\",\"image\":{\"@type\":\"ImageObject\",\"inLanguage\":\"es\",\"@id\":\"https:\\\/\\\/secure.gravatar.com\\\/avatar\\\/bb65d0283347e303893ba14f0692005417c1e0e690a325a4c5d8bb2b3943ee14?s=96&d=mm&r=g\",\"url\":\"https:\\\/\\\/secure.gravatar.com\\\/avatar\\\/bb65d0283347e303893ba14f0692005417c1e0e690a325a4c5d8bb2b3943ee14?s=96&d=mm&r=g\",\"contentUrl\":\"https:\\\/\\\/secure.gravatar.com\\\/avatar\\\/bb65d0283347e303893ba14f0692005417c1e0e690a325a4c5d8bb2b3943ee14?s=96&d=mm&r=g\",\"caption\":\"Cope Alcoy\"}}]}<\/script>\n<!-- \/ Yoast SEO plugin. -->","yoast_head_json":{"title":"El IVE iniciar\u00e1 la inspecci\u00f3n de edificios la pr\u00f3xima semana - COPE Alcoy","robots":{"index":"index","follow":"follow","max-snippet":"max-snippet:-1","max-image-preview":"max-image-preview:large","max-video-preview":"max-video-preview:-1"},"canonical":"https:\/\/www.copealcoy.es\/es\/el-ive-iniciara-la-inspeccion-de-edificios-la-proxima-semana\/","og_locale":"es_ES","og_type":"article","og_title":"El IVE iniciar\u00e1 la inspecci\u00f3n de edificios la pr\u00f3xima semana - COPE Alcoy","og_description":"El Instituto Valenciano de la Edificiaci\u00f3n (IVE) y el Ayuntamiento de Alcoy han concretado el inicio de las inspecciones a...","og_url":"https:\/\/www.copealcoy.es\/es\/el-ive-iniciara-la-inspeccion-de-edificios-la-proxima-semana\/","og_site_name":"COPE Alcoy","article_published_time":"2020-01-31T12:03:19+00:00","og_image":[{"width":2560,"height":1336,"url":"https:\/\/www.copealcoy.es\/wp-content\/uploads\/2020\/01\/IMG_8951-e1580413058316-1-scaled.jpg","type":"image\/jpeg"}],"author":"Cope Alcoy","twitter_misc":{"Escrito por":"Cope Alcoy","Tiempo de lectura":"2 minutos"},"schema":{"@context":"https:\/\/schema.org","@graph":[{"@type":"Article","@id":"https:\/\/www.copealcoy.es\/es\/el-ive-iniciara-la-inspeccion-de-edificios-la-proxima-semana\/#article","isPartOf":{"@id":"https:\/\/www.copealcoy.es\/es\/el-ive-iniciara-la-inspeccion-de-edificios-la-proxima-semana\/"},"author":{"name":"Cope Alcoy","@id":"https:\/\/www.copealcoy.es\/es\/#\/schema\/person\/e777c87fa024e57d40170af9df39882c"},"headline":"El IVE iniciar\u00e1 la inspecci\u00f3n de edificios la pr\u00f3xima semana","datePublished":"2020-01-31T12:03:19+00:00","mainEntityOfPage":{"@id":"https:\/\/www.copealcoy.es\/es\/el-ive-iniciara-la-inspeccion-de-edificios-la-proxima-semana\/"},"wordCount":354,"commentCount":0,"image":{"@id":"https:\/\/www.copealcoy.es\/es\/el-ive-iniciara-la-inspeccion-de-edificios-la-proxima-semana\/#primaryimage"},"thumbnailUrl":"https:\/\/www.copealcoy.es\/wp-content\/uploads\/2020\/01\/IMG_8951-e1580413058316-1-scaled.jpg","keywords":["Alcoy","inspecci\u00f3n t\u00e9cnica de edificios","IVE","Lorena Zamorano","t\u00e9cnicos","Urbanismo"],"articleSection":["Alcoy","Noticias","Portada"],"inLanguage":"es"},{"@type":"WebPage","@id":"https:\/\/www.copealcoy.es\/es\/el-ive-iniciara-la-inspeccion-de-edificios-la-proxima-semana\/","url":"https:\/\/www.copealcoy.es\/es\/el-ive-iniciara-la-inspeccion-de-edificios-la-proxima-semana\/","name":"El IVE iniciar\u00e1 la inspecci\u00f3n de edificios la pr\u00f3xima semana - COPE Alcoy","isPartOf":{"@id":"https:\/\/www.copealcoy.es\/es\/#website"},"primaryImageOfPage":{"@id":"https:\/\/www.copealcoy.es\/es\/el-ive-iniciara-la-inspeccion-de-edificios-la-proxima-semana\/#primaryimage"},"image":{"@id":"https:\/\/www.copealcoy.es\/es\/el-ive-iniciara-la-inspeccion-de-edificios-la-proxima-semana\/#primaryimage"},"thumbnailUrl":"https:\/\/www.copealcoy.es\/wp-content\/uploads\/2020\/01\/IMG_8951-e1580413058316-1-scaled.jpg","datePublished":"2020-01-31T12:03:19+00:00","author":{"@id":"https:\/\/www.copealcoy.es\/es\/#\/schema\/person\/e777c87fa024e57d40170af9df39882c"},"breadcrumb":{"@id":"https:\/\/www.copealcoy.es\/es\/el-ive-iniciara-la-inspeccion-de-edificios-la-proxima-semana\/#breadcrumb"},"inLanguage":"es","potentialAction":[{"@type":"ReadAction","target":["https:\/\/www.copealcoy.es\/es\/el-ive-iniciara-la-inspeccion-de-edificios-la-proxima-semana\/"]}]},{"@type":"ImageObject","inLanguage":"es","@id":"https:\/\/www.copealcoy.es\/es\/el-ive-iniciara-la-inspeccion-de-edificios-la-proxima-semana\/#primaryimage","url":"https:\/\/www.copealcoy.es\/wp-content\/uploads\/2020\/01\/IMG_8951-e1580413058316-1-scaled.jpg","contentUrl":"https:\/\/www.copealcoy.es\/wp-content\/uploads\/2020\/01\/IMG_8951-e1580413058316-1-scaled.jpg","width":2560,"height":1336,"caption":"La reuni\u00f3n se ha llevado a cabo en el Ayuntamiento de Alcoy \/ Foto: Ajuntament d'Alcoi"},{"@type":"BreadcrumbList","@id":"https:\/\/www.copealcoy.es\/es\/el-ive-iniciara-la-inspeccion-de-edificios-la-proxima-semana\/#breadcrumb","itemListElement":[{"@type":"ListItem","position":1,"name":"Portada","item":"https:\/\/www.copealcoy.es\/es\/"},{"@type":"ListItem","position":2,"name":"El IVE iniciar\u00e1 la inspecci\u00f3n de edificios la pr\u00f3xima semana"}]},{"@type":"WebSite","@id":"https:\/\/www.copealcoy.es\/es\/#website","url":"https:\/\/www.copealcoy.es\/es\/","name":"COPE Alcoy","description":"Emisora COPE de radio local con emisi\u00f3n online. Pont de Sant Jordi 8-10 03803 Alcoy","potentialAction":[{"@type":"SearchAction","target":{"@type":"EntryPoint","urlTemplate":"https:\/\/www.copealcoy.es\/es\/?s={search_term_string}"},"query-input":{"@type":"PropertyValueSpecification","valueRequired":true,"valueName":"search_term_string"}}],"inLanguage":"es"},{"@type":"Person","@id":"https:\/\/www.copealcoy.es\/es\/#\/schema\/person\/e777c87fa024e57d40170af9df39882c","name":"Cope Alcoy","image":{"@type":"ImageObject","inLanguage":"es","@id":"https:\/\/secure.gravatar.com\/avatar\/bb65d0283347e303893ba14f0692005417c1e0e690a325a4c5d8bb2b3943ee14?s=96&d=mm&r=g","url":"https:\/\/secure.gravatar.com\/avatar\/bb65d0283347e303893ba14f0692005417c1e0e690a325a4c5d8bb2b3943ee14?s=96&d=mm&r=g","contentUrl":"https:\/\/secure.gravatar.com\/avatar\/bb65d0283347e303893ba14f0692005417c1e0e690a325a4c5d8bb2b3943ee14?s=96&d=mm&r=g","caption":"Cope Alcoy"}}]}},"_links":{"self":[{"href":"https:\/\/www.copealcoy.es\/es\/wp-json\/wp\/v2\/posts\/59430","targetHints":{"allow":["GET"]}}],"collection":[{"href":"https:\/\/www.copealcoy.es\/es\/wp-json\/wp\/v2\/posts"}],"about":[{"href":"https:\/\/www.copealcoy.es\/es\/wp-json\/wp\/v2\/types\/post"}],"author":[{"embeddable":true,"href":"https:\/\/www.copealcoy.es\/es\/wp-json\/wp\/v2\/users\/1"}],"replies":[{"embeddable":true,"href":"https:\/\/www.copealcoy.es\/es\/wp-json\/wp\/v2\/comments?post=59430"}],"version-history":[{"count":0,"href":"https:\/\/www.copealcoy.es\/es\/wp-json\/wp\/v2\/posts\/59430\/revisions"}],"wp:featuredmedia":[{"embeddable":true,"href":"https:\/\/www.copealcoy.es\/es\/wp-json\/wp\/v2\/media\/59431"}],"wp:attachment":[{"href":"https:\/\/www.copealcoy.es\/es\/wp-json\/wp\/v2\/media?parent=59430"}],"wp:term":[{"taxonomy":"category","embeddable":true,"href":"https:\/\/www.copealcoy.es\/es\/wp-json\/wp\/v2\/categories?post=59430"},{"taxonomy":"post_tag","embeddable":true,"href":"https:\/\/www.copealcoy.es\/es\/wp-json\/wp\/v2\/tags?post=59430"}],"curies":[{"name":"wp","href":"https:\/\/api.w.org\/{rel}","templated":true}]}}