{"id":59424,"date":"2020-01-31T12:00:02","date_gmt":"2020-01-31T12:00:02","guid":{"rendered":"https:\/\/www.copealcoy.es\/?p=59424"},"modified":"2020-01-31T12:00:02","modified_gmt":"2020-01-31T12:00:02","slug":"saul-santonja-la-mostra-es-una-cita-cultural-muy-esperada","status":"publish","type":"post","link":"https:\/\/www.copealcoy.es\/es\/saul-santonja-la-mostra-es-una-cita-cultural-muy-esperada\/","title":{"rendered":"Sa\u00fal Santonja: &#8220;La Mostra es una cita cultural muy esperada&#8221;"},"content":{"rendered":"<p style=\"text-align: justify;\">La agrupaci\u00f3n<strong> Tel\u00f3 Teatre de Cocentaina<\/strong> ultima <strong>los preparativos<\/strong> para la celebraci\u00f3n de <strong>la Mostra de Teatre Amateur<\/strong>, un certamen que est\u00e1 <strong>plenamente consolidado<\/strong> dentro de <strong>la oferta cultural<\/strong> que ofrece la Villa Condal en los meses de invierno.<\/p>\n<p style=\"text-align: justify;\">El calendario de representaciones <strong>se alargar\u00e1 durante todo el mes de febrero<\/strong> y las mismas <strong>comenzar\u00e1n el s\u00e1bado d\u00eda 8&nbsp;<\/strong>con la puesta en escena del montaje <strong>\u2018Auto\u2019<\/strong>, de Ernesto Caballero, y que ofrecer\u00e1 <strong>el propio grupo de Tel\u00f3 Teatre<\/strong> a partir de las ocho de la tarde. A la semana siguiente,&nbsp; <strong>el s\u00e1bado 15 de febrero<\/strong>, acudir\u00e1n hasta Cocentaina los integrantes de la compa\u00f1\u00eda <strong>La Tarumba de Alzira<\/strong> para ofrecer la obra titulada <strong>\u2018Culpable\u2019<\/strong> de Sonia Cabrera y el <strong>s\u00e1bado 22 de febrero<\/strong> se podr\u00e1 ver la obra &nbsp;<strong>\u2018Tr\u00edo Faraona\u2019<\/strong> que presentar\u00e1 el grupo <strong>Aiguamar Teatre<\/strong> procedente de la ciudad vecina de Gandia. Finalmente&nbsp;<strong>el domingo 23 de febrero<\/strong>, &nbsp;y con el respaldo de <strong>la Sede Universitaria de Cocentaina de la Universidad de Alicante<\/strong>, los m\u00e1s peque\u00f1os podr\u00e1n disfrutar a partir de las doce del mediod\u00eda de <strong>una funci\u00f3n que ofrecer\u00e1 Faula Teatre de Alcoy<\/strong> y que recibe el nombre de <strong>\u2018Alicia en el pa\u00eds de las maravillas\u2019<\/strong> de&nbsp; Lewis Carrol.<\/p>\n<p style=\"text-align: justify;\">Todas las funciones se desarrollar\u00e1n <strong>en el Centre Cultural El Teular a partir de las ocho de la tarde<\/strong> y las entradas <strong>se pueden adquirir en la taquilla los s\u00e1bados de 10 a 13 horas<\/strong> &#8220;<em>las localidades tienen un precio de diez euros y los socios podr\u00e1n disponer de dos de ellas con un coste de ocho euros. Adem\u00e1s el anfiteatro tiene un precio de 7 euros y hay posibilidad de comprar abonos para todo el mes al precio de 24 euros y la funci\u00f3n de los m\u00e1s peque\u00f1os ser\u00e1 con entrada libre. Esperamos que la gente vuelva a dar su respaldo a una Mostra a la que se presentaron 26 obras procedentes de la Comunidad Valenciana y de las cuales se han seleccionado las que se ofrecer\u00e1n sobre el escenario&#8221;<\/em>, explicaba en COPE ALCOY este viernes el Presidente de Tel\u00f3 Teatre; <strong>Sa\u00fal Santonja<\/strong>.<\/p>\n<p style=\"text-align: justify;\">Indicar que la Mostra de Teatre <strong>comenz\u00f3 en el a\u00f1o 2000 tras la inauguraci\u00f3n oficial del Centre Cultural El Teular<\/strong> y en este 2020 llega a la edici\u00f3n n\u00famero XXI.<\/p>\n","protected":false},"excerpt":{"rendered":"<p>La agrupaci\u00f3n Tel\u00f3 Teatre de Cocentaina ultima los preparativos para la celebraci\u00f3n de la Mostra de Teatre Amateur, un certamen&#8230;<\/p>\n","protected":false},"author":1,"featured_media":59425,"comment_status":"open","ping_status":"open","sticky":false,"template":"","format":"standard","meta":{"footnotes":""},"categories":[98,75],"tags":[7062,2139,630,5155],"class_list":["post-59424","post","type-post","status-publish","format-standard","has-post-thumbnail","hentry","category-comarcas","category-noticias","tag-mostra-de-teatre-amateur","tag-saul-santonja","tag-telo-teatre","tag-vila-de-cocentaina"],"yoast_head":"<!-- This site is optimized with the Yoast SEO plugin v27.3 - https:\/\/yoast.com\/product\/yoast-seo-wordpress\/ -->\n<title>Sa\u00fal Santonja: &quot;La Mostra es una cita cultural muy esperada&quot; - COPE Alcoy<\/title>\n<meta name=\"robots\" content=\"index, follow, max-snippet:-1, max-image-preview:large, max-video-preview:-1\" \/>\n<link rel=\"canonical\" href=\"https:\/\/www.copealcoy.es\/es\/saul-santonja-la-mostra-es-una-cita-cultural-muy-esperada\/\" \/>\n<meta property=\"og:locale\" content=\"es_ES\" \/>\n<meta property=\"og:type\" content=\"article\" \/>\n<meta property=\"og:title\" content=\"Sa\u00fal Santonja: &quot;La Mostra es una cita cultural muy esperada&quot; - COPE Alcoy\" \/>\n<meta property=\"og:description\" content=\"La agrupaci\u00f3n Tel\u00f3 Teatre de Cocentaina ultima los preparativos para la celebraci\u00f3n de la Mostra de Teatre Amateur, un certamen...\" \/>\n<meta property=\"og:url\" content=\"https:\/\/www.copealcoy.es\/es\/saul-santonja-la-mostra-es-una-cita-cultural-muy-esperada\/\" \/>\n<meta property=\"og:site_name\" content=\"COPE Alcoy\" \/>\n<meta property=\"article:published_time\" content=\"2020-01-31T12:00:02+00:00\" \/>\n<meta property=\"og:image\" content=\"https:\/\/www.copealcoy.es\/wp-content\/uploads\/2020\/01\/IMG_5160-e1580487739964-1-scaled.jpg\" \/>\n\t<meta property=\"og:image:width\" content=\"2560\" \/>\n\t<meta property=\"og:image:height\" content=\"1574\" \/>\n\t<meta property=\"og:image:type\" content=\"image\/jpeg\" \/>\n<meta name=\"author\" content=\"Cope Alcoy\" \/>\n<meta name=\"twitter:label1\" content=\"Escrito por\" \/>\n\t<meta name=\"twitter:data1\" content=\"Cope Alcoy\" \/>\n\t<meta name=\"twitter:label2\" content=\"Tiempo de lectura\" \/>\n\t<meta name=\"twitter:data2\" content=\"2 minutos\" \/>\n<script type=\"application\/ld+json\" class=\"yoast-schema-graph\">{\"@context\":\"https:\\\/\\\/schema.org\",\"@graph\":[{\"@type\":\"Article\",\"@id\":\"https:\\\/\\\/www.copealcoy.es\\\/es\\\/saul-santonja-la-mostra-es-una-cita-cultural-muy-esperada\\\/#article\",\"isPartOf\":{\"@id\":\"https:\\\/\\\/www.copealcoy.es\\\/es\\\/saul-santonja-la-mostra-es-una-cita-cultural-muy-esperada\\\/\"},\"author\":{\"name\":\"Cope Alcoy\",\"@id\":\"https:\\\/\\\/www.copealcoy.es\\\/es\\\/#\\\/schema\\\/person\\\/e777c87fa024e57d40170af9df39882c\"},\"headline\":\"Sa\u00fal Santonja: &#8220;La Mostra es una cita cultural muy esperada&#8221;\",\"datePublished\":\"2020-01-31T12:00:02+00:00\",\"mainEntityOfPage\":{\"@id\":\"https:\\\/\\\/www.copealcoy.es\\\/es\\\/saul-santonja-la-mostra-es-una-cita-cultural-muy-esperada\\\/\"},\"wordCount\":410,\"commentCount\":0,\"image\":{\"@id\":\"https:\\\/\\\/www.copealcoy.es\\\/es\\\/saul-santonja-la-mostra-es-una-cita-cultural-muy-esperada\\\/#primaryimage\"},\"thumbnailUrl\":\"https:\\\/\\\/www.copealcoy.es\\\/wp-content\\\/uploads\\\/2020\\\/01\\\/IMG_5160-e1580487739964-1-scaled.jpg\",\"keywords\":[\"Mostra de Teatre Amateur\",\"Sa\u00fal Santonja\",\"Tel\u00f3 Teatre\",\"Vila de Cocentaina\"],\"articleSection\":[\"Comarcas\",\"Noticias\"],\"inLanguage\":\"es\"},{\"@type\":\"WebPage\",\"@id\":\"https:\\\/\\\/www.copealcoy.es\\\/es\\\/saul-santonja-la-mostra-es-una-cita-cultural-muy-esperada\\\/\",\"url\":\"https:\\\/\\\/www.copealcoy.es\\\/es\\\/saul-santonja-la-mostra-es-una-cita-cultural-muy-esperada\\\/\",\"name\":\"Sa\u00fal Santonja: \\\"La Mostra es una cita cultural muy esperada\\\" - COPE Alcoy\",\"isPartOf\":{\"@id\":\"https:\\\/\\\/www.copealcoy.es\\\/es\\\/#website\"},\"primaryImageOfPage\":{\"@id\":\"https:\\\/\\\/www.copealcoy.es\\\/es\\\/saul-santonja-la-mostra-es-una-cita-cultural-muy-esperada\\\/#primaryimage\"},\"image\":{\"@id\":\"https:\\\/\\\/www.copealcoy.es\\\/es\\\/saul-santonja-la-mostra-es-una-cita-cultural-muy-esperada\\\/#primaryimage\"},\"thumbnailUrl\":\"https:\\\/\\\/www.copealcoy.es\\\/wp-content\\\/uploads\\\/2020\\\/01\\\/IMG_5160-e1580487739964-1-scaled.jpg\",\"datePublished\":\"2020-01-31T12:00:02+00:00\",\"author\":{\"@id\":\"https:\\\/\\\/www.copealcoy.es\\\/es\\\/#\\\/schema\\\/person\\\/e777c87fa024e57d40170af9df39882c\"},\"breadcrumb\":{\"@id\":\"https:\\\/\\\/www.copealcoy.es\\\/es\\\/saul-santonja-la-mostra-es-una-cita-cultural-muy-esperada\\\/#breadcrumb\"},\"inLanguage\":\"es\",\"potentialAction\":[{\"@type\":\"ReadAction\",\"target\":[\"https:\\\/\\\/www.copealcoy.es\\\/es\\\/saul-santonja-la-mostra-es-una-cita-cultural-muy-esperada\\\/\"]}]},{\"@type\":\"ImageObject\",\"inLanguage\":\"es\",\"@id\":\"https:\\\/\\\/www.copealcoy.es\\\/es\\\/saul-santonja-la-mostra-es-una-cita-cultural-muy-esperada\\\/#primaryimage\",\"url\":\"https:\\\/\\\/www.copealcoy.es\\\/wp-content\\\/uploads\\\/2020\\\/01\\\/IMG_5160-e1580487739964-1-scaled.jpg\",\"contentUrl\":\"https:\\\/\\\/www.copealcoy.es\\\/wp-content\\\/uploads\\\/2020\\\/01\\\/IMG_5160-e1580487739964-1-scaled.jpg\",\"width\":2560,\"height\":1574,\"caption\":\"Sa\u00fal Santonja ha estado con nosotros en #LaMa\u00f1anaEnAlcoy \\\/ Foto: G.Pascual\"},{\"@type\":\"BreadcrumbList\",\"@id\":\"https:\\\/\\\/www.copealcoy.es\\\/es\\\/saul-santonja-la-mostra-es-una-cita-cultural-muy-esperada\\\/#breadcrumb\",\"itemListElement\":[{\"@type\":\"ListItem\",\"position\":1,\"name\":\"Portada\",\"item\":\"https:\\\/\\\/www.copealcoy.es\\\/es\\\/\"},{\"@type\":\"ListItem\",\"position\":2,\"name\":\"Sa\u00fal Santonja: &#8220;La Mostra es una cita cultural muy esperada&#8221;\"}]},{\"@type\":\"WebSite\",\"@id\":\"https:\\\/\\\/www.copealcoy.es\\\/es\\\/#website\",\"url\":\"https:\\\/\\\/www.copealcoy.es\\\/es\\\/\",\"name\":\"COPE Alcoy\",\"description\":\"Emisora COPE de radio local con emisi\u00f3n online. Pont de Sant Jordi 8-10 03803 Alcoy\",\"potentialAction\":[{\"@type\":\"SearchAction\",\"target\":{\"@type\":\"EntryPoint\",\"urlTemplate\":\"https:\\\/\\\/www.copealcoy.es\\\/es\\\/?s={search_term_string}\"},\"query-input\":{\"@type\":\"PropertyValueSpecification\",\"valueRequired\":true,\"valueName\":\"search_term_string\"}}],\"inLanguage\":\"es\"},{\"@type\":\"Person\",\"@id\":\"https:\\\/\\\/www.copealcoy.es\\\/es\\\/#\\\/schema\\\/person\\\/e777c87fa024e57d40170af9df39882c\",\"name\":\"Cope Alcoy\",\"image\":{\"@type\":\"ImageObject\",\"inLanguage\":\"es\",\"@id\":\"https:\\\/\\\/secure.gravatar.com\\\/avatar\\\/bb65d0283347e303893ba14f0692005417c1e0e690a325a4c5d8bb2b3943ee14?s=96&d=mm&r=g\",\"url\":\"https:\\\/\\\/secure.gravatar.com\\\/avatar\\\/bb65d0283347e303893ba14f0692005417c1e0e690a325a4c5d8bb2b3943ee14?s=96&d=mm&r=g\",\"contentUrl\":\"https:\\\/\\\/secure.gravatar.com\\\/avatar\\\/bb65d0283347e303893ba14f0692005417c1e0e690a325a4c5d8bb2b3943ee14?s=96&d=mm&r=g\",\"caption\":\"Cope Alcoy\"}}]}<\/script>\n<!-- \/ Yoast SEO plugin. -->","yoast_head_json":{"title":"Sa\u00fal Santonja: \"La Mostra es una cita cultural muy esperada\" - COPE Alcoy","robots":{"index":"index","follow":"follow","max-snippet":"max-snippet:-1","max-image-preview":"max-image-preview:large","max-video-preview":"max-video-preview:-1"},"canonical":"https:\/\/www.copealcoy.es\/es\/saul-santonja-la-mostra-es-una-cita-cultural-muy-esperada\/","og_locale":"es_ES","og_type":"article","og_title":"Sa\u00fal Santonja: \"La Mostra es una cita cultural muy esperada\" - COPE Alcoy","og_description":"La agrupaci\u00f3n Tel\u00f3 Teatre de Cocentaina ultima los preparativos para la celebraci\u00f3n de la Mostra de Teatre Amateur, un certamen...","og_url":"https:\/\/www.copealcoy.es\/es\/saul-santonja-la-mostra-es-una-cita-cultural-muy-esperada\/","og_site_name":"COPE Alcoy","article_published_time":"2020-01-31T12:00:02+00:00","og_image":[{"width":2560,"height":1574,"url":"https:\/\/www.copealcoy.es\/wp-content\/uploads\/2020\/01\/IMG_5160-e1580487739964-1-scaled.jpg","type":"image\/jpeg"}],"author":"Cope Alcoy","twitter_misc":{"Escrito por":"Cope Alcoy","Tiempo de lectura":"2 minutos"},"schema":{"@context":"https:\/\/schema.org","@graph":[{"@type":"Article","@id":"https:\/\/www.copealcoy.es\/es\/saul-santonja-la-mostra-es-una-cita-cultural-muy-esperada\/#article","isPartOf":{"@id":"https:\/\/www.copealcoy.es\/es\/saul-santonja-la-mostra-es-una-cita-cultural-muy-esperada\/"},"author":{"name":"Cope Alcoy","@id":"https:\/\/www.copealcoy.es\/es\/#\/schema\/person\/e777c87fa024e57d40170af9df39882c"},"headline":"Sa\u00fal Santonja: &#8220;La Mostra es una cita cultural muy esperada&#8221;","datePublished":"2020-01-31T12:00:02+00:00","mainEntityOfPage":{"@id":"https:\/\/www.copealcoy.es\/es\/saul-santonja-la-mostra-es-una-cita-cultural-muy-esperada\/"},"wordCount":410,"commentCount":0,"image":{"@id":"https:\/\/www.copealcoy.es\/es\/saul-santonja-la-mostra-es-una-cita-cultural-muy-esperada\/#primaryimage"},"thumbnailUrl":"https:\/\/www.copealcoy.es\/wp-content\/uploads\/2020\/01\/IMG_5160-e1580487739964-1-scaled.jpg","keywords":["Mostra de Teatre Amateur","Sa\u00fal Santonja","Tel\u00f3 Teatre","Vila de Cocentaina"],"articleSection":["Comarcas","Noticias"],"inLanguage":"es"},{"@type":"WebPage","@id":"https:\/\/www.copealcoy.es\/es\/saul-santonja-la-mostra-es-una-cita-cultural-muy-esperada\/","url":"https:\/\/www.copealcoy.es\/es\/saul-santonja-la-mostra-es-una-cita-cultural-muy-esperada\/","name":"Sa\u00fal Santonja: \"La Mostra es una cita cultural muy esperada\" - COPE Alcoy","isPartOf":{"@id":"https:\/\/www.copealcoy.es\/es\/#website"},"primaryImageOfPage":{"@id":"https:\/\/www.copealcoy.es\/es\/saul-santonja-la-mostra-es-una-cita-cultural-muy-esperada\/#primaryimage"},"image":{"@id":"https:\/\/www.copealcoy.es\/es\/saul-santonja-la-mostra-es-una-cita-cultural-muy-esperada\/#primaryimage"},"thumbnailUrl":"https:\/\/www.copealcoy.es\/wp-content\/uploads\/2020\/01\/IMG_5160-e1580487739964-1-scaled.jpg","datePublished":"2020-01-31T12:00:02+00:00","author":{"@id":"https:\/\/www.copealcoy.es\/es\/#\/schema\/person\/e777c87fa024e57d40170af9df39882c"},"breadcrumb":{"@id":"https:\/\/www.copealcoy.es\/es\/saul-santonja-la-mostra-es-una-cita-cultural-muy-esperada\/#breadcrumb"},"inLanguage":"es","potentialAction":[{"@type":"ReadAction","target":["https:\/\/www.copealcoy.es\/es\/saul-santonja-la-mostra-es-una-cita-cultural-muy-esperada\/"]}]},{"@type":"ImageObject","inLanguage":"es","@id":"https:\/\/www.copealcoy.es\/es\/saul-santonja-la-mostra-es-una-cita-cultural-muy-esperada\/#primaryimage","url":"https:\/\/www.copealcoy.es\/wp-content\/uploads\/2020\/01\/IMG_5160-e1580487739964-1-scaled.jpg","contentUrl":"https:\/\/www.copealcoy.es\/wp-content\/uploads\/2020\/01\/IMG_5160-e1580487739964-1-scaled.jpg","width":2560,"height":1574,"caption":"Sa\u00fal Santonja ha estado con nosotros en #LaMa\u00f1anaEnAlcoy \/ Foto: G.Pascual"},{"@type":"BreadcrumbList","@id":"https:\/\/www.copealcoy.es\/es\/saul-santonja-la-mostra-es-una-cita-cultural-muy-esperada\/#breadcrumb","itemListElement":[{"@type":"ListItem","position":1,"name":"Portada","item":"https:\/\/www.copealcoy.es\/es\/"},{"@type":"ListItem","position":2,"name":"Sa\u00fal Santonja: &#8220;La Mostra es una cita cultural muy esperada&#8221;"}]},{"@type":"WebSite","@id":"https:\/\/www.copealcoy.es\/es\/#website","url":"https:\/\/www.copealcoy.es\/es\/","name":"COPE Alcoy","description":"Emisora COPE de radio local con emisi\u00f3n online. Pont de Sant Jordi 8-10 03803 Alcoy","potentialAction":[{"@type":"SearchAction","target":{"@type":"EntryPoint","urlTemplate":"https:\/\/www.copealcoy.es\/es\/?s={search_term_string}"},"query-input":{"@type":"PropertyValueSpecification","valueRequired":true,"valueName":"search_term_string"}}],"inLanguage":"es"},{"@type":"Person","@id":"https:\/\/www.copealcoy.es\/es\/#\/schema\/person\/e777c87fa024e57d40170af9df39882c","name":"Cope Alcoy","image":{"@type":"ImageObject","inLanguage":"es","@id":"https:\/\/secure.gravatar.com\/avatar\/bb65d0283347e303893ba14f0692005417c1e0e690a325a4c5d8bb2b3943ee14?s=96&d=mm&r=g","url":"https:\/\/secure.gravatar.com\/avatar\/bb65d0283347e303893ba14f0692005417c1e0e690a325a4c5d8bb2b3943ee14?s=96&d=mm&r=g","contentUrl":"https:\/\/secure.gravatar.com\/avatar\/bb65d0283347e303893ba14f0692005417c1e0e690a325a4c5d8bb2b3943ee14?s=96&d=mm&r=g","caption":"Cope Alcoy"}}]}},"_links":{"self":[{"href":"https:\/\/www.copealcoy.es\/es\/wp-json\/wp\/v2\/posts\/59424","targetHints":{"allow":["GET"]}}],"collection":[{"href":"https:\/\/www.copealcoy.es\/es\/wp-json\/wp\/v2\/posts"}],"about":[{"href":"https:\/\/www.copealcoy.es\/es\/wp-json\/wp\/v2\/types\/post"}],"author":[{"embeddable":true,"href":"https:\/\/www.copealcoy.es\/es\/wp-json\/wp\/v2\/users\/1"}],"replies":[{"embeddable":true,"href":"https:\/\/www.copealcoy.es\/es\/wp-json\/wp\/v2\/comments?post=59424"}],"version-history":[{"count":0,"href":"https:\/\/www.copealcoy.es\/es\/wp-json\/wp\/v2\/posts\/59424\/revisions"}],"wp:featuredmedia":[{"embeddable":true,"href":"https:\/\/www.copealcoy.es\/es\/wp-json\/wp\/v2\/media\/59425"}],"wp:attachment":[{"href":"https:\/\/www.copealcoy.es\/es\/wp-json\/wp\/v2\/media?parent=59424"}],"wp:term":[{"taxonomy":"category","embeddable":true,"href":"https:\/\/www.copealcoy.es\/es\/wp-json\/wp\/v2\/categories?post=59424"},{"taxonomy":"post_tag","embeddable":true,"href":"https:\/\/www.copealcoy.es\/es\/wp-json\/wp\/v2\/tags?post=59424"}],"curies":[{"name":"wp","href":"https:\/\/api.w.org\/{rel}","templated":true}]}}