{"id":59419,"date":"2020-01-30T16:18:55","date_gmt":"2020-01-30T16:18:55","guid":{"rendered":"https:\/\/www.copealcoy.es\/?p=59419"},"modified":"2020-01-30T16:18:55","modified_gmt":"2020-01-30T16:18:55","slug":"alcoy-crea-un-gabinete-interdepartamental-para-agilizar-la-recuperacion-del-centro","status":"publish","type":"post","link":"https:\/\/www.copealcoy.es\/es\/alcoy-crea-un-gabinete-interdepartamental-para-agilizar-la-recuperacion-del-centro\/","title":{"rendered":"Alcoy crea un gabinete interdepartamental para agilizar la recuperaci\u00f3n del Centro"},"content":{"rendered":"<p style=\"text-align: justify;\">El <strong>Ayuntamiento de Alcoy<\/strong> ha creado <strong>un gabinete interdepartamental<\/strong> para <strong>agilizar la recuperaci\u00f3n del Centro<\/strong> de la ciudad. Este organismo, seg\u00fan informa el Gobierno Municipal del PSOE, <strong>est\u00e1 integrado<\/strong> por el alcalde,\u00a0los concejales y los jefes de los departamentos de Arquitectura, Urbanismo, Patrimonio y Obras y Servicios.<\/p>\n<p style=\"text-align: justify;\">Este gabinete, que ha empezado a reunirse esta misma semana, <strong>abordar\u00e1 todos las cuestiones relativas a urbanismo, obras, arquitectura, patrimonio y solares existentes<\/strong> en el barrio. Sus encuentros ser\u00e1n peri\u00f3dicos y <strong>en los mismos\u00a0se expondr\u00e1n todas las cuestiones que afectan al Centro<\/strong> para as\u00ed plantear soluciones de forma conjunta. De igual forma se llevar\u00e1n a cabo <strong>negociaciones con todas las administraciones superiores<\/strong> de cara a conseguir respaldo econ\u00f3mico para as\u00ed incidir en la revitalizaci\u00f3n y mejora de la barriada.\u00a0Desde el Gobierno Local del PSOE destacan que <strong>el citado gabinete lo coordinar\u00e1 el portavoz del PSOE y concejal de Obras y Servicios<\/strong> &#8220;<em>la situaci\u00f3n que hemos vivido debe servirnos para mejorar y consideramos que crear este gabinete interdepartamental nos permitir\u00e1 hacerlo, abordando los problemas de la mano de todos los departamentos y concejal\u00edas implicadas en la recuperaci\u00f3n del Centro a nivel urban\u00edstico. La situaci\u00f3n del Centro es compleja, puesto que son muchos los factores que confluyen, desde que es una zona declarada Bien de Inter\u00e9s Cultural (BIC) que comporta diferentes restricciones y obligaciones a la hora de poder actuar, a la fragmentaci\u00f3n de la propiedad existente, pero vamos a hacer todo lo que est\u00e1 en nuestras manos para que las acciones para una verdadera recuperaci\u00f3n del Centro sean palpables lo antes posible<\/em>&#8220;, detalla.<\/p>\n<p style=\"text-align: justify;\">Por \u00faltimo desde el Ejecutivo Socialista apuntan que <strong>lo que se busca con esta medida es ganar agilidad en la recuperaci\u00f3n del Centro<\/strong>\u00a0vinculando para ello a todos los departamentos que puedan estar implicados.<\/p>\n","protected":false},"excerpt":{"rendered":"<p>El Ayuntamiento de Alcoy ha creado un gabinete interdepartamental para agilizar la recuperaci\u00f3n del Centro de la ciudad. Este organismo,&#8230;<\/p>\n","protected":false},"author":1,"featured_media":59150,"comment_status":"open","ping_status":"open","sticky":false,"template":"","format":"standard","meta":{"footnotes":""},"categories":[97,75],"tags":[1494,295,2816,7061,4810],"class_list":["post-59419","post","type-post","status-publish","format-standard","has-post-thumbnail","hentry","category-alcoy","category-noticias","tag-alcoy","tag-centro","tag-creacion","tag-gabinete-interdepartamental","tag-recuperacion"],"yoast_head":"<!-- This site is optimized with the Yoast SEO plugin v27.3 - https:\/\/yoast.com\/product\/yoast-seo-wordpress\/ -->\n<title>Alcoy crea un gabinete interdepartamental para agilizar la recuperaci\u00f3n del Centro - COPE Alcoy<\/title>\n<meta name=\"robots\" content=\"index, follow, max-snippet:-1, max-image-preview:large, max-video-preview:-1\" \/>\n<link rel=\"canonical\" href=\"https:\/\/www.copealcoy.es\/es\/alcoy-crea-un-gabinete-interdepartamental-para-agilizar-la-recuperacion-del-centro\/\" \/>\n<meta property=\"og:locale\" content=\"es_ES\" \/>\n<meta property=\"og:type\" content=\"article\" \/>\n<meta property=\"og:title\" content=\"Alcoy crea un gabinete interdepartamental para agilizar la recuperaci\u00f3n del Centro - COPE Alcoy\" \/>\n<meta property=\"og:description\" content=\"El Ayuntamiento de Alcoy ha creado un gabinete interdepartamental para agilizar la recuperaci\u00f3n del Centro de la ciudad. Este organismo,...\" \/>\n<meta property=\"og:url\" content=\"https:\/\/www.copealcoy.es\/es\/alcoy-crea-un-gabinete-interdepartamental-para-agilizar-la-recuperacion-del-centro\/\" \/>\n<meta property=\"og:site_name\" content=\"COPE Alcoy\" \/>\n<meta property=\"article:published_time\" content=\"2020-01-30T16:18:55+00:00\" \/>\n<meta property=\"og:image\" content=\"https:\/\/www.copealcoy.es\/wp-content\/uploads\/2020\/01\/82842355_1913579458785530_5509180320382976000_n-e1579793391998-1.jpg\" \/>\n\t<meta property=\"og:image:width\" content=\"960\" \/>\n\t<meta property=\"og:image:height\" content=\"496\" \/>\n\t<meta property=\"og:image:type\" content=\"image\/jpeg\" \/>\n<meta name=\"author\" content=\"Cope Alcoy\" \/>\n<meta name=\"twitter:label1\" content=\"Escrito por\" \/>\n\t<meta name=\"twitter:data1\" content=\"Cope Alcoy\" \/>\n\t<meta name=\"twitter:label2\" content=\"Tiempo de lectura\" \/>\n\t<meta name=\"twitter:data2\" content=\"2 minutos\" \/>\n<script type=\"application\/ld+json\" class=\"yoast-schema-graph\">{\"@context\":\"https:\\\/\\\/schema.org\",\"@graph\":[{\"@type\":\"Article\",\"@id\":\"https:\\\/\\\/www.copealcoy.es\\\/es\\\/alcoy-crea-un-gabinete-interdepartamental-para-agilizar-la-recuperacion-del-centro\\\/#article\",\"isPartOf\":{\"@id\":\"https:\\\/\\\/www.copealcoy.es\\\/es\\\/alcoy-crea-un-gabinete-interdepartamental-para-agilizar-la-recuperacion-del-centro\\\/\"},\"author\":{\"name\":\"Cope Alcoy\",\"@id\":\"https:\\\/\\\/www.copealcoy.es\\\/es\\\/#\\\/schema\\\/person\\\/e777c87fa024e57d40170af9df39882c\"},\"headline\":\"Alcoy crea un gabinete interdepartamental para agilizar la recuperaci\u00f3n del Centro\",\"datePublished\":\"2020-01-30T16:18:55+00:00\",\"mainEntityOfPage\":{\"@id\":\"https:\\\/\\\/www.copealcoy.es\\\/es\\\/alcoy-crea-un-gabinete-interdepartamental-para-agilizar-la-recuperacion-del-centro\\\/\"},\"wordCount\":325,\"commentCount\":0,\"image\":{\"@id\":\"https:\\\/\\\/www.copealcoy.es\\\/es\\\/alcoy-crea-un-gabinete-interdepartamental-para-agilizar-la-recuperacion-del-centro\\\/#primaryimage\"},\"thumbnailUrl\":\"https:\\\/\\\/www.copealcoy.es\\\/wp-content\\\/uploads\\\/2020\\\/01\\\/82842355_1913579458785530_5509180320382976000_n-e1579793391998-1.jpg\",\"keywords\":[\"Alcoy\",\"Centro\",\"creaci\u00f3n\",\"gabinete interdepartamental\",\"recuperaci\u00f3n\"],\"articleSection\":[\"Alcoy\",\"Noticias\"],\"inLanguage\":\"es\"},{\"@type\":\"WebPage\",\"@id\":\"https:\\\/\\\/www.copealcoy.es\\\/es\\\/alcoy-crea-un-gabinete-interdepartamental-para-agilizar-la-recuperacion-del-centro\\\/\",\"url\":\"https:\\\/\\\/www.copealcoy.es\\\/es\\\/alcoy-crea-un-gabinete-interdepartamental-para-agilizar-la-recuperacion-del-centro\\\/\",\"name\":\"Alcoy crea un gabinete interdepartamental para agilizar la recuperaci\u00f3n del Centro - COPE Alcoy\",\"isPartOf\":{\"@id\":\"https:\\\/\\\/www.copealcoy.es\\\/es\\\/#website\"},\"primaryImageOfPage\":{\"@id\":\"https:\\\/\\\/www.copealcoy.es\\\/es\\\/alcoy-crea-un-gabinete-interdepartamental-para-agilizar-la-recuperacion-del-centro\\\/#primaryimage\"},\"image\":{\"@id\":\"https:\\\/\\\/www.copealcoy.es\\\/es\\\/alcoy-crea-un-gabinete-interdepartamental-para-agilizar-la-recuperacion-del-centro\\\/#primaryimage\"},\"thumbnailUrl\":\"https:\\\/\\\/www.copealcoy.es\\\/wp-content\\\/uploads\\\/2020\\\/01\\\/82842355_1913579458785530_5509180320382976000_n-e1579793391998-1.jpg\",\"datePublished\":\"2020-01-30T16:18:55+00:00\",\"author\":{\"@id\":\"https:\\\/\\\/www.copealcoy.es\\\/es\\\/#\\\/schema\\\/person\\\/e777c87fa024e57d40170af9df39882c\"},\"breadcrumb\":{\"@id\":\"https:\\\/\\\/www.copealcoy.es\\\/es\\\/alcoy-crea-un-gabinete-interdepartamental-para-agilizar-la-recuperacion-del-centro\\\/#breadcrumb\"},\"inLanguage\":\"es\",\"potentialAction\":[{\"@type\":\"ReadAction\",\"target\":[\"https:\\\/\\\/www.copealcoy.es\\\/es\\\/alcoy-crea-un-gabinete-interdepartamental-para-agilizar-la-recuperacion-del-centro\\\/\"]}]},{\"@type\":\"ImageObject\",\"inLanguage\":\"es\",\"@id\":\"https:\\\/\\\/www.copealcoy.es\\\/es\\\/alcoy-crea-un-gabinete-interdepartamental-para-agilizar-la-recuperacion-del-centro\\\/#primaryimage\",\"url\":\"https:\\\/\\\/www.copealcoy.es\\\/wp-content\\\/uploads\\\/2020\\\/01\\\/82842355_1913579458785530_5509180320382976000_n-e1579793391998-1.jpg\",\"contentUrl\":\"https:\\\/\\\/www.copealcoy.es\\\/wp-content\\\/uploads\\\/2020\\\/01\\\/82842355_1913579458785530_5509180320382976000_n-e1579793391998-1.jpg\",\"width\":960,\"height\":496,\"caption\":\"El inmueble se ha venido abajo este mediod\u00eda \\\/ Foto: M.Aracil\"},{\"@type\":\"BreadcrumbList\",\"@id\":\"https:\\\/\\\/www.copealcoy.es\\\/es\\\/alcoy-crea-un-gabinete-interdepartamental-para-agilizar-la-recuperacion-del-centro\\\/#breadcrumb\",\"itemListElement\":[{\"@type\":\"ListItem\",\"position\":1,\"name\":\"Portada\",\"item\":\"https:\\\/\\\/www.copealcoy.es\\\/es\\\/\"},{\"@type\":\"ListItem\",\"position\":2,\"name\":\"Alcoy crea un gabinete interdepartamental para agilizar la recuperaci\u00f3n del Centro\"}]},{\"@type\":\"WebSite\",\"@id\":\"https:\\\/\\\/www.copealcoy.es\\\/es\\\/#website\",\"url\":\"https:\\\/\\\/www.copealcoy.es\\\/es\\\/\",\"name\":\"COPE Alcoy\",\"description\":\"Emisora COPE de radio local con emisi\u00f3n online. Pont de Sant Jordi 8-10 03803 Alcoy\",\"potentialAction\":[{\"@type\":\"SearchAction\",\"target\":{\"@type\":\"EntryPoint\",\"urlTemplate\":\"https:\\\/\\\/www.copealcoy.es\\\/es\\\/?s={search_term_string}\"},\"query-input\":{\"@type\":\"PropertyValueSpecification\",\"valueRequired\":true,\"valueName\":\"search_term_string\"}}],\"inLanguage\":\"es\"},{\"@type\":\"Person\",\"@id\":\"https:\\\/\\\/www.copealcoy.es\\\/es\\\/#\\\/schema\\\/person\\\/e777c87fa024e57d40170af9df39882c\",\"name\":\"Cope Alcoy\",\"image\":{\"@type\":\"ImageObject\",\"inLanguage\":\"es\",\"@id\":\"https:\\\/\\\/secure.gravatar.com\\\/avatar\\\/bb65d0283347e303893ba14f0692005417c1e0e690a325a4c5d8bb2b3943ee14?s=96&d=mm&r=g\",\"url\":\"https:\\\/\\\/secure.gravatar.com\\\/avatar\\\/bb65d0283347e303893ba14f0692005417c1e0e690a325a4c5d8bb2b3943ee14?s=96&d=mm&r=g\",\"contentUrl\":\"https:\\\/\\\/secure.gravatar.com\\\/avatar\\\/bb65d0283347e303893ba14f0692005417c1e0e690a325a4c5d8bb2b3943ee14?s=96&d=mm&r=g\",\"caption\":\"Cope Alcoy\"}}]}<\/script>\n<!-- \/ Yoast SEO plugin. -->","yoast_head_json":{"title":"Alcoy crea un gabinete interdepartamental para agilizar la recuperaci\u00f3n del Centro - COPE Alcoy","robots":{"index":"index","follow":"follow","max-snippet":"max-snippet:-1","max-image-preview":"max-image-preview:large","max-video-preview":"max-video-preview:-1"},"canonical":"https:\/\/www.copealcoy.es\/es\/alcoy-crea-un-gabinete-interdepartamental-para-agilizar-la-recuperacion-del-centro\/","og_locale":"es_ES","og_type":"article","og_title":"Alcoy crea un gabinete interdepartamental para agilizar la recuperaci\u00f3n del Centro - COPE Alcoy","og_description":"El Ayuntamiento de Alcoy ha creado un gabinete interdepartamental para agilizar la recuperaci\u00f3n del Centro de la ciudad. Este organismo,...","og_url":"https:\/\/www.copealcoy.es\/es\/alcoy-crea-un-gabinete-interdepartamental-para-agilizar-la-recuperacion-del-centro\/","og_site_name":"COPE Alcoy","article_published_time":"2020-01-30T16:18:55+00:00","og_image":[{"width":960,"height":496,"url":"https:\/\/www.copealcoy.es\/wp-content\/uploads\/2020\/01\/82842355_1913579458785530_5509180320382976000_n-e1579793391998-1.jpg","type":"image\/jpeg"}],"author":"Cope Alcoy","twitter_misc":{"Escrito por":"Cope Alcoy","Tiempo de lectura":"2 minutos"},"schema":{"@context":"https:\/\/schema.org","@graph":[{"@type":"Article","@id":"https:\/\/www.copealcoy.es\/es\/alcoy-crea-un-gabinete-interdepartamental-para-agilizar-la-recuperacion-del-centro\/#article","isPartOf":{"@id":"https:\/\/www.copealcoy.es\/es\/alcoy-crea-un-gabinete-interdepartamental-para-agilizar-la-recuperacion-del-centro\/"},"author":{"name":"Cope Alcoy","@id":"https:\/\/www.copealcoy.es\/es\/#\/schema\/person\/e777c87fa024e57d40170af9df39882c"},"headline":"Alcoy crea un gabinete interdepartamental para agilizar la recuperaci\u00f3n del Centro","datePublished":"2020-01-30T16:18:55+00:00","mainEntityOfPage":{"@id":"https:\/\/www.copealcoy.es\/es\/alcoy-crea-un-gabinete-interdepartamental-para-agilizar-la-recuperacion-del-centro\/"},"wordCount":325,"commentCount":0,"image":{"@id":"https:\/\/www.copealcoy.es\/es\/alcoy-crea-un-gabinete-interdepartamental-para-agilizar-la-recuperacion-del-centro\/#primaryimage"},"thumbnailUrl":"https:\/\/www.copealcoy.es\/wp-content\/uploads\/2020\/01\/82842355_1913579458785530_5509180320382976000_n-e1579793391998-1.jpg","keywords":["Alcoy","Centro","creaci\u00f3n","gabinete interdepartamental","recuperaci\u00f3n"],"articleSection":["Alcoy","Noticias"],"inLanguage":"es"},{"@type":"WebPage","@id":"https:\/\/www.copealcoy.es\/es\/alcoy-crea-un-gabinete-interdepartamental-para-agilizar-la-recuperacion-del-centro\/","url":"https:\/\/www.copealcoy.es\/es\/alcoy-crea-un-gabinete-interdepartamental-para-agilizar-la-recuperacion-del-centro\/","name":"Alcoy crea un gabinete interdepartamental para agilizar la recuperaci\u00f3n del Centro - COPE Alcoy","isPartOf":{"@id":"https:\/\/www.copealcoy.es\/es\/#website"},"primaryImageOfPage":{"@id":"https:\/\/www.copealcoy.es\/es\/alcoy-crea-un-gabinete-interdepartamental-para-agilizar-la-recuperacion-del-centro\/#primaryimage"},"image":{"@id":"https:\/\/www.copealcoy.es\/es\/alcoy-crea-un-gabinete-interdepartamental-para-agilizar-la-recuperacion-del-centro\/#primaryimage"},"thumbnailUrl":"https:\/\/www.copealcoy.es\/wp-content\/uploads\/2020\/01\/82842355_1913579458785530_5509180320382976000_n-e1579793391998-1.jpg","datePublished":"2020-01-30T16:18:55+00:00","author":{"@id":"https:\/\/www.copealcoy.es\/es\/#\/schema\/person\/e777c87fa024e57d40170af9df39882c"},"breadcrumb":{"@id":"https:\/\/www.copealcoy.es\/es\/alcoy-crea-un-gabinete-interdepartamental-para-agilizar-la-recuperacion-del-centro\/#breadcrumb"},"inLanguage":"es","potentialAction":[{"@type":"ReadAction","target":["https:\/\/www.copealcoy.es\/es\/alcoy-crea-un-gabinete-interdepartamental-para-agilizar-la-recuperacion-del-centro\/"]}]},{"@type":"ImageObject","inLanguage":"es","@id":"https:\/\/www.copealcoy.es\/es\/alcoy-crea-un-gabinete-interdepartamental-para-agilizar-la-recuperacion-del-centro\/#primaryimage","url":"https:\/\/www.copealcoy.es\/wp-content\/uploads\/2020\/01\/82842355_1913579458785530_5509180320382976000_n-e1579793391998-1.jpg","contentUrl":"https:\/\/www.copealcoy.es\/wp-content\/uploads\/2020\/01\/82842355_1913579458785530_5509180320382976000_n-e1579793391998-1.jpg","width":960,"height":496,"caption":"El inmueble se ha venido abajo este mediod\u00eda \/ Foto: M.Aracil"},{"@type":"BreadcrumbList","@id":"https:\/\/www.copealcoy.es\/es\/alcoy-crea-un-gabinete-interdepartamental-para-agilizar-la-recuperacion-del-centro\/#breadcrumb","itemListElement":[{"@type":"ListItem","position":1,"name":"Portada","item":"https:\/\/www.copealcoy.es\/es\/"},{"@type":"ListItem","position":2,"name":"Alcoy crea un gabinete interdepartamental para agilizar la recuperaci\u00f3n del Centro"}]},{"@type":"WebSite","@id":"https:\/\/www.copealcoy.es\/es\/#website","url":"https:\/\/www.copealcoy.es\/es\/","name":"COPE Alcoy","description":"Emisora COPE de radio local con emisi\u00f3n online. Pont de Sant Jordi 8-10 03803 Alcoy","potentialAction":[{"@type":"SearchAction","target":{"@type":"EntryPoint","urlTemplate":"https:\/\/www.copealcoy.es\/es\/?s={search_term_string}"},"query-input":{"@type":"PropertyValueSpecification","valueRequired":true,"valueName":"search_term_string"}}],"inLanguage":"es"},{"@type":"Person","@id":"https:\/\/www.copealcoy.es\/es\/#\/schema\/person\/e777c87fa024e57d40170af9df39882c","name":"Cope Alcoy","image":{"@type":"ImageObject","inLanguage":"es","@id":"https:\/\/secure.gravatar.com\/avatar\/bb65d0283347e303893ba14f0692005417c1e0e690a325a4c5d8bb2b3943ee14?s=96&d=mm&r=g","url":"https:\/\/secure.gravatar.com\/avatar\/bb65d0283347e303893ba14f0692005417c1e0e690a325a4c5d8bb2b3943ee14?s=96&d=mm&r=g","contentUrl":"https:\/\/secure.gravatar.com\/avatar\/bb65d0283347e303893ba14f0692005417c1e0e690a325a4c5d8bb2b3943ee14?s=96&d=mm&r=g","caption":"Cope Alcoy"}}]}},"_links":{"self":[{"href":"https:\/\/www.copealcoy.es\/es\/wp-json\/wp\/v2\/posts\/59419","targetHints":{"allow":["GET"]}}],"collection":[{"href":"https:\/\/www.copealcoy.es\/es\/wp-json\/wp\/v2\/posts"}],"about":[{"href":"https:\/\/www.copealcoy.es\/es\/wp-json\/wp\/v2\/types\/post"}],"author":[{"embeddable":true,"href":"https:\/\/www.copealcoy.es\/es\/wp-json\/wp\/v2\/users\/1"}],"replies":[{"embeddable":true,"href":"https:\/\/www.copealcoy.es\/es\/wp-json\/wp\/v2\/comments?post=59419"}],"version-history":[{"count":0,"href":"https:\/\/www.copealcoy.es\/es\/wp-json\/wp\/v2\/posts\/59419\/revisions"}],"wp:featuredmedia":[{"embeddable":true,"href":"https:\/\/www.copealcoy.es\/es\/wp-json\/wp\/v2\/media\/59150"}],"wp:attachment":[{"href":"https:\/\/www.copealcoy.es\/es\/wp-json\/wp\/v2\/media?parent=59419"}],"wp:term":[{"taxonomy":"category","embeddable":true,"href":"https:\/\/www.copealcoy.es\/es\/wp-json\/wp\/v2\/categories?post=59419"},{"taxonomy":"post_tag","embeddable":true,"href":"https:\/\/www.copealcoy.es\/es\/wp-json\/wp\/v2\/tags?post=59419"}],"curies":[{"name":"wp","href":"https:\/\/api.w.org\/{rel}","templated":true}]}}