{"id":59319,"date":"2020-01-28T12:02:05","date_gmt":"2020-01-28T12:02:05","guid":{"rendered":"https:\/\/www.copealcoy.es\/?p=59319"},"modified":"2020-01-28T12:02:05","modified_gmt":"2020-01-28T12:02:05","slug":"arranca-en-nuremberg-la-feria-del-juguete-2020","status":"publish","type":"post","link":"https:\/\/www.copealcoy.es\/es\/arranca-en-nuremberg-la-feria-del-juguete-2020\/","title":{"rendered":"Arranca en Nuremberg la Feria del Juguete 2020"},"content":{"rendered":"<p style=\"text-align: justify;\">Arranca en Nuremberg<strong> la Feria del Juguete<\/strong>, un evento considerado como <strong>el m\u00e1s importante para el sector juguetero a nivel internacional<\/strong> y una cita obligada<strong> para fabricantes as\u00ed como profesionales del sector<\/strong>, que incluye mu\u00f1ecas y peluches, art\u00edculos de modelismo, hobby, bricolaje; entre otros.<\/p>\n<p style=\"text-align: justify;\">En la presente edici\u00f3n, y como viene siendo tradicional, las empresas de la Comunitat Valenciana <strong>vuelven a copar la participaci\u00f3n espa\u00f1ola<\/strong> en esta feria. Concretamente, exponen <strong>128 empresas espa\u00f1olas<\/strong>, de las cuales <strong>53 son de la Comunitat Valenciana<\/strong>. El <strong>total de las empresas participantes<\/strong>, de todo el mundo, alcanza las 2993 empresas.<\/p>\n<p style=\"text-align: justify;\">El Conseller de Econom\u00eda Sostenible de la Generalitat Valenciana, <strong>Rafael Climent<\/strong>, indica que \u00a0<strong>las exportaciones de juguete de la Comunitat Valenciana<\/strong> en el periodo enero-noviembre de 2019 <strong>alcanzaron un valor de 190,4 millones de euros<\/strong>, lo que representa <strong>un incremento del 1%<\/strong> con respecto al mismo periodo del a\u00f1o anterior. Asimismo remarca que la Comunitat Valenciana <strong>se sit\u00faa como la tercera comunidad aut\u00f3noma m\u00e1s exportadora de estos productos<\/strong> <em>&#8220;con un 11,3% de las exportaciones espa\u00f1olas de juguete. Los principales destinos de las exportaciones de juguete de la Comunitat Valenciana son Portugal, con el 18,7%, seguido de Francia, con el 16,6%; Italia, con un 12%; Alemania, con un 10,6%, y Grecia, con un 8,6% del total<\/em>&#8220;, afirma.<\/p>\n<p style=\"text-align: justify;\">Indicar que <strong>el Conseller Climent tiene previsto visitar hoy la Feria del Juguete<\/strong> junto a la Vicepresidenta del Consell; M\u00f3nica Oltra.<\/p>\n","protected":false},"excerpt":{"rendered":"<p>Arranca en Nuremberg la Feria del Juguete, un evento considerado como el m\u00e1s importante para el sector juguetero a nivel&#8230;<\/p>\n","protected":false},"author":1,"featured_media":59320,"comment_status":"open","ping_status":"open","sticky":false,"template":"","format":"standard","meta":{"footnotes":""},"categories":[97,75,79,125],"tags":[482,237,6090,7046,994,7047],"class_list":["post-59319","post","type-post","status-publish","format-standard","has-post-thumbnail","hentry","category-alcoy","category-noticias","category-politicayeconomia","category-portada","tag-alcoia","tag-comtat","tag-conseller-climent","tag-feria-juguete","tag-generalitat-valenciana","tag-nuremberg"],"yoast_head":"<!-- This site is optimized with the Yoast SEO plugin v27.3 - https:\/\/yoast.com\/product\/yoast-seo-wordpress\/ -->\n<title>Arranca en Nuremberg la Feria del Juguete 2020 - COPE Alcoy<\/title>\n<meta name=\"robots\" content=\"index, follow, max-snippet:-1, max-image-preview:large, max-video-preview:-1\" \/>\n<link rel=\"canonical\" href=\"https:\/\/www.copealcoy.es\/es\/arranca-en-nuremberg-la-feria-del-juguete-2020\/\" \/>\n<meta property=\"og:locale\" content=\"es_ES\" \/>\n<meta property=\"og:type\" content=\"article\" \/>\n<meta property=\"og:title\" content=\"Arranca en Nuremberg la Feria del Juguete 2020 - COPE Alcoy\" \/>\n<meta property=\"og:description\" content=\"Arranca en Nuremberg la Feria del Juguete, un evento considerado como el m\u00e1s importante para el sector juguetero a nivel...\" \/>\n<meta property=\"og:url\" content=\"https:\/\/www.copealcoy.es\/es\/arranca-en-nuremberg-la-feria-del-juguete-2020\/\" \/>\n<meta property=\"og:site_name\" content=\"COPE Alcoy\" \/>\n<meta property=\"article:published_time\" content=\"2020-01-28T12:02:05+00:00\" \/>\n<meta property=\"og:image\" content=\"https:\/\/www.copealcoy.es\/wp-content\/uploads\/2020\/01\/PHOTO-2020-01-27-15-10-09-1.jpg\" \/>\n\t<meta property=\"og:image:width\" content=\"1322\" \/>\n\t<meta property=\"og:image:height\" content=\"905\" \/>\n\t<meta property=\"og:image:type\" content=\"image\/jpeg\" \/>\n<meta name=\"author\" content=\"Cope Alcoy\" \/>\n<meta name=\"twitter:label1\" content=\"Escrito por\" \/>\n\t<meta name=\"twitter:data1\" content=\"Cope Alcoy\" \/>\n\t<meta name=\"twitter:label2\" content=\"Tiempo de lectura\" \/>\n\t<meta name=\"twitter:data2\" content=\"1 minuto\" \/>\n<script type=\"application\/ld+json\" class=\"yoast-schema-graph\">{\"@context\":\"https:\\\/\\\/schema.org\",\"@graph\":[{\"@type\":\"Article\",\"@id\":\"https:\\\/\\\/www.copealcoy.es\\\/es\\\/arranca-en-nuremberg-la-feria-del-juguete-2020\\\/#article\",\"isPartOf\":{\"@id\":\"https:\\\/\\\/www.copealcoy.es\\\/es\\\/arranca-en-nuremberg-la-feria-del-juguete-2020\\\/\"},\"author\":{\"name\":\"Cope Alcoy\",\"@id\":\"https:\\\/\\\/www.copealcoy.es\\\/es\\\/#\\\/schema\\\/person\\\/e777c87fa024e57d40170af9df39882c\"},\"headline\":\"Arranca en Nuremberg la Feria del Juguete 2020\",\"datePublished\":\"2020-01-28T12:02:05+00:00\",\"mainEntityOfPage\":{\"@id\":\"https:\\\/\\\/www.copealcoy.es\\\/es\\\/arranca-en-nuremberg-la-feria-del-juguete-2020\\\/\"},\"wordCount\":242,\"commentCount\":0,\"image\":{\"@id\":\"https:\\\/\\\/www.copealcoy.es\\\/es\\\/arranca-en-nuremberg-la-feria-del-juguete-2020\\\/#primaryimage\"},\"thumbnailUrl\":\"https:\\\/\\\/www.copealcoy.es\\\/wp-content\\\/uploads\\\/2020\\\/01\\\/PHOTO-2020-01-27-15-10-09-1.jpg\",\"keywords\":[\"Alcoi\u00e0\",\"Comtat\",\"Conseller Climent\",\"Feria Juguete\",\"Generalitat Valenciana\",\"Nuremberg\"],\"articleSection\":[\"Alcoy\",\"Noticias\",\"Pol\u00edtica y Econom\u00eda\",\"Portada\"],\"inLanguage\":\"es\"},{\"@type\":\"WebPage\",\"@id\":\"https:\\\/\\\/www.copealcoy.es\\\/es\\\/arranca-en-nuremberg-la-feria-del-juguete-2020\\\/\",\"url\":\"https:\\\/\\\/www.copealcoy.es\\\/es\\\/arranca-en-nuremberg-la-feria-del-juguete-2020\\\/\",\"name\":\"Arranca en Nuremberg la Feria del Juguete 2020 - COPE Alcoy\",\"isPartOf\":{\"@id\":\"https:\\\/\\\/www.copealcoy.es\\\/es\\\/#website\"},\"primaryImageOfPage\":{\"@id\":\"https:\\\/\\\/www.copealcoy.es\\\/es\\\/arranca-en-nuremberg-la-feria-del-juguete-2020\\\/#primaryimage\"},\"image\":{\"@id\":\"https:\\\/\\\/www.copealcoy.es\\\/es\\\/arranca-en-nuremberg-la-feria-del-juguete-2020\\\/#primaryimage\"},\"thumbnailUrl\":\"https:\\\/\\\/www.copealcoy.es\\\/wp-content\\\/uploads\\\/2020\\\/01\\\/PHOTO-2020-01-27-15-10-09-1.jpg\",\"datePublished\":\"2020-01-28T12:02:05+00:00\",\"author\":{\"@id\":\"https:\\\/\\\/www.copealcoy.es\\\/es\\\/#\\\/schema\\\/person\\\/e777c87fa024e57d40170af9df39882c\"},\"breadcrumb\":{\"@id\":\"https:\\\/\\\/www.copealcoy.es\\\/es\\\/arranca-en-nuremberg-la-feria-del-juguete-2020\\\/#breadcrumb\"},\"inLanguage\":\"es\",\"potentialAction\":[{\"@type\":\"ReadAction\",\"target\":[\"https:\\\/\\\/www.copealcoy.es\\\/es\\\/arranca-en-nuremberg-la-feria-del-juguete-2020\\\/\"]}]},{\"@type\":\"ImageObject\",\"inLanguage\":\"es\",\"@id\":\"https:\\\/\\\/www.copealcoy.es\\\/es\\\/arranca-en-nuremberg-la-feria-del-juguete-2020\\\/#primaryimage\",\"url\":\"https:\\\/\\\/www.copealcoy.es\\\/wp-content\\\/uploads\\\/2020\\\/01\\\/PHOTO-2020-01-27-15-10-09-1.jpg\",\"contentUrl\":\"https:\\\/\\\/www.copealcoy.es\\\/wp-content\\\/uploads\\\/2020\\\/01\\\/PHOTO-2020-01-27-15-10-09-1.jpg\",\"width\":1322,\"height\":905,\"caption\":\"El Conseller Climent mostrando su respaldo al sector juguetero \\\/ Foto: Conselleria de Econom\u00eda\"},{\"@type\":\"BreadcrumbList\",\"@id\":\"https:\\\/\\\/www.copealcoy.es\\\/es\\\/arranca-en-nuremberg-la-feria-del-juguete-2020\\\/#breadcrumb\",\"itemListElement\":[{\"@type\":\"ListItem\",\"position\":1,\"name\":\"Portada\",\"item\":\"https:\\\/\\\/www.copealcoy.es\\\/es\\\/\"},{\"@type\":\"ListItem\",\"position\":2,\"name\":\"Arranca en Nuremberg la Feria del Juguete 2020\"}]},{\"@type\":\"WebSite\",\"@id\":\"https:\\\/\\\/www.copealcoy.es\\\/es\\\/#website\",\"url\":\"https:\\\/\\\/www.copealcoy.es\\\/es\\\/\",\"name\":\"COPE Alcoy\",\"description\":\"Emisora COPE de radio local con emisi\u00f3n online. Pont de Sant Jordi 8-10 03803 Alcoy\",\"potentialAction\":[{\"@type\":\"SearchAction\",\"target\":{\"@type\":\"EntryPoint\",\"urlTemplate\":\"https:\\\/\\\/www.copealcoy.es\\\/es\\\/?s={search_term_string}\"},\"query-input\":{\"@type\":\"PropertyValueSpecification\",\"valueRequired\":true,\"valueName\":\"search_term_string\"}}],\"inLanguage\":\"es\"},{\"@type\":\"Person\",\"@id\":\"https:\\\/\\\/www.copealcoy.es\\\/es\\\/#\\\/schema\\\/person\\\/e777c87fa024e57d40170af9df39882c\",\"name\":\"Cope Alcoy\",\"image\":{\"@type\":\"ImageObject\",\"inLanguage\":\"es\",\"@id\":\"https:\\\/\\\/secure.gravatar.com\\\/avatar\\\/bb65d0283347e303893ba14f0692005417c1e0e690a325a4c5d8bb2b3943ee14?s=96&d=mm&r=g\",\"url\":\"https:\\\/\\\/secure.gravatar.com\\\/avatar\\\/bb65d0283347e303893ba14f0692005417c1e0e690a325a4c5d8bb2b3943ee14?s=96&d=mm&r=g\",\"contentUrl\":\"https:\\\/\\\/secure.gravatar.com\\\/avatar\\\/bb65d0283347e303893ba14f0692005417c1e0e690a325a4c5d8bb2b3943ee14?s=96&d=mm&r=g\",\"caption\":\"Cope Alcoy\"}}]}<\/script>\n<!-- \/ Yoast SEO plugin. -->","yoast_head_json":{"title":"Arranca en Nuremberg la Feria del Juguete 2020 - COPE Alcoy","robots":{"index":"index","follow":"follow","max-snippet":"max-snippet:-1","max-image-preview":"max-image-preview:large","max-video-preview":"max-video-preview:-1"},"canonical":"https:\/\/www.copealcoy.es\/es\/arranca-en-nuremberg-la-feria-del-juguete-2020\/","og_locale":"es_ES","og_type":"article","og_title":"Arranca en Nuremberg la Feria del Juguete 2020 - COPE Alcoy","og_description":"Arranca en Nuremberg la Feria del Juguete, un evento considerado como el m\u00e1s importante para el sector juguetero a nivel...","og_url":"https:\/\/www.copealcoy.es\/es\/arranca-en-nuremberg-la-feria-del-juguete-2020\/","og_site_name":"COPE Alcoy","article_published_time":"2020-01-28T12:02:05+00:00","og_image":[{"width":1322,"height":905,"url":"https:\/\/www.copealcoy.es\/wp-content\/uploads\/2020\/01\/PHOTO-2020-01-27-15-10-09-1.jpg","type":"image\/jpeg"}],"author":"Cope Alcoy","twitter_misc":{"Escrito por":"Cope Alcoy","Tiempo de lectura":"1 minuto"},"schema":{"@context":"https:\/\/schema.org","@graph":[{"@type":"Article","@id":"https:\/\/www.copealcoy.es\/es\/arranca-en-nuremberg-la-feria-del-juguete-2020\/#article","isPartOf":{"@id":"https:\/\/www.copealcoy.es\/es\/arranca-en-nuremberg-la-feria-del-juguete-2020\/"},"author":{"name":"Cope Alcoy","@id":"https:\/\/www.copealcoy.es\/es\/#\/schema\/person\/e777c87fa024e57d40170af9df39882c"},"headline":"Arranca en Nuremberg la Feria del Juguete 2020","datePublished":"2020-01-28T12:02:05+00:00","mainEntityOfPage":{"@id":"https:\/\/www.copealcoy.es\/es\/arranca-en-nuremberg-la-feria-del-juguete-2020\/"},"wordCount":242,"commentCount":0,"image":{"@id":"https:\/\/www.copealcoy.es\/es\/arranca-en-nuremberg-la-feria-del-juguete-2020\/#primaryimage"},"thumbnailUrl":"https:\/\/www.copealcoy.es\/wp-content\/uploads\/2020\/01\/PHOTO-2020-01-27-15-10-09-1.jpg","keywords":["Alcoi\u00e0","Comtat","Conseller Climent","Feria Juguete","Generalitat Valenciana","Nuremberg"],"articleSection":["Alcoy","Noticias","Pol\u00edtica y Econom\u00eda","Portada"],"inLanguage":"es"},{"@type":"WebPage","@id":"https:\/\/www.copealcoy.es\/es\/arranca-en-nuremberg-la-feria-del-juguete-2020\/","url":"https:\/\/www.copealcoy.es\/es\/arranca-en-nuremberg-la-feria-del-juguete-2020\/","name":"Arranca en Nuremberg la Feria del Juguete 2020 - COPE Alcoy","isPartOf":{"@id":"https:\/\/www.copealcoy.es\/es\/#website"},"primaryImageOfPage":{"@id":"https:\/\/www.copealcoy.es\/es\/arranca-en-nuremberg-la-feria-del-juguete-2020\/#primaryimage"},"image":{"@id":"https:\/\/www.copealcoy.es\/es\/arranca-en-nuremberg-la-feria-del-juguete-2020\/#primaryimage"},"thumbnailUrl":"https:\/\/www.copealcoy.es\/wp-content\/uploads\/2020\/01\/PHOTO-2020-01-27-15-10-09-1.jpg","datePublished":"2020-01-28T12:02:05+00:00","author":{"@id":"https:\/\/www.copealcoy.es\/es\/#\/schema\/person\/e777c87fa024e57d40170af9df39882c"},"breadcrumb":{"@id":"https:\/\/www.copealcoy.es\/es\/arranca-en-nuremberg-la-feria-del-juguete-2020\/#breadcrumb"},"inLanguage":"es","potentialAction":[{"@type":"ReadAction","target":["https:\/\/www.copealcoy.es\/es\/arranca-en-nuremberg-la-feria-del-juguete-2020\/"]}]},{"@type":"ImageObject","inLanguage":"es","@id":"https:\/\/www.copealcoy.es\/es\/arranca-en-nuremberg-la-feria-del-juguete-2020\/#primaryimage","url":"https:\/\/www.copealcoy.es\/wp-content\/uploads\/2020\/01\/PHOTO-2020-01-27-15-10-09-1.jpg","contentUrl":"https:\/\/www.copealcoy.es\/wp-content\/uploads\/2020\/01\/PHOTO-2020-01-27-15-10-09-1.jpg","width":1322,"height":905,"caption":"El Conseller Climent mostrando su respaldo al sector juguetero \/ Foto: Conselleria de Econom\u00eda"},{"@type":"BreadcrumbList","@id":"https:\/\/www.copealcoy.es\/es\/arranca-en-nuremberg-la-feria-del-juguete-2020\/#breadcrumb","itemListElement":[{"@type":"ListItem","position":1,"name":"Portada","item":"https:\/\/www.copealcoy.es\/es\/"},{"@type":"ListItem","position":2,"name":"Arranca en Nuremberg la Feria del Juguete 2020"}]},{"@type":"WebSite","@id":"https:\/\/www.copealcoy.es\/es\/#website","url":"https:\/\/www.copealcoy.es\/es\/","name":"COPE Alcoy","description":"Emisora COPE de radio local con emisi\u00f3n online. Pont de Sant Jordi 8-10 03803 Alcoy","potentialAction":[{"@type":"SearchAction","target":{"@type":"EntryPoint","urlTemplate":"https:\/\/www.copealcoy.es\/es\/?s={search_term_string}"},"query-input":{"@type":"PropertyValueSpecification","valueRequired":true,"valueName":"search_term_string"}}],"inLanguage":"es"},{"@type":"Person","@id":"https:\/\/www.copealcoy.es\/es\/#\/schema\/person\/e777c87fa024e57d40170af9df39882c","name":"Cope Alcoy","image":{"@type":"ImageObject","inLanguage":"es","@id":"https:\/\/secure.gravatar.com\/avatar\/bb65d0283347e303893ba14f0692005417c1e0e690a325a4c5d8bb2b3943ee14?s=96&d=mm&r=g","url":"https:\/\/secure.gravatar.com\/avatar\/bb65d0283347e303893ba14f0692005417c1e0e690a325a4c5d8bb2b3943ee14?s=96&d=mm&r=g","contentUrl":"https:\/\/secure.gravatar.com\/avatar\/bb65d0283347e303893ba14f0692005417c1e0e690a325a4c5d8bb2b3943ee14?s=96&d=mm&r=g","caption":"Cope Alcoy"}}]}},"_links":{"self":[{"href":"https:\/\/www.copealcoy.es\/es\/wp-json\/wp\/v2\/posts\/59319","targetHints":{"allow":["GET"]}}],"collection":[{"href":"https:\/\/www.copealcoy.es\/es\/wp-json\/wp\/v2\/posts"}],"about":[{"href":"https:\/\/www.copealcoy.es\/es\/wp-json\/wp\/v2\/types\/post"}],"author":[{"embeddable":true,"href":"https:\/\/www.copealcoy.es\/es\/wp-json\/wp\/v2\/users\/1"}],"replies":[{"embeddable":true,"href":"https:\/\/www.copealcoy.es\/es\/wp-json\/wp\/v2\/comments?post=59319"}],"version-history":[{"count":0,"href":"https:\/\/www.copealcoy.es\/es\/wp-json\/wp\/v2\/posts\/59319\/revisions"}],"wp:featuredmedia":[{"embeddable":true,"href":"https:\/\/www.copealcoy.es\/es\/wp-json\/wp\/v2\/media\/59320"}],"wp:attachment":[{"href":"https:\/\/www.copealcoy.es\/es\/wp-json\/wp\/v2\/media?parent=59319"}],"wp:term":[{"taxonomy":"category","embeddable":true,"href":"https:\/\/www.copealcoy.es\/es\/wp-json\/wp\/v2\/categories?post=59319"},{"taxonomy":"post_tag","embeddable":true,"href":"https:\/\/www.copealcoy.es\/es\/wp-json\/wp\/v2\/tags?post=59319"}],"curies":[{"name":"wp","href":"https:\/\/api.w.org\/{rel}","templated":true}]}}