{"id":59213,"date":"2020-01-24T16:09:39","date_gmt":"2020-01-24T16:09:39","guid":{"rendered":"https:\/\/www.copealcoy.es\/?p=59213"},"modified":"2020-01-24T16:09:39","modified_gmt":"2020-01-24T16:09:39","slug":"los-cargos-de-las-fiestas-de-la-mareta-de-2020-recogen-el-testigo","status":"publish","type":"post","link":"https:\/\/www.copealcoy.es\/es\/los-cargos-de-las-fiestas-de-la-mareta-de-2020-recogen-el-testigo\/","title":{"rendered":"Los cargos de las Fiestas de la Mareta de 2020 recogen el testigo"},"content":{"rendered":"<p style=\"text-align: justify;\">Cocentaina\u00a0 <strong>celebr\u00f3 el pasado fin de semana la fiesta de Sant Antoni<\/strong> y gran parte de los actos <strong>estuvieron vinculados a la Mare de D\u00e9u del Miracle<\/strong> ya que <strong>la capilla del Palau Comtal en la que se produjo el milagro de la Mareta<\/strong>, el 19 de abril de 1.520, est\u00e1 dedicada al patr\u00f3n de los animales.<\/p>\n<p style=\"text-align: justify;\">Este enclave acogi\u00f3 el s\u00e1bado <strong>el rezo de v\u00edsperas<\/strong> y <strong>el traspaso de cargos<\/strong> entre los protagonistas de las Fiestas Patronales de la Mare de D\u00e9u del Miracle de 2019 y los del 2020. De esta forma <strong>Pablo Jord\u00e0 Torr\u00f3, Celia Boyero Cerd\u00e0, Joan Ferri Cortell y Celia Torregrosa<\/strong> fueron proclamados oficialmente en este acto como <strong>Conde, Condesa, Moss\u00e9n y Suplicante<\/strong>, respectivamente; para los festejos de la Mareta que tendr\u00e1n lugar el pr\u00f3ximo abril mientras que al finalizar la ceremonia <strong>pudieron visitar a la Virgen<\/strong> en su camar\u00edn. Ya el domingo se celebr\u00f3 en el Monasterio de las Clarisas <strong>la misa en honor a San Antonio Abad<\/strong>, con car\u00e1cter interparroquial, y en la misma tuvieron un protagonismo destacado <strong>los ni\u00f1os de catequesis de las dos parroquias locales<\/strong> ya que los mismos aprovecharon la ocasi\u00f3n para <strong>peregrinar a la Mare de D\u00e9u del Miracle<\/strong> y as\u00ed <strong>recibir el jubileo<\/strong> dentro del A\u00f1o Santo concedido a Cocentaina por la Santa Sede para celebrar el<strong> V Centenario del milagro de la patrona<\/strong> que se conmemora en este 2020.<\/p>\n<p style=\"text-align: justify;\">Recordar que cada fin de semana <strong>Cocentaina acoge a numerosos peregrinos<\/strong>, procedentes de la Comunidad Valenciana y del \u00e1mbito nacional, que acuden hasta el municipio para <strong>recibir la indulgencia plenaria<\/strong> dentro del citado A\u00f1o Santo Jubilar.<\/p>\n","protected":false},"excerpt":{"rendered":"<p>Cocentaina\u00a0 celebr\u00f3 el pasado fin de semana la fiesta de Sant Antoni y gran parte de los actos estuvieron vinculados&#8230;<\/p>\n","protected":false},"author":1,"featured_media":59214,"comment_status":"open","ping_status":"open","sticky":false,"template":"","format":"standard","meta":{"footnotes":""},"categories":[98,75],"tags":[7016,1156,132,2954,1984,782],"class_list":["post-59213","post","type-post","status-publish","format-standard","has-post-thumbnail","hentry","category-comarcas","category-noticias","tag-capilla-de-san-antonio-abad","tag-cargos","tag-cocentaina","tag-fiestas-patronales","tag-mare-de-deu-del-miracle","tag-palau-comtal"],"yoast_head":"<!-- This site is optimized with the Yoast SEO plugin v27.3 - https:\/\/yoast.com\/product\/yoast-seo-wordpress\/ -->\n<title>Los cargos de las Fiestas de la Mareta de 2020 recogen el testigo - COPE Alcoy<\/title>\n<meta name=\"robots\" content=\"index, follow, max-snippet:-1, max-image-preview:large, max-video-preview:-1\" \/>\n<link rel=\"canonical\" href=\"https:\/\/www.copealcoy.es\/es\/los-cargos-de-las-fiestas-de-la-mareta-de-2020-recogen-el-testigo\/\" \/>\n<meta property=\"og:locale\" content=\"es_ES\" \/>\n<meta property=\"og:type\" content=\"article\" \/>\n<meta property=\"og:title\" content=\"Los cargos de las Fiestas de la Mareta de 2020 recogen el testigo - COPE Alcoy\" \/>\n<meta property=\"og:description\" content=\"Cocentaina\u00a0 celebr\u00f3 el pasado fin de semana la fiesta de Sant Antoni y gran parte de los actos estuvieron vinculados...\" \/>\n<meta property=\"og:url\" content=\"https:\/\/www.copealcoy.es\/es\/los-cargos-de-las-fiestas-de-la-mareta-de-2020-recogen-el-testigo\/\" \/>\n<meta property=\"og:site_name\" content=\"COPE Alcoy\" \/>\n<meta property=\"article:published_time\" content=\"2020-01-24T16:09:39+00:00\" \/>\n<meta property=\"og:image\" content=\"https:\/\/www.copealcoy.es\/wp-content\/uploads\/2020\/01\/17-Los-protagonistas-de-las-fiestas-patronales-recibieron-la-medalla-de-la-Mareta-e1579882093749-1.jpg\" \/>\n\t<meta property=\"og:image:width\" content=\"948\" \/>\n\t<meta property=\"og:image:height\" content=\"523\" \/>\n\t<meta property=\"og:image:type\" content=\"image\/jpeg\" \/>\n<meta name=\"author\" content=\"Cope Alcoy\" \/>\n<meta name=\"twitter:label1\" content=\"Escrito por\" \/>\n\t<meta name=\"twitter:data1\" content=\"Cope Alcoy\" \/>\n\t<meta name=\"twitter:label2\" content=\"Tiempo de lectura\" \/>\n\t<meta name=\"twitter:data2\" content=\"1 minuto\" \/>\n<script type=\"application\/ld+json\" class=\"yoast-schema-graph\">{\"@context\":\"https:\\\/\\\/schema.org\",\"@graph\":[{\"@type\":\"Article\",\"@id\":\"https:\\\/\\\/www.copealcoy.es\\\/es\\\/los-cargos-de-las-fiestas-de-la-mareta-de-2020-recogen-el-testigo\\\/#article\",\"isPartOf\":{\"@id\":\"https:\\\/\\\/www.copealcoy.es\\\/es\\\/los-cargos-de-las-fiestas-de-la-mareta-de-2020-recogen-el-testigo\\\/\"},\"author\":{\"name\":\"Cope Alcoy\",\"@id\":\"https:\\\/\\\/www.copealcoy.es\\\/es\\\/#\\\/schema\\\/person\\\/e777c87fa024e57d40170af9df39882c\"},\"headline\":\"Los cargos de las Fiestas de la Mareta de 2020 recogen el testigo\",\"datePublished\":\"2020-01-24T16:09:39+00:00\",\"mainEntityOfPage\":{\"@id\":\"https:\\\/\\\/www.copealcoy.es\\\/es\\\/los-cargos-de-las-fiestas-de-la-mareta-de-2020-recogen-el-testigo\\\/\"},\"wordCount\":290,\"commentCount\":0,\"image\":{\"@id\":\"https:\\\/\\\/www.copealcoy.es\\\/es\\\/los-cargos-de-las-fiestas-de-la-mareta-de-2020-recogen-el-testigo\\\/#primaryimage\"},\"thumbnailUrl\":\"https:\\\/\\\/www.copealcoy.es\\\/wp-content\\\/uploads\\\/2020\\\/01\\\/17-Los-protagonistas-de-las-fiestas-patronales-recibieron-la-medalla-de-la-Mareta-e1579882093749-1.jpg\",\"keywords\":[\"Capilla de San Antonio Abad\",\"cargos\",\"Cocentaina\",\"fiestas patronales\",\"Mare de D\u00e9u del Miracle\",\"Palau Comtal\"],\"articleSection\":[\"Comarcas\",\"Noticias\"],\"inLanguage\":\"es\"},{\"@type\":\"WebPage\",\"@id\":\"https:\\\/\\\/www.copealcoy.es\\\/es\\\/los-cargos-de-las-fiestas-de-la-mareta-de-2020-recogen-el-testigo\\\/\",\"url\":\"https:\\\/\\\/www.copealcoy.es\\\/es\\\/los-cargos-de-las-fiestas-de-la-mareta-de-2020-recogen-el-testigo\\\/\",\"name\":\"Los cargos de las Fiestas de la Mareta de 2020 recogen el testigo - COPE Alcoy\",\"isPartOf\":{\"@id\":\"https:\\\/\\\/www.copealcoy.es\\\/es\\\/#website\"},\"primaryImageOfPage\":{\"@id\":\"https:\\\/\\\/www.copealcoy.es\\\/es\\\/los-cargos-de-las-fiestas-de-la-mareta-de-2020-recogen-el-testigo\\\/#primaryimage\"},\"image\":{\"@id\":\"https:\\\/\\\/www.copealcoy.es\\\/es\\\/los-cargos-de-las-fiestas-de-la-mareta-de-2020-recogen-el-testigo\\\/#primaryimage\"},\"thumbnailUrl\":\"https:\\\/\\\/www.copealcoy.es\\\/wp-content\\\/uploads\\\/2020\\\/01\\\/17-Los-protagonistas-de-las-fiestas-patronales-recibieron-la-medalla-de-la-Mareta-e1579882093749-1.jpg\",\"datePublished\":\"2020-01-24T16:09:39+00:00\",\"author\":{\"@id\":\"https:\\\/\\\/www.copealcoy.es\\\/es\\\/#\\\/schema\\\/person\\\/e777c87fa024e57d40170af9df39882c\"},\"breadcrumb\":{\"@id\":\"https:\\\/\\\/www.copealcoy.es\\\/es\\\/los-cargos-de-las-fiestas-de-la-mareta-de-2020-recogen-el-testigo\\\/#breadcrumb\"},\"inLanguage\":\"es\",\"potentialAction\":[{\"@type\":\"ReadAction\",\"target\":[\"https:\\\/\\\/www.copealcoy.es\\\/es\\\/los-cargos-de-las-fiestas-de-la-mareta-de-2020-recogen-el-testigo\\\/\"]}]},{\"@type\":\"ImageObject\",\"inLanguage\":\"es\",\"@id\":\"https:\\\/\\\/www.copealcoy.es\\\/es\\\/los-cargos-de-las-fiestas-de-la-mareta-de-2020-recogen-el-testigo\\\/#primaryimage\",\"url\":\"https:\\\/\\\/www.copealcoy.es\\\/wp-content\\\/uploads\\\/2020\\\/01\\\/17-Los-protagonistas-de-las-fiestas-patronales-recibieron-la-medalla-de-la-Mareta-e1579882093749-1.jpg\",\"contentUrl\":\"https:\\\/\\\/www.copealcoy.es\\\/wp-content\\\/uploads\\\/2020\\\/01\\\/17-Los-protagonistas-de-las-fiestas-patronales-recibieron-la-medalla-de-la-Mareta-e1579882093749-1.jpg\",\"width\":948,\"height\":523,\"caption\":\"Los protagonistas de las fiestas patronales recibieron la medalla de la Mareta \\\/ Foto: P\u00eda Uni\u00f3n Virgen del Milagro\"},{\"@type\":\"BreadcrumbList\",\"@id\":\"https:\\\/\\\/www.copealcoy.es\\\/es\\\/los-cargos-de-las-fiestas-de-la-mareta-de-2020-recogen-el-testigo\\\/#breadcrumb\",\"itemListElement\":[{\"@type\":\"ListItem\",\"position\":1,\"name\":\"Portada\",\"item\":\"https:\\\/\\\/www.copealcoy.es\\\/es\\\/\"},{\"@type\":\"ListItem\",\"position\":2,\"name\":\"Los cargos de las Fiestas de la Mareta de 2020 recogen el testigo\"}]},{\"@type\":\"WebSite\",\"@id\":\"https:\\\/\\\/www.copealcoy.es\\\/es\\\/#website\",\"url\":\"https:\\\/\\\/www.copealcoy.es\\\/es\\\/\",\"name\":\"COPE Alcoy\",\"description\":\"Emisora COPE de radio local con emisi\u00f3n online. Pont de Sant Jordi 8-10 03803 Alcoy\",\"potentialAction\":[{\"@type\":\"SearchAction\",\"target\":{\"@type\":\"EntryPoint\",\"urlTemplate\":\"https:\\\/\\\/www.copealcoy.es\\\/es\\\/?s={search_term_string}\"},\"query-input\":{\"@type\":\"PropertyValueSpecification\",\"valueRequired\":true,\"valueName\":\"search_term_string\"}}],\"inLanguage\":\"es\"},{\"@type\":\"Person\",\"@id\":\"https:\\\/\\\/www.copealcoy.es\\\/es\\\/#\\\/schema\\\/person\\\/e777c87fa024e57d40170af9df39882c\",\"name\":\"Cope Alcoy\",\"image\":{\"@type\":\"ImageObject\",\"inLanguage\":\"es\",\"@id\":\"https:\\\/\\\/secure.gravatar.com\\\/avatar\\\/bb65d0283347e303893ba14f0692005417c1e0e690a325a4c5d8bb2b3943ee14?s=96&d=mm&r=g\",\"url\":\"https:\\\/\\\/secure.gravatar.com\\\/avatar\\\/bb65d0283347e303893ba14f0692005417c1e0e690a325a4c5d8bb2b3943ee14?s=96&d=mm&r=g\",\"contentUrl\":\"https:\\\/\\\/secure.gravatar.com\\\/avatar\\\/bb65d0283347e303893ba14f0692005417c1e0e690a325a4c5d8bb2b3943ee14?s=96&d=mm&r=g\",\"caption\":\"Cope Alcoy\"}}]}<\/script>\n<!-- \/ Yoast SEO plugin. -->","yoast_head_json":{"title":"Los cargos de las Fiestas de la Mareta de 2020 recogen el testigo - COPE Alcoy","robots":{"index":"index","follow":"follow","max-snippet":"max-snippet:-1","max-image-preview":"max-image-preview:large","max-video-preview":"max-video-preview:-1"},"canonical":"https:\/\/www.copealcoy.es\/es\/los-cargos-de-las-fiestas-de-la-mareta-de-2020-recogen-el-testigo\/","og_locale":"es_ES","og_type":"article","og_title":"Los cargos de las Fiestas de la Mareta de 2020 recogen el testigo - COPE Alcoy","og_description":"Cocentaina\u00a0 celebr\u00f3 el pasado fin de semana la fiesta de Sant Antoni y gran parte de los actos estuvieron vinculados...","og_url":"https:\/\/www.copealcoy.es\/es\/los-cargos-de-las-fiestas-de-la-mareta-de-2020-recogen-el-testigo\/","og_site_name":"COPE Alcoy","article_published_time":"2020-01-24T16:09:39+00:00","og_image":[{"width":948,"height":523,"url":"https:\/\/www.copealcoy.es\/wp-content\/uploads\/2020\/01\/17-Los-protagonistas-de-las-fiestas-patronales-recibieron-la-medalla-de-la-Mareta-e1579882093749-1.jpg","type":"image\/jpeg"}],"author":"Cope Alcoy","twitter_misc":{"Escrito por":"Cope Alcoy","Tiempo de lectura":"1 minuto"},"schema":{"@context":"https:\/\/schema.org","@graph":[{"@type":"Article","@id":"https:\/\/www.copealcoy.es\/es\/los-cargos-de-las-fiestas-de-la-mareta-de-2020-recogen-el-testigo\/#article","isPartOf":{"@id":"https:\/\/www.copealcoy.es\/es\/los-cargos-de-las-fiestas-de-la-mareta-de-2020-recogen-el-testigo\/"},"author":{"name":"Cope Alcoy","@id":"https:\/\/www.copealcoy.es\/es\/#\/schema\/person\/e777c87fa024e57d40170af9df39882c"},"headline":"Los cargos de las Fiestas de la Mareta de 2020 recogen el testigo","datePublished":"2020-01-24T16:09:39+00:00","mainEntityOfPage":{"@id":"https:\/\/www.copealcoy.es\/es\/los-cargos-de-las-fiestas-de-la-mareta-de-2020-recogen-el-testigo\/"},"wordCount":290,"commentCount":0,"image":{"@id":"https:\/\/www.copealcoy.es\/es\/los-cargos-de-las-fiestas-de-la-mareta-de-2020-recogen-el-testigo\/#primaryimage"},"thumbnailUrl":"https:\/\/www.copealcoy.es\/wp-content\/uploads\/2020\/01\/17-Los-protagonistas-de-las-fiestas-patronales-recibieron-la-medalla-de-la-Mareta-e1579882093749-1.jpg","keywords":["Capilla de San Antonio Abad","cargos","Cocentaina","fiestas patronales","Mare de D\u00e9u del Miracle","Palau Comtal"],"articleSection":["Comarcas","Noticias"],"inLanguage":"es"},{"@type":"WebPage","@id":"https:\/\/www.copealcoy.es\/es\/los-cargos-de-las-fiestas-de-la-mareta-de-2020-recogen-el-testigo\/","url":"https:\/\/www.copealcoy.es\/es\/los-cargos-de-las-fiestas-de-la-mareta-de-2020-recogen-el-testigo\/","name":"Los cargos de las Fiestas de la Mareta de 2020 recogen el testigo - COPE Alcoy","isPartOf":{"@id":"https:\/\/www.copealcoy.es\/es\/#website"},"primaryImageOfPage":{"@id":"https:\/\/www.copealcoy.es\/es\/los-cargos-de-las-fiestas-de-la-mareta-de-2020-recogen-el-testigo\/#primaryimage"},"image":{"@id":"https:\/\/www.copealcoy.es\/es\/los-cargos-de-las-fiestas-de-la-mareta-de-2020-recogen-el-testigo\/#primaryimage"},"thumbnailUrl":"https:\/\/www.copealcoy.es\/wp-content\/uploads\/2020\/01\/17-Los-protagonistas-de-las-fiestas-patronales-recibieron-la-medalla-de-la-Mareta-e1579882093749-1.jpg","datePublished":"2020-01-24T16:09:39+00:00","author":{"@id":"https:\/\/www.copealcoy.es\/es\/#\/schema\/person\/e777c87fa024e57d40170af9df39882c"},"breadcrumb":{"@id":"https:\/\/www.copealcoy.es\/es\/los-cargos-de-las-fiestas-de-la-mareta-de-2020-recogen-el-testigo\/#breadcrumb"},"inLanguage":"es","potentialAction":[{"@type":"ReadAction","target":["https:\/\/www.copealcoy.es\/es\/los-cargos-de-las-fiestas-de-la-mareta-de-2020-recogen-el-testigo\/"]}]},{"@type":"ImageObject","inLanguage":"es","@id":"https:\/\/www.copealcoy.es\/es\/los-cargos-de-las-fiestas-de-la-mareta-de-2020-recogen-el-testigo\/#primaryimage","url":"https:\/\/www.copealcoy.es\/wp-content\/uploads\/2020\/01\/17-Los-protagonistas-de-las-fiestas-patronales-recibieron-la-medalla-de-la-Mareta-e1579882093749-1.jpg","contentUrl":"https:\/\/www.copealcoy.es\/wp-content\/uploads\/2020\/01\/17-Los-protagonistas-de-las-fiestas-patronales-recibieron-la-medalla-de-la-Mareta-e1579882093749-1.jpg","width":948,"height":523,"caption":"Los protagonistas de las fiestas patronales recibieron la medalla de la Mareta \/ Foto: P\u00eda Uni\u00f3n Virgen del Milagro"},{"@type":"BreadcrumbList","@id":"https:\/\/www.copealcoy.es\/es\/los-cargos-de-las-fiestas-de-la-mareta-de-2020-recogen-el-testigo\/#breadcrumb","itemListElement":[{"@type":"ListItem","position":1,"name":"Portada","item":"https:\/\/www.copealcoy.es\/es\/"},{"@type":"ListItem","position":2,"name":"Los cargos de las Fiestas de la Mareta de 2020 recogen el testigo"}]},{"@type":"WebSite","@id":"https:\/\/www.copealcoy.es\/es\/#website","url":"https:\/\/www.copealcoy.es\/es\/","name":"COPE Alcoy","description":"Emisora COPE de radio local con emisi\u00f3n online. Pont de Sant Jordi 8-10 03803 Alcoy","potentialAction":[{"@type":"SearchAction","target":{"@type":"EntryPoint","urlTemplate":"https:\/\/www.copealcoy.es\/es\/?s={search_term_string}"},"query-input":{"@type":"PropertyValueSpecification","valueRequired":true,"valueName":"search_term_string"}}],"inLanguage":"es"},{"@type":"Person","@id":"https:\/\/www.copealcoy.es\/es\/#\/schema\/person\/e777c87fa024e57d40170af9df39882c","name":"Cope Alcoy","image":{"@type":"ImageObject","inLanguage":"es","@id":"https:\/\/secure.gravatar.com\/avatar\/bb65d0283347e303893ba14f0692005417c1e0e690a325a4c5d8bb2b3943ee14?s=96&d=mm&r=g","url":"https:\/\/secure.gravatar.com\/avatar\/bb65d0283347e303893ba14f0692005417c1e0e690a325a4c5d8bb2b3943ee14?s=96&d=mm&r=g","contentUrl":"https:\/\/secure.gravatar.com\/avatar\/bb65d0283347e303893ba14f0692005417c1e0e690a325a4c5d8bb2b3943ee14?s=96&d=mm&r=g","caption":"Cope Alcoy"}}]}},"_links":{"self":[{"href":"https:\/\/www.copealcoy.es\/es\/wp-json\/wp\/v2\/posts\/59213","targetHints":{"allow":["GET"]}}],"collection":[{"href":"https:\/\/www.copealcoy.es\/es\/wp-json\/wp\/v2\/posts"}],"about":[{"href":"https:\/\/www.copealcoy.es\/es\/wp-json\/wp\/v2\/types\/post"}],"author":[{"embeddable":true,"href":"https:\/\/www.copealcoy.es\/es\/wp-json\/wp\/v2\/users\/1"}],"replies":[{"embeddable":true,"href":"https:\/\/www.copealcoy.es\/es\/wp-json\/wp\/v2\/comments?post=59213"}],"version-history":[{"count":0,"href":"https:\/\/www.copealcoy.es\/es\/wp-json\/wp\/v2\/posts\/59213\/revisions"}],"wp:featuredmedia":[{"embeddable":true,"href":"https:\/\/www.copealcoy.es\/es\/wp-json\/wp\/v2\/media\/59214"}],"wp:attachment":[{"href":"https:\/\/www.copealcoy.es\/es\/wp-json\/wp\/v2\/media?parent=59213"}],"wp:term":[{"taxonomy":"category","embeddable":true,"href":"https:\/\/www.copealcoy.es\/es\/wp-json\/wp\/v2\/categories?post=59213"},{"taxonomy":"post_tag","embeddable":true,"href":"https:\/\/www.copealcoy.es\/es\/wp-json\/wp\/v2\/tags?post=59213"}],"curies":[{"name":"wp","href":"https:\/\/api.w.org\/{rel}","templated":true}]}}