{"id":59194,"date":"2020-01-24T15:30:25","date_gmt":"2020-01-24T15:30:25","guid":{"rendered":"https:\/\/www.copealcoy.es\/?p=59194"},"modified":"2020-01-24T15:30:25","modified_gmt":"2020-01-24T15:30:25","slug":"jorge-ponsoda-alcoy-tiene-una-devocion-especial-al-jesuset","status":"publish","type":"post","link":"https:\/\/www.copealcoy.es\/es\/jorge-ponsoda-alcoy-tiene-una-devocion-especial-al-jesuset\/","title":{"rendered":"Jorge Ponsoda: &#8220;Alcoy tiene una devoci\u00f3n especial al Jesuset&#8221;"},"content":{"rendered":"<p style=\"text-align: justify;\">Alcoy <strong>celebra este fin de semana los actos centrales en honor al Jesuset del Miracle<\/strong> despu\u00e9s de que en los \u00faltimos d\u00edas se hayan celebrado <strong>varios actos religiosos<\/strong> enmarcados dentro del novenario estructurado en tres triduos.<\/p>\n<p style=\"text-align: justify;\">Hoy viernes se realizar\u00e1 a partir de las 18:30h <strong>el serm\u00f3n del robo y el hallazgo a cargo de Don Camilo Bardisa<\/strong> y a las 19:45h <strong>Tesal\u00edn representar\u00e1 el auto sacramental<\/strong> que recrea los hechos ocurridos hace 452 a\u00f1os. Ma\u00f1ana, tambi\u00e9n a las 18:30h, se efectuar\u00e1n <strong>las solemnes v\u00edsperas<\/strong> mientras que el domingo los actos arrancar\u00e1n a las 9 de la ma\u00f1ana con <strong>la \u2018Misa del Tullidet\u2019<\/strong>. A las once <strong>se trasladar\u00e1 el Sant\u00edsimo Sacramento desde Santa Mar\u00eda al Santo Sepulcro<\/strong> y all\u00ed se oficiar\u00e1 la misa solemne oficiada por el Obispo Auxiliar de Valencia <strong>Don Arturo Ros<\/strong> &#8220;<em>es una misa muy especial porque transcurre en el marco de una iglesia tan bien conservada como la del Santo Sepulcro y adem\u00e1s destaca por un acompa\u00f1amiento musical extraordinario que le da un gran realce a la celebraci\u00f3n religiosa<\/em>&#8220;, explicaba en COPE ALCOY este viernes<strong> Jorge Ponsoda<\/strong>; Presidente de la Asociaci\u00f3n del Jesuset del Miracle.<\/p>\n<p style=\"text-align: justify;\">La jornada dominical acabar\u00e1 con<strong> la procesi\u00f3n del Sant\u00edsimo Sacramento y del Jesuset del Miracle<\/strong> por las calles del Centro en la que <strong>no faltar\u00e1n los bailes populares a cargo del Grup de Danses Sant Jordi<\/strong> as\u00ed como <strong>la adoraci\u00f3n eucar\u00edstica<\/strong> en los altares que se engalanar\u00e1n para la ocasi\u00f3n.<\/p>\n<p>Aqu\u00ed <strong>puedes escuchar la entrevista<\/strong> con Jorge Ponsoda:<\/p>\n<p><iframe loading=\"lazy\" title=\"La Ma\u00f1ana En Alcoy Viernes 24 De Enero 2020\" width=\"100%\" height=\"120\" src=\"https:\/\/www.mixcloud.com\/widget\/iframe\/?feed=https%3A%2F%2Fwww.mixcloud.com%2FCOPEAlcoy%2Fla-ma%25C3%25B1ana-en-alcoy-viernes-24-de-enero-2020%2F&amp;hide_cover=1\" frameborder=\"0\"><\/iframe>    \t<\/p>\n","protected":false},"excerpt":{"rendered":"<p>Alcoy celebra este fin de semana los actos centrales en honor al Jesuset del Miracle despu\u00e9s de que en los&#8230;<\/p>\n","protected":false},"author":1,"featured_media":59196,"comment_status":"open","ping_status":"open","sticky":false,"template":"","format":"standard","meta":{"footnotes":""},"categories":[97,78,75],"tags":[7012,598,3628,7013,2328],"class_list":["post-59194","post","type-post","status-publish","format-standard","has-post-thumbnail","hentry","category-alcoy","category-fiestaycultura","category-noticias","tag-devocion-especial","tag-jesuset-del-miracle","tag-jorge-ponsoda","tag-monasterio-del-santo-sepulcro","tag-santisimo-sacramento"],"yoast_head":"<!-- This site is optimized with the Yoast SEO plugin v27.3 - https:\/\/yoast.com\/product\/yoast-seo-wordpress\/ -->\n<title>Jorge Ponsoda: &quot;Alcoy tiene una devoci\u00f3n especial al Jesuset&quot; - COPE Alcoy<\/title>\n<meta name=\"robots\" content=\"index, follow, max-snippet:-1, max-image-preview:large, max-video-preview:-1\" \/>\n<link rel=\"canonical\" href=\"https:\/\/www.copealcoy.es\/es\/jorge-ponsoda-alcoy-tiene-una-devocion-especial-al-jesuset\/\" \/>\n<meta property=\"og:locale\" content=\"es_ES\" \/>\n<meta property=\"og:type\" content=\"article\" \/>\n<meta property=\"og:title\" content=\"Jorge Ponsoda: &quot;Alcoy tiene una devoci\u00f3n especial al Jesuset&quot; - COPE Alcoy\" \/>\n<meta property=\"og:description\" content=\"Alcoy celebra este fin de semana los actos centrales en honor al Jesuset del Miracle despu\u00e9s de que en los...\" \/>\n<meta property=\"og:url\" content=\"https:\/\/www.copealcoy.es\/es\/jorge-ponsoda-alcoy-tiene-una-devocion-especial-al-jesuset\/\" \/>\n<meta property=\"og:site_name\" content=\"COPE Alcoy\" \/>\n<meta property=\"article:published_time\" content=\"2020-01-24T15:30:25+00:00\" \/>\n<meta property=\"og:image\" content=\"https:\/\/www.copealcoy.es\/wp-content\/uploads\/2020\/01\/IMG_5044-1-scaled.jpg\" \/>\n\t<meta property=\"og:image:width\" content=\"2560\" \/>\n\t<meta property=\"og:image:height\" content=\"1659\" \/>\n\t<meta property=\"og:image:type\" content=\"image\/jpeg\" \/>\n<meta name=\"author\" content=\"Cope Alcoy\" \/>\n<meta name=\"twitter:label1\" content=\"Escrito por\" \/>\n\t<meta name=\"twitter:data1\" content=\"Cope Alcoy\" \/>\n\t<meta name=\"twitter:label2\" content=\"Tiempo de lectura\" \/>\n\t<meta name=\"twitter:data2\" content=\"1 minuto\" \/>\n<script type=\"application\/ld+json\" class=\"yoast-schema-graph\">{\"@context\":\"https:\\\/\\\/schema.org\",\"@graph\":[{\"@type\":\"Article\",\"@id\":\"https:\\\/\\\/www.copealcoy.es\\\/es\\\/jorge-ponsoda-alcoy-tiene-una-devocion-especial-al-jesuset\\\/#article\",\"isPartOf\":{\"@id\":\"https:\\\/\\\/www.copealcoy.es\\\/es\\\/jorge-ponsoda-alcoy-tiene-una-devocion-especial-al-jesuset\\\/\"},\"author\":{\"name\":\"Cope Alcoy\",\"@id\":\"https:\\\/\\\/www.copealcoy.es\\\/es\\\/#\\\/schema\\\/person\\\/e777c87fa024e57d40170af9df39882c\"},\"headline\":\"Jorge Ponsoda: &#8220;Alcoy tiene una devoci\u00f3n especial al Jesuset&#8221;\",\"datePublished\":\"2020-01-24T15:30:25+00:00\",\"mainEntityOfPage\":{\"@id\":\"https:\\\/\\\/www.copealcoy.es\\\/es\\\/jorge-ponsoda-alcoy-tiene-una-devocion-especial-al-jesuset\\\/\"},\"wordCount\":287,\"commentCount\":0,\"image\":{\"@id\":\"https:\\\/\\\/www.copealcoy.es\\\/es\\\/jorge-ponsoda-alcoy-tiene-una-devocion-especial-al-jesuset\\\/#primaryimage\"},\"thumbnailUrl\":\"https:\\\/\\\/www.copealcoy.es\\\/wp-content\\\/uploads\\\/2020\\\/01\\\/IMG_5044-1-scaled.jpg\",\"keywords\":[\"devoci\u00f3n especial\",\"Jesuset del Miracle\",\"Jorge Ponsoda\",\"Monasterio del Santo Sepulcro\",\"Sant\u00edsimo Sacramento\"],\"articleSection\":[\"Alcoy\",\"Fiesta y Cultura\",\"Noticias\"],\"inLanguage\":\"es\"},{\"@type\":\"WebPage\",\"@id\":\"https:\\\/\\\/www.copealcoy.es\\\/es\\\/jorge-ponsoda-alcoy-tiene-una-devocion-especial-al-jesuset\\\/\",\"url\":\"https:\\\/\\\/www.copealcoy.es\\\/es\\\/jorge-ponsoda-alcoy-tiene-una-devocion-especial-al-jesuset\\\/\",\"name\":\"Jorge Ponsoda: \\\"Alcoy tiene una devoci\u00f3n especial al Jesuset\\\" - COPE Alcoy\",\"isPartOf\":{\"@id\":\"https:\\\/\\\/www.copealcoy.es\\\/es\\\/#website\"},\"primaryImageOfPage\":{\"@id\":\"https:\\\/\\\/www.copealcoy.es\\\/es\\\/jorge-ponsoda-alcoy-tiene-una-devocion-especial-al-jesuset\\\/#primaryimage\"},\"image\":{\"@id\":\"https:\\\/\\\/www.copealcoy.es\\\/es\\\/jorge-ponsoda-alcoy-tiene-una-devocion-especial-al-jesuset\\\/#primaryimage\"},\"thumbnailUrl\":\"https:\\\/\\\/www.copealcoy.es\\\/wp-content\\\/uploads\\\/2020\\\/01\\\/IMG_5044-1-scaled.jpg\",\"datePublished\":\"2020-01-24T15:30:25+00:00\",\"author\":{\"@id\":\"https:\\\/\\\/www.copealcoy.es\\\/es\\\/#\\\/schema\\\/person\\\/e777c87fa024e57d40170af9df39882c\"},\"breadcrumb\":{\"@id\":\"https:\\\/\\\/www.copealcoy.es\\\/es\\\/jorge-ponsoda-alcoy-tiene-una-devocion-especial-al-jesuset\\\/#breadcrumb\"},\"inLanguage\":\"es\",\"potentialAction\":[{\"@type\":\"ReadAction\",\"target\":[\"https:\\\/\\\/www.copealcoy.es\\\/es\\\/jorge-ponsoda-alcoy-tiene-una-devocion-especial-al-jesuset\\\/\"]}]},{\"@type\":\"ImageObject\",\"inLanguage\":\"es\",\"@id\":\"https:\\\/\\\/www.copealcoy.es\\\/es\\\/jorge-ponsoda-alcoy-tiene-una-devocion-especial-al-jesuset\\\/#primaryimage\",\"url\":\"https:\\\/\\\/www.copealcoy.es\\\/wp-content\\\/uploads\\\/2020\\\/01\\\/IMG_5044-1-scaled.jpg\",\"contentUrl\":\"https:\\\/\\\/www.copealcoy.es\\\/wp-content\\\/uploads\\\/2020\\\/01\\\/IMG_5044-1-scaled.jpg\",\"width\":2560,\"height\":1659,\"caption\":\"Jorge Ponsoda en la entevista en #LaMa\u00f1anaEnAlcoy \\\/ Foto: G. Pascual\"},{\"@type\":\"BreadcrumbList\",\"@id\":\"https:\\\/\\\/www.copealcoy.es\\\/es\\\/jorge-ponsoda-alcoy-tiene-una-devocion-especial-al-jesuset\\\/#breadcrumb\",\"itemListElement\":[{\"@type\":\"ListItem\",\"position\":1,\"name\":\"Portada\",\"item\":\"https:\\\/\\\/www.copealcoy.es\\\/es\\\/\"},{\"@type\":\"ListItem\",\"position\":2,\"name\":\"Jorge Ponsoda: &#8220;Alcoy tiene una devoci\u00f3n especial al Jesuset&#8221;\"}]},{\"@type\":\"WebSite\",\"@id\":\"https:\\\/\\\/www.copealcoy.es\\\/es\\\/#website\",\"url\":\"https:\\\/\\\/www.copealcoy.es\\\/es\\\/\",\"name\":\"COPE Alcoy\",\"description\":\"Emisora COPE de radio local con emisi\u00f3n online. Pont de Sant Jordi 8-10 03803 Alcoy\",\"potentialAction\":[{\"@type\":\"SearchAction\",\"target\":{\"@type\":\"EntryPoint\",\"urlTemplate\":\"https:\\\/\\\/www.copealcoy.es\\\/es\\\/?s={search_term_string}\"},\"query-input\":{\"@type\":\"PropertyValueSpecification\",\"valueRequired\":true,\"valueName\":\"search_term_string\"}}],\"inLanguage\":\"es\"},{\"@type\":\"Person\",\"@id\":\"https:\\\/\\\/www.copealcoy.es\\\/es\\\/#\\\/schema\\\/person\\\/e777c87fa024e57d40170af9df39882c\",\"name\":\"Cope Alcoy\",\"image\":{\"@type\":\"ImageObject\",\"inLanguage\":\"es\",\"@id\":\"https:\\\/\\\/secure.gravatar.com\\\/avatar\\\/bb65d0283347e303893ba14f0692005417c1e0e690a325a4c5d8bb2b3943ee14?s=96&d=mm&r=g\",\"url\":\"https:\\\/\\\/secure.gravatar.com\\\/avatar\\\/bb65d0283347e303893ba14f0692005417c1e0e690a325a4c5d8bb2b3943ee14?s=96&d=mm&r=g\",\"contentUrl\":\"https:\\\/\\\/secure.gravatar.com\\\/avatar\\\/bb65d0283347e303893ba14f0692005417c1e0e690a325a4c5d8bb2b3943ee14?s=96&d=mm&r=g\",\"caption\":\"Cope Alcoy\"}}]}<\/script>\n<!-- \/ Yoast SEO plugin. -->","yoast_head_json":{"title":"Jorge Ponsoda: \"Alcoy tiene una devoci\u00f3n especial al Jesuset\" - COPE Alcoy","robots":{"index":"index","follow":"follow","max-snippet":"max-snippet:-1","max-image-preview":"max-image-preview:large","max-video-preview":"max-video-preview:-1"},"canonical":"https:\/\/www.copealcoy.es\/es\/jorge-ponsoda-alcoy-tiene-una-devocion-especial-al-jesuset\/","og_locale":"es_ES","og_type":"article","og_title":"Jorge Ponsoda: \"Alcoy tiene una devoci\u00f3n especial al Jesuset\" - COPE Alcoy","og_description":"Alcoy celebra este fin de semana los actos centrales en honor al Jesuset del Miracle despu\u00e9s de que en los...","og_url":"https:\/\/www.copealcoy.es\/es\/jorge-ponsoda-alcoy-tiene-una-devocion-especial-al-jesuset\/","og_site_name":"COPE Alcoy","article_published_time":"2020-01-24T15:30:25+00:00","og_image":[{"width":2560,"height":1659,"url":"https:\/\/www.copealcoy.es\/wp-content\/uploads\/2020\/01\/IMG_5044-1-scaled.jpg","type":"image\/jpeg"}],"author":"Cope Alcoy","twitter_misc":{"Escrito por":"Cope Alcoy","Tiempo de lectura":"1 minuto"},"schema":{"@context":"https:\/\/schema.org","@graph":[{"@type":"Article","@id":"https:\/\/www.copealcoy.es\/es\/jorge-ponsoda-alcoy-tiene-una-devocion-especial-al-jesuset\/#article","isPartOf":{"@id":"https:\/\/www.copealcoy.es\/es\/jorge-ponsoda-alcoy-tiene-una-devocion-especial-al-jesuset\/"},"author":{"name":"Cope Alcoy","@id":"https:\/\/www.copealcoy.es\/es\/#\/schema\/person\/e777c87fa024e57d40170af9df39882c"},"headline":"Jorge Ponsoda: &#8220;Alcoy tiene una devoci\u00f3n especial al Jesuset&#8221;","datePublished":"2020-01-24T15:30:25+00:00","mainEntityOfPage":{"@id":"https:\/\/www.copealcoy.es\/es\/jorge-ponsoda-alcoy-tiene-una-devocion-especial-al-jesuset\/"},"wordCount":287,"commentCount":0,"image":{"@id":"https:\/\/www.copealcoy.es\/es\/jorge-ponsoda-alcoy-tiene-una-devocion-especial-al-jesuset\/#primaryimage"},"thumbnailUrl":"https:\/\/www.copealcoy.es\/wp-content\/uploads\/2020\/01\/IMG_5044-1-scaled.jpg","keywords":["devoci\u00f3n especial","Jesuset del Miracle","Jorge Ponsoda","Monasterio del Santo Sepulcro","Sant\u00edsimo Sacramento"],"articleSection":["Alcoy","Fiesta y Cultura","Noticias"],"inLanguage":"es"},{"@type":"WebPage","@id":"https:\/\/www.copealcoy.es\/es\/jorge-ponsoda-alcoy-tiene-una-devocion-especial-al-jesuset\/","url":"https:\/\/www.copealcoy.es\/es\/jorge-ponsoda-alcoy-tiene-una-devocion-especial-al-jesuset\/","name":"Jorge Ponsoda: \"Alcoy tiene una devoci\u00f3n especial al Jesuset\" - COPE Alcoy","isPartOf":{"@id":"https:\/\/www.copealcoy.es\/es\/#website"},"primaryImageOfPage":{"@id":"https:\/\/www.copealcoy.es\/es\/jorge-ponsoda-alcoy-tiene-una-devocion-especial-al-jesuset\/#primaryimage"},"image":{"@id":"https:\/\/www.copealcoy.es\/es\/jorge-ponsoda-alcoy-tiene-una-devocion-especial-al-jesuset\/#primaryimage"},"thumbnailUrl":"https:\/\/www.copealcoy.es\/wp-content\/uploads\/2020\/01\/IMG_5044-1-scaled.jpg","datePublished":"2020-01-24T15:30:25+00:00","author":{"@id":"https:\/\/www.copealcoy.es\/es\/#\/schema\/person\/e777c87fa024e57d40170af9df39882c"},"breadcrumb":{"@id":"https:\/\/www.copealcoy.es\/es\/jorge-ponsoda-alcoy-tiene-una-devocion-especial-al-jesuset\/#breadcrumb"},"inLanguage":"es","potentialAction":[{"@type":"ReadAction","target":["https:\/\/www.copealcoy.es\/es\/jorge-ponsoda-alcoy-tiene-una-devocion-especial-al-jesuset\/"]}]},{"@type":"ImageObject","inLanguage":"es","@id":"https:\/\/www.copealcoy.es\/es\/jorge-ponsoda-alcoy-tiene-una-devocion-especial-al-jesuset\/#primaryimage","url":"https:\/\/www.copealcoy.es\/wp-content\/uploads\/2020\/01\/IMG_5044-1-scaled.jpg","contentUrl":"https:\/\/www.copealcoy.es\/wp-content\/uploads\/2020\/01\/IMG_5044-1-scaled.jpg","width":2560,"height":1659,"caption":"Jorge Ponsoda en la entevista en #LaMa\u00f1anaEnAlcoy \/ Foto: G. Pascual"},{"@type":"BreadcrumbList","@id":"https:\/\/www.copealcoy.es\/es\/jorge-ponsoda-alcoy-tiene-una-devocion-especial-al-jesuset\/#breadcrumb","itemListElement":[{"@type":"ListItem","position":1,"name":"Portada","item":"https:\/\/www.copealcoy.es\/es\/"},{"@type":"ListItem","position":2,"name":"Jorge Ponsoda: &#8220;Alcoy tiene una devoci\u00f3n especial al Jesuset&#8221;"}]},{"@type":"WebSite","@id":"https:\/\/www.copealcoy.es\/es\/#website","url":"https:\/\/www.copealcoy.es\/es\/","name":"COPE Alcoy","description":"Emisora COPE de radio local con emisi\u00f3n online. Pont de Sant Jordi 8-10 03803 Alcoy","potentialAction":[{"@type":"SearchAction","target":{"@type":"EntryPoint","urlTemplate":"https:\/\/www.copealcoy.es\/es\/?s={search_term_string}"},"query-input":{"@type":"PropertyValueSpecification","valueRequired":true,"valueName":"search_term_string"}}],"inLanguage":"es"},{"@type":"Person","@id":"https:\/\/www.copealcoy.es\/es\/#\/schema\/person\/e777c87fa024e57d40170af9df39882c","name":"Cope Alcoy","image":{"@type":"ImageObject","inLanguage":"es","@id":"https:\/\/secure.gravatar.com\/avatar\/bb65d0283347e303893ba14f0692005417c1e0e690a325a4c5d8bb2b3943ee14?s=96&d=mm&r=g","url":"https:\/\/secure.gravatar.com\/avatar\/bb65d0283347e303893ba14f0692005417c1e0e690a325a4c5d8bb2b3943ee14?s=96&d=mm&r=g","contentUrl":"https:\/\/secure.gravatar.com\/avatar\/bb65d0283347e303893ba14f0692005417c1e0e690a325a4c5d8bb2b3943ee14?s=96&d=mm&r=g","caption":"Cope Alcoy"}}]}},"_links":{"self":[{"href":"https:\/\/www.copealcoy.es\/es\/wp-json\/wp\/v2\/posts\/59194","targetHints":{"allow":["GET"]}}],"collection":[{"href":"https:\/\/www.copealcoy.es\/es\/wp-json\/wp\/v2\/posts"}],"about":[{"href":"https:\/\/www.copealcoy.es\/es\/wp-json\/wp\/v2\/types\/post"}],"author":[{"embeddable":true,"href":"https:\/\/www.copealcoy.es\/es\/wp-json\/wp\/v2\/users\/1"}],"replies":[{"embeddable":true,"href":"https:\/\/www.copealcoy.es\/es\/wp-json\/wp\/v2\/comments?post=59194"}],"version-history":[{"count":0,"href":"https:\/\/www.copealcoy.es\/es\/wp-json\/wp\/v2\/posts\/59194\/revisions"}],"wp:featuredmedia":[{"embeddable":true,"href":"https:\/\/www.copealcoy.es\/es\/wp-json\/wp\/v2\/media\/59196"}],"wp:attachment":[{"href":"https:\/\/www.copealcoy.es\/es\/wp-json\/wp\/v2\/media?parent=59194"}],"wp:term":[{"taxonomy":"category","embeddable":true,"href":"https:\/\/www.copealcoy.es\/es\/wp-json\/wp\/v2\/categories?post=59194"},{"taxonomy":"post_tag","embeddable":true,"href":"https:\/\/www.copealcoy.es\/es\/wp-json\/wp\/v2\/tags?post=59194"}],"curies":[{"name":"wp","href":"https:\/\/api.w.org\/{rel}","templated":true}]}}