{"id":59183,"date":"2020-01-24T12:32:35","date_gmt":"2020-01-24T12:32:35","guid":{"rendered":"https:\/\/www.copealcoy.es\/?p=59183"},"modified":"2020-01-24T12:32:35","modified_gmt":"2020-01-24T12:32:35","slug":"un-estudio-avala-la-viabilidad-del-poligono-comarcal-en-muro","status":"publish","type":"post","link":"https:\/\/www.copealcoy.es\/es\/un-estudio-avala-la-viabilidad-del-poligono-comarcal-en-muro\/","title":{"rendered":"Un estudio avala la viabilidad del Pol\u00edgono Comarcal en Muro"},"content":{"rendered":"<p style=\"text-align: justify;\">El estudio de viabilidad sobre el <strong>Pol\u00edgono Industrial Mancomunado<\/strong>, que han llevado a cabo en los \u00faltimos meses <strong>la Conselleria de Econom\u00eda Sostenible de la Generalitat Valenciana<\/strong> y el <strong>Instituto Valenciano de Competitividad Empresarial (IVACE)<\/strong>, avala que esta importante infraestructura <strong>pueda estar ubicada en Muro<\/strong>.<\/p>\n<p style=\"text-align: justify;\">Los resultados de este trabajo <strong>fueron presentados ayer jueves<\/strong> a <strong>los representantes de los municipios<\/strong> que integran la manco en el transcurso de un encuentro que se celebr\u00f3 en <strong>las instalaciones del \u00c1gora de Alcoy<\/strong> y al que acudieron <strong>el Conseller Climent<\/strong> y la Directora del IVACE; <strong>Julia Company<\/strong>.\u00a0 El citado estudio remarca que los terrenos que ofrece esta localidad del Comtat, <strong>ubicados en el \u00e1rea Pi II y Pi III<\/strong>, son los m\u00e1s id\u00f3neos para la instalaci\u00f3n del <strong>Pol\u00edgono Mancomunado<\/strong> por su ubicaci\u00f3n en un punto central de la comarca as\u00ed como por <strong>la calidad del suelo industrial<\/strong>. Adem\u00e1s se hace especial hincapi\u00e9 en <strong>su ubicaci\u00f3n cercana a la Autov\u00eda A7<\/strong>\u00a0 ya que este hecho <strong>favorec\u00eda el desarrollo log\u00edstico de las empresas<\/strong> que se instalar\u00edan aqu\u00ed en el futuro \u201c<em>ahora todos los pueblos que integran la Mancomunidad tienen que estudiar la propuesta y decidir si se lleva adelante o se piensa en una ubicaci\u00f3n alternativa. Desde la Conselleria hemos cooperado con la Manco para hacer este estudio y estaremos ah\u00ed en todo lo que precisen a la hora de impulsar un Pol\u00edgono Comarcal que debe ser un referente en la Comunidad Valenciana<\/em>\u201d, apunt\u00f3 Rafael Climent.<\/p>\n<p style=\"text-align: justify;\">Por su parte el Presidente de la Mancomunitat y alcalde de Gorga, <strong>Blas Calbo<\/strong>, se mostr\u00f3 agradecido<strong> al IVACE as\u00ed como a la Conselleria<\/strong> \u201c<em>nos comprometimos a hacer este estudio y por fin lo tenemos. Ahora analizaremos los pros y contras pero la voluntad de todos es que salga adelante porque este proyecto puede ser muy beneficioso para nuestras comarcas<\/em>\u201d, concluy\u00f3.<\/p>\n<p style=\"text-align: justify;\">A la presentaci\u00f3n del estudio acudieron, entre otros, uno de los gerentes de la Manco <strong>(Arnaldo Due\u00f1as)<\/strong>, los alcaldes de Muro y Alcoy <strong>(Gabriel Tom\u00e1s y Antonio Franc\u00e9s)<\/strong> y concejales de Alcoy y Cocentaina como <strong>Jordi Mart\u00ednez y Mariona Carbonell<\/strong>; respectivamente.<\/p>\n","protected":false},"excerpt":{"rendered":"<p>El estudio de viabilidad sobre el Pol\u00edgono Industrial Mancomunado, que han llevado a cabo en los \u00faltimos meses la Conselleria&#8230;<\/p>\n","protected":false},"author":1,"featured_media":59184,"comment_status":"open","ping_status":"open","sticky":false,"template":"","format":"standard","meta":{"footnotes":""},"categories":[75,125],"tags":[1494,6090,3140,1248,135,3716,3121],"class_list":["post-59183","post","type-post","status-publish","format-standard","has-post-thumbnail","hentry","category-noticias","category-portada","tag-alcoy","tag-conseller-climent","tag-estudio","tag-julia-company","tag-muro","tag-poligono-comarcal","tag-viabilidad"],"yoast_head":"<!-- This site is optimized with the Yoast SEO plugin v27.3 - https:\/\/yoast.com\/product\/yoast-seo-wordpress\/ -->\n<title>Un estudio avala la viabilidad del Pol\u00edgono Comarcal en Muro - COPE Alcoy<\/title>\n<meta name=\"robots\" content=\"index, follow, max-snippet:-1, max-image-preview:large, max-video-preview:-1\" \/>\n<link rel=\"canonical\" href=\"https:\/\/www.copealcoy.es\/es\/un-estudio-avala-la-viabilidad-del-poligono-comarcal-en-muro\/\" \/>\n<meta property=\"og:locale\" content=\"es_ES\" \/>\n<meta property=\"og:type\" content=\"article\" \/>\n<meta property=\"og:title\" content=\"Un estudio avala la viabilidad del Pol\u00edgono Comarcal en Muro - COPE Alcoy\" \/>\n<meta property=\"og:description\" content=\"El estudio de viabilidad sobre el Pol\u00edgono Industrial Mancomunado, que han llevado a cabo en los \u00faltimos meses la Conselleria...\" \/>\n<meta property=\"og:url\" content=\"https:\/\/www.copealcoy.es\/es\/un-estudio-avala-la-viabilidad-del-poligono-comarcal-en-muro\/\" \/>\n<meta property=\"og:site_name\" content=\"COPE Alcoy\" \/>\n<meta property=\"article:published_time\" content=\"2020-01-24T12:32:35+00:00\" \/>\n<meta property=\"og:image\" content=\"https:\/\/www.copealcoy.es\/wp-content\/uploads\/2020\/01\/18-El-estudio-se-present\u00f3-el-jueves-en-el-\u00c1gora-de-Alcoy-e1579862010183-1.jpg\" \/>\n\t<meta property=\"og:image:width\" content=\"1567\" \/>\n\t<meta property=\"og:image:height\" content=\"875\" \/>\n\t<meta property=\"og:image:type\" content=\"image\/jpeg\" \/>\n<meta name=\"author\" content=\"Cope Alcoy\" \/>\n<meta name=\"twitter:label1\" content=\"Escrito por\" \/>\n\t<meta name=\"twitter:data1\" content=\"Cope Alcoy\" \/>\n\t<meta name=\"twitter:label2\" content=\"Tiempo de lectura\" \/>\n\t<meta name=\"twitter:data2\" content=\"2 minutos\" \/>\n<script type=\"application\/ld+json\" class=\"yoast-schema-graph\">{\"@context\":\"https:\\\/\\\/schema.org\",\"@graph\":[{\"@type\":\"Article\",\"@id\":\"https:\\\/\\\/www.copealcoy.es\\\/es\\\/un-estudio-avala-la-viabilidad-del-poligono-comarcal-en-muro\\\/#article\",\"isPartOf\":{\"@id\":\"https:\\\/\\\/www.copealcoy.es\\\/es\\\/un-estudio-avala-la-viabilidad-del-poligono-comarcal-en-muro\\\/\"},\"author\":{\"name\":\"Cope Alcoy\",\"@id\":\"https:\\\/\\\/www.copealcoy.es\\\/es\\\/#\\\/schema\\\/person\\\/e777c87fa024e57d40170af9df39882c\"},\"headline\":\"Un estudio avala la viabilidad del Pol\u00edgono Comarcal en Muro\",\"datePublished\":\"2020-01-24T12:32:35+00:00\",\"mainEntityOfPage\":{\"@id\":\"https:\\\/\\\/www.copealcoy.es\\\/es\\\/un-estudio-avala-la-viabilidad-del-poligono-comarcal-en-muro\\\/\"},\"wordCount\":374,\"commentCount\":0,\"image\":{\"@id\":\"https:\\\/\\\/www.copealcoy.es\\\/es\\\/un-estudio-avala-la-viabilidad-del-poligono-comarcal-en-muro\\\/#primaryimage\"},\"thumbnailUrl\":\"https:\\\/\\\/www.copealcoy.es\\\/wp-content\\\/uploads\\\/2020\\\/01\\\/18-El-estudio-se-present\u00f3-el-jueves-en-el-\u00c1gora-de-Alcoy-e1579862010183-1.jpg\",\"keywords\":[\"Alcoy\",\"Conseller Climent\",\"estudio\",\"Julia Company\",\"Muro\",\"Pol\u00edgono Comarcal\",\"viabilidad\"],\"articleSection\":[\"Noticias\",\"Portada\"],\"inLanguage\":\"es\"},{\"@type\":\"WebPage\",\"@id\":\"https:\\\/\\\/www.copealcoy.es\\\/es\\\/un-estudio-avala-la-viabilidad-del-poligono-comarcal-en-muro\\\/\",\"url\":\"https:\\\/\\\/www.copealcoy.es\\\/es\\\/un-estudio-avala-la-viabilidad-del-poligono-comarcal-en-muro\\\/\",\"name\":\"Un estudio avala la viabilidad del Pol\u00edgono Comarcal en Muro - COPE Alcoy\",\"isPartOf\":{\"@id\":\"https:\\\/\\\/www.copealcoy.es\\\/es\\\/#website\"},\"primaryImageOfPage\":{\"@id\":\"https:\\\/\\\/www.copealcoy.es\\\/es\\\/un-estudio-avala-la-viabilidad-del-poligono-comarcal-en-muro\\\/#primaryimage\"},\"image\":{\"@id\":\"https:\\\/\\\/www.copealcoy.es\\\/es\\\/un-estudio-avala-la-viabilidad-del-poligono-comarcal-en-muro\\\/#primaryimage\"},\"thumbnailUrl\":\"https:\\\/\\\/www.copealcoy.es\\\/wp-content\\\/uploads\\\/2020\\\/01\\\/18-El-estudio-se-present\u00f3-el-jueves-en-el-\u00c1gora-de-Alcoy-e1579862010183-1.jpg\",\"datePublished\":\"2020-01-24T12:32:35+00:00\",\"author\":{\"@id\":\"https:\\\/\\\/www.copealcoy.es\\\/es\\\/#\\\/schema\\\/person\\\/e777c87fa024e57d40170af9df39882c\"},\"breadcrumb\":{\"@id\":\"https:\\\/\\\/www.copealcoy.es\\\/es\\\/un-estudio-avala-la-viabilidad-del-poligono-comarcal-en-muro\\\/#breadcrumb\"},\"inLanguage\":\"es\",\"potentialAction\":[{\"@type\":\"ReadAction\",\"target\":[\"https:\\\/\\\/www.copealcoy.es\\\/es\\\/un-estudio-avala-la-viabilidad-del-poligono-comarcal-en-muro\\\/\"]}]},{\"@type\":\"ImageObject\",\"inLanguage\":\"es\",\"@id\":\"https:\\\/\\\/www.copealcoy.es\\\/es\\\/un-estudio-avala-la-viabilidad-del-poligono-comarcal-en-muro\\\/#primaryimage\",\"url\":\"https:\\\/\\\/www.copealcoy.es\\\/wp-content\\\/uploads\\\/2020\\\/01\\\/18-El-estudio-se-present\u00f3-el-jueves-en-el-\u00c1gora-de-Alcoy-e1579862010183-1.jpg\",\"contentUrl\":\"https:\\\/\\\/www.copealcoy.es\\\/wp-content\\\/uploads\\\/2020\\\/01\\\/18-El-estudio-se-present\u00f3-el-jueves-en-el-\u00c1gora-de-Alcoy-e1579862010183-1.jpg\",\"width\":1567,\"height\":875,\"caption\":\"El estudio se present\u00f3 ayer en el \u00c1gora de Alcoy\"},{\"@type\":\"BreadcrumbList\",\"@id\":\"https:\\\/\\\/www.copealcoy.es\\\/es\\\/un-estudio-avala-la-viabilidad-del-poligono-comarcal-en-muro\\\/#breadcrumb\",\"itemListElement\":[{\"@type\":\"ListItem\",\"position\":1,\"name\":\"Portada\",\"item\":\"https:\\\/\\\/www.copealcoy.es\\\/es\\\/\"},{\"@type\":\"ListItem\",\"position\":2,\"name\":\"Un estudio avala la viabilidad del Pol\u00edgono Comarcal en Muro\"}]},{\"@type\":\"WebSite\",\"@id\":\"https:\\\/\\\/www.copealcoy.es\\\/es\\\/#website\",\"url\":\"https:\\\/\\\/www.copealcoy.es\\\/es\\\/\",\"name\":\"COPE Alcoy\",\"description\":\"Emisora COPE de radio local con emisi\u00f3n online. Pont de Sant Jordi 8-10 03803 Alcoy\",\"potentialAction\":[{\"@type\":\"SearchAction\",\"target\":{\"@type\":\"EntryPoint\",\"urlTemplate\":\"https:\\\/\\\/www.copealcoy.es\\\/es\\\/?s={search_term_string}\"},\"query-input\":{\"@type\":\"PropertyValueSpecification\",\"valueRequired\":true,\"valueName\":\"search_term_string\"}}],\"inLanguage\":\"es\"},{\"@type\":\"Person\",\"@id\":\"https:\\\/\\\/www.copealcoy.es\\\/es\\\/#\\\/schema\\\/person\\\/e777c87fa024e57d40170af9df39882c\",\"name\":\"Cope Alcoy\",\"image\":{\"@type\":\"ImageObject\",\"inLanguage\":\"es\",\"@id\":\"https:\\\/\\\/secure.gravatar.com\\\/avatar\\\/bb65d0283347e303893ba14f0692005417c1e0e690a325a4c5d8bb2b3943ee14?s=96&d=mm&r=g\",\"url\":\"https:\\\/\\\/secure.gravatar.com\\\/avatar\\\/bb65d0283347e303893ba14f0692005417c1e0e690a325a4c5d8bb2b3943ee14?s=96&d=mm&r=g\",\"contentUrl\":\"https:\\\/\\\/secure.gravatar.com\\\/avatar\\\/bb65d0283347e303893ba14f0692005417c1e0e690a325a4c5d8bb2b3943ee14?s=96&d=mm&r=g\",\"caption\":\"Cope Alcoy\"}}]}<\/script>\n<!-- \/ Yoast SEO plugin. -->","yoast_head_json":{"title":"Un estudio avala la viabilidad del Pol\u00edgono Comarcal en Muro - COPE Alcoy","robots":{"index":"index","follow":"follow","max-snippet":"max-snippet:-1","max-image-preview":"max-image-preview:large","max-video-preview":"max-video-preview:-1"},"canonical":"https:\/\/www.copealcoy.es\/es\/un-estudio-avala-la-viabilidad-del-poligono-comarcal-en-muro\/","og_locale":"es_ES","og_type":"article","og_title":"Un estudio avala la viabilidad del Pol\u00edgono Comarcal en Muro - COPE Alcoy","og_description":"El estudio de viabilidad sobre el Pol\u00edgono Industrial Mancomunado, que han llevado a cabo en los \u00faltimos meses la Conselleria...","og_url":"https:\/\/www.copealcoy.es\/es\/un-estudio-avala-la-viabilidad-del-poligono-comarcal-en-muro\/","og_site_name":"COPE Alcoy","article_published_time":"2020-01-24T12:32:35+00:00","og_image":[{"width":1567,"height":875,"url":"https:\/\/www.copealcoy.es\/wp-content\/uploads\/2020\/01\/18-El-estudio-se-present\u00f3-el-jueves-en-el-\u00c1gora-de-Alcoy-e1579862010183-1.jpg","type":"image\/jpeg"}],"author":"Cope Alcoy","twitter_misc":{"Escrito por":"Cope Alcoy","Tiempo de lectura":"2 minutos"},"schema":{"@context":"https:\/\/schema.org","@graph":[{"@type":"Article","@id":"https:\/\/www.copealcoy.es\/es\/un-estudio-avala-la-viabilidad-del-poligono-comarcal-en-muro\/#article","isPartOf":{"@id":"https:\/\/www.copealcoy.es\/es\/un-estudio-avala-la-viabilidad-del-poligono-comarcal-en-muro\/"},"author":{"name":"Cope Alcoy","@id":"https:\/\/www.copealcoy.es\/es\/#\/schema\/person\/e777c87fa024e57d40170af9df39882c"},"headline":"Un estudio avala la viabilidad del Pol\u00edgono Comarcal en Muro","datePublished":"2020-01-24T12:32:35+00:00","mainEntityOfPage":{"@id":"https:\/\/www.copealcoy.es\/es\/un-estudio-avala-la-viabilidad-del-poligono-comarcal-en-muro\/"},"wordCount":374,"commentCount":0,"image":{"@id":"https:\/\/www.copealcoy.es\/es\/un-estudio-avala-la-viabilidad-del-poligono-comarcal-en-muro\/#primaryimage"},"thumbnailUrl":"https:\/\/www.copealcoy.es\/wp-content\/uploads\/2020\/01\/18-El-estudio-se-present\u00f3-el-jueves-en-el-\u00c1gora-de-Alcoy-e1579862010183-1.jpg","keywords":["Alcoy","Conseller Climent","estudio","Julia Company","Muro","Pol\u00edgono Comarcal","viabilidad"],"articleSection":["Noticias","Portada"],"inLanguage":"es"},{"@type":"WebPage","@id":"https:\/\/www.copealcoy.es\/es\/un-estudio-avala-la-viabilidad-del-poligono-comarcal-en-muro\/","url":"https:\/\/www.copealcoy.es\/es\/un-estudio-avala-la-viabilidad-del-poligono-comarcal-en-muro\/","name":"Un estudio avala la viabilidad del Pol\u00edgono Comarcal en Muro - COPE Alcoy","isPartOf":{"@id":"https:\/\/www.copealcoy.es\/es\/#website"},"primaryImageOfPage":{"@id":"https:\/\/www.copealcoy.es\/es\/un-estudio-avala-la-viabilidad-del-poligono-comarcal-en-muro\/#primaryimage"},"image":{"@id":"https:\/\/www.copealcoy.es\/es\/un-estudio-avala-la-viabilidad-del-poligono-comarcal-en-muro\/#primaryimage"},"thumbnailUrl":"https:\/\/www.copealcoy.es\/wp-content\/uploads\/2020\/01\/18-El-estudio-se-present\u00f3-el-jueves-en-el-\u00c1gora-de-Alcoy-e1579862010183-1.jpg","datePublished":"2020-01-24T12:32:35+00:00","author":{"@id":"https:\/\/www.copealcoy.es\/es\/#\/schema\/person\/e777c87fa024e57d40170af9df39882c"},"breadcrumb":{"@id":"https:\/\/www.copealcoy.es\/es\/un-estudio-avala-la-viabilidad-del-poligono-comarcal-en-muro\/#breadcrumb"},"inLanguage":"es","potentialAction":[{"@type":"ReadAction","target":["https:\/\/www.copealcoy.es\/es\/un-estudio-avala-la-viabilidad-del-poligono-comarcal-en-muro\/"]}]},{"@type":"ImageObject","inLanguage":"es","@id":"https:\/\/www.copealcoy.es\/es\/un-estudio-avala-la-viabilidad-del-poligono-comarcal-en-muro\/#primaryimage","url":"https:\/\/www.copealcoy.es\/wp-content\/uploads\/2020\/01\/18-El-estudio-se-present\u00f3-el-jueves-en-el-\u00c1gora-de-Alcoy-e1579862010183-1.jpg","contentUrl":"https:\/\/www.copealcoy.es\/wp-content\/uploads\/2020\/01\/18-El-estudio-se-present\u00f3-el-jueves-en-el-\u00c1gora-de-Alcoy-e1579862010183-1.jpg","width":1567,"height":875,"caption":"El estudio se present\u00f3 ayer en el \u00c1gora de Alcoy"},{"@type":"BreadcrumbList","@id":"https:\/\/www.copealcoy.es\/es\/un-estudio-avala-la-viabilidad-del-poligono-comarcal-en-muro\/#breadcrumb","itemListElement":[{"@type":"ListItem","position":1,"name":"Portada","item":"https:\/\/www.copealcoy.es\/es\/"},{"@type":"ListItem","position":2,"name":"Un estudio avala la viabilidad del Pol\u00edgono Comarcal en Muro"}]},{"@type":"WebSite","@id":"https:\/\/www.copealcoy.es\/es\/#website","url":"https:\/\/www.copealcoy.es\/es\/","name":"COPE Alcoy","description":"Emisora COPE de radio local con emisi\u00f3n online. Pont de Sant Jordi 8-10 03803 Alcoy","potentialAction":[{"@type":"SearchAction","target":{"@type":"EntryPoint","urlTemplate":"https:\/\/www.copealcoy.es\/es\/?s={search_term_string}"},"query-input":{"@type":"PropertyValueSpecification","valueRequired":true,"valueName":"search_term_string"}}],"inLanguage":"es"},{"@type":"Person","@id":"https:\/\/www.copealcoy.es\/es\/#\/schema\/person\/e777c87fa024e57d40170af9df39882c","name":"Cope Alcoy","image":{"@type":"ImageObject","inLanguage":"es","@id":"https:\/\/secure.gravatar.com\/avatar\/bb65d0283347e303893ba14f0692005417c1e0e690a325a4c5d8bb2b3943ee14?s=96&d=mm&r=g","url":"https:\/\/secure.gravatar.com\/avatar\/bb65d0283347e303893ba14f0692005417c1e0e690a325a4c5d8bb2b3943ee14?s=96&d=mm&r=g","contentUrl":"https:\/\/secure.gravatar.com\/avatar\/bb65d0283347e303893ba14f0692005417c1e0e690a325a4c5d8bb2b3943ee14?s=96&d=mm&r=g","caption":"Cope Alcoy"}}]}},"_links":{"self":[{"href":"https:\/\/www.copealcoy.es\/es\/wp-json\/wp\/v2\/posts\/59183","targetHints":{"allow":["GET"]}}],"collection":[{"href":"https:\/\/www.copealcoy.es\/es\/wp-json\/wp\/v2\/posts"}],"about":[{"href":"https:\/\/www.copealcoy.es\/es\/wp-json\/wp\/v2\/types\/post"}],"author":[{"embeddable":true,"href":"https:\/\/www.copealcoy.es\/es\/wp-json\/wp\/v2\/users\/1"}],"replies":[{"embeddable":true,"href":"https:\/\/www.copealcoy.es\/es\/wp-json\/wp\/v2\/comments?post=59183"}],"version-history":[{"count":0,"href":"https:\/\/www.copealcoy.es\/es\/wp-json\/wp\/v2\/posts\/59183\/revisions"}],"wp:featuredmedia":[{"embeddable":true,"href":"https:\/\/www.copealcoy.es\/es\/wp-json\/wp\/v2\/media\/59184"}],"wp:attachment":[{"href":"https:\/\/www.copealcoy.es\/es\/wp-json\/wp\/v2\/media?parent=59183"}],"wp:term":[{"taxonomy":"category","embeddable":true,"href":"https:\/\/www.copealcoy.es\/es\/wp-json\/wp\/v2\/categories?post=59183"},{"taxonomy":"post_tag","embeddable":true,"href":"https:\/\/www.copealcoy.es\/es\/wp-json\/wp\/v2\/tags?post=59183"}],"curies":[{"name":"wp","href":"https:\/\/api.w.org\/{rel}","templated":true}]}}