{"id":59141,"date":"2020-01-23T12:00:15","date_gmt":"2020-01-23T12:00:15","guid":{"rendered":"https:\/\/www.copealcoy.es\/?p=59141"},"modified":"2020-01-23T12:00:15","modified_gmt":"2020-01-23T12:00:15","slug":"cocentaina-acude-un-ano-mas-a-fitur","status":"publish","type":"post","link":"https:\/\/www.copealcoy.es\/es\/cocentaina-acude-un-ano-mas-a-fitur\/","title":{"rendered":"Cocentaina acude un a\u00f1o m\u00e1s a FITUR"},"content":{"rendered":"<p style=\"text-align: justify;\">Cocentaina <strong>vuelve a estar presente en FITUR<\/strong> para mostrar <strong>sus principales atractivos tur\u00edsticos<\/strong>.<\/p>\n<p style=\"text-align: justify;\">La Villa Condal <strong>ha concertado ocho entrevistas con entidades expositoras<\/strong> y que est\u00e1n presentes en la Feria al mismo tiempo que <strong>da a conocer su nuevo v\u00eddeo promocional<\/strong>. Adem\u00e1s expone <strong>los favorables resultados en materia de turismo del a\u00f1o pasado<\/strong> y <strong>las novedades para este 2020<\/strong>, entre las cuales destacan <strong>la nueva web municipal de turismo<\/strong>, la <strong>puesta en valor de recursos<\/strong> como el <strong>refugio de la guerra civil<\/strong> o <strong>la torre artillera<\/strong> del conjunto del Castillo y el <strong>refuerzo de los servicios de visitas tur\u00edsticas al Palau Comtal y los castillos<\/strong> del t\u00e9rmino municipal.<\/p>\n<p style=\"text-align: justify;\">Por \u00faltimo, Cocentaina mostrar\u00e1 este a\u00f1o en FITUR <strong>las nuevas rutas tur\u00edsticas que se ofrecer\u00e1n este a\u00f1o<\/strong> como la ruta del agua, de las murallas, de arte sacro y otras de tem\u00e1tica ciclo tur\u00edstica y bot\u00e1nica.<\/p>\n","protected":false},"excerpt":{"rendered":"<p>Cocentaina vuelve a estar presente en FITUR para mostrar sus principales atractivos tur\u00edsticos. La Villa Condal ha concertado ocho entrevistas&#8230;<\/p>\n","protected":false},"author":1,"featured_media":59142,"comment_status":"open","ping_status":"open","sticky":false,"template":"","format":"standard","meta":{"footnotes":""},"categories":[98,75],"tags":[132,596,7004,1553],"class_list":["post-59141","post","type-post","status-publish","format-standard","has-post-thumbnail","hentry","category-comarcas","category-noticias","tag-cocentaina","tag-fitur","tag-oferta-turistica","tag-rutas-guiadas"],"yoast_head":"<!-- This site is optimized with the Yoast SEO plugin v27.3 - https:\/\/yoast.com\/product\/yoast-seo-wordpress\/ -->\n<title>Cocentaina acude un a\u00f1o m\u00e1s a FITUR - COPE Alcoy<\/title>\n<meta name=\"robots\" content=\"index, follow, max-snippet:-1, max-image-preview:large, max-video-preview:-1\" \/>\n<link rel=\"canonical\" href=\"https:\/\/www.copealcoy.es\/es\/cocentaina-acude-un-ano-mas-a-fitur\/\" \/>\n<meta property=\"og:locale\" content=\"es_ES\" \/>\n<meta property=\"og:type\" content=\"article\" \/>\n<meta property=\"og:title\" content=\"Cocentaina acude un a\u00f1o m\u00e1s a FITUR - COPE Alcoy\" \/>\n<meta property=\"og:description\" content=\"Cocentaina vuelve a estar presente en FITUR para mostrar sus principales atractivos tur\u00edsticos. La Villa Condal ha concertado ocho entrevistas...\" \/>\n<meta property=\"og:url\" content=\"https:\/\/www.copealcoy.es\/es\/cocentaina-acude-un-ano-mas-a-fitur\/\" \/>\n<meta property=\"og:site_name\" content=\"COPE Alcoy\" \/>\n<meta property=\"article:published_time\" content=\"2020-01-23T12:00:15+00:00\" \/>\n<meta property=\"og:image\" content=\"https:\/\/www.copealcoy.es\/wp-content\/uploads\/2020\/01\/200122-fitur-2020_xl-e1579713219972-1.jpg\" \/>\n\t<meta property=\"og:image:width\" content=\"1200\" \/>\n\t<meta property=\"og:image:height\" content=\"618\" \/>\n\t<meta property=\"og:image:type\" content=\"image\/jpeg\" \/>\n<meta name=\"author\" content=\"Cope Alcoy\" \/>\n<meta name=\"twitter:label1\" content=\"Escrito por\" \/>\n\t<meta name=\"twitter:data1\" content=\"Cope Alcoy\" \/>\n\t<meta name=\"twitter:label2\" content=\"Tiempo de lectura\" \/>\n\t<meta name=\"twitter:data2\" content=\"1 minuto\" \/>\n<script type=\"application\/ld+json\" class=\"yoast-schema-graph\">{\"@context\":\"https:\\\/\\\/schema.org\",\"@graph\":[{\"@type\":\"Article\",\"@id\":\"https:\\\/\\\/www.copealcoy.es\\\/es\\\/cocentaina-acude-un-ano-mas-a-fitur\\\/#article\",\"isPartOf\":{\"@id\":\"https:\\\/\\\/www.copealcoy.es\\\/es\\\/cocentaina-acude-un-ano-mas-a-fitur\\\/\"},\"author\":{\"name\":\"Cope Alcoy\",\"@id\":\"https:\\\/\\\/www.copealcoy.es\\\/es\\\/#\\\/schema\\\/person\\\/e777c87fa024e57d40170af9df39882c\"},\"headline\":\"Cocentaina acude un a\u00f1o m\u00e1s a FITUR\",\"datePublished\":\"2020-01-23T12:00:15+00:00\",\"mainEntityOfPage\":{\"@id\":\"https:\\\/\\\/www.copealcoy.es\\\/es\\\/cocentaina-acude-un-ano-mas-a-fitur\\\/\"},\"wordCount\":166,\"commentCount\":0,\"image\":{\"@id\":\"https:\\\/\\\/www.copealcoy.es\\\/es\\\/cocentaina-acude-un-ano-mas-a-fitur\\\/#primaryimage\"},\"thumbnailUrl\":\"https:\\\/\\\/www.copealcoy.es\\\/wp-content\\\/uploads\\\/2020\\\/01\\\/200122-fitur-2020_xl-e1579713219972-1.jpg\",\"keywords\":[\"Cocentaina\",\"FITUR\",\"oferta tur\u00edstica\",\"Rutas Guiadas\"],\"articleSection\":[\"Comarcas\",\"Noticias\"],\"inLanguage\":\"es\"},{\"@type\":\"WebPage\",\"@id\":\"https:\\\/\\\/www.copealcoy.es\\\/es\\\/cocentaina-acude-un-ano-mas-a-fitur\\\/\",\"url\":\"https:\\\/\\\/www.copealcoy.es\\\/es\\\/cocentaina-acude-un-ano-mas-a-fitur\\\/\",\"name\":\"Cocentaina acude un a\u00f1o m\u00e1s a FITUR - COPE Alcoy\",\"isPartOf\":{\"@id\":\"https:\\\/\\\/www.copealcoy.es\\\/es\\\/#website\"},\"primaryImageOfPage\":{\"@id\":\"https:\\\/\\\/www.copealcoy.es\\\/es\\\/cocentaina-acude-un-ano-mas-a-fitur\\\/#primaryimage\"},\"image\":{\"@id\":\"https:\\\/\\\/www.copealcoy.es\\\/es\\\/cocentaina-acude-un-ano-mas-a-fitur\\\/#primaryimage\"},\"thumbnailUrl\":\"https:\\\/\\\/www.copealcoy.es\\\/wp-content\\\/uploads\\\/2020\\\/01\\\/200122-fitur-2020_xl-e1579713219972-1.jpg\",\"datePublished\":\"2020-01-23T12:00:15+00:00\",\"author\":{\"@id\":\"https:\\\/\\\/www.copealcoy.es\\\/es\\\/#\\\/schema\\\/person\\\/e777c87fa024e57d40170af9df39882c\"},\"breadcrumb\":{\"@id\":\"https:\\\/\\\/www.copealcoy.es\\\/es\\\/cocentaina-acude-un-ano-mas-a-fitur\\\/#breadcrumb\"},\"inLanguage\":\"es\",\"potentialAction\":[{\"@type\":\"ReadAction\",\"target\":[\"https:\\\/\\\/www.copealcoy.es\\\/es\\\/cocentaina-acude-un-ano-mas-a-fitur\\\/\"]}]},{\"@type\":\"ImageObject\",\"inLanguage\":\"es\",\"@id\":\"https:\\\/\\\/www.copealcoy.es\\\/es\\\/cocentaina-acude-un-ano-mas-a-fitur\\\/#primaryimage\",\"url\":\"https:\\\/\\\/www.copealcoy.es\\\/wp-content\\\/uploads\\\/2020\\\/01\\\/200122-fitur-2020_xl-e1579713219972-1.jpg\",\"contentUrl\":\"https:\\\/\\\/www.copealcoy.es\\\/wp-content\\\/uploads\\\/2020\\\/01\\\/200122-fitur-2020_xl-e1579713219972-1.jpg\",\"width\":1200,\"height\":618},{\"@type\":\"BreadcrumbList\",\"@id\":\"https:\\\/\\\/www.copealcoy.es\\\/es\\\/cocentaina-acude-un-ano-mas-a-fitur\\\/#breadcrumb\",\"itemListElement\":[{\"@type\":\"ListItem\",\"position\":1,\"name\":\"Portada\",\"item\":\"https:\\\/\\\/www.copealcoy.es\\\/es\\\/\"},{\"@type\":\"ListItem\",\"position\":2,\"name\":\"Cocentaina acude un a\u00f1o m\u00e1s a FITUR\"}]},{\"@type\":\"WebSite\",\"@id\":\"https:\\\/\\\/www.copealcoy.es\\\/es\\\/#website\",\"url\":\"https:\\\/\\\/www.copealcoy.es\\\/es\\\/\",\"name\":\"COPE Alcoy\",\"description\":\"Emisora COPE de radio local con emisi\u00f3n online. Pont de Sant Jordi 8-10 03803 Alcoy\",\"potentialAction\":[{\"@type\":\"SearchAction\",\"target\":{\"@type\":\"EntryPoint\",\"urlTemplate\":\"https:\\\/\\\/www.copealcoy.es\\\/es\\\/?s={search_term_string}\"},\"query-input\":{\"@type\":\"PropertyValueSpecification\",\"valueRequired\":true,\"valueName\":\"search_term_string\"}}],\"inLanguage\":\"es\"},{\"@type\":\"Person\",\"@id\":\"https:\\\/\\\/www.copealcoy.es\\\/es\\\/#\\\/schema\\\/person\\\/e777c87fa024e57d40170af9df39882c\",\"name\":\"Cope Alcoy\",\"image\":{\"@type\":\"ImageObject\",\"inLanguage\":\"es\",\"@id\":\"https:\\\/\\\/secure.gravatar.com\\\/avatar\\\/bb65d0283347e303893ba14f0692005417c1e0e690a325a4c5d8bb2b3943ee14?s=96&d=mm&r=g\",\"url\":\"https:\\\/\\\/secure.gravatar.com\\\/avatar\\\/bb65d0283347e303893ba14f0692005417c1e0e690a325a4c5d8bb2b3943ee14?s=96&d=mm&r=g\",\"contentUrl\":\"https:\\\/\\\/secure.gravatar.com\\\/avatar\\\/bb65d0283347e303893ba14f0692005417c1e0e690a325a4c5d8bb2b3943ee14?s=96&d=mm&r=g\",\"caption\":\"Cope Alcoy\"}}]}<\/script>\n<!-- \/ Yoast SEO plugin. -->","yoast_head_json":{"title":"Cocentaina acude un a\u00f1o m\u00e1s a FITUR - COPE Alcoy","robots":{"index":"index","follow":"follow","max-snippet":"max-snippet:-1","max-image-preview":"max-image-preview:large","max-video-preview":"max-video-preview:-1"},"canonical":"https:\/\/www.copealcoy.es\/es\/cocentaina-acude-un-ano-mas-a-fitur\/","og_locale":"es_ES","og_type":"article","og_title":"Cocentaina acude un a\u00f1o m\u00e1s a FITUR - COPE Alcoy","og_description":"Cocentaina vuelve a estar presente en FITUR para mostrar sus principales atractivos tur\u00edsticos. La Villa Condal ha concertado ocho entrevistas...","og_url":"https:\/\/www.copealcoy.es\/es\/cocentaina-acude-un-ano-mas-a-fitur\/","og_site_name":"COPE Alcoy","article_published_time":"2020-01-23T12:00:15+00:00","og_image":[{"width":1200,"height":618,"url":"https:\/\/www.copealcoy.es\/wp-content\/uploads\/2020\/01\/200122-fitur-2020_xl-e1579713219972-1.jpg","type":"image\/jpeg"}],"author":"Cope Alcoy","twitter_misc":{"Escrito por":"Cope Alcoy","Tiempo de lectura":"1 minuto"},"schema":{"@context":"https:\/\/schema.org","@graph":[{"@type":"Article","@id":"https:\/\/www.copealcoy.es\/es\/cocentaina-acude-un-ano-mas-a-fitur\/#article","isPartOf":{"@id":"https:\/\/www.copealcoy.es\/es\/cocentaina-acude-un-ano-mas-a-fitur\/"},"author":{"name":"Cope Alcoy","@id":"https:\/\/www.copealcoy.es\/es\/#\/schema\/person\/e777c87fa024e57d40170af9df39882c"},"headline":"Cocentaina acude un a\u00f1o m\u00e1s a FITUR","datePublished":"2020-01-23T12:00:15+00:00","mainEntityOfPage":{"@id":"https:\/\/www.copealcoy.es\/es\/cocentaina-acude-un-ano-mas-a-fitur\/"},"wordCount":166,"commentCount":0,"image":{"@id":"https:\/\/www.copealcoy.es\/es\/cocentaina-acude-un-ano-mas-a-fitur\/#primaryimage"},"thumbnailUrl":"https:\/\/www.copealcoy.es\/wp-content\/uploads\/2020\/01\/200122-fitur-2020_xl-e1579713219972-1.jpg","keywords":["Cocentaina","FITUR","oferta tur\u00edstica","Rutas Guiadas"],"articleSection":["Comarcas","Noticias"],"inLanguage":"es"},{"@type":"WebPage","@id":"https:\/\/www.copealcoy.es\/es\/cocentaina-acude-un-ano-mas-a-fitur\/","url":"https:\/\/www.copealcoy.es\/es\/cocentaina-acude-un-ano-mas-a-fitur\/","name":"Cocentaina acude un a\u00f1o m\u00e1s a FITUR - COPE Alcoy","isPartOf":{"@id":"https:\/\/www.copealcoy.es\/es\/#website"},"primaryImageOfPage":{"@id":"https:\/\/www.copealcoy.es\/es\/cocentaina-acude-un-ano-mas-a-fitur\/#primaryimage"},"image":{"@id":"https:\/\/www.copealcoy.es\/es\/cocentaina-acude-un-ano-mas-a-fitur\/#primaryimage"},"thumbnailUrl":"https:\/\/www.copealcoy.es\/wp-content\/uploads\/2020\/01\/200122-fitur-2020_xl-e1579713219972-1.jpg","datePublished":"2020-01-23T12:00:15+00:00","author":{"@id":"https:\/\/www.copealcoy.es\/es\/#\/schema\/person\/e777c87fa024e57d40170af9df39882c"},"breadcrumb":{"@id":"https:\/\/www.copealcoy.es\/es\/cocentaina-acude-un-ano-mas-a-fitur\/#breadcrumb"},"inLanguage":"es","potentialAction":[{"@type":"ReadAction","target":["https:\/\/www.copealcoy.es\/es\/cocentaina-acude-un-ano-mas-a-fitur\/"]}]},{"@type":"ImageObject","inLanguage":"es","@id":"https:\/\/www.copealcoy.es\/es\/cocentaina-acude-un-ano-mas-a-fitur\/#primaryimage","url":"https:\/\/www.copealcoy.es\/wp-content\/uploads\/2020\/01\/200122-fitur-2020_xl-e1579713219972-1.jpg","contentUrl":"https:\/\/www.copealcoy.es\/wp-content\/uploads\/2020\/01\/200122-fitur-2020_xl-e1579713219972-1.jpg","width":1200,"height":618},{"@type":"BreadcrumbList","@id":"https:\/\/www.copealcoy.es\/es\/cocentaina-acude-un-ano-mas-a-fitur\/#breadcrumb","itemListElement":[{"@type":"ListItem","position":1,"name":"Portada","item":"https:\/\/www.copealcoy.es\/es\/"},{"@type":"ListItem","position":2,"name":"Cocentaina acude un a\u00f1o m\u00e1s a FITUR"}]},{"@type":"WebSite","@id":"https:\/\/www.copealcoy.es\/es\/#website","url":"https:\/\/www.copealcoy.es\/es\/","name":"COPE Alcoy","description":"Emisora COPE de radio local con emisi\u00f3n online. Pont de Sant Jordi 8-10 03803 Alcoy","potentialAction":[{"@type":"SearchAction","target":{"@type":"EntryPoint","urlTemplate":"https:\/\/www.copealcoy.es\/es\/?s={search_term_string}"},"query-input":{"@type":"PropertyValueSpecification","valueRequired":true,"valueName":"search_term_string"}}],"inLanguage":"es"},{"@type":"Person","@id":"https:\/\/www.copealcoy.es\/es\/#\/schema\/person\/e777c87fa024e57d40170af9df39882c","name":"Cope Alcoy","image":{"@type":"ImageObject","inLanguage":"es","@id":"https:\/\/secure.gravatar.com\/avatar\/bb65d0283347e303893ba14f0692005417c1e0e690a325a4c5d8bb2b3943ee14?s=96&d=mm&r=g","url":"https:\/\/secure.gravatar.com\/avatar\/bb65d0283347e303893ba14f0692005417c1e0e690a325a4c5d8bb2b3943ee14?s=96&d=mm&r=g","contentUrl":"https:\/\/secure.gravatar.com\/avatar\/bb65d0283347e303893ba14f0692005417c1e0e690a325a4c5d8bb2b3943ee14?s=96&d=mm&r=g","caption":"Cope Alcoy"}}]}},"_links":{"self":[{"href":"https:\/\/www.copealcoy.es\/es\/wp-json\/wp\/v2\/posts\/59141","targetHints":{"allow":["GET"]}}],"collection":[{"href":"https:\/\/www.copealcoy.es\/es\/wp-json\/wp\/v2\/posts"}],"about":[{"href":"https:\/\/www.copealcoy.es\/es\/wp-json\/wp\/v2\/types\/post"}],"author":[{"embeddable":true,"href":"https:\/\/www.copealcoy.es\/es\/wp-json\/wp\/v2\/users\/1"}],"replies":[{"embeddable":true,"href":"https:\/\/www.copealcoy.es\/es\/wp-json\/wp\/v2\/comments?post=59141"}],"version-history":[{"count":0,"href":"https:\/\/www.copealcoy.es\/es\/wp-json\/wp\/v2\/posts\/59141\/revisions"}],"wp:featuredmedia":[{"embeddable":true,"href":"https:\/\/www.copealcoy.es\/es\/wp-json\/wp\/v2\/media\/59142"}],"wp:attachment":[{"href":"https:\/\/www.copealcoy.es\/es\/wp-json\/wp\/v2\/media?parent=59141"}],"wp:term":[{"taxonomy":"category","embeddable":true,"href":"https:\/\/www.copealcoy.es\/es\/wp-json\/wp\/v2\/categories?post=59141"},{"taxonomy":"post_tag","embeddable":true,"href":"https:\/\/www.copealcoy.es\/es\/wp-json\/wp\/v2\/tags?post=59141"}],"curies":[{"name":"wp","href":"https:\/\/api.w.org\/{rel}","templated":true}]}}