{"id":59092,"date":"2020-01-21T18:04:33","date_gmt":"2020-01-21T18:04:33","guid":{"rendered":"https:\/\/www.copealcoy.es\/?p=59092"},"modified":"2020-01-21T18:04:33","modified_gmt":"2020-01-21T18:04:33","slug":"alcoy-volvera-a-exponer-sus-atractivos-en-fitur","status":"publish","type":"post","link":"https:\/\/www.copealcoy.es\/es\/alcoy-volvera-a-exponer-sus-atractivos-en-fitur\/","title":{"rendered":"Alcoy volver\u00e1 a exponer sus atractivos en FITUR"},"content":{"rendered":"<p class=\"Default\" style=\"text-align: justify;\">Alcoy <strong>volver\u00e1 a estar presente este a\u00f1o en la Feria Internacional del Turismo<\/strong>, FITUR, que se celebra en Madrid esta semana.<\/p>\n<p class=\"Default\" style=\"text-align: justify;\">La ciudad presentar\u00e1 este mi\u00e9rcoles <strong>su proyecto como Destino Tur\u00edstico Inteligente<\/strong>; un estudio en el que ha estado implicada la Ag\u00e8ncia Valenciana de Turisme y que permitir\u00e1 <strong>analizar todos los recursos tur\u00edsticos de Alcoy<\/strong> as\u00ed como <strong>las demandas que tienen los turistas<\/strong> que vienen a nuestra ciudad. Todo ello empleando <strong>los recursos<\/strong> que ofrecen las nuevas tecnolog\u00edas.\u00a0 Adem\u00e1s habr\u00e1<strong> folletos<\/strong>\u00a0<strong>informativos sobre nuestras fiestas<\/strong> en el stand que Costa Blanca planta en Callao, en pleno centro de Madrid, mientras que <strong>la Asociaci\u00f3n de Turismo Alicante Interior<\/strong> presentar\u00e1 varias propuestas interesantes. En concreto el colectivo mostrar\u00e1 su proyecto de oleoturismo, <strong>la gu\u00eda tur\u00edstica del interior de Alicante<\/strong>, una cata de aceites o <strong>la competici\u00f3n Costa Blanca Challenge<\/strong> &#8220;<em>FITUR siempre nos ha dado muy buenos resultados y es un escenario magn\u00edfico para dar a conocer lo mucho que tiene Alcoy. Siempre apostamos por presentar algo diferente y en los \u00faltimos a\u00f1os hemos dado a conocer iniciativas como la Feria Modernista o la Film Office. Los alcoyanos que est\u00e1n por la capital que aprovechen tambi\u00e9n la ocasi\u00f3n para disfrutar de este pedacito de Alcoy que estar\u00e1 estos d\u00edas en la Feria del Turismo<\/em>&#8220;, destacaba hoy martes en COPE ALCOY la edil de Turismo; <strong>Lorena Zamorano<\/strong>.<\/p>\n<p class=\"Default\" style=\"text-align: justify;\">Recordar que el jueves <strong>Alcoy recibir\u00e1 en FITUR una distinci\u00f3n SICTED<\/strong> por haber quedado como <strong>segunda finalista<\/strong> en el proyecto de <strong>las Jornadas Gastron\u00f3micas<\/strong> celebradas en la ciudad el pasado mes de noviembre.<\/p>\n<p><iframe loading=\"lazy\" title=\"RP Alcoi FITUR 2020\" width=\"1200\" height=\"675\" src=\"https:\/\/www.youtube.com\/embed\/uPVvhsykat8?feature=oembed\" frameborder=\"0\" allow=\"accelerometer; autoplay; encrypted-media; gyroscope; picture-in-picture\" allowfullscreen><\/iframe>    \t<\/p>\n","protected":false},"excerpt":{"rendered":"<p>Alcoy volver\u00e1 a estar presente este a\u00f1o en la Feria Internacional del Turismo, FITUR, que se celebra en Madrid esta&#8230;<\/p>\n","protected":false},"author":1,"featured_media":59096,"comment_status":"open","ping_status":"open","sticky":false,"template":"","format":"standard","meta":{"footnotes":""},"categories":[97,75],"tags":[1494,6999,596,1796,1575,454],"class_list":["post-59092","post","type-post","status-publish","format-standard","has-post-thumbnail","hentry","category-alcoy","category-noticias","tag-alcoy","tag-atractivos-turisticos","tag-fitur","tag-lorena-zamorano","tag-madrid","tag-promocion"],"yoast_head":"<!-- This site is optimized with the Yoast SEO plugin v27.3 - https:\/\/yoast.com\/product\/yoast-seo-wordpress\/ -->\n<title>Alcoy volver\u00e1 a exponer sus atractivos en FITUR - COPE Alcoy<\/title>\n<meta name=\"robots\" content=\"index, follow, max-snippet:-1, max-image-preview:large, max-video-preview:-1\" \/>\n<link rel=\"canonical\" href=\"https:\/\/www.copealcoy.es\/es\/alcoy-volvera-a-exponer-sus-atractivos-en-fitur\/\" \/>\n<meta property=\"og:locale\" content=\"es_ES\" \/>\n<meta property=\"og:type\" content=\"article\" \/>\n<meta property=\"og:title\" content=\"Alcoy volver\u00e1 a exponer sus atractivos en FITUR - COPE Alcoy\" \/>\n<meta property=\"og:description\" content=\"Alcoy volver\u00e1 a estar presente este a\u00f1o en la Feria Internacional del Turismo, FITUR, que se celebra en Madrid esta...\" \/>\n<meta property=\"og:url\" content=\"https:\/\/www.copealcoy.es\/es\/alcoy-volvera-a-exponer-sus-atractivos-en-fitur\/\" \/>\n<meta property=\"og:site_name\" content=\"COPE Alcoy\" \/>\n<meta property=\"article:published_time\" content=\"2020-01-21T18:04:33+00:00\" \/>\n<meta property=\"og:image\" content=\"https:\/\/www.copealcoy.es\/wp-content\/uploads\/2020\/01\/25442815_1237778116365671_3353905224351917249_n-e1579630376831-1.jpg\" \/>\n\t<meta property=\"og:image:width\" content=\"847\" \/>\n\t<meta property=\"og:image:height\" content=\"540\" \/>\n\t<meta property=\"og:image:type\" content=\"image\/jpeg\" \/>\n<meta name=\"author\" content=\"Cope Alcoy\" \/>\n<meta name=\"twitter:label1\" content=\"Escrito por\" \/>\n\t<meta name=\"twitter:data1\" content=\"Cope Alcoy\" \/>\n\t<meta name=\"twitter:label2\" content=\"Tiempo de lectura\" \/>\n\t<meta name=\"twitter:data2\" content=\"1 minuto\" \/>\n<script type=\"application\/ld+json\" class=\"yoast-schema-graph\">{\"@context\":\"https:\\\/\\\/schema.org\",\"@graph\":[{\"@type\":\"Article\",\"@id\":\"https:\\\/\\\/www.copealcoy.es\\\/es\\\/alcoy-volvera-a-exponer-sus-atractivos-en-fitur\\\/#article\",\"isPartOf\":{\"@id\":\"https:\\\/\\\/www.copealcoy.es\\\/es\\\/alcoy-volvera-a-exponer-sus-atractivos-en-fitur\\\/\"},\"author\":{\"name\":\"Cope Alcoy\",\"@id\":\"https:\\\/\\\/www.copealcoy.es\\\/es\\\/#\\\/schema\\\/person\\\/e777c87fa024e57d40170af9df39882c\"},\"headline\":\"Alcoy volver\u00e1 a exponer sus atractivos en FITUR\",\"datePublished\":\"2020-01-21T18:04:33+00:00\",\"mainEntityOfPage\":{\"@id\":\"https:\\\/\\\/www.copealcoy.es\\\/es\\\/alcoy-volvera-a-exponer-sus-atractivos-en-fitur\\\/\"},\"wordCount\":287,\"commentCount\":0,\"image\":{\"@id\":\"https:\\\/\\\/www.copealcoy.es\\\/es\\\/alcoy-volvera-a-exponer-sus-atractivos-en-fitur\\\/#primaryimage\"},\"thumbnailUrl\":\"https:\\\/\\\/www.copealcoy.es\\\/wp-content\\\/uploads\\\/2020\\\/01\\\/25442815_1237778116365671_3353905224351917249_n-e1579630376831-1.jpg\",\"keywords\":[\"Alcoy\",\"atractivos tur\u00edsticos\",\"FITUR\",\"Lorena Zamorano\",\"Madrid\",\"Promoci\u00f3n\"],\"articleSection\":[\"Alcoy\",\"Noticias\"],\"inLanguage\":\"es\"},{\"@type\":\"WebPage\",\"@id\":\"https:\\\/\\\/www.copealcoy.es\\\/es\\\/alcoy-volvera-a-exponer-sus-atractivos-en-fitur\\\/\",\"url\":\"https:\\\/\\\/www.copealcoy.es\\\/es\\\/alcoy-volvera-a-exponer-sus-atractivos-en-fitur\\\/\",\"name\":\"Alcoy volver\u00e1 a exponer sus atractivos en FITUR - COPE Alcoy\",\"isPartOf\":{\"@id\":\"https:\\\/\\\/www.copealcoy.es\\\/es\\\/#website\"},\"primaryImageOfPage\":{\"@id\":\"https:\\\/\\\/www.copealcoy.es\\\/es\\\/alcoy-volvera-a-exponer-sus-atractivos-en-fitur\\\/#primaryimage\"},\"image\":{\"@id\":\"https:\\\/\\\/www.copealcoy.es\\\/es\\\/alcoy-volvera-a-exponer-sus-atractivos-en-fitur\\\/#primaryimage\"},\"thumbnailUrl\":\"https:\\\/\\\/www.copealcoy.es\\\/wp-content\\\/uploads\\\/2020\\\/01\\\/25442815_1237778116365671_3353905224351917249_n-e1579630376831-1.jpg\",\"datePublished\":\"2020-01-21T18:04:33+00:00\",\"author\":{\"@id\":\"https:\\\/\\\/www.copealcoy.es\\\/es\\\/#\\\/schema\\\/person\\\/e777c87fa024e57d40170af9df39882c\"},\"breadcrumb\":{\"@id\":\"https:\\\/\\\/www.copealcoy.es\\\/es\\\/alcoy-volvera-a-exponer-sus-atractivos-en-fitur\\\/#breadcrumb\"},\"inLanguage\":\"es\",\"potentialAction\":[{\"@type\":\"ReadAction\",\"target\":[\"https:\\\/\\\/www.copealcoy.es\\\/es\\\/alcoy-volvera-a-exponer-sus-atractivos-en-fitur\\\/\"]}]},{\"@type\":\"ImageObject\",\"inLanguage\":\"es\",\"@id\":\"https:\\\/\\\/www.copealcoy.es\\\/es\\\/alcoy-volvera-a-exponer-sus-atractivos-en-fitur\\\/#primaryimage\",\"url\":\"https:\\\/\\\/www.copealcoy.es\\\/wp-content\\\/uploads\\\/2020\\\/01\\\/25442815_1237778116365671_3353905224351917249_n-e1579630376831-1.jpg\",\"contentUrl\":\"https:\\\/\\\/www.copealcoy.es\\\/wp-content\\\/uploads\\\/2020\\\/01\\\/25442815_1237778116365671_3353905224351917249_n-e1579630376831-1.jpg\",\"width\":847,\"height\":540,\"caption\":\"Lorena Zamorano en Cope Alcoy \\\/ Foto: G. Pascual\"},{\"@type\":\"BreadcrumbList\",\"@id\":\"https:\\\/\\\/www.copealcoy.es\\\/es\\\/alcoy-volvera-a-exponer-sus-atractivos-en-fitur\\\/#breadcrumb\",\"itemListElement\":[{\"@type\":\"ListItem\",\"position\":1,\"name\":\"Portada\",\"item\":\"https:\\\/\\\/www.copealcoy.es\\\/es\\\/\"},{\"@type\":\"ListItem\",\"position\":2,\"name\":\"Alcoy volver\u00e1 a exponer sus atractivos en FITUR\"}]},{\"@type\":\"WebSite\",\"@id\":\"https:\\\/\\\/www.copealcoy.es\\\/es\\\/#website\",\"url\":\"https:\\\/\\\/www.copealcoy.es\\\/es\\\/\",\"name\":\"COPE Alcoy\",\"description\":\"Emisora COPE de radio local con emisi\u00f3n online. Pont de Sant Jordi 8-10 03803 Alcoy\",\"potentialAction\":[{\"@type\":\"SearchAction\",\"target\":{\"@type\":\"EntryPoint\",\"urlTemplate\":\"https:\\\/\\\/www.copealcoy.es\\\/es\\\/?s={search_term_string}\"},\"query-input\":{\"@type\":\"PropertyValueSpecification\",\"valueRequired\":true,\"valueName\":\"search_term_string\"}}],\"inLanguage\":\"es\"},{\"@type\":\"Person\",\"@id\":\"https:\\\/\\\/www.copealcoy.es\\\/es\\\/#\\\/schema\\\/person\\\/e777c87fa024e57d40170af9df39882c\",\"name\":\"Cope Alcoy\",\"image\":{\"@type\":\"ImageObject\",\"inLanguage\":\"es\",\"@id\":\"https:\\\/\\\/secure.gravatar.com\\\/avatar\\\/bb65d0283347e303893ba14f0692005417c1e0e690a325a4c5d8bb2b3943ee14?s=96&d=mm&r=g\",\"url\":\"https:\\\/\\\/secure.gravatar.com\\\/avatar\\\/bb65d0283347e303893ba14f0692005417c1e0e690a325a4c5d8bb2b3943ee14?s=96&d=mm&r=g\",\"contentUrl\":\"https:\\\/\\\/secure.gravatar.com\\\/avatar\\\/bb65d0283347e303893ba14f0692005417c1e0e690a325a4c5d8bb2b3943ee14?s=96&d=mm&r=g\",\"caption\":\"Cope Alcoy\"}}]}<\/script>\n<!-- \/ Yoast SEO plugin. -->","yoast_head_json":{"title":"Alcoy volver\u00e1 a exponer sus atractivos en FITUR - COPE Alcoy","robots":{"index":"index","follow":"follow","max-snippet":"max-snippet:-1","max-image-preview":"max-image-preview:large","max-video-preview":"max-video-preview:-1"},"canonical":"https:\/\/www.copealcoy.es\/es\/alcoy-volvera-a-exponer-sus-atractivos-en-fitur\/","og_locale":"es_ES","og_type":"article","og_title":"Alcoy volver\u00e1 a exponer sus atractivos en FITUR - COPE Alcoy","og_description":"Alcoy volver\u00e1 a estar presente este a\u00f1o en la Feria Internacional del Turismo, FITUR, que se celebra en Madrid esta...","og_url":"https:\/\/www.copealcoy.es\/es\/alcoy-volvera-a-exponer-sus-atractivos-en-fitur\/","og_site_name":"COPE Alcoy","article_published_time":"2020-01-21T18:04:33+00:00","og_image":[{"width":847,"height":540,"url":"https:\/\/www.copealcoy.es\/wp-content\/uploads\/2020\/01\/25442815_1237778116365671_3353905224351917249_n-e1579630376831-1.jpg","type":"image\/jpeg"}],"author":"Cope Alcoy","twitter_misc":{"Escrito por":"Cope Alcoy","Tiempo de lectura":"1 minuto"},"schema":{"@context":"https:\/\/schema.org","@graph":[{"@type":"Article","@id":"https:\/\/www.copealcoy.es\/es\/alcoy-volvera-a-exponer-sus-atractivos-en-fitur\/#article","isPartOf":{"@id":"https:\/\/www.copealcoy.es\/es\/alcoy-volvera-a-exponer-sus-atractivos-en-fitur\/"},"author":{"name":"Cope Alcoy","@id":"https:\/\/www.copealcoy.es\/es\/#\/schema\/person\/e777c87fa024e57d40170af9df39882c"},"headline":"Alcoy volver\u00e1 a exponer sus atractivos en FITUR","datePublished":"2020-01-21T18:04:33+00:00","mainEntityOfPage":{"@id":"https:\/\/www.copealcoy.es\/es\/alcoy-volvera-a-exponer-sus-atractivos-en-fitur\/"},"wordCount":287,"commentCount":0,"image":{"@id":"https:\/\/www.copealcoy.es\/es\/alcoy-volvera-a-exponer-sus-atractivos-en-fitur\/#primaryimage"},"thumbnailUrl":"https:\/\/www.copealcoy.es\/wp-content\/uploads\/2020\/01\/25442815_1237778116365671_3353905224351917249_n-e1579630376831-1.jpg","keywords":["Alcoy","atractivos tur\u00edsticos","FITUR","Lorena Zamorano","Madrid","Promoci\u00f3n"],"articleSection":["Alcoy","Noticias"],"inLanguage":"es"},{"@type":"WebPage","@id":"https:\/\/www.copealcoy.es\/es\/alcoy-volvera-a-exponer-sus-atractivos-en-fitur\/","url":"https:\/\/www.copealcoy.es\/es\/alcoy-volvera-a-exponer-sus-atractivos-en-fitur\/","name":"Alcoy volver\u00e1 a exponer sus atractivos en FITUR - COPE Alcoy","isPartOf":{"@id":"https:\/\/www.copealcoy.es\/es\/#website"},"primaryImageOfPage":{"@id":"https:\/\/www.copealcoy.es\/es\/alcoy-volvera-a-exponer-sus-atractivos-en-fitur\/#primaryimage"},"image":{"@id":"https:\/\/www.copealcoy.es\/es\/alcoy-volvera-a-exponer-sus-atractivos-en-fitur\/#primaryimage"},"thumbnailUrl":"https:\/\/www.copealcoy.es\/wp-content\/uploads\/2020\/01\/25442815_1237778116365671_3353905224351917249_n-e1579630376831-1.jpg","datePublished":"2020-01-21T18:04:33+00:00","author":{"@id":"https:\/\/www.copealcoy.es\/es\/#\/schema\/person\/e777c87fa024e57d40170af9df39882c"},"breadcrumb":{"@id":"https:\/\/www.copealcoy.es\/es\/alcoy-volvera-a-exponer-sus-atractivos-en-fitur\/#breadcrumb"},"inLanguage":"es","potentialAction":[{"@type":"ReadAction","target":["https:\/\/www.copealcoy.es\/es\/alcoy-volvera-a-exponer-sus-atractivos-en-fitur\/"]}]},{"@type":"ImageObject","inLanguage":"es","@id":"https:\/\/www.copealcoy.es\/es\/alcoy-volvera-a-exponer-sus-atractivos-en-fitur\/#primaryimage","url":"https:\/\/www.copealcoy.es\/wp-content\/uploads\/2020\/01\/25442815_1237778116365671_3353905224351917249_n-e1579630376831-1.jpg","contentUrl":"https:\/\/www.copealcoy.es\/wp-content\/uploads\/2020\/01\/25442815_1237778116365671_3353905224351917249_n-e1579630376831-1.jpg","width":847,"height":540,"caption":"Lorena Zamorano en Cope Alcoy \/ Foto: G. Pascual"},{"@type":"BreadcrumbList","@id":"https:\/\/www.copealcoy.es\/es\/alcoy-volvera-a-exponer-sus-atractivos-en-fitur\/#breadcrumb","itemListElement":[{"@type":"ListItem","position":1,"name":"Portada","item":"https:\/\/www.copealcoy.es\/es\/"},{"@type":"ListItem","position":2,"name":"Alcoy volver\u00e1 a exponer sus atractivos en FITUR"}]},{"@type":"WebSite","@id":"https:\/\/www.copealcoy.es\/es\/#website","url":"https:\/\/www.copealcoy.es\/es\/","name":"COPE Alcoy","description":"Emisora COPE de radio local con emisi\u00f3n online. Pont de Sant Jordi 8-10 03803 Alcoy","potentialAction":[{"@type":"SearchAction","target":{"@type":"EntryPoint","urlTemplate":"https:\/\/www.copealcoy.es\/es\/?s={search_term_string}"},"query-input":{"@type":"PropertyValueSpecification","valueRequired":true,"valueName":"search_term_string"}}],"inLanguage":"es"},{"@type":"Person","@id":"https:\/\/www.copealcoy.es\/es\/#\/schema\/person\/e777c87fa024e57d40170af9df39882c","name":"Cope Alcoy","image":{"@type":"ImageObject","inLanguage":"es","@id":"https:\/\/secure.gravatar.com\/avatar\/bb65d0283347e303893ba14f0692005417c1e0e690a325a4c5d8bb2b3943ee14?s=96&d=mm&r=g","url":"https:\/\/secure.gravatar.com\/avatar\/bb65d0283347e303893ba14f0692005417c1e0e690a325a4c5d8bb2b3943ee14?s=96&d=mm&r=g","contentUrl":"https:\/\/secure.gravatar.com\/avatar\/bb65d0283347e303893ba14f0692005417c1e0e690a325a4c5d8bb2b3943ee14?s=96&d=mm&r=g","caption":"Cope Alcoy"}}]}},"_links":{"self":[{"href":"https:\/\/www.copealcoy.es\/es\/wp-json\/wp\/v2\/posts\/59092","targetHints":{"allow":["GET"]}}],"collection":[{"href":"https:\/\/www.copealcoy.es\/es\/wp-json\/wp\/v2\/posts"}],"about":[{"href":"https:\/\/www.copealcoy.es\/es\/wp-json\/wp\/v2\/types\/post"}],"author":[{"embeddable":true,"href":"https:\/\/www.copealcoy.es\/es\/wp-json\/wp\/v2\/users\/1"}],"replies":[{"embeddable":true,"href":"https:\/\/www.copealcoy.es\/es\/wp-json\/wp\/v2\/comments?post=59092"}],"version-history":[{"count":0,"href":"https:\/\/www.copealcoy.es\/es\/wp-json\/wp\/v2\/posts\/59092\/revisions"}],"wp:featuredmedia":[{"embeddable":true,"href":"https:\/\/www.copealcoy.es\/es\/wp-json\/wp\/v2\/media\/59096"}],"wp:attachment":[{"href":"https:\/\/www.copealcoy.es\/es\/wp-json\/wp\/v2\/media?parent=59092"}],"wp:term":[{"taxonomy":"category","embeddable":true,"href":"https:\/\/www.copealcoy.es\/es\/wp-json\/wp\/v2\/categories?post=59092"},{"taxonomy":"post_tag","embeddable":true,"href":"https:\/\/www.copealcoy.es\/es\/wp-json\/wp\/v2\/tags?post=59092"}],"curies":[{"name":"wp","href":"https:\/\/api.w.org\/{rel}","templated":true}]}}