{"id":59081,"date":"2020-01-21T15:33:23","date_gmt":"2020-01-21T15:33:23","guid":{"rendered":"https:\/\/www.copealcoy.es\/?p=59081"},"modified":"2020-01-21T15:33:23","modified_gmt":"2020-01-21T15:33:23","slug":"los-chubascos-dejan-mas-de-300-litros-en-puntos-del-comtat","status":"publish","type":"post","link":"https:\/\/www.copealcoy.es\/es\/los-chubascos-dejan-mas-de-300-litros-en-puntos-del-comtat\/","title":{"rendered":"Los chubascos dejan m\u00e1s de 300 litros en puntos del Comtat"},"content":{"rendered":"<p style=\"text-align: justify;\">El temporal <strong>sigue dejando sus consecuencias en Alcoy y en el conjunto de nuestras comarcas<\/strong> del Comtat y de l&#8217;Alcoi\u00e0.<\/p>\n<p><strong>Desprendimientos de casas en Alcoy<\/strong><\/p>\n<p style=\"text-align: justify;\">En <strong>Alcoy<\/strong> las lluvias de las \u00faltimas 72 horas han dejado <strong>cerca de 300 litros por metro cuadrado<\/strong> seg\u00fan datos de AVAMET recogidos en la estaci\u00f3n de pluviometr\u00eda del Benissaid\u00f3. El Departamento de Emergencias del Ayuntamiento <strong>ha atendido varias incidencias<\/strong> relacionadas con desprendimientos de taludes, retirada de \u00e1rboles ca\u00eddos y arrastres de tierras mientras que se ha seguido actuando en las urbanizaciones para que estas recuperaran cuanto antes la normalidad. Adem\u00e1s <strong>la actividad docente ha funcionado a pleno rendimiento hoy<\/strong>, tras suspenderse las clases ayer, y <strong>las instalaciones deportivas han estado a medio gas<\/strong> ya que muchas de ellas todav\u00eda han permanecido cerradas en este martes. Por \u00faltimo<strong> la Polic\u00eda Local acordon\u00f3 las calles Pintor Casanova y Casablanca por desprendimientos en dos inmuebles<\/strong> &#8220;<em>se est\u00e1 evaluando el estado de los mismos para adoptar las medidas oportunas de cara a evitar que se produzcan males mayores para la ciudadan\u00eda, los vecinos o los veh\u00edculos<\/em>&#8220;, afirmaba el concejal de Seguridad, <strong>Ra\u00fcl Llopis<\/strong>; en el #TiempoDeAn\u00e1lisis del magazine matinal de COPE ALCOY. Al mediod\u00eda el Consistorio informaba de <strong>la apertura al tr\u00e1fico de Pintor Casanova<\/strong> mientras que la calle Casablanca contin\u00faa cerrada.<\/p>\n<p style=\"text-align: justify;\">Se\u00f1alar que <strong>est\u00e1 tambi\u00e9n cerrada al tr\u00e1fico la CV-797 que da acceso al Parque Natural de la Font Roja<\/strong> por nieve y hielo.<\/p>\n<p><strong>Desprendimientos en la carretera de Benimassot\u00a0<\/strong><\/p>\n<p style=\"text-align: justify;\">En la comarca <strong>las lluvias tambi\u00e9n han dejado importantes registros<\/strong> y por ejemplo en las \u00faltimas 72 horas se han acumulado 496 litros por metro cuadrado en <strong>L&#8217;Orxa<\/strong>,\u00a0491 en <strong>Beniarr\u00e9s<\/strong>, 473 en <strong>Planes<\/strong>,\u00a0<span style=\"font-size: inherit;\">417 litros en <strong>Balones<\/strong>, 349 en <strong>Muro<\/strong> o 263 en<strong> Agres<\/strong>.\u00a0<\/span><\/p>\n<p style=\"text-align: justify;\">Las intensas precipitaciones <strong>han aumentado de forma considerable el caudal de los r\u00edos Agres, Pen\u00e1guila o Serpis<\/strong> y en este \u00faltimo se tuvieron que abrir ayer las compuertas del <strong>Pantano de Beniarr\u00e9s<\/strong> para evacuar aguas; un hecho que provoc\u00f3 que en la desembocadura de Gandia <strong>se rozaran niveles de desbordamiento<\/strong>. Ante esta situaci\u00f3n <strong>se han cortado los pasos que salvan el r\u00edo en Muro o Cocentaina<\/strong> seg\u00fan han informado los Ayuntamientos de ambas poblaciones. Adem\u00e1s <strong>la lluvia caus\u00f3 un desprendimiento ayer en la carretera de Benimassot<\/strong> y hoy de ha evaluado la zona &#8220;<em>desde el Ayuntamiento aconsejamos que nuestros vecinos se dirijan hasta Quatretondeta para ir a Cocentaina o Alcoy ya que este punto de la carretera revierte cierta gravedad<\/em>&#8220;, afirmaba en COPE ALCOY el alcalde, <strong>Ismael Molines<\/strong>.<\/p>\n<p style=\"text-align: justify;\">Los colegios <strong>han recuperado hoy la actividad en Muro, Ibi, y Castalla<\/strong> mientras que <strong>no ha habido clases en Onil, Alfafara, Gaianes y Banyeres de Mariola<\/strong> tras los efectos que produjo ayer la nevada en estas localidades de nuestras comarcas.<\/p>\n","protected":false},"excerpt":{"rendered":"<p>El temporal sigue dejando sus consecuencias en Alcoy y en el conjunto de nuestras comarcas del Comtat y de l&#8217;Alcoi\u00e0&#8230;.<\/p>\n","protected":false},"author":1,"featured_media":59086,"comment_status":"open","ping_status":"open","sticky":false,"template":"","format":"standard","meta":{"footnotes":""},"categories":[97,75,125],"tags":[482,1494,6998,237,1340,537,574],"class_list":["post-59081","post","type-post","status-publish","format-standard","has-post-thumbnail","hentry","category-alcoy","category-noticias","category-portada","tag-alcoia","tag-alcoy","tag-chubascos","tag-comtat","tag-lluvias","tag-registros","tag-temporal"],"yoast_head":"<!-- This site is optimized with the Yoast SEO plugin v27.3 - https:\/\/yoast.com\/product\/yoast-seo-wordpress\/ -->\n<title>Los chubascos dejan m\u00e1s de 300 litros en puntos del Comtat - COPE Alcoy<\/title>\n<meta name=\"robots\" content=\"index, follow, max-snippet:-1, max-image-preview:large, max-video-preview:-1\" \/>\n<link rel=\"canonical\" href=\"https:\/\/www.copealcoy.es\/es\/los-chubascos-dejan-mas-de-300-litros-en-puntos-del-comtat\/\" \/>\n<meta property=\"og:locale\" content=\"es_ES\" \/>\n<meta property=\"og:type\" content=\"article\" \/>\n<meta property=\"og:title\" content=\"Los chubascos dejan m\u00e1s de 300 litros en puntos del Comtat - COPE Alcoy\" \/>\n<meta property=\"og:description\" content=\"El temporal sigue dejando sus consecuencias en Alcoy y en el conjunto de nuestras comarcas del Comtat y de l&#8217;Alcoi\u00e0....\" \/>\n<meta property=\"og:url\" content=\"https:\/\/www.copealcoy.es\/es\/los-chubascos-dejan-mas-de-300-litros-en-puntos-del-comtat\/\" \/>\n<meta property=\"og:site_name\" content=\"COPE Alcoy\" \/>\n<meta property=\"article:published_time\" content=\"2020-01-21T15:33:23+00:00\" \/>\n<meta property=\"og:image\" content=\"https:\/\/www.copealcoy.es\/wp-content\/uploads\/2020\/01\/83242291_1911291189014357_3923375006247026688_n-1.jpg\" \/>\n\t<meta property=\"og:image:width\" content=\"960\" \/>\n\t<meta property=\"og:image:height\" content=\"720\" \/>\n\t<meta property=\"og:image:type\" content=\"image\/jpeg\" \/>\n<meta name=\"author\" content=\"Cope Alcoy\" \/>\n<meta name=\"twitter:label1\" content=\"Escrito por\" \/>\n\t<meta name=\"twitter:data1\" content=\"Cope Alcoy\" \/>\n\t<meta name=\"twitter:label2\" content=\"Tiempo de lectura\" \/>\n\t<meta name=\"twitter:data2\" content=\"2 minutos\" \/>\n<script type=\"application\/ld+json\" class=\"yoast-schema-graph\">{\"@context\":\"https:\\\/\\\/schema.org\",\"@graph\":[{\"@type\":\"Article\",\"@id\":\"https:\\\/\\\/www.copealcoy.es\\\/es\\\/los-chubascos-dejan-mas-de-300-litros-en-puntos-del-comtat\\\/#article\",\"isPartOf\":{\"@id\":\"https:\\\/\\\/www.copealcoy.es\\\/es\\\/los-chubascos-dejan-mas-de-300-litros-en-puntos-del-comtat\\\/\"},\"author\":{\"name\":\"Cope Alcoy\",\"@id\":\"https:\\\/\\\/www.copealcoy.es\\\/es\\\/#\\\/schema\\\/person\\\/e777c87fa024e57d40170af9df39882c\"},\"headline\":\"Los chubascos dejan m\u00e1s de 300 litros en puntos del Comtat\",\"datePublished\":\"2020-01-21T15:33:23+00:00\",\"mainEntityOfPage\":{\"@id\":\"https:\\\/\\\/www.copealcoy.es\\\/es\\\/los-chubascos-dejan-mas-de-300-litros-en-puntos-del-comtat\\\/\"},\"wordCount\":486,\"commentCount\":0,\"image\":{\"@id\":\"https:\\\/\\\/www.copealcoy.es\\\/es\\\/los-chubascos-dejan-mas-de-300-litros-en-puntos-del-comtat\\\/#primaryimage\"},\"thumbnailUrl\":\"https:\\\/\\\/www.copealcoy.es\\\/wp-content\\\/uploads\\\/2020\\\/01\\\/83242291_1911291189014357_3923375006247026688_n-1.jpg\",\"keywords\":[\"Alcoi\u00e0\",\"Alcoy\",\"chubascos\",\"Comtat\",\"lluvias\",\"Registros\",\"Temporal\"],\"articleSection\":[\"Alcoy\",\"Noticias\",\"Portada\"],\"inLanguage\":\"es\"},{\"@type\":\"WebPage\",\"@id\":\"https:\\\/\\\/www.copealcoy.es\\\/es\\\/los-chubascos-dejan-mas-de-300-litros-en-puntos-del-comtat\\\/\",\"url\":\"https:\\\/\\\/www.copealcoy.es\\\/es\\\/los-chubascos-dejan-mas-de-300-litros-en-puntos-del-comtat\\\/\",\"name\":\"Los chubascos dejan m\u00e1s de 300 litros en puntos del Comtat - COPE Alcoy\",\"isPartOf\":{\"@id\":\"https:\\\/\\\/www.copealcoy.es\\\/es\\\/#website\"},\"primaryImageOfPage\":{\"@id\":\"https:\\\/\\\/www.copealcoy.es\\\/es\\\/los-chubascos-dejan-mas-de-300-litros-en-puntos-del-comtat\\\/#primaryimage\"},\"image\":{\"@id\":\"https:\\\/\\\/www.copealcoy.es\\\/es\\\/los-chubascos-dejan-mas-de-300-litros-en-puntos-del-comtat\\\/#primaryimage\"},\"thumbnailUrl\":\"https:\\\/\\\/www.copealcoy.es\\\/wp-content\\\/uploads\\\/2020\\\/01\\\/83242291_1911291189014357_3923375006247026688_n-1.jpg\",\"datePublished\":\"2020-01-21T15:33:23+00:00\",\"author\":{\"@id\":\"https:\\\/\\\/www.copealcoy.es\\\/es\\\/#\\\/schema\\\/person\\\/e777c87fa024e57d40170af9df39882c\"},\"breadcrumb\":{\"@id\":\"https:\\\/\\\/www.copealcoy.es\\\/es\\\/los-chubascos-dejan-mas-de-300-litros-en-puntos-del-comtat\\\/#breadcrumb\"},\"inLanguage\":\"es\",\"potentialAction\":[{\"@type\":\"ReadAction\",\"target\":[\"https:\\\/\\\/www.copealcoy.es\\\/es\\\/los-chubascos-dejan-mas-de-300-litros-en-puntos-del-comtat\\\/\"]}]},{\"@type\":\"ImageObject\",\"inLanguage\":\"es\",\"@id\":\"https:\\\/\\\/www.copealcoy.es\\\/es\\\/los-chubascos-dejan-mas-de-300-litros-en-puntos-del-comtat\\\/#primaryimage\",\"url\":\"https:\\\/\\\/www.copealcoy.es\\\/wp-content\\\/uploads\\\/2020\\\/01\\\/83242291_1911291189014357_3923375006247026688_n-1.jpg\",\"contentUrl\":\"https:\\\/\\\/www.copealcoy.es\\\/wp-content\\\/uploads\\\/2020\\\/01\\\/83242291_1911291189014357_3923375006247026688_n-1.jpg\",\"width\":960,\"height\":720,\"caption\":\"As\u00ed bajaba el Serpis ayer por el t\u00e9rmino municipal de l'Alqueria d'Asnar \\\/ Foto: G. Pascual\"},{\"@type\":\"BreadcrumbList\",\"@id\":\"https:\\\/\\\/www.copealcoy.es\\\/es\\\/los-chubascos-dejan-mas-de-300-litros-en-puntos-del-comtat\\\/#breadcrumb\",\"itemListElement\":[{\"@type\":\"ListItem\",\"position\":1,\"name\":\"Portada\",\"item\":\"https:\\\/\\\/www.copealcoy.es\\\/es\\\/\"},{\"@type\":\"ListItem\",\"position\":2,\"name\":\"Los chubascos dejan m\u00e1s de 300 litros en puntos del Comtat\"}]},{\"@type\":\"WebSite\",\"@id\":\"https:\\\/\\\/www.copealcoy.es\\\/es\\\/#website\",\"url\":\"https:\\\/\\\/www.copealcoy.es\\\/es\\\/\",\"name\":\"COPE Alcoy\",\"description\":\"Emisora COPE de radio local con emisi\u00f3n online. Pont de Sant Jordi 8-10 03803 Alcoy\",\"potentialAction\":[{\"@type\":\"SearchAction\",\"target\":{\"@type\":\"EntryPoint\",\"urlTemplate\":\"https:\\\/\\\/www.copealcoy.es\\\/es\\\/?s={search_term_string}\"},\"query-input\":{\"@type\":\"PropertyValueSpecification\",\"valueRequired\":true,\"valueName\":\"search_term_string\"}}],\"inLanguage\":\"es\"},{\"@type\":\"Person\",\"@id\":\"https:\\\/\\\/www.copealcoy.es\\\/es\\\/#\\\/schema\\\/person\\\/e777c87fa024e57d40170af9df39882c\",\"name\":\"Cope Alcoy\",\"image\":{\"@type\":\"ImageObject\",\"inLanguage\":\"es\",\"@id\":\"https:\\\/\\\/secure.gravatar.com\\\/avatar\\\/bb65d0283347e303893ba14f0692005417c1e0e690a325a4c5d8bb2b3943ee14?s=96&d=mm&r=g\",\"url\":\"https:\\\/\\\/secure.gravatar.com\\\/avatar\\\/bb65d0283347e303893ba14f0692005417c1e0e690a325a4c5d8bb2b3943ee14?s=96&d=mm&r=g\",\"contentUrl\":\"https:\\\/\\\/secure.gravatar.com\\\/avatar\\\/bb65d0283347e303893ba14f0692005417c1e0e690a325a4c5d8bb2b3943ee14?s=96&d=mm&r=g\",\"caption\":\"Cope Alcoy\"}}]}<\/script>\n<!-- \/ Yoast SEO plugin. -->","yoast_head_json":{"title":"Los chubascos dejan m\u00e1s de 300 litros en puntos del Comtat - COPE Alcoy","robots":{"index":"index","follow":"follow","max-snippet":"max-snippet:-1","max-image-preview":"max-image-preview:large","max-video-preview":"max-video-preview:-1"},"canonical":"https:\/\/www.copealcoy.es\/es\/los-chubascos-dejan-mas-de-300-litros-en-puntos-del-comtat\/","og_locale":"es_ES","og_type":"article","og_title":"Los chubascos dejan m\u00e1s de 300 litros en puntos del Comtat - COPE Alcoy","og_description":"El temporal sigue dejando sus consecuencias en Alcoy y en el conjunto de nuestras comarcas del Comtat y de l&#8217;Alcoi\u00e0....","og_url":"https:\/\/www.copealcoy.es\/es\/los-chubascos-dejan-mas-de-300-litros-en-puntos-del-comtat\/","og_site_name":"COPE Alcoy","article_published_time":"2020-01-21T15:33:23+00:00","og_image":[{"width":960,"height":720,"url":"https:\/\/www.copealcoy.es\/wp-content\/uploads\/2020\/01\/83242291_1911291189014357_3923375006247026688_n-1.jpg","type":"image\/jpeg"}],"author":"Cope Alcoy","twitter_misc":{"Escrito por":"Cope Alcoy","Tiempo de lectura":"2 minutos"},"schema":{"@context":"https:\/\/schema.org","@graph":[{"@type":"Article","@id":"https:\/\/www.copealcoy.es\/es\/los-chubascos-dejan-mas-de-300-litros-en-puntos-del-comtat\/#article","isPartOf":{"@id":"https:\/\/www.copealcoy.es\/es\/los-chubascos-dejan-mas-de-300-litros-en-puntos-del-comtat\/"},"author":{"name":"Cope Alcoy","@id":"https:\/\/www.copealcoy.es\/es\/#\/schema\/person\/e777c87fa024e57d40170af9df39882c"},"headline":"Los chubascos dejan m\u00e1s de 300 litros en puntos del Comtat","datePublished":"2020-01-21T15:33:23+00:00","mainEntityOfPage":{"@id":"https:\/\/www.copealcoy.es\/es\/los-chubascos-dejan-mas-de-300-litros-en-puntos-del-comtat\/"},"wordCount":486,"commentCount":0,"image":{"@id":"https:\/\/www.copealcoy.es\/es\/los-chubascos-dejan-mas-de-300-litros-en-puntos-del-comtat\/#primaryimage"},"thumbnailUrl":"https:\/\/www.copealcoy.es\/wp-content\/uploads\/2020\/01\/83242291_1911291189014357_3923375006247026688_n-1.jpg","keywords":["Alcoi\u00e0","Alcoy","chubascos","Comtat","lluvias","Registros","Temporal"],"articleSection":["Alcoy","Noticias","Portada"],"inLanguage":"es"},{"@type":"WebPage","@id":"https:\/\/www.copealcoy.es\/es\/los-chubascos-dejan-mas-de-300-litros-en-puntos-del-comtat\/","url":"https:\/\/www.copealcoy.es\/es\/los-chubascos-dejan-mas-de-300-litros-en-puntos-del-comtat\/","name":"Los chubascos dejan m\u00e1s de 300 litros en puntos del Comtat - COPE Alcoy","isPartOf":{"@id":"https:\/\/www.copealcoy.es\/es\/#website"},"primaryImageOfPage":{"@id":"https:\/\/www.copealcoy.es\/es\/los-chubascos-dejan-mas-de-300-litros-en-puntos-del-comtat\/#primaryimage"},"image":{"@id":"https:\/\/www.copealcoy.es\/es\/los-chubascos-dejan-mas-de-300-litros-en-puntos-del-comtat\/#primaryimage"},"thumbnailUrl":"https:\/\/www.copealcoy.es\/wp-content\/uploads\/2020\/01\/83242291_1911291189014357_3923375006247026688_n-1.jpg","datePublished":"2020-01-21T15:33:23+00:00","author":{"@id":"https:\/\/www.copealcoy.es\/es\/#\/schema\/person\/e777c87fa024e57d40170af9df39882c"},"breadcrumb":{"@id":"https:\/\/www.copealcoy.es\/es\/los-chubascos-dejan-mas-de-300-litros-en-puntos-del-comtat\/#breadcrumb"},"inLanguage":"es","potentialAction":[{"@type":"ReadAction","target":["https:\/\/www.copealcoy.es\/es\/los-chubascos-dejan-mas-de-300-litros-en-puntos-del-comtat\/"]}]},{"@type":"ImageObject","inLanguage":"es","@id":"https:\/\/www.copealcoy.es\/es\/los-chubascos-dejan-mas-de-300-litros-en-puntos-del-comtat\/#primaryimage","url":"https:\/\/www.copealcoy.es\/wp-content\/uploads\/2020\/01\/83242291_1911291189014357_3923375006247026688_n-1.jpg","contentUrl":"https:\/\/www.copealcoy.es\/wp-content\/uploads\/2020\/01\/83242291_1911291189014357_3923375006247026688_n-1.jpg","width":960,"height":720,"caption":"As\u00ed bajaba el Serpis ayer por el t\u00e9rmino municipal de l'Alqueria d'Asnar \/ Foto: G. Pascual"},{"@type":"BreadcrumbList","@id":"https:\/\/www.copealcoy.es\/es\/los-chubascos-dejan-mas-de-300-litros-en-puntos-del-comtat\/#breadcrumb","itemListElement":[{"@type":"ListItem","position":1,"name":"Portada","item":"https:\/\/www.copealcoy.es\/es\/"},{"@type":"ListItem","position":2,"name":"Los chubascos dejan m\u00e1s de 300 litros en puntos del Comtat"}]},{"@type":"WebSite","@id":"https:\/\/www.copealcoy.es\/es\/#website","url":"https:\/\/www.copealcoy.es\/es\/","name":"COPE Alcoy","description":"Emisora COPE de radio local con emisi\u00f3n online. Pont de Sant Jordi 8-10 03803 Alcoy","potentialAction":[{"@type":"SearchAction","target":{"@type":"EntryPoint","urlTemplate":"https:\/\/www.copealcoy.es\/es\/?s={search_term_string}"},"query-input":{"@type":"PropertyValueSpecification","valueRequired":true,"valueName":"search_term_string"}}],"inLanguage":"es"},{"@type":"Person","@id":"https:\/\/www.copealcoy.es\/es\/#\/schema\/person\/e777c87fa024e57d40170af9df39882c","name":"Cope Alcoy","image":{"@type":"ImageObject","inLanguage":"es","@id":"https:\/\/secure.gravatar.com\/avatar\/bb65d0283347e303893ba14f0692005417c1e0e690a325a4c5d8bb2b3943ee14?s=96&d=mm&r=g","url":"https:\/\/secure.gravatar.com\/avatar\/bb65d0283347e303893ba14f0692005417c1e0e690a325a4c5d8bb2b3943ee14?s=96&d=mm&r=g","contentUrl":"https:\/\/secure.gravatar.com\/avatar\/bb65d0283347e303893ba14f0692005417c1e0e690a325a4c5d8bb2b3943ee14?s=96&d=mm&r=g","caption":"Cope Alcoy"}}]}},"_links":{"self":[{"href":"https:\/\/www.copealcoy.es\/es\/wp-json\/wp\/v2\/posts\/59081","targetHints":{"allow":["GET"]}}],"collection":[{"href":"https:\/\/www.copealcoy.es\/es\/wp-json\/wp\/v2\/posts"}],"about":[{"href":"https:\/\/www.copealcoy.es\/es\/wp-json\/wp\/v2\/types\/post"}],"author":[{"embeddable":true,"href":"https:\/\/www.copealcoy.es\/es\/wp-json\/wp\/v2\/users\/1"}],"replies":[{"embeddable":true,"href":"https:\/\/www.copealcoy.es\/es\/wp-json\/wp\/v2\/comments?post=59081"}],"version-history":[{"count":0,"href":"https:\/\/www.copealcoy.es\/es\/wp-json\/wp\/v2\/posts\/59081\/revisions"}],"wp:featuredmedia":[{"embeddable":true,"href":"https:\/\/www.copealcoy.es\/es\/wp-json\/wp\/v2\/media\/59086"}],"wp:attachment":[{"href":"https:\/\/www.copealcoy.es\/es\/wp-json\/wp\/v2\/media?parent=59081"}],"wp:term":[{"taxonomy":"category","embeddable":true,"href":"https:\/\/www.copealcoy.es\/es\/wp-json\/wp\/v2\/categories?post=59081"},{"taxonomy":"post_tag","embeddable":true,"href":"https:\/\/www.copealcoy.es\/es\/wp-json\/wp\/v2\/tags?post=59081"}],"curies":[{"name":"wp","href":"https:\/\/api.w.org\/{rel}","templated":true}]}}