{"id":59044,"date":"2020-01-20T19:43:53","date_gmt":"2020-01-20T19:43:53","guid":{"rendered":"https:\/\/www.copealcoy.es\/?p=59044"},"modified":"2020-01-20T19:43:53","modified_gmt":"2020-01-20T19:43:53","slug":"el-temporal-deja-incidencias-en-el-comtat-y-lalcoia","status":"publish","type":"post","link":"https:\/\/www.copealcoy.es\/es\/el-temporal-deja-incidencias-en-el-comtat-y-lalcoia\/","title":{"rendered":"El temporal deja incidencias en el Comtat y l&#8217;Alcoi\u00e0"},"content":{"rendered":"<p style=\"text-align: justify;\">El temporal <strong>ha dejado sus efectos este lunes en las comarcas del Comtat y de l&#8217;Alcoi\u00e0<\/strong> y <strong>la nieve<\/strong>, <strong>junto al viento y la lluvia<\/strong>, han sido <strong>los protagonistas<\/strong> de una jornada que tambi\u00e9n ha dejado ciertas incidencias.<\/p>\n<p style=\"text-align: justify;\">En Alcoy la nieve <strong>ha cuajado en zonas altas de la ciudad<\/strong>, en las urbanizaciones e incluso en <strong>algunos puntos del casco urbano<\/strong> a primeras horas del d\u00eda. Las clases <strong>han estado suspendidas<\/strong> y <strong>el dispositivo especial de emergencias<\/strong> habilitado por el Ayuntamiento ha trabajado a destajo para <strong>despejar las carreteras, los accesos a los Pol\u00edgonos Industriales as\u00ed como las principales entradas y salidas a la ciudad<\/strong>. Se han atendido unas <strong>cuarenta incidencias<\/strong> en toda la ma\u00f1ana centradas en la retirada de ramas ca\u00eddas de \u00e1rboles, limpiezas de aceras y calzadas por desprendimientos o la reparaci\u00f3n del tendido el\u00e9ctrico que da suministro a algunas urbanizaciones. Tambi\u00e9n ha habido<strong> desprendimientos en una casa en estado ruinoso situada en el Centro de Alcoy<\/strong> &#8220;<em>no han sido problemas muy graves, por ahora, y el operativo preparado por el Consistorio ha funcionado a pleno rendimiento. Ma\u00f1ana se retomar\u00e1n con normalidad las clases y se tiene un acopio de sal de 16 toneladas para utilizar en caso de que sea necesario<\/em>&#8220;, aseveraba el alcalde; <strong>Antonio Franc\u00e9s<\/strong> en COPE ALCOY.<\/p>\n<p style=\"text-align: justify;\">Esta tarde en Alcoy <strong>seguir\u00e1n clausuradas las instalaciones deportivas<\/strong> al mismo tiempo que <strong>no habr\u00e1 actividad<\/strong>\u00a0ni en la Escuela Municipal de Teatro ni en la Agencia de Lectura de La Uixola.<\/p>\n<p><strong>Banyeres, una de las localidades donde m\u00e1s ha nevado<\/strong><\/p>\n<p style=\"text-align: justify;\">En la comarca<strong> ha nevado con fuerza<\/strong> en localidades como <strong>Onil, Agres o Banyeres de Mariola<\/strong>. En esta \u00faltima <strong>se han acumulado importantes grosores<\/strong> y <strong>se han suspendido las clases<\/strong> a primera hora de la ma\u00f1ana ante la magnitud de la nevada. Las m\u00e1quinas quitanieves <strong>han trabajado a buen ritmo para limpiar los accesos a la poblaci\u00f3n y las calles del n\u00facleo urbano<\/strong> mientras que desde el Ayuntamiento <strong>se ha hecho un llamamiento a extremar todas las precauciones<\/strong> a la hora de salir de las casas ya que se han producido algunos desprendimientos. El alcalde del municipio, <strong>Josep Sempere<\/strong>, confirmaba en COPE ALCOY este mediod\u00eda que en las pr\u00f3ximas horas <strong>se decidir\u00e1 si se retoman las clases ma\u00f1ana<\/strong> &#8220;<em>todo en funci\u00f3n de si ha desaparecido la nieve de las calles o no ya que en esta situaci\u00f3n se hace muy dif\u00edcil transitar por el pueblo<\/em>&#8220;, dijo.<\/p>\n<p style=\"text-align: justify;\">La borrasca gloria <strong>trajo tambi\u00e9n viento y lluvias<\/strong> a la comarca. Las precipitaciones <strong>dejaron importantes registros en Gaianes, l&#8217;Alqueria y Cocentaina<\/strong>; dos localidades estas \u00faltimas en las que no se suspendieron hoy las clases. Si que se <strong>quedaron sin actividad docente<\/strong> poblaciones como por ejemplo Muro, Alfafara, L&#8217;Orxa, Castalla o Beniarr\u00e9s al mismo tiempo que <strong>en Ibi las fuertes rachas tumbaron paneles publicitarios<\/strong> \u00a0e incluso cay\u00f3 parte de un inmueble en la calle Empedrat.<\/p>\n<p style=\"text-align: justify;\">El mal tiempo<strong> trajo problemas a la circulaci\u00f3n por la A7<\/strong> a la altura de Ibi y Muro al igual que qued\u00f3 sin servicio el tren Alcoy -X\u00e0tiva. De igual forma <strong>varias carreteras del t\u00e9rmino municipal de Ibi<\/strong> presentaron problemas as\u00ed como <strong>la CV 700<\/strong> a la altura entre Muro, Agres y Alfafara. Finalmente en Alcoy sigue cortada <strong>la carretera que da acceso a la Font Roja y Sant Antoni<\/strong>.<\/p>\n","protected":false},"excerpt":{"rendered":"<p>El temporal ha dejado sus efectos este lunes en las comarcas del Comtat y de l&#8217;Alcoi\u00e0 y la nieve, junto&#8230;<\/p>\n","protected":false},"author":1,"featured_media":59045,"comment_status":"open","ping_status":"open","sticky":false,"template":"","format":"standard","meta":{"footnotes":""},"categories":[97,75,125],"tags":[482,1494,6991,237,6996,574],"class_list":["post-59044","post","type-post","status-publish","format-standard","has-post-thumbnail","hentry","category-alcoy","category-noticias","category-portada","tag-alcoia","tag-alcoy","tag-borrasca-gloria","tag-comtat","tag-incidencias","tag-temporal"],"yoast_head":"<!-- This site is optimized with the Yoast SEO plugin v27.3 - https:\/\/yoast.com\/product\/yoast-seo-wordpress\/ -->\n<title>El temporal deja incidencias en el Comtat y l&#039;Alcoi\u00e0 - COPE Alcoy<\/title>\n<meta name=\"robots\" content=\"index, follow, max-snippet:-1, max-image-preview:large, max-video-preview:-1\" \/>\n<link rel=\"canonical\" href=\"https:\/\/www.copealcoy.es\/es\/el-temporal-deja-incidencias-en-el-comtat-y-lalcoia\/\" \/>\n<meta property=\"og:locale\" content=\"es_ES\" \/>\n<meta property=\"og:type\" content=\"article\" \/>\n<meta property=\"og:title\" content=\"El temporal deja incidencias en el Comtat y l&#039;Alcoi\u00e0 - COPE Alcoy\" \/>\n<meta property=\"og:description\" content=\"El temporal ha dejado sus efectos este lunes en las comarcas del Comtat y de l&#8217;Alcoi\u00e0 y la nieve, junto...\" \/>\n<meta property=\"og:url\" content=\"https:\/\/www.copealcoy.es\/es\/el-temporal-deja-incidencias-en-el-comtat-y-lalcoia\/\" \/>\n<meta property=\"og:site_name\" content=\"COPE Alcoy\" \/>\n<meta property=\"article:published_time\" content=\"2020-01-20T19:43:53+00:00\" \/>\n<meta property=\"og:image\" content=\"https:\/\/www.copealcoy.es\/wp-content\/uploads\/2020\/01\/82566142_1796984253766121_2440286983205945344_n-e1579549546262-1.jpg\" \/>\n\t<meta property=\"og:image:width\" content=\"582\" \/>\n\t<meta property=\"og:image:height\" content=\"305\" \/>\n\t<meta property=\"og:image:type\" content=\"image\/jpeg\" \/>\n<meta name=\"author\" content=\"Cope Alcoy\" \/>\n<meta name=\"twitter:label1\" content=\"Escrito por\" \/>\n\t<meta name=\"twitter:data1\" content=\"Cope Alcoy\" \/>\n\t<meta name=\"twitter:label2\" content=\"Tiempo de lectura\" \/>\n\t<meta name=\"twitter:data2\" content=\"3 minutos\" \/>\n<script type=\"application\/ld+json\" class=\"yoast-schema-graph\">{\"@context\":\"https:\\\/\\\/schema.org\",\"@graph\":[{\"@type\":\"Article\",\"@id\":\"https:\\\/\\\/www.copealcoy.es\\\/es\\\/el-temporal-deja-incidencias-en-el-comtat-y-lalcoia\\\/#article\",\"isPartOf\":{\"@id\":\"https:\\\/\\\/www.copealcoy.es\\\/es\\\/el-temporal-deja-incidencias-en-el-comtat-y-lalcoia\\\/\"},\"author\":{\"name\":\"Cope Alcoy\",\"@id\":\"https:\\\/\\\/www.copealcoy.es\\\/es\\\/#\\\/schema\\\/person\\\/e777c87fa024e57d40170af9df39882c\"},\"headline\":\"El temporal deja incidencias en el Comtat y l&#8217;Alcoi\u00e0\",\"datePublished\":\"2020-01-20T19:43:53+00:00\",\"mainEntityOfPage\":{\"@id\":\"https:\\\/\\\/www.copealcoy.es\\\/es\\\/el-temporal-deja-incidencias-en-el-comtat-y-lalcoia\\\/\"},\"wordCount\":582,\"commentCount\":0,\"image\":{\"@id\":\"https:\\\/\\\/www.copealcoy.es\\\/es\\\/el-temporal-deja-incidencias-en-el-comtat-y-lalcoia\\\/#primaryimage\"},\"thumbnailUrl\":\"https:\\\/\\\/www.copealcoy.es\\\/wp-content\\\/uploads\\\/2020\\\/01\\\/82566142_1796984253766121_2440286983205945344_n-e1579549546262-1.jpg\",\"keywords\":[\"Alcoi\u00e0\",\"Alcoy\",\"borrasca gloria\",\"Comtat\",\"incidencias\",\"Temporal\"],\"articleSection\":[\"Alcoy\",\"Noticias\",\"Portada\"],\"inLanguage\":\"es\"},{\"@type\":\"WebPage\",\"@id\":\"https:\\\/\\\/www.copealcoy.es\\\/es\\\/el-temporal-deja-incidencias-en-el-comtat-y-lalcoia\\\/\",\"url\":\"https:\\\/\\\/www.copealcoy.es\\\/es\\\/el-temporal-deja-incidencias-en-el-comtat-y-lalcoia\\\/\",\"name\":\"El temporal deja incidencias en el Comtat y l'Alcoi\u00e0 - COPE Alcoy\",\"isPartOf\":{\"@id\":\"https:\\\/\\\/www.copealcoy.es\\\/es\\\/#website\"},\"primaryImageOfPage\":{\"@id\":\"https:\\\/\\\/www.copealcoy.es\\\/es\\\/el-temporal-deja-incidencias-en-el-comtat-y-lalcoia\\\/#primaryimage\"},\"image\":{\"@id\":\"https:\\\/\\\/www.copealcoy.es\\\/es\\\/el-temporal-deja-incidencias-en-el-comtat-y-lalcoia\\\/#primaryimage\"},\"thumbnailUrl\":\"https:\\\/\\\/www.copealcoy.es\\\/wp-content\\\/uploads\\\/2020\\\/01\\\/82566142_1796984253766121_2440286983205945344_n-e1579549546262-1.jpg\",\"datePublished\":\"2020-01-20T19:43:53+00:00\",\"author\":{\"@id\":\"https:\\\/\\\/www.copealcoy.es\\\/es\\\/#\\\/schema\\\/person\\\/e777c87fa024e57d40170af9df39882c\"},\"breadcrumb\":{\"@id\":\"https:\\\/\\\/www.copealcoy.es\\\/es\\\/el-temporal-deja-incidencias-en-el-comtat-y-lalcoia\\\/#breadcrumb\"},\"inLanguage\":\"es\",\"potentialAction\":[{\"@type\":\"ReadAction\",\"target\":[\"https:\\\/\\\/www.copealcoy.es\\\/es\\\/el-temporal-deja-incidencias-en-el-comtat-y-lalcoia\\\/\"]}]},{\"@type\":\"ImageObject\",\"inLanguage\":\"es\",\"@id\":\"https:\\\/\\\/www.copealcoy.es\\\/es\\\/el-temporal-deja-incidencias-en-el-comtat-y-lalcoia\\\/#primaryimage\",\"url\":\"https:\\\/\\\/www.copealcoy.es\\\/wp-content\\\/uploads\\\/2020\\\/01\\\/82566142_1796984253766121_2440286983205945344_n-e1579549546262-1.jpg\",\"contentUrl\":\"https:\\\/\\\/www.copealcoy.es\\\/wp-content\\\/uploads\\\/2020\\\/01\\\/82566142_1796984253766121_2440286983205945344_n-e1579549546262-1.jpg\",\"width\":582,\"height\":305,\"caption\":\"Imagen que presentaba la Plaza de la Iglesia de Banyeres de Mariola \\\/ Foto: Ajuntament de Banyeres\"},{\"@type\":\"BreadcrumbList\",\"@id\":\"https:\\\/\\\/www.copealcoy.es\\\/es\\\/el-temporal-deja-incidencias-en-el-comtat-y-lalcoia\\\/#breadcrumb\",\"itemListElement\":[{\"@type\":\"ListItem\",\"position\":1,\"name\":\"Portada\",\"item\":\"https:\\\/\\\/www.copealcoy.es\\\/es\\\/\"},{\"@type\":\"ListItem\",\"position\":2,\"name\":\"El temporal deja incidencias en el Comtat y l&#8217;Alcoi\u00e0\"}]},{\"@type\":\"WebSite\",\"@id\":\"https:\\\/\\\/www.copealcoy.es\\\/es\\\/#website\",\"url\":\"https:\\\/\\\/www.copealcoy.es\\\/es\\\/\",\"name\":\"COPE Alcoy\",\"description\":\"Emisora COPE de radio local con emisi\u00f3n online. Pont de Sant Jordi 8-10 03803 Alcoy\",\"potentialAction\":[{\"@type\":\"SearchAction\",\"target\":{\"@type\":\"EntryPoint\",\"urlTemplate\":\"https:\\\/\\\/www.copealcoy.es\\\/es\\\/?s={search_term_string}\"},\"query-input\":{\"@type\":\"PropertyValueSpecification\",\"valueRequired\":true,\"valueName\":\"search_term_string\"}}],\"inLanguage\":\"es\"},{\"@type\":\"Person\",\"@id\":\"https:\\\/\\\/www.copealcoy.es\\\/es\\\/#\\\/schema\\\/person\\\/e777c87fa024e57d40170af9df39882c\",\"name\":\"Cope Alcoy\",\"image\":{\"@type\":\"ImageObject\",\"inLanguage\":\"es\",\"@id\":\"https:\\\/\\\/secure.gravatar.com\\\/avatar\\\/bb65d0283347e303893ba14f0692005417c1e0e690a325a4c5d8bb2b3943ee14?s=96&d=mm&r=g\",\"url\":\"https:\\\/\\\/secure.gravatar.com\\\/avatar\\\/bb65d0283347e303893ba14f0692005417c1e0e690a325a4c5d8bb2b3943ee14?s=96&d=mm&r=g\",\"contentUrl\":\"https:\\\/\\\/secure.gravatar.com\\\/avatar\\\/bb65d0283347e303893ba14f0692005417c1e0e690a325a4c5d8bb2b3943ee14?s=96&d=mm&r=g\",\"caption\":\"Cope Alcoy\"}}]}<\/script>\n<!-- \/ Yoast SEO plugin. -->","yoast_head_json":{"title":"El temporal deja incidencias en el Comtat y l'Alcoi\u00e0 - COPE Alcoy","robots":{"index":"index","follow":"follow","max-snippet":"max-snippet:-1","max-image-preview":"max-image-preview:large","max-video-preview":"max-video-preview:-1"},"canonical":"https:\/\/www.copealcoy.es\/es\/el-temporal-deja-incidencias-en-el-comtat-y-lalcoia\/","og_locale":"es_ES","og_type":"article","og_title":"El temporal deja incidencias en el Comtat y l'Alcoi\u00e0 - COPE Alcoy","og_description":"El temporal ha dejado sus efectos este lunes en las comarcas del Comtat y de l&#8217;Alcoi\u00e0 y la nieve, junto...","og_url":"https:\/\/www.copealcoy.es\/es\/el-temporal-deja-incidencias-en-el-comtat-y-lalcoia\/","og_site_name":"COPE Alcoy","article_published_time":"2020-01-20T19:43:53+00:00","og_image":[{"width":582,"height":305,"url":"https:\/\/www.copealcoy.es\/wp-content\/uploads\/2020\/01\/82566142_1796984253766121_2440286983205945344_n-e1579549546262-1.jpg","type":"image\/jpeg"}],"author":"Cope Alcoy","twitter_misc":{"Escrito por":"Cope Alcoy","Tiempo de lectura":"3 minutos"},"schema":{"@context":"https:\/\/schema.org","@graph":[{"@type":"Article","@id":"https:\/\/www.copealcoy.es\/es\/el-temporal-deja-incidencias-en-el-comtat-y-lalcoia\/#article","isPartOf":{"@id":"https:\/\/www.copealcoy.es\/es\/el-temporal-deja-incidencias-en-el-comtat-y-lalcoia\/"},"author":{"name":"Cope Alcoy","@id":"https:\/\/www.copealcoy.es\/es\/#\/schema\/person\/e777c87fa024e57d40170af9df39882c"},"headline":"El temporal deja incidencias en el Comtat y l&#8217;Alcoi\u00e0","datePublished":"2020-01-20T19:43:53+00:00","mainEntityOfPage":{"@id":"https:\/\/www.copealcoy.es\/es\/el-temporal-deja-incidencias-en-el-comtat-y-lalcoia\/"},"wordCount":582,"commentCount":0,"image":{"@id":"https:\/\/www.copealcoy.es\/es\/el-temporal-deja-incidencias-en-el-comtat-y-lalcoia\/#primaryimage"},"thumbnailUrl":"https:\/\/www.copealcoy.es\/wp-content\/uploads\/2020\/01\/82566142_1796984253766121_2440286983205945344_n-e1579549546262-1.jpg","keywords":["Alcoi\u00e0","Alcoy","borrasca gloria","Comtat","incidencias","Temporal"],"articleSection":["Alcoy","Noticias","Portada"],"inLanguage":"es"},{"@type":"WebPage","@id":"https:\/\/www.copealcoy.es\/es\/el-temporal-deja-incidencias-en-el-comtat-y-lalcoia\/","url":"https:\/\/www.copealcoy.es\/es\/el-temporal-deja-incidencias-en-el-comtat-y-lalcoia\/","name":"El temporal deja incidencias en el Comtat y l'Alcoi\u00e0 - COPE Alcoy","isPartOf":{"@id":"https:\/\/www.copealcoy.es\/es\/#website"},"primaryImageOfPage":{"@id":"https:\/\/www.copealcoy.es\/es\/el-temporal-deja-incidencias-en-el-comtat-y-lalcoia\/#primaryimage"},"image":{"@id":"https:\/\/www.copealcoy.es\/es\/el-temporal-deja-incidencias-en-el-comtat-y-lalcoia\/#primaryimage"},"thumbnailUrl":"https:\/\/www.copealcoy.es\/wp-content\/uploads\/2020\/01\/82566142_1796984253766121_2440286983205945344_n-e1579549546262-1.jpg","datePublished":"2020-01-20T19:43:53+00:00","author":{"@id":"https:\/\/www.copealcoy.es\/es\/#\/schema\/person\/e777c87fa024e57d40170af9df39882c"},"breadcrumb":{"@id":"https:\/\/www.copealcoy.es\/es\/el-temporal-deja-incidencias-en-el-comtat-y-lalcoia\/#breadcrumb"},"inLanguage":"es","potentialAction":[{"@type":"ReadAction","target":["https:\/\/www.copealcoy.es\/es\/el-temporal-deja-incidencias-en-el-comtat-y-lalcoia\/"]}]},{"@type":"ImageObject","inLanguage":"es","@id":"https:\/\/www.copealcoy.es\/es\/el-temporal-deja-incidencias-en-el-comtat-y-lalcoia\/#primaryimage","url":"https:\/\/www.copealcoy.es\/wp-content\/uploads\/2020\/01\/82566142_1796984253766121_2440286983205945344_n-e1579549546262-1.jpg","contentUrl":"https:\/\/www.copealcoy.es\/wp-content\/uploads\/2020\/01\/82566142_1796984253766121_2440286983205945344_n-e1579549546262-1.jpg","width":582,"height":305,"caption":"Imagen que presentaba la Plaza de la Iglesia de Banyeres de Mariola \/ Foto: Ajuntament de Banyeres"},{"@type":"BreadcrumbList","@id":"https:\/\/www.copealcoy.es\/es\/el-temporal-deja-incidencias-en-el-comtat-y-lalcoia\/#breadcrumb","itemListElement":[{"@type":"ListItem","position":1,"name":"Portada","item":"https:\/\/www.copealcoy.es\/es\/"},{"@type":"ListItem","position":2,"name":"El temporal deja incidencias en el Comtat y l&#8217;Alcoi\u00e0"}]},{"@type":"WebSite","@id":"https:\/\/www.copealcoy.es\/es\/#website","url":"https:\/\/www.copealcoy.es\/es\/","name":"COPE Alcoy","description":"Emisora COPE de radio local con emisi\u00f3n online. Pont de Sant Jordi 8-10 03803 Alcoy","potentialAction":[{"@type":"SearchAction","target":{"@type":"EntryPoint","urlTemplate":"https:\/\/www.copealcoy.es\/es\/?s={search_term_string}"},"query-input":{"@type":"PropertyValueSpecification","valueRequired":true,"valueName":"search_term_string"}}],"inLanguage":"es"},{"@type":"Person","@id":"https:\/\/www.copealcoy.es\/es\/#\/schema\/person\/e777c87fa024e57d40170af9df39882c","name":"Cope Alcoy","image":{"@type":"ImageObject","inLanguage":"es","@id":"https:\/\/secure.gravatar.com\/avatar\/bb65d0283347e303893ba14f0692005417c1e0e690a325a4c5d8bb2b3943ee14?s=96&d=mm&r=g","url":"https:\/\/secure.gravatar.com\/avatar\/bb65d0283347e303893ba14f0692005417c1e0e690a325a4c5d8bb2b3943ee14?s=96&d=mm&r=g","contentUrl":"https:\/\/secure.gravatar.com\/avatar\/bb65d0283347e303893ba14f0692005417c1e0e690a325a4c5d8bb2b3943ee14?s=96&d=mm&r=g","caption":"Cope Alcoy"}}]}},"_links":{"self":[{"href":"https:\/\/www.copealcoy.es\/es\/wp-json\/wp\/v2\/posts\/59044","targetHints":{"allow":["GET"]}}],"collection":[{"href":"https:\/\/www.copealcoy.es\/es\/wp-json\/wp\/v2\/posts"}],"about":[{"href":"https:\/\/www.copealcoy.es\/es\/wp-json\/wp\/v2\/types\/post"}],"author":[{"embeddable":true,"href":"https:\/\/www.copealcoy.es\/es\/wp-json\/wp\/v2\/users\/1"}],"replies":[{"embeddable":true,"href":"https:\/\/www.copealcoy.es\/es\/wp-json\/wp\/v2\/comments?post=59044"}],"version-history":[{"count":0,"href":"https:\/\/www.copealcoy.es\/es\/wp-json\/wp\/v2\/posts\/59044\/revisions"}],"wp:featuredmedia":[{"embeddable":true,"href":"https:\/\/www.copealcoy.es\/es\/wp-json\/wp\/v2\/media\/59045"}],"wp:attachment":[{"href":"https:\/\/www.copealcoy.es\/es\/wp-json\/wp\/v2\/media?parent=59044"}],"wp:term":[{"taxonomy":"category","embeddable":true,"href":"https:\/\/www.copealcoy.es\/es\/wp-json\/wp\/v2\/categories?post=59044"},{"taxonomy":"post_tag","embeddable":true,"href":"https:\/\/www.copealcoy.es\/es\/wp-json\/wp\/v2\/tags?post=59044"}],"curies":[{"name":"wp","href":"https:\/\/api.w.org\/{rel}","templated":true}]}}