{"id":59010,"date":"2020-01-20T08:50:49","date_gmt":"2020-01-20T08:50:49","guid":{"rendered":"https:\/\/www.copealcoy.es\/?p=59010"},"modified":"2020-01-20T08:50:49","modified_gmt":"2020-01-20T08:50:49","slug":"la-nieve-y-la-lluvia-generan-complicaciones-en-la-comarca","status":"publish","type":"post","link":"https:\/\/www.copealcoy.es\/es\/la-nieve-y-la-lluvia-generan-complicaciones-en-la-comarca\/","title":{"rendered":"La nieve y la lluvia generan  complicaciones en la comarca"},"content":{"rendered":"<p style=\"text-align: justify;\">La<strong> nieve<\/strong> se deja ver desde primera hora de la ma\u00f1ana <strong>en puntos de Alcoy<\/strong>\u00a0as\u00ed como en las poblaciones m\u00e1s altas de la comarca como <strong>Agres, Alfafara, Alcoleja, Benasau <\/strong>o<strong> Banyeres de Mariola<\/strong>.\u00a0La <strong>lluvia<\/strong> ha sido protagonista tambi\u00e9n en el casco urbano de varias localidades del Comtat\u00a0y de l&#8217;Alcoi\u00e0 <strong>dejando importantes registros<\/strong>\u00a0durante la noche y la madrugada en poblaciones como <strong>Cocentaina, l&#8217;Alqueria d&#8217;Asnar, Gaianes <\/strong>o<strong> Benimarfull o Benimarfull<\/strong>.<\/p>\n<p style=\"text-align: justify;\">Hay que recordar que en <strong>Alcoy<\/strong> se han suspendido las clases en todos los niveles educativos para este lunes. Queda tambi\u00e9n suspendido el Tra<span class=\"text_exposed_show\">nsporte Universitario (STU) hasta Alicante. Permanecer\u00e1n cerrados los parques, jardines y el Polideportivo Municipal. Cortadas las entradas y salidas a la ciudad. Adem\u00e1s est\u00e1n cortadas las carreteras de acceso a la Font Roja y Sant Antoni. Ya est\u00e1 abierta la circunvalaci\u00f3n por lo que se puede circular hasta Cocentaina\u00a0y funciona con normalidad el servicio de bus urbano. De igual forma, seg\u00fan ha informado el Consistorio a las nueve de la ma\u00f1ana, est\u00e1n ya abiertos tambi\u00e9n los accesos a los Pol\u00edgonos Industriales al igual que el dispositivo especial del Ayuntamiento trabaja para para restablecer la normalidad en todas las v\u00edas de la ciudad.\u00a0<\/span><\/p>\n<div class=\"text_exposed_show\">\n<p style=\"text-align: justify;\">Por su parte <strong>Cocentaina<\/strong> mantiene la actividad escolar. El Ayuntamiento informa que los Centros Educativos est\u00e1n en buen estado. Se mantiene tambi\u00e9n la actividad en los diferentes servicios municipales. En <strong>Muro<\/strong> se\u00a0han suspendido las clases esta ma\u00f1ana en los Colegios Bracal y Montcabrer as\u00ed como el IES Serra de Mariola.\u00a0Tambi\u00e9n est\u00e1n suspendidas las clases en poblaciones como <strong>Onil, Ibi, Castalla, Alfafara, Gaianes, Agres, L&#8217;Orxa o Beniarr\u00e9s<\/strong>. \u00a0Respecto a <strong>BanyeresDeMariola<\/strong> apuntar que se han suspendido finalmente las clases, tal y como ha comunicado el Consistorio esta ma\u00f1ana, y las quitanieves trabajan para adecuar las principales v\u00edas de acceso a la poblaci\u00f3n.<\/p>\n<p><strong>Circulaci\u00f3n complicada en las carreteras\u00a0<\/strong><\/p>\n<p style=\"text-align: justify;\">La circulaci\u00f3n, seg\u00fan la informaci\u00f3n que manejaba la DGT a las 9 de la ma\u00f1ana, <strong>era complicada en varias carreteras<\/strong> que circundan Alcoy y \u00a0que discurren por nuestras comarcas. En este sentido hay que destacar que <strong>la circulaci\u00f3n es impracticable en la A-31, la A-33<\/strong> y <strong>la Nacional 340 a la altura de Villena\u00a0<\/strong>y \u00a0<strong>complicada a la altura de #Ibi en la A7 y en la CV-794 a la altura de Alcoy<\/strong>. Tambi\u00e9n situaci\u00f3n complicada<strong> a la altura de #Ibi<\/strong> en <strong>las carreteras CV-795, CV-801, CV-802 y CV-803<\/strong>. De igual forma est\u00e1 en la misma situaci\u00f3n <strong>la CV-800 a la altura de Xixona<\/strong>.<\/p>\n<\/div>\n","protected":false},"excerpt":{"rendered":"<p>La nieve se deja ver desde primera hora de la ma\u00f1ana en puntos de Alcoy\u00a0as\u00ed como en las poblaciones m\u00e1s&#8230;<\/p>\n","protected":false},"author":1,"featured_media":59011,"comment_status":"open","ping_status":"open","sticky":false,"template":"","format":"standard","meta":{"footnotes":""},"categories":[97,75,125],"tags":[482,1494,6991,3570,237,572,574],"class_list":["post-59010","post","type-post","status-publish","format-standard","has-post-thumbnail","hentry","category-alcoy","category-noticias","category-portada","tag-alcoia","tag-alcoy","tag-borrasca-gloria","tag-complicaciones","tag-comtat","tag-nieve","tag-temporal"],"yoast_head":"<!-- This site is optimized with the Yoast SEO plugin v27.3 - https:\/\/yoast.com\/product\/yoast-seo-wordpress\/ -->\n<title>La nieve y la lluvia generan complicaciones en la comarca - COPE Alcoy<\/title>\n<meta name=\"robots\" content=\"index, follow, max-snippet:-1, max-image-preview:large, max-video-preview:-1\" \/>\n<link rel=\"canonical\" href=\"https:\/\/www.copealcoy.es\/es\/la-nieve-y-la-lluvia-generan-complicaciones-en-la-comarca\/\" \/>\n<meta property=\"og:locale\" content=\"es_ES\" \/>\n<meta property=\"og:type\" content=\"article\" \/>\n<meta property=\"og:title\" content=\"La nieve y la lluvia generan complicaciones en la comarca - COPE Alcoy\" \/>\n<meta property=\"og:description\" content=\"La nieve se deja ver desde primera hora de la ma\u00f1ana en puntos de Alcoy\u00a0as\u00ed como en las poblaciones m\u00e1s...\" \/>\n<meta property=\"og:url\" content=\"https:\/\/www.copealcoy.es\/es\/la-nieve-y-la-lluvia-generan-complicaciones-en-la-comarca\/\" \/>\n<meta property=\"og:site_name\" content=\"COPE Alcoy\" \/>\n<meta property=\"article:published_time\" content=\"2020-01-20T08:50:49+00:00\" \/>\n<meta property=\"og:image\" content=\"https:\/\/www.copealcoy.es\/wp-content\/uploads\/2020\/01\/83774824_1910263995783743_2158397383237435392_n-1.jpg\" \/>\n\t<meta property=\"og:image:width\" content=\"960\" \/>\n\t<meta property=\"og:image:height\" content=\"698\" \/>\n\t<meta property=\"og:image:type\" content=\"image\/jpeg\" \/>\n<meta name=\"author\" content=\"Cope Alcoy\" \/>\n<meta name=\"twitter:label1\" content=\"Escrito por\" \/>\n\t<meta name=\"twitter:data1\" content=\"Cope Alcoy\" \/>\n\t<meta name=\"twitter:label2\" content=\"Tiempo de lectura\" \/>\n\t<meta name=\"twitter:data2\" content=\"2 minutos\" \/>\n<script type=\"application\/ld+json\" class=\"yoast-schema-graph\">{\"@context\":\"https:\\\/\\\/schema.org\",\"@graph\":[{\"@type\":\"Article\",\"@id\":\"https:\\\/\\\/www.copealcoy.es\\\/es\\\/la-nieve-y-la-lluvia-generan-complicaciones-en-la-comarca\\\/#article\",\"isPartOf\":{\"@id\":\"https:\\\/\\\/www.copealcoy.es\\\/es\\\/la-nieve-y-la-lluvia-generan-complicaciones-en-la-comarca\\\/\"},\"author\":{\"name\":\"Cope Alcoy\",\"@id\":\"https:\\\/\\\/www.copealcoy.es\\\/es\\\/#\\\/schema\\\/person\\\/e777c87fa024e57d40170af9df39882c\"},\"headline\":\"La nieve y la lluvia generan complicaciones en la comarca\",\"datePublished\":\"2020-01-20T08:50:49+00:00\",\"mainEntityOfPage\":{\"@id\":\"https:\\\/\\\/www.copealcoy.es\\\/es\\\/la-nieve-y-la-lluvia-generan-complicaciones-en-la-comarca\\\/\"},\"wordCount\":453,\"commentCount\":0,\"image\":{\"@id\":\"https:\\\/\\\/www.copealcoy.es\\\/es\\\/la-nieve-y-la-lluvia-generan-complicaciones-en-la-comarca\\\/#primaryimage\"},\"thumbnailUrl\":\"https:\\\/\\\/www.copealcoy.es\\\/wp-content\\\/uploads\\\/2020\\\/01\\\/83774824_1910263995783743_2158397383237435392_n-1.jpg\",\"keywords\":[\"Alcoi\u00e0\",\"Alcoy\",\"borrasca gloria\",\"complicaciones\",\"Comtat\",\"Nieve\",\"Temporal\"],\"articleSection\":[\"Alcoy\",\"Noticias\",\"Portada\"],\"inLanguage\":\"es\"},{\"@type\":\"WebPage\",\"@id\":\"https:\\\/\\\/www.copealcoy.es\\\/es\\\/la-nieve-y-la-lluvia-generan-complicaciones-en-la-comarca\\\/\",\"url\":\"https:\\\/\\\/www.copealcoy.es\\\/es\\\/la-nieve-y-la-lluvia-generan-complicaciones-en-la-comarca\\\/\",\"name\":\"La nieve y la lluvia generan complicaciones en la comarca - COPE Alcoy\",\"isPartOf\":{\"@id\":\"https:\\\/\\\/www.copealcoy.es\\\/es\\\/#website\"},\"primaryImageOfPage\":{\"@id\":\"https:\\\/\\\/www.copealcoy.es\\\/es\\\/la-nieve-y-la-lluvia-generan-complicaciones-en-la-comarca\\\/#primaryimage\"},\"image\":{\"@id\":\"https:\\\/\\\/www.copealcoy.es\\\/es\\\/la-nieve-y-la-lluvia-generan-complicaciones-en-la-comarca\\\/#primaryimage\"},\"thumbnailUrl\":\"https:\\\/\\\/www.copealcoy.es\\\/wp-content\\\/uploads\\\/2020\\\/01\\\/83774824_1910263995783743_2158397383237435392_n-1.jpg\",\"datePublished\":\"2020-01-20T08:50:49+00:00\",\"author\":{\"@id\":\"https:\\\/\\\/www.copealcoy.es\\\/es\\\/#\\\/schema\\\/person\\\/e777c87fa024e57d40170af9df39882c\"},\"breadcrumb\":{\"@id\":\"https:\\\/\\\/www.copealcoy.es\\\/es\\\/la-nieve-y-la-lluvia-generan-complicaciones-en-la-comarca\\\/#breadcrumb\"},\"inLanguage\":\"es\",\"potentialAction\":[{\"@type\":\"ReadAction\",\"target\":[\"https:\\\/\\\/www.copealcoy.es\\\/es\\\/la-nieve-y-la-lluvia-generan-complicaciones-en-la-comarca\\\/\"]}]},{\"@type\":\"ImageObject\",\"inLanguage\":\"es\",\"@id\":\"https:\\\/\\\/www.copealcoy.es\\\/es\\\/la-nieve-y-la-lluvia-generan-complicaciones-en-la-comarca\\\/#primaryimage\",\"url\":\"https:\\\/\\\/www.copealcoy.es\\\/wp-content\\\/uploads\\\/2020\\\/01\\\/83774824_1910263995783743_2158397383237435392_n-1.jpg\",\"contentUrl\":\"https:\\\/\\\/www.copealcoy.es\\\/wp-content\\\/uploads\\\/2020\\\/01\\\/83774824_1910263995783743_2158397383237435392_n-1.jpg\",\"width\":960,\"height\":698,\"caption\":\"Aspecto que presentaba esta ma\u00f1ana Banyeres de Mariola \\\/ Foto: Ajuntament de Banyeres\"},{\"@type\":\"BreadcrumbList\",\"@id\":\"https:\\\/\\\/www.copealcoy.es\\\/es\\\/la-nieve-y-la-lluvia-generan-complicaciones-en-la-comarca\\\/#breadcrumb\",\"itemListElement\":[{\"@type\":\"ListItem\",\"position\":1,\"name\":\"Portada\",\"item\":\"https:\\\/\\\/www.copealcoy.es\\\/es\\\/\"},{\"@type\":\"ListItem\",\"position\":2,\"name\":\"La nieve y la lluvia generan complicaciones en la comarca\"}]},{\"@type\":\"WebSite\",\"@id\":\"https:\\\/\\\/www.copealcoy.es\\\/es\\\/#website\",\"url\":\"https:\\\/\\\/www.copealcoy.es\\\/es\\\/\",\"name\":\"COPE Alcoy\",\"description\":\"Emisora COPE de radio local con emisi\u00f3n online. Pont de Sant Jordi 8-10 03803 Alcoy\",\"potentialAction\":[{\"@type\":\"SearchAction\",\"target\":{\"@type\":\"EntryPoint\",\"urlTemplate\":\"https:\\\/\\\/www.copealcoy.es\\\/es\\\/?s={search_term_string}\"},\"query-input\":{\"@type\":\"PropertyValueSpecification\",\"valueRequired\":true,\"valueName\":\"search_term_string\"}}],\"inLanguage\":\"es\"},{\"@type\":\"Person\",\"@id\":\"https:\\\/\\\/www.copealcoy.es\\\/es\\\/#\\\/schema\\\/person\\\/e777c87fa024e57d40170af9df39882c\",\"name\":\"Cope Alcoy\",\"image\":{\"@type\":\"ImageObject\",\"inLanguage\":\"es\",\"@id\":\"https:\\\/\\\/secure.gravatar.com\\\/avatar\\\/bb65d0283347e303893ba14f0692005417c1e0e690a325a4c5d8bb2b3943ee14?s=96&d=mm&r=g\",\"url\":\"https:\\\/\\\/secure.gravatar.com\\\/avatar\\\/bb65d0283347e303893ba14f0692005417c1e0e690a325a4c5d8bb2b3943ee14?s=96&d=mm&r=g\",\"contentUrl\":\"https:\\\/\\\/secure.gravatar.com\\\/avatar\\\/bb65d0283347e303893ba14f0692005417c1e0e690a325a4c5d8bb2b3943ee14?s=96&d=mm&r=g\",\"caption\":\"Cope Alcoy\"}}]}<\/script>\n<!-- \/ Yoast SEO plugin. -->","yoast_head_json":{"title":"La nieve y la lluvia generan complicaciones en la comarca - COPE Alcoy","robots":{"index":"index","follow":"follow","max-snippet":"max-snippet:-1","max-image-preview":"max-image-preview:large","max-video-preview":"max-video-preview:-1"},"canonical":"https:\/\/www.copealcoy.es\/es\/la-nieve-y-la-lluvia-generan-complicaciones-en-la-comarca\/","og_locale":"es_ES","og_type":"article","og_title":"La nieve y la lluvia generan complicaciones en la comarca - COPE Alcoy","og_description":"La nieve se deja ver desde primera hora de la ma\u00f1ana en puntos de Alcoy\u00a0as\u00ed como en las poblaciones m\u00e1s...","og_url":"https:\/\/www.copealcoy.es\/es\/la-nieve-y-la-lluvia-generan-complicaciones-en-la-comarca\/","og_site_name":"COPE Alcoy","article_published_time":"2020-01-20T08:50:49+00:00","og_image":[{"width":960,"height":698,"url":"https:\/\/www.copealcoy.es\/wp-content\/uploads\/2020\/01\/83774824_1910263995783743_2158397383237435392_n-1.jpg","type":"image\/jpeg"}],"author":"Cope Alcoy","twitter_misc":{"Escrito por":"Cope Alcoy","Tiempo de lectura":"2 minutos"},"schema":{"@context":"https:\/\/schema.org","@graph":[{"@type":"Article","@id":"https:\/\/www.copealcoy.es\/es\/la-nieve-y-la-lluvia-generan-complicaciones-en-la-comarca\/#article","isPartOf":{"@id":"https:\/\/www.copealcoy.es\/es\/la-nieve-y-la-lluvia-generan-complicaciones-en-la-comarca\/"},"author":{"name":"Cope Alcoy","@id":"https:\/\/www.copealcoy.es\/es\/#\/schema\/person\/e777c87fa024e57d40170af9df39882c"},"headline":"La nieve y la lluvia generan complicaciones en la comarca","datePublished":"2020-01-20T08:50:49+00:00","mainEntityOfPage":{"@id":"https:\/\/www.copealcoy.es\/es\/la-nieve-y-la-lluvia-generan-complicaciones-en-la-comarca\/"},"wordCount":453,"commentCount":0,"image":{"@id":"https:\/\/www.copealcoy.es\/es\/la-nieve-y-la-lluvia-generan-complicaciones-en-la-comarca\/#primaryimage"},"thumbnailUrl":"https:\/\/www.copealcoy.es\/wp-content\/uploads\/2020\/01\/83774824_1910263995783743_2158397383237435392_n-1.jpg","keywords":["Alcoi\u00e0","Alcoy","borrasca gloria","complicaciones","Comtat","Nieve","Temporal"],"articleSection":["Alcoy","Noticias","Portada"],"inLanguage":"es"},{"@type":"WebPage","@id":"https:\/\/www.copealcoy.es\/es\/la-nieve-y-la-lluvia-generan-complicaciones-en-la-comarca\/","url":"https:\/\/www.copealcoy.es\/es\/la-nieve-y-la-lluvia-generan-complicaciones-en-la-comarca\/","name":"La nieve y la lluvia generan complicaciones en la comarca - COPE Alcoy","isPartOf":{"@id":"https:\/\/www.copealcoy.es\/es\/#website"},"primaryImageOfPage":{"@id":"https:\/\/www.copealcoy.es\/es\/la-nieve-y-la-lluvia-generan-complicaciones-en-la-comarca\/#primaryimage"},"image":{"@id":"https:\/\/www.copealcoy.es\/es\/la-nieve-y-la-lluvia-generan-complicaciones-en-la-comarca\/#primaryimage"},"thumbnailUrl":"https:\/\/www.copealcoy.es\/wp-content\/uploads\/2020\/01\/83774824_1910263995783743_2158397383237435392_n-1.jpg","datePublished":"2020-01-20T08:50:49+00:00","author":{"@id":"https:\/\/www.copealcoy.es\/es\/#\/schema\/person\/e777c87fa024e57d40170af9df39882c"},"breadcrumb":{"@id":"https:\/\/www.copealcoy.es\/es\/la-nieve-y-la-lluvia-generan-complicaciones-en-la-comarca\/#breadcrumb"},"inLanguage":"es","potentialAction":[{"@type":"ReadAction","target":["https:\/\/www.copealcoy.es\/es\/la-nieve-y-la-lluvia-generan-complicaciones-en-la-comarca\/"]}]},{"@type":"ImageObject","inLanguage":"es","@id":"https:\/\/www.copealcoy.es\/es\/la-nieve-y-la-lluvia-generan-complicaciones-en-la-comarca\/#primaryimage","url":"https:\/\/www.copealcoy.es\/wp-content\/uploads\/2020\/01\/83774824_1910263995783743_2158397383237435392_n-1.jpg","contentUrl":"https:\/\/www.copealcoy.es\/wp-content\/uploads\/2020\/01\/83774824_1910263995783743_2158397383237435392_n-1.jpg","width":960,"height":698,"caption":"Aspecto que presentaba esta ma\u00f1ana Banyeres de Mariola \/ Foto: Ajuntament de Banyeres"},{"@type":"BreadcrumbList","@id":"https:\/\/www.copealcoy.es\/es\/la-nieve-y-la-lluvia-generan-complicaciones-en-la-comarca\/#breadcrumb","itemListElement":[{"@type":"ListItem","position":1,"name":"Portada","item":"https:\/\/www.copealcoy.es\/es\/"},{"@type":"ListItem","position":2,"name":"La nieve y la lluvia generan complicaciones en la comarca"}]},{"@type":"WebSite","@id":"https:\/\/www.copealcoy.es\/es\/#website","url":"https:\/\/www.copealcoy.es\/es\/","name":"COPE Alcoy","description":"Emisora COPE de radio local con emisi\u00f3n online. Pont de Sant Jordi 8-10 03803 Alcoy","potentialAction":[{"@type":"SearchAction","target":{"@type":"EntryPoint","urlTemplate":"https:\/\/www.copealcoy.es\/es\/?s={search_term_string}"},"query-input":{"@type":"PropertyValueSpecification","valueRequired":true,"valueName":"search_term_string"}}],"inLanguage":"es"},{"@type":"Person","@id":"https:\/\/www.copealcoy.es\/es\/#\/schema\/person\/e777c87fa024e57d40170af9df39882c","name":"Cope Alcoy","image":{"@type":"ImageObject","inLanguage":"es","@id":"https:\/\/secure.gravatar.com\/avatar\/bb65d0283347e303893ba14f0692005417c1e0e690a325a4c5d8bb2b3943ee14?s=96&d=mm&r=g","url":"https:\/\/secure.gravatar.com\/avatar\/bb65d0283347e303893ba14f0692005417c1e0e690a325a4c5d8bb2b3943ee14?s=96&d=mm&r=g","contentUrl":"https:\/\/secure.gravatar.com\/avatar\/bb65d0283347e303893ba14f0692005417c1e0e690a325a4c5d8bb2b3943ee14?s=96&d=mm&r=g","caption":"Cope Alcoy"}}]}},"_links":{"self":[{"href":"https:\/\/www.copealcoy.es\/es\/wp-json\/wp\/v2\/posts\/59010","targetHints":{"allow":["GET"]}}],"collection":[{"href":"https:\/\/www.copealcoy.es\/es\/wp-json\/wp\/v2\/posts"}],"about":[{"href":"https:\/\/www.copealcoy.es\/es\/wp-json\/wp\/v2\/types\/post"}],"author":[{"embeddable":true,"href":"https:\/\/www.copealcoy.es\/es\/wp-json\/wp\/v2\/users\/1"}],"replies":[{"embeddable":true,"href":"https:\/\/www.copealcoy.es\/es\/wp-json\/wp\/v2\/comments?post=59010"}],"version-history":[{"count":0,"href":"https:\/\/www.copealcoy.es\/es\/wp-json\/wp\/v2\/posts\/59010\/revisions"}],"wp:featuredmedia":[{"embeddable":true,"href":"https:\/\/www.copealcoy.es\/es\/wp-json\/wp\/v2\/media\/59011"}],"wp:attachment":[{"href":"https:\/\/www.copealcoy.es\/es\/wp-json\/wp\/v2\/media?parent=59010"}],"wp:term":[{"taxonomy":"category","embeddable":true,"href":"https:\/\/www.copealcoy.es\/es\/wp-json\/wp\/v2\/categories?post=59010"},{"taxonomy":"post_tag","embeddable":true,"href":"https:\/\/www.copealcoy.es\/es\/wp-json\/wp\/v2\/tags?post=59010"}],"curies":[{"name":"wp","href":"https:\/\/api.w.org\/{rel}","templated":true}]}}