{"id":58998,"date":"2020-01-19T16:32:02","date_gmt":"2020-01-19T16:32:02","guid":{"rendered":"https:\/\/www.copealcoy.es\/?p=58998"},"modified":"2020-01-19T16:32:02","modified_gmt":"2020-01-19T16:32:02","slug":"la-nieve-llega-a-las-comarcas-del-comtat-y-de-lalcoia","status":"publish","type":"post","link":"https:\/\/www.copealcoy.es\/es\/la-nieve-llega-a-las-comarcas-del-comtat-y-de-lalcoia\/","title":{"rendered":"La nieve llega a las comarcas del Comtat y de l&#8217;Alcoi\u00e0"},"content":{"rendered":"<p style=\"text-align: justify;\">La borrasca gloria <strong>ya ha llegado a las comarcas del Comtat as\u00ed como de l&#8217;Alcoi\u00e0<\/strong> y desde primera hora de la tarde<strong> el viento y los chubascos intensos<\/strong> son los protagonistas <strong>en los cascos urbanos de buena parte de las poblaciones<\/strong>. Adem\u00e1s <strong>el granizo ha creado una placa de hielo en la carretera de la Font Roja<\/strong> que ha obligado <strong>al cierre<\/strong> de la misma seg\u00fan informa el Ayuntamiento de Alcoy. En la ciudad s<strong>e han suspendido las actividades <\/strong>en el Polideportivo Municipal y en las instalaciones deportivas desde las 15h.<\/p>\n<p style=\"text-align: justify;\">Por su parte la nieve <strong>cubre las cumbres de Aitana o El Montcabrer<\/strong> y ya se deja ver en poblaciones como <strong>Benillup, Agres, Alcoleja o Banyeres de Mariola<\/strong>. En <strong>Cocentaina<\/strong> se han suspendido tambi\u00e9n las actividades deportivas mientras que por ahora se mantienen las clases para ma\u00f1ana. En lo que respecta a <strong>Muro<\/strong> la Fireta de Sant Antoni ha cesado su actividad a mediod\u00eda despu\u00e9s de los cambios adoptados ayer para el d\u00eda de hoy ante las previsiones del temporal y en <strong>Onil<\/strong> se ha cortado de forma preventiva el acceso a las Pe\u00f1as Rojas y el Puerto del Canal\u00eds porque la nieve ya estaba cuajando. De igual forma se han suspendido actividades de Sant Antoni y Deportivas en <strong>Castalla o Ibi<\/strong>; municipios estos en los que la nieve tambi\u00e9n ya est\u00e1 cuajando en los puntos altos.<\/p>\n<p style=\"text-align: justify;\">Indicar que por el momento<strong> hay normalidad en nuestras carreteras<\/strong> y desde la DGT solo se indica que la circulaci\u00f3n est\u00e1 prohibida para camiones y articulados en <strong>la A31 a su paso por Villena<\/strong> y en ambos sentidos por el pavimento deslizante.<\/p>\n","protected":false},"excerpt":{"rendered":"<p>La borrasca gloria ya ha llegado a las comarcas del Comtat as\u00ed como de l&#8217;Alcoi\u00e0 y desde primera hora de&#8230;<\/p>\n","protected":false},"author":1,"featured_media":58999,"comment_status":"open","ping_status":"open","sticky":false,"template":"","format":"standard","meta":{"footnotes":""},"categories":[97,75,125],"tags":[482,1494,6991,237,572],"class_list":["post-58998","post","type-post","status-publish","format-standard","has-post-thumbnail","hentry","category-alcoy","category-noticias","category-portada","tag-alcoia","tag-alcoy","tag-borrasca-gloria","tag-comtat","tag-nieve"],"yoast_head":"<!-- This site is optimized with the Yoast SEO plugin v27.3 - https:\/\/yoast.com\/product\/yoast-seo-wordpress\/ -->\n<title>La nieve llega a las comarcas del Comtat y de l&#039;Alcoi\u00e0 - COPE Alcoy<\/title>\n<meta name=\"robots\" content=\"index, follow, max-snippet:-1, max-image-preview:large, max-video-preview:-1\" \/>\n<link rel=\"canonical\" href=\"https:\/\/www.copealcoy.es\/es\/la-nieve-llega-a-las-comarcas-del-comtat-y-de-lalcoia\/\" \/>\n<meta property=\"og:locale\" content=\"es_ES\" \/>\n<meta property=\"og:type\" content=\"article\" \/>\n<meta property=\"og:title\" content=\"La nieve llega a las comarcas del Comtat y de l&#039;Alcoi\u00e0 - COPE Alcoy\" \/>\n<meta property=\"og:description\" content=\"La borrasca gloria ya ha llegado a las comarcas del Comtat as\u00ed como de l&#8217;Alcoi\u00e0 y desde primera hora de...\" \/>\n<meta property=\"og:url\" content=\"https:\/\/www.copealcoy.es\/es\/la-nieve-llega-a-las-comarcas-del-comtat-y-de-lalcoia\/\" \/>\n<meta property=\"og:site_name\" content=\"COPE Alcoy\" \/>\n<meta property=\"article:published_time\" content=\"2020-01-19T16:32:02+00:00\" \/>\n<meta property=\"og:image\" content=\"https:\/\/www.copealcoy.es\/wp-content\/uploads\/2020\/01\/82333195_2829788490375534_2536187370928078848_o-1.jpg\" \/>\n\t<meta property=\"og:image:width\" content=\"960\" \/>\n\t<meta property=\"og:image:height\" content=\"610\" \/>\n\t<meta property=\"og:image:type\" content=\"image\/jpeg\" \/>\n<meta name=\"author\" content=\"Cope Alcoy\" \/>\n<meta name=\"twitter:label1\" content=\"Escrito por\" \/>\n\t<meta name=\"twitter:data1\" content=\"Cope Alcoy\" \/>\n\t<meta name=\"twitter:label2\" content=\"Tiempo de lectura\" \/>\n\t<meta name=\"twitter:data2\" content=\"1 minuto\" \/>\n<script type=\"application\/ld+json\" class=\"yoast-schema-graph\">{\"@context\":\"https:\\\/\\\/schema.org\",\"@graph\":[{\"@type\":\"Article\",\"@id\":\"https:\\\/\\\/www.copealcoy.es\\\/es\\\/la-nieve-llega-a-las-comarcas-del-comtat-y-de-lalcoia\\\/#article\",\"isPartOf\":{\"@id\":\"https:\\\/\\\/www.copealcoy.es\\\/es\\\/la-nieve-llega-a-las-comarcas-del-comtat-y-de-lalcoia\\\/\"},\"author\":{\"name\":\"Cope Alcoy\",\"@id\":\"https:\\\/\\\/www.copealcoy.es\\\/es\\\/#\\\/schema\\\/person\\\/e777c87fa024e57d40170af9df39882c\"},\"headline\":\"La nieve llega a las comarcas del Comtat y de l&#8217;Alcoi\u00e0\",\"datePublished\":\"2020-01-19T16:32:02+00:00\",\"mainEntityOfPage\":{\"@id\":\"https:\\\/\\\/www.copealcoy.es\\\/es\\\/la-nieve-llega-a-las-comarcas-del-comtat-y-de-lalcoia\\\/\"},\"wordCount\":294,\"commentCount\":0,\"image\":{\"@id\":\"https:\\\/\\\/www.copealcoy.es\\\/es\\\/la-nieve-llega-a-las-comarcas-del-comtat-y-de-lalcoia\\\/#primaryimage\"},\"thumbnailUrl\":\"https:\\\/\\\/www.copealcoy.es\\\/wp-content\\\/uploads\\\/2020\\\/01\\\/82333195_2829788490375534_2536187370928078848_o-1.jpg\",\"keywords\":[\"Alcoi\u00e0\",\"Alcoy\",\"borrasca gloria\",\"Comtat\",\"Nieve\"],\"articleSection\":[\"Alcoy\",\"Noticias\",\"Portada\"],\"inLanguage\":\"es\"},{\"@type\":\"WebPage\",\"@id\":\"https:\\\/\\\/www.copealcoy.es\\\/es\\\/la-nieve-llega-a-las-comarcas-del-comtat-y-de-lalcoia\\\/\",\"url\":\"https:\\\/\\\/www.copealcoy.es\\\/es\\\/la-nieve-llega-a-las-comarcas-del-comtat-y-de-lalcoia\\\/\",\"name\":\"La nieve llega a las comarcas del Comtat y de l'Alcoi\u00e0 - COPE Alcoy\",\"isPartOf\":{\"@id\":\"https:\\\/\\\/www.copealcoy.es\\\/es\\\/#website\"},\"primaryImageOfPage\":{\"@id\":\"https:\\\/\\\/www.copealcoy.es\\\/es\\\/la-nieve-llega-a-las-comarcas-del-comtat-y-de-lalcoia\\\/#primaryimage\"},\"image\":{\"@id\":\"https:\\\/\\\/www.copealcoy.es\\\/es\\\/la-nieve-llega-a-las-comarcas-del-comtat-y-de-lalcoia\\\/#primaryimage\"},\"thumbnailUrl\":\"https:\\\/\\\/www.copealcoy.es\\\/wp-content\\\/uploads\\\/2020\\\/01\\\/82333195_2829788490375534_2536187370928078848_o-1.jpg\",\"datePublished\":\"2020-01-19T16:32:02+00:00\",\"author\":{\"@id\":\"https:\\\/\\\/www.copealcoy.es\\\/es\\\/#\\\/schema\\\/person\\\/e777c87fa024e57d40170af9df39882c\"},\"breadcrumb\":{\"@id\":\"https:\\\/\\\/www.copealcoy.es\\\/es\\\/la-nieve-llega-a-las-comarcas-del-comtat-y-de-lalcoia\\\/#breadcrumb\"},\"inLanguage\":\"es\",\"potentialAction\":[{\"@type\":\"ReadAction\",\"target\":[\"https:\\\/\\\/www.copealcoy.es\\\/es\\\/la-nieve-llega-a-las-comarcas-del-comtat-y-de-lalcoia\\\/\"]}]},{\"@type\":\"ImageObject\",\"inLanguage\":\"es\",\"@id\":\"https:\\\/\\\/www.copealcoy.es\\\/es\\\/la-nieve-llega-a-las-comarcas-del-comtat-y-de-lalcoia\\\/#primaryimage\",\"url\":\"https:\\\/\\\/www.copealcoy.es\\\/wp-content\\\/uploads\\\/2020\\\/01\\\/82333195_2829788490375534_2536187370928078848_o-1.jpg\",\"contentUrl\":\"https:\\\/\\\/www.copealcoy.es\\\/wp-content\\\/uploads\\\/2020\\\/01\\\/82333195_2829788490375534_2536187370928078848_o-1.jpg\",\"width\":960,\"height\":610,\"caption\":\"Banyeres ya est\u00e1 cubierta de un fino manto blanco \\\/ Foto: M. Mart\u00ednez\"},{\"@type\":\"BreadcrumbList\",\"@id\":\"https:\\\/\\\/www.copealcoy.es\\\/es\\\/la-nieve-llega-a-las-comarcas-del-comtat-y-de-lalcoia\\\/#breadcrumb\",\"itemListElement\":[{\"@type\":\"ListItem\",\"position\":1,\"name\":\"Portada\",\"item\":\"https:\\\/\\\/www.copealcoy.es\\\/es\\\/\"},{\"@type\":\"ListItem\",\"position\":2,\"name\":\"La nieve llega a las comarcas del Comtat y de l&#8217;Alcoi\u00e0\"}]},{\"@type\":\"WebSite\",\"@id\":\"https:\\\/\\\/www.copealcoy.es\\\/es\\\/#website\",\"url\":\"https:\\\/\\\/www.copealcoy.es\\\/es\\\/\",\"name\":\"COPE Alcoy\",\"description\":\"Emisora COPE de radio local con emisi\u00f3n online. Pont de Sant Jordi 8-10 03803 Alcoy\",\"potentialAction\":[{\"@type\":\"SearchAction\",\"target\":{\"@type\":\"EntryPoint\",\"urlTemplate\":\"https:\\\/\\\/www.copealcoy.es\\\/es\\\/?s={search_term_string}\"},\"query-input\":{\"@type\":\"PropertyValueSpecification\",\"valueRequired\":true,\"valueName\":\"search_term_string\"}}],\"inLanguage\":\"es\"},{\"@type\":\"Person\",\"@id\":\"https:\\\/\\\/www.copealcoy.es\\\/es\\\/#\\\/schema\\\/person\\\/e777c87fa024e57d40170af9df39882c\",\"name\":\"Cope Alcoy\",\"image\":{\"@type\":\"ImageObject\",\"inLanguage\":\"es\",\"@id\":\"https:\\\/\\\/secure.gravatar.com\\\/avatar\\\/bb65d0283347e303893ba14f0692005417c1e0e690a325a4c5d8bb2b3943ee14?s=96&d=mm&r=g\",\"url\":\"https:\\\/\\\/secure.gravatar.com\\\/avatar\\\/bb65d0283347e303893ba14f0692005417c1e0e690a325a4c5d8bb2b3943ee14?s=96&d=mm&r=g\",\"contentUrl\":\"https:\\\/\\\/secure.gravatar.com\\\/avatar\\\/bb65d0283347e303893ba14f0692005417c1e0e690a325a4c5d8bb2b3943ee14?s=96&d=mm&r=g\",\"caption\":\"Cope Alcoy\"}}]}<\/script>\n<!-- \/ Yoast SEO plugin. -->","yoast_head_json":{"title":"La nieve llega a las comarcas del Comtat y de l'Alcoi\u00e0 - COPE Alcoy","robots":{"index":"index","follow":"follow","max-snippet":"max-snippet:-1","max-image-preview":"max-image-preview:large","max-video-preview":"max-video-preview:-1"},"canonical":"https:\/\/www.copealcoy.es\/es\/la-nieve-llega-a-las-comarcas-del-comtat-y-de-lalcoia\/","og_locale":"es_ES","og_type":"article","og_title":"La nieve llega a las comarcas del Comtat y de l'Alcoi\u00e0 - COPE Alcoy","og_description":"La borrasca gloria ya ha llegado a las comarcas del Comtat as\u00ed como de l&#8217;Alcoi\u00e0 y desde primera hora de...","og_url":"https:\/\/www.copealcoy.es\/es\/la-nieve-llega-a-las-comarcas-del-comtat-y-de-lalcoia\/","og_site_name":"COPE Alcoy","article_published_time":"2020-01-19T16:32:02+00:00","og_image":[{"width":960,"height":610,"url":"https:\/\/www.copealcoy.es\/wp-content\/uploads\/2020\/01\/82333195_2829788490375534_2536187370928078848_o-1.jpg","type":"image\/jpeg"}],"author":"Cope Alcoy","twitter_misc":{"Escrito por":"Cope Alcoy","Tiempo de lectura":"1 minuto"},"schema":{"@context":"https:\/\/schema.org","@graph":[{"@type":"Article","@id":"https:\/\/www.copealcoy.es\/es\/la-nieve-llega-a-las-comarcas-del-comtat-y-de-lalcoia\/#article","isPartOf":{"@id":"https:\/\/www.copealcoy.es\/es\/la-nieve-llega-a-las-comarcas-del-comtat-y-de-lalcoia\/"},"author":{"name":"Cope Alcoy","@id":"https:\/\/www.copealcoy.es\/es\/#\/schema\/person\/e777c87fa024e57d40170af9df39882c"},"headline":"La nieve llega a las comarcas del Comtat y de l&#8217;Alcoi\u00e0","datePublished":"2020-01-19T16:32:02+00:00","mainEntityOfPage":{"@id":"https:\/\/www.copealcoy.es\/es\/la-nieve-llega-a-las-comarcas-del-comtat-y-de-lalcoia\/"},"wordCount":294,"commentCount":0,"image":{"@id":"https:\/\/www.copealcoy.es\/es\/la-nieve-llega-a-las-comarcas-del-comtat-y-de-lalcoia\/#primaryimage"},"thumbnailUrl":"https:\/\/www.copealcoy.es\/wp-content\/uploads\/2020\/01\/82333195_2829788490375534_2536187370928078848_o-1.jpg","keywords":["Alcoi\u00e0","Alcoy","borrasca gloria","Comtat","Nieve"],"articleSection":["Alcoy","Noticias","Portada"],"inLanguage":"es"},{"@type":"WebPage","@id":"https:\/\/www.copealcoy.es\/es\/la-nieve-llega-a-las-comarcas-del-comtat-y-de-lalcoia\/","url":"https:\/\/www.copealcoy.es\/es\/la-nieve-llega-a-las-comarcas-del-comtat-y-de-lalcoia\/","name":"La nieve llega a las comarcas del Comtat y de l'Alcoi\u00e0 - COPE Alcoy","isPartOf":{"@id":"https:\/\/www.copealcoy.es\/es\/#website"},"primaryImageOfPage":{"@id":"https:\/\/www.copealcoy.es\/es\/la-nieve-llega-a-las-comarcas-del-comtat-y-de-lalcoia\/#primaryimage"},"image":{"@id":"https:\/\/www.copealcoy.es\/es\/la-nieve-llega-a-las-comarcas-del-comtat-y-de-lalcoia\/#primaryimage"},"thumbnailUrl":"https:\/\/www.copealcoy.es\/wp-content\/uploads\/2020\/01\/82333195_2829788490375534_2536187370928078848_o-1.jpg","datePublished":"2020-01-19T16:32:02+00:00","author":{"@id":"https:\/\/www.copealcoy.es\/es\/#\/schema\/person\/e777c87fa024e57d40170af9df39882c"},"breadcrumb":{"@id":"https:\/\/www.copealcoy.es\/es\/la-nieve-llega-a-las-comarcas-del-comtat-y-de-lalcoia\/#breadcrumb"},"inLanguage":"es","potentialAction":[{"@type":"ReadAction","target":["https:\/\/www.copealcoy.es\/es\/la-nieve-llega-a-las-comarcas-del-comtat-y-de-lalcoia\/"]}]},{"@type":"ImageObject","inLanguage":"es","@id":"https:\/\/www.copealcoy.es\/es\/la-nieve-llega-a-las-comarcas-del-comtat-y-de-lalcoia\/#primaryimage","url":"https:\/\/www.copealcoy.es\/wp-content\/uploads\/2020\/01\/82333195_2829788490375534_2536187370928078848_o-1.jpg","contentUrl":"https:\/\/www.copealcoy.es\/wp-content\/uploads\/2020\/01\/82333195_2829788490375534_2536187370928078848_o-1.jpg","width":960,"height":610,"caption":"Banyeres ya est\u00e1 cubierta de un fino manto blanco \/ Foto: M. Mart\u00ednez"},{"@type":"BreadcrumbList","@id":"https:\/\/www.copealcoy.es\/es\/la-nieve-llega-a-las-comarcas-del-comtat-y-de-lalcoia\/#breadcrumb","itemListElement":[{"@type":"ListItem","position":1,"name":"Portada","item":"https:\/\/www.copealcoy.es\/es\/"},{"@type":"ListItem","position":2,"name":"La nieve llega a las comarcas del Comtat y de l&#8217;Alcoi\u00e0"}]},{"@type":"WebSite","@id":"https:\/\/www.copealcoy.es\/es\/#website","url":"https:\/\/www.copealcoy.es\/es\/","name":"COPE Alcoy","description":"Emisora COPE de radio local con emisi\u00f3n online. Pont de Sant Jordi 8-10 03803 Alcoy","potentialAction":[{"@type":"SearchAction","target":{"@type":"EntryPoint","urlTemplate":"https:\/\/www.copealcoy.es\/es\/?s={search_term_string}"},"query-input":{"@type":"PropertyValueSpecification","valueRequired":true,"valueName":"search_term_string"}}],"inLanguage":"es"},{"@type":"Person","@id":"https:\/\/www.copealcoy.es\/es\/#\/schema\/person\/e777c87fa024e57d40170af9df39882c","name":"Cope Alcoy","image":{"@type":"ImageObject","inLanguage":"es","@id":"https:\/\/secure.gravatar.com\/avatar\/bb65d0283347e303893ba14f0692005417c1e0e690a325a4c5d8bb2b3943ee14?s=96&d=mm&r=g","url":"https:\/\/secure.gravatar.com\/avatar\/bb65d0283347e303893ba14f0692005417c1e0e690a325a4c5d8bb2b3943ee14?s=96&d=mm&r=g","contentUrl":"https:\/\/secure.gravatar.com\/avatar\/bb65d0283347e303893ba14f0692005417c1e0e690a325a4c5d8bb2b3943ee14?s=96&d=mm&r=g","caption":"Cope Alcoy"}}]}},"_links":{"self":[{"href":"https:\/\/www.copealcoy.es\/es\/wp-json\/wp\/v2\/posts\/58998","targetHints":{"allow":["GET"]}}],"collection":[{"href":"https:\/\/www.copealcoy.es\/es\/wp-json\/wp\/v2\/posts"}],"about":[{"href":"https:\/\/www.copealcoy.es\/es\/wp-json\/wp\/v2\/types\/post"}],"author":[{"embeddable":true,"href":"https:\/\/www.copealcoy.es\/es\/wp-json\/wp\/v2\/users\/1"}],"replies":[{"embeddable":true,"href":"https:\/\/www.copealcoy.es\/es\/wp-json\/wp\/v2\/comments?post=58998"}],"version-history":[{"count":0,"href":"https:\/\/www.copealcoy.es\/es\/wp-json\/wp\/v2\/posts\/58998\/revisions"}],"wp:featuredmedia":[{"embeddable":true,"href":"https:\/\/www.copealcoy.es\/es\/wp-json\/wp\/v2\/media\/58999"}],"wp:attachment":[{"href":"https:\/\/www.copealcoy.es\/es\/wp-json\/wp\/v2\/media?parent=58998"}],"wp:term":[{"taxonomy":"category","embeddable":true,"href":"https:\/\/www.copealcoy.es\/es\/wp-json\/wp\/v2\/categories?post=58998"},{"taxonomy":"post_tag","embeddable":true,"href":"https:\/\/www.copealcoy.es\/es\/wp-json\/wp\/v2\/tags?post=58998"}],"curies":[{"name":"wp","href":"https:\/\/api.w.org\/{rel}","templated":true}]}}