{"id":58994,"date":"2020-01-19T15:47:18","date_gmt":"2020-01-19T15:47:18","guid":{"rendered":"https:\/\/www.copealcoy.es\/?p=58994"},"modified":"2020-01-19T15:47:18","modified_gmt":"2020-01-19T15:47:18","slug":"la-fireta-echa-el-cierre-ante-la-amenaza-del-temporal","status":"publish","type":"post","link":"https:\/\/www.copealcoy.es\/es\/la-fireta-echa-el-cierre-ante-la-amenaza-del-temporal\/","title":{"rendered":"La Fireta echa el cierre ante la amenaza del temporal"},"content":{"rendered":"<p style=\"text-align: justify;\">Muro ha vivido en este domingo 19 de enero<strong> un at\u00edpico colof\u00f3n de la Fireta de Sant Antoni<\/strong> ante <strong>el temporal que azota nuestras comarcas<\/strong> desde esta tarde y que, seg\u00fan las previsiones meteorol\u00f3gicas, traer\u00e1 nieve, lluvia y vientos.<\/p>\n<p style=\"text-align: justify;\">En la jornada de hoy <strong>se ha celebrado la misa solemne en honor a San Antonio Abad<\/strong> en el interior del templo parroquial de San Juan Bautista al mismo tiempo que se ha efectuado <strong>la bendici\u00f3n de animales y de los tradicionales rollos<\/strong>. La imagen del santo <strong>no ha podido ser devuelta a su ermita<\/strong> ya que <strong>se ha suspendido la Romer\u00eda<\/strong> que estaba prevista para esta tarde.<\/p>\n<p style=\"text-align: justify;\">Por su parte en las calles <strong>no hubo actividad comercial<\/strong> ya que para este domingo <strong>qued\u00f3 anulada<\/strong> la apertura del sector comercial as\u00ed como del Mercado Medieval. Adem\u00e1s <strong>la Fil\u00e0 Pirates ha acogido varios espect\u00e1culos<\/strong> mientras que en el Centre Cultural Polivalent s<strong>e ha llevado a cabo el Aplec de Danses<\/strong> con la participaci\u00f3n de\u00a0la Colla Cresol de la Granja de la Costera, el Grup de Danses Baladre de Muro y el Grup de Dol\u00e7ainers i Tabaleters La Xafig\u00e0 de Muro. La Fireta, tras suspenderse todas las propuestas de esta tarde y el espect\u00e1culo pirot\u00e9cnico previsto para las ocho de la tarde, ha sido clausurada en el mismo Centre Cultural con <strong>la actuaci\u00f3n del Ballet de Mapi Molt\u00f3<\/strong>.<\/p>\n","protected":false},"excerpt":{"rendered":"<p>Muro ha vivido en este domingo 19 de enero un at\u00edpico colof\u00f3n de la Fireta de Sant Antoni ante el&#8230;<\/p>\n","protected":false},"author":1,"featured_media":58995,"comment_status":"open","ping_status":"open","sticky":false,"template":"","format":"standard","meta":{"footnotes":""},"categories":[98,75],"tags":[6990,5243,1737,135,574],"class_list":["post-58994","post","type-post","status-publish","format-standard","has-post-thumbnail","hentry","category-comarcas","category-noticias","tag-amenaza","tag-clausura","tag-fireta-de-sant-antoni","tag-muro","tag-temporal"],"yoast_head":"<!-- This site is optimized with the Yoast SEO plugin v27.3 - https:\/\/yoast.com\/product\/yoast-seo-wordpress\/ -->\n<title>La Fireta echa el cierre ante la amenaza del temporal - COPE Alcoy<\/title>\n<meta name=\"robots\" content=\"index, follow, max-snippet:-1, max-image-preview:large, max-video-preview:-1\" \/>\n<link rel=\"canonical\" href=\"https:\/\/www.copealcoy.es\/es\/la-fireta-echa-el-cierre-ante-la-amenaza-del-temporal\/\" \/>\n<meta property=\"og:locale\" content=\"es_ES\" \/>\n<meta property=\"og:type\" content=\"article\" \/>\n<meta property=\"og:title\" content=\"La Fireta echa el cierre ante la amenaza del temporal - COPE Alcoy\" \/>\n<meta property=\"og:description\" content=\"Muro ha vivido en este domingo 19 de enero un at\u00edpico colof\u00f3n de la Fireta de Sant Antoni ante el...\" \/>\n<meta property=\"og:url\" content=\"https:\/\/www.copealcoy.es\/es\/la-fireta-echa-el-cierre-ante-la-amenaza-del-temporal\/\" \/>\n<meta property=\"og:site_name\" content=\"COPE Alcoy\" \/>\n<meta property=\"article:published_time\" content=\"2020-01-19T15:47:18+00:00\" \/>\n<meta property=\"og:image\" content=\"https:\/\/www.copealcoy.es\/wp-content\/uploads\/2020\/01\/82263875_10222460603970990_5347912209747935232_n-1.jpg\" \/>\n\t<meta property=\"og:image:width\" content=\"960\" \/>\n\t<meta property=\"og:image:height\" content=\"720\" \/>\n\t<meta property=\"og:image:type\" content=\"image\/jpeg\" \/>\n<meta name=\"author\" content=\"Cope Alcoy\" \/>\n<meta name=\"twitter:label1\" content=\"Escrito por\" \/>\n\t<meta name=\"twitter:data1\" content=\"Cope Alcoy\" \/>\n\t<meta name=\"twitter:label2\" content=\"Tiempo de lectura\" \/>\n\t<meta name=\"twitter:data2\" content=\"1 minuto\" \/>\n<script type=\"application\/ld+json\" class=\"yoast-schema-graph\">{\"@context\":\"https:\\\/\\\/schema.org\",\"@graph\":[{\"@type\":\"Article\",\"@id\":\"https:\\\/\\\/www.copealcoy.es\\\/es\\\/la-fireta-echa-el-cierre-ante-la-amenaza-del-temporal\\\/#article\",\"isPartOf\":{\"@id\":\"https:\\\/\\\/www.copealcoy.es\\\/es\\\/la-fireta-echa-el-cierre-ante-la-amenaza-del-temporal\\\/\"},\"author\":{\"name\":\"Cope Alcoy\",\"@id\":\"https:\\\/\\\/www.copealcoy.es\\\/es\\\/#\\\/schema\\\/person\\\/e777c87fa024e57d40170af9df39882c\"},\"headline\":\"La Fireta echa el cierre ante la amenaza del temporal\",\"datePublished\":\"2020-01-19T15:47:18+00:00\",\"mainEntityOfPage\":{\"@id\":\"https:\\\/\\\/www.copealcoy.es\\\/es\\\/la-fireta-echa-el-cierre-ante-la-amenaza-del-temporal\\\/\"},\"wordCount\":248,\"commentCount\":0,\"image\":{\"@id\":\"https:\\\/\\\/www.copealcoy.es\\\/es\\\/la-fireta-echa-el-cierre-ante-la-amenaza-del-temporal\\\/#primaryimage\"},\"thumbnailUrl\":\"https:\\\/\\\/www.copealcoy.es\\\/wp-content\\\/uploads\\\/2020\\\/01\\\/82263875_10222460603970990_5347912209747935232_n-1.jpg\",\"keywords\":[\"amenaza\",\"clausura\",\"Fireta de Sant Antoni\",\"Muro\",\"Temporal\"],\"articleSection\":[\"Comarcas\",\"Noticias\"],\"inLanguage\":\"es\"},{\"@type\":\"WebPage\",\"@id\":\"https:\\\/\\\/www.copealcoy.es\\\/es\\\/la-fireta-echa-el-cierre-ante-la-amenaza-del-temporal\\\/\",\"url\":\"https:\\\/\\\/www.copealcoy.es\\\/es\\\/la-fireta-echa-el-cierre-ante-la-amenaza-del-temporal\\\/\",\"name\":\"La Fireta echa el cierre ante la amenaza del temporal - COPE Alcoy\",\"isPartOf\":{\"@id\":\"https:\\\/\\\/www.copealcoy.es\\\/es\\\/#website\"},\"primaryImageOfPage\":{\"@id\":\"https:\\\/\\\/www.copealcoy.es\\\/es\\\/la-fireta-echa-el-cierre-ante-la-amenaza-del-temporal\\\/#primaryimage\"},\"image\":{\"@id\":\"https:\\\/\\\/www.copealcoy.es\\\/es\\\/la-fireta-echa-el-cierre-ante-la-amenaza-del-temporal\\\/#primaryimage\"},\"thumbnailUrl\":\"https:\\\/\\\/www.copealcoy.es\\\/wp-content\\\/uploads\\\/2020\\\/01\\\/82263875_10222460603970990_5347912209747935232_n-1.jpg\",\"datePublished\":\"2020-01-19T15:47:18+00:00\",\"author\":{\"@id\":\"https:\\\/\\\/www.copealcoy.es\\\/es\\\/#\\\/schema\\\/person\\\/e777c87fa024e57d40170af9df39882c\"},\"breadcrumb\":{\"@id\":\"https:\\\/\\\/www.copealcoy.es\\\/es\\\/la-fireta-echa-el-cierre-ante-la-amenaza-del-temporal\\\/#breadcrumb\"},\"inLanguage\":\"es\",\"potentialAction\":[{\"@type\":\"ReadAction\",\"target\":[\"https:\\\/\\\/www.copealcoy.es\\\/es\\\/la-fireta-echa-el-cierre-ante-la-amenaza-del-temporal\\\/\"]}]},{\"@type\":\"ImageObject\",\"inLanguage\":\"es\",\"@id\":\"https:\\\/\\\/www.copealcoy.es\\\/es\\\/la-fireta-echa-el-cierre-ante-la-amenaza-del-temporal\\\/#primaryimage\",\"url\":\"https:\\\/\\\/www.copealcoy.es\\\/wp-content\\\/uploads\\\/2020\\\/01\\\/82263875_10222460603970990_5347912209747935232_n-1.jpg\",\"contentUrl\":\"https:\\\/\\\/www.copealcoy.es\\\/wp-content\\\/uploads\\\/2020\\\/01\\\/82263875_10222460603970990_5347912209747935232_n-1.jpg\",\"width\":960,\"height\":720,\"caption\":\"La imagen de San Antonio Abad no ha podido salir en romer\u00eda \\\/ Foto: J. Sanchis\"},{\"@type\":\"BreadcrumbList\",\"@id\":\"https:\\\/\\\/www.copealcoy.es\\\/es\\\/la-fireta-echa-el-cierre-ante-la-amenaza-del-temporal\\\/#breadcrumb\",\"itemListElement\":[{\"@type\":\"ListItem\",\"position\":1,\"name\":\"Portada\",\"item\":\"https:\\\/\\\/www.copealcoy.es\\\/es\\\/\"},{\"@type\":\"ListItem\",\"position\":2,\"name\":\"La Fireta echa el cierre ante la amenaza del temporal\"}]},{\"@type\":\"WebSite\",\"@id\":\"https:\\\/\\\/www.copealcoy.es\\\/es\\\/#website\",\"url\":\"https:\\\/\\\/www.copealcoy.es\\\/es\\\/\",\"name\":\"COPE Alcoy\",\"description\":\"Emisora COPE de radio local con emisi\u00f3n online. Pont de Sant Jordi 8-10 03803 Alcoy\",\"potentialAction\":[{\"@type\":\"SearchAction\",\"target\":{\"@type\":\"EntryPoint\",\"urlTemplate\":\"https:\\\/\\\/www.copealcoy.es\\\/es\\\/?s={search_term_string}\"},\"query-input\":{\"@type\":\"PropertyValueSpecification\",\"valueRequired\":true,\"valueName\":\"search_term_string\"}}],\"inLanguage\":\"es\"},{\"@type\":\"Person\",\"@id\":\"https:\\\/\\\/www.copealcoy.es\\\/es\\\/#\\\/schema\\\/person\\\/e777c87fa024e57d40170af9df39882c\",\"name\":\"Cope Alcoy\",\"image\":{\"@type\":\"ImageObject\",\"inLanguage\":\"es\",\"@id\":\"https:\\\/\\\/secure.gravatar.com\\\/avatar\\\/bb65d0283347e303893ba14f0692005417c1e0e690a325a4c5d8bb2b3943ee14?s=96&d=mm&r=g\",\"url\":\"https:\\\/\\\/secure.gravatar.com\\\/avatar\\\/bb65d0283347e303893ba14f0692005417c1e0e690a325a4c5d8bb2b3943ee14?s=96&d=mm&r=g\",\"contentUrl\":\"https:\\\/\\\/secure.gravatar.com\\\/avatar\\\/bb65d0283347e303893ba14f0692005417c1e0e690a325a4c5d8bb2b3943ee14?s=96&d=mm&r=g\",\"caption\":\"Cope Alcoy\"}}]}<\/script>\n<!-- \/ Yoast SEO plugin. -->","yoast_head_json":{"title":"La Fireta echa el cierre ante la amenaza del temporal - COPE Alcoy","robots":{"index":"index","follow":"follow","max-snippet":"max-snippet:-1","max-image-preview":"max-image-preview:large","max-video-preview":"max-video-preview:-1"},"canonical":"https:\/\/www.copealcoy.es\/es\/la-fireta-echa-el-cierre-ante-la-amenaza-del-temporal\/","og_locale":"es_ES","og_type":"article","og_title":"La Fireta echa el cierre ante la amenaza del temporal - COPE Alcoy","og_description":"Muro ha vivido en este domingo 19 de enero un at\u00edpico colof\u00f3n de la Fireta de Sant Antoni ante el...","og_url":"https:\/\/www.copealcoy.es\/es\/la-fireta-echa-el-cierre-ante-la-amenaza-del-temporal\/","og_site_name":"COPE Alcoy","article_published_time":"2020-01-19T15:47:18+00:00","og_image":[{"width":960,"height":720,"url":"https:\/\/www.copealcoy.es\/wp-content\/uploads\/2020\/01\/82263875_10222460603970990_5347912209747935232_n-1.jpg","type":"image\/jpeg"}],"author":"Cope Alcoy","twitter_misc":{"Escrito por":"Cope Alcoy","Tiempo de lectura":"1 minuto"},"schema":{"@context":"https:\/\/schema.org","@graph":[{"@type":"Article","@id":"https:\/\/www.copealcoy.es\/es\/la-fireta-echa-el-cierre-ante-la-amenaza-del-temporal\/#article","isPartOf":{"@id":"https:\/\/www.copealcoy.es\/es\/la-fireta-echa-el-cierre-ante-la-amenaza-del-temporal\/"},"author":{"name":"Cope Alcoy","@id":"https:\/\/www.copealcoy.es\/es\/#\/schema\/person\/e777c87fa024e57d40170af9df39882c"},"headline":"La Fireta echa el cierre ante la amenaza del temporal","datePublished":"2020-01-19T15:47:18+00:00","mainEntityOfPage":{"@id":"https:\/\/www.copealcoy.es\/es\/la-fireta-echa-el-cierre-ante-la-amenaza-del-temporal\/"},"wordCount":248,"commentCount":0,"image":{"@id":"https:\/\/www.copealcoy.es\/es\/la-fireta-echa-el-cierre-ante-la-amenaza-del-temporal\/#primaryimage"},"thumbnailUrl":"https:\/\/www.copealcoy.es\/wp-content\/uploads\/2020\/01\/82263875_10222460603970990_5347912209747935232_n-1.jpg","keywords":["amenaza","clausura","Fireta de Sant Antoni","Muro","Temporal"],"articleSection":["Comarcas","Noticias"],"inLanguage":"es"},{"@type":"WebPage","@id":"https:\/\/www.copealcoy.es\/es\/la-fireta-echa-el-cierre-ante-la-amenaza-del-temporal\/","url":"https:\/\/www.copealcoy.es\/es\/la-fireta-echa-el-cierre-ante-la-amenaza-del-temporal\/","name":"La Fireta echa el cierre ante la amenaza del temporal - COPE Alcoy","isPartOf":{"@id":"https:\/\/www.copealcoy.es\/es\/#website"},"primaryImageOfPage":{"@id":"https:\/\/www.copealcoy.es\/es\/la-fireta-echa-el-cierre-ante-la-amenaza-del-temporal\/#primaryimage"},"image":{"@id":"https:\/\/www.copealcoy.es\/es\/la-fireta-echa-el-cierre-ante-la-amenaza-del-temporal\/#primaryimage"},"thumbnailUrl":"https:\/\/www.copealcoy.es\/wp-content\/uploads\/2020\/01\/82263875_10222460603970990_5347912209747935232_n-1.jpg","datePublished":"2020-01-19T15:47:18+00:00","author":{"@id":"https:\/\/www.copealcoy.es\/es\/#\/schema\/person\/e777c87fa024e57d40170af9df39882c"},"breadcrumb":{"@id":"https:\/\/www.copealcoy.es\/es\/la-fireta-echa-el-cierre-ante-la-amenaza-del-temporal\/#breadcrumb"},"inLanguage":"es","potentialAction":[{"@type":"ReadAction","target":["https:\/\/www.copealcoy.es\/es\/la-fireta-echa-el-cierre-ante-la-amenaza-del-temporal\/"]}]},{"@type":"ImageObject","inLanguage":"es","@id":"https:\/\/www.copealcoy.es\/es\/la-fireta-echa-el-cierre-ante-la-amenaza-del-temporal\/#primaryimage","url":"https:\/\/www.copealcoy.es\/wp-content\/uploads\/2020\/01\/82263875_10222460603970990_5347912209747935232_n-1.jpg","contentUrl":"https:\/\/www.copealcoy.es\/wp-content\/uploads\/2020\/01\/82263875_10222460603970990_5347912209747935232_n-1.jpg","width":960,"height":720,"caption":"La imagen de San Antonio Abad no ha podido salir en romer\u00eda \/ Foto: J. Sanchis"},{"@type":"BreadcrumbList","@id":"https:\/\/www.copealcoy.es\/es\/la-fireta-echa-el-cierre-ante-la-amenaza-del-temporal\/#breadcrumb","itemListElement":[{"@type":"ListItem","position":1,"name":"Portada","item":"https:\/\/www.copealcoy.es\/es\/"},{"@type":"ListItem","position":2,"name":"La Fireta echa el cierre ante la amenaza del temporal"}]},{"@type":"WebSite","@id":"https:\/\/www.copealcoy.es\/es\/#website","url":"https:\/\/www.copealcoy.es\/es\/","name":"COPE Alcoy","description":"Emisora COPE de radio local con emisi\u00f3n online. Pont de Sant Jordi 8-10 03803 Alcoy","potentialAction":[{"@type":"SearchAction","target":{"@type":"EntryPoint","urlTemplate":"https:\/\/www.copealcoy.es\/es\/?s={search_term_string}"},"query-input":{"@type":"PropertyValueSpecification","valueRequired":true,"valueName":"search_term_string"}}],"inLanguage":"es"},{"@type":"Person","@id":"https:\/\/www.copealcoy.es\/es\/#\/schema\/person\/e777c87fa024e57d40170af9df39882c","name":"Cope Alcoy","image":{"@type":"ImageObject","inLanguage":"es","@id":"https:\/\/secure.gravatar.com\/avatar\/bb65d0283347e303893ba14f0692005417c1e0e690a325a4c5d8bb2b3943ee14?s=96&d=mm&r=g","url":"https:\/\/secure.gravatar.com\/avatar\/bb65d0283347e303893ba14f0692005417c1e0e690a325a4c5d8bb2b3943ee14?s=96&d=mm&r=g","contentUrl":"https:\/\/secure.gravatar.com\/avatar\/bb65d0283347e303893ba14f0692005417c1e0e690a325a4c5d8bb2b3943ee14?s=96&d=mm&r=g","caption":"Cope Alcoy"}}]}},"_links":{"self":[{"href":"https:\/\/www.copealcoy.es\/es\/wp-json\/wp\/v2\/posts\/58994","targetHints":{"allow":["GET"]}}],"collection":[{"href":"https:\/\/www.copealcoy.es\/es\/wp-json\/wp\/v2\/posts"}],"about":[{"href":"https:\/\/www.copealcoy.es\/es\/wp-json\/wp\/v2\/types\/post"}],"author":[{"embeddable":true,"href":"https:\/\/www.copealcoy.es\/es\/wp-json\/wp\/v2\/users\/1"}],"replies":[{"embeddable":true,"href":"https:\/\/www.copealcoy.es\/es\/wp-json\/wp\/v2\/comments?post=58994"}],"version-history":[{"count":0,"href":"https:\/\/www.copealcoy.es\/es\/wp-json\/wp\/v2\/posts\/58994\/revisions"}],"wp:featuredmedia":[{"embeddable":true,"href":"https:\/\/www.copealcoy.es\/es\/wp-json\/wp\/v2\/media\/58995"}],"wp:attachment":[{"href":"https:\/\/www.copealcoy.es\/es\/wp-json\/wp\/v2\/media?parent=58994"}],"wp:term":[{"taxonomy":"category","embeddable":true,"href":"https:\/\/www.copealcoy.es\/es\/wp-json\/wp\/v2\/categories?post=58994"},{"taxonomy":"post_tag","embeddable":true,"href":"https:\/\/www.copealcoy.es\/es\/wp-json\/wp\/v2\/tags?post=58994"}],"curies":[{"name":"wp","href":"https:\/\/api.w.org\/{rel}","templated":true}]}}