{"id":58989,"date":"2020-01-19T10:55:54","date_gmt":"2020-01-19T10:55:54","guid":{"rendered":"https:\/\/www.copealcoy.es\/?p=58989"},"modified":"2020-01-19T10:55:54","modified_gmt":"2020-01-19T10:55:54","slug":"alerta-por-viento-lluvias-y-nieve-en-el-interior-de-alicante","status":"publish","type":"post","link":"https:\/\/www.copealcoy.es\/es\/alerta-por-viento-lluvias-y-nieve-en-el-interior-de-alicante\/","title":{"rendered":"Alerta por viento, lluvias y nieve en el interior de Alicante"},"content":{"rendered":"<p style=\"text-align: justify;\">La <strong>Agencia Estatal de Meteorolog\u00eda<\/strong> ha activado <strong>la alerta roja<\/strong> para la tarde de este domingo, y la madrugada as\u00ed como las primeras horas del lunes, por <strong>fuertes lluvias, vientos e incluso nieve<\/strong> en el interior de la provincia de Alicante.<\/p>\n<p style=\"text-align: justify;\">El d\u00eda ha comenzado con <strong>cielos cubiertos y chubascos<\/strong> en Alcoy, as\u00ed como las comarcas del Comtat y de l&#8217;Alcoi\u00e0, y se espera que <strong>la situaci\u00f3n empeore<\/strong> de cara a las pr\u00f3ximas horas. La situaci\u00f3n <strong>ir\u00e1 cambiando a partir del mediod\u00eda<\/strong>, y el viento, las precipitaciones (con una cota de nieve que podr\u00eda bajar hasta los 500-700 m) y el descenso de las temperaturas llegar\u00e1n de forma brusca, extendi\u00e9ndose de norte a sur. La situaci\u00f3n m\u00e1s complicada <strong>la esperamos a partir de la tarde<\/strong>. Es importante <strong>adoptar todas las precauciones<\/strong> a la hora de salir a la carretera y seguir la informaci\u00f3n meteorol\u00f3gica a trav\u00e9s de canales oficiales como la p\u00e1gina web de la AEMET.<\/p>\n<p style=\"text-align: justify;\">Indicar que en Alcoy<strong> se ha suspendido la actividad en el Polideportivo<\/strong> <strong>y en las instalaciones deportivas<\/strong> de la ciudad a partir de las 15h mientras que <strong>Muro finalizar\u00e1 la Fireta de Sant Antoni a mediod\u00eda<\/strong> despu\u00e9s de suspender la actividad comercial en la calle para esta ma\u00f1ana. Los diferentes espect\u00e1culos han sido trasladados a la Fil\u00e0 Pirates y el Centre Cultural Polivalente mientras que la bendici\u00f3n de animales se efectuar\u00e1 en la parroquia de San Juan Bautista una vez finalice la misa en honor a San Antonio Abad.<\/p>\n","protected":false},"excerpt":{"rendered":"<p>La Agencia Estatal de Meteorolog\u00eda ha activado la alerta roja para la tarde de este domingo, y la madrugada as\u00ed&#8230;<\/p>\n","protected":false},"author":1,"featured_media":38862,"comment_status":"open","ping_status":"open","sticky":false,"template":"","format":"standard","meta":{"footnotes":""},"categories":[97,75,125],"tags":[6988,482,1494,6892,237,6989,1340],"class_list":["post-58989","post","type-post","status-publish","format-standard","has-post-thumbnail","hentry","category-alcoy","category-noticias","category-portada","tag-adversa-climatologia","tag-alcoia","tag-alcoy","tag-alerta","tag-comtat","tag-fuertes-vientos","tag-lluvias"],"yoast_head":"<!-- This site is optimized with the Yoast SEO plugin v27.3 - https:\/\/yoast.com\/product\/yoast-seo-wordpress\/ -->\n<title>Alerta por viento, lluvias y nieve en el interior de Alicante - COPE Alcoy<\/title>\n<meta name=\"robots\" content=\"index, follow, max-snippet:-1, max-image-preview:large, max-video-preview:-1\" \/>\n<link rel=\"canonical\" href=\"https:\/\/www.copealcoy.es\/es\/alerta-por-viento-lluvias-y-nieve-en-el-interior-de-alicante\/\" \/>\n<meta property=\"og:locale\" content=\"es_ES\" \/>\n<meta property=\"og:type\" content=\"article\" \/>\n<meta property=\"og:title\" content=\"Alerta por viento, lluvias y nieve en el interior de Alicante - COPE Alcoy\" \/>\n<meta property=\"og:description\" content=\"La Agencia Estatal de Meteorolog\u00eda ha activado la alerta roja para la tarde de este domingo, y la madrugada as\u00ed...\" \/>\n<meta property=\"og:url\" content=\"https:\/\/www.copealcoy.es\/es\/alerta-por-viento-lluvias-y-nieve-en-el-interior-de-alicante\/\" \/>\n<meta property=\"og:site_name\" content=\"COPE Alcoy\" \/>\n<meta property=\"article:published_time\" content=\"2020-01-19T10:55:54+00:00\" \/>\n<meta property=\"og:image\" content=\"https:\/\/www.copealcoy.es\/wp-content\/uploads\/2018\/02\/27332725_1726598017401706_3281589121725152654_n.jpg\" \/>\n\t<meta property=\"og:image:width\" content=\"960\" \/>\n\t<meta property=\"og:image:height\" content=\"720\" \/>\n\t<meta property=\"og:image:type\" content=\"image\/jpeg\" \/>\n<meta name=\"author\" content=\"Cope Alcoy\" \/>\n<meta name=\"twitter:label1\" content=\"Escrito por\" \/>\n\t<meta name=\"twitter:data1\" content=\"Cope Alcoy\" \/>\n\t<meta name=\"twitter:label2\" content=\"Tiempo de lectura\" \/>\n\t<meta name=\"twitter:data2\" content=\"1 minuto\" \/>\n<script type=\"application\/ld+json\" class=\"yoast-schema-graph\">{\"@context\":\"https:\\\/\\\/schema.org\",\"@graph\":[{\"@type\":\"Article\",\"@id\":\"https:\\\/\\\/www.copealcoy.es\\\/es\\\/alerta-por-viento-lluvias-y-nieve-en-el-interior-de-alicante\\\/#article\",\"isPartOf\":{\"@id\":\"https:\\\/\\\/www.copealcoy.es\\\/es\\\/alerta-por-viento-lluvias-y-nieve-en-el-interior-de-alicante\\\/\"},\"author\":{\"name\":\"Cope Alcoy\",\"@id\":\"https:\\\/\\\/www.copealcoy.es\\\/es\\\/#\\\/schema\\\/person\\\/e777c87fa024e57d40170af9df39882c\"},\"headline\":\"Alerta por viento, lluvias y nieve en el interior de Alicante\",\"datePublished\":\"2020-01-19T10:55:54+00:00\",\"mainEntityOfPage\":{\"@id\":\"https:\\\/\\\/www.copealcoy.es\\\/es\\\/alerta-por-viento-lluvias-y-nieve-en-el-interior-de-alicante\\\/\"},\"wordCount\":277,\"commentCount\":0,\"image\":{\"@id\":\"https:\\\/\\\/www.copealcoy.es\\\/es\\\/alerta-por-viento-lluvias-y-nieve-en-el-interior-de-alicante\\\/#primaryimage\"},\"thumbnailUrl\":\"https:\\\/\\\/www.copealcoy.es\\\/wp-content\\\/uploads\\\/2018\\\/02\\\/27332725_1726598017401706_3281589121725152654_n.jpg\",\"keywords\":[\"adversa climatolog\u00eda\",\"Alcoi\u00e0\",\"Alcoy\",\"alerta\",\"Comtat\",\"fuertes vientos\",\"lluvias\"],\"articleSection\":[\"Alcoy\",\"Noticias\",\"Portada\"],\"inLanguage\":\"es\"},{\"@type\":\"WebPage\",\"@id\":\"https:\\\/\\\/www.copealcoy.es\\\/es\\\/alerta-por-viento-lluvias-y-nieve-en-el-interior-de-alicante\\\/\",\"url\":\"https:\\\/\\\/www.copealcoy.es\\\/es\\\/alerta-por-viento-lluvias-y-nieve-en-el-interior-de-alicante\\\/\",\"name\":\"Alerta por viento, lluvias y nieve en el interior de Alicante - COPE Alcoy\",\"isPartOf\":{\"@id\":\"https:\\\/\\\/www.copealcoy.es\\\/es\\\/#website\"},\"primaryImageOfPage\":{\"@id\":\"https:\\\/\\\/www.copealcoy.es\\\/es\\\/alerta-por-viento-lluvias-y-nieve-en-el-interior-de-alicante\\\/#primaryimage\"},\"image\":{\"@id\":\"https:\\\/\\\/www.copealcoy.es\\\/es\\\/alerta-por-viento-lluvias-y-nieve-en-el-interior-de-alicante\\\/#primaryimage\"},\"thumbnailUrl\":\"https:\\\/\\\/www.copealcoy.es\\\/wp-content\\\/uploads\\\/2018\\\/02\\\/27332725_1726598017401706_3281589121725152654_n.jpg\",\"datePublished\":\"2020-01-19T10:55:54+00:00\",\"author\":{\"@id\":\"https:\\\/\\\/www.copealcoy.es\\\/es\\\/#\\\/schema\\\/person\\\/e777c87fa024e57d40170af9df39882c\"},\"breadcrumb\":{\"@id\":\"https:\\\/\\\/www.copealcoy.es\\\/es\\\/alerta-por-viento-lluvias-y-nieve-en-el-interior-de-alicante\\\/#breadcrumb\"},\"inLanguage\":\"es\",\"potentialAction\":[{\"@type\":\"ReadAction\",\"target\":[\"https:\\\/\\\/www.copealcoy.es\\\/es\\\/alerta-por-viento-lluvias-y-nieve-en-el-interior-de-alicante\\\/\"]}]},{\"@type\":\"ImageObject\",\"inLanguage\":\"es\",\"@id\":\"https:\\\/\\\/www.copealcoy.es\\\/es\\\/alerta-por-viento-lluvias-y-nieve-en-el-interior-de-alicante\\\/#primaryimage\",\"url\":\"https:\\\/\\\/www.copealcoy.es\\\/wp-content\\\/uploads\\\/2018\\\/02\\\/27332725_1726598017401706_3281589121725152654_n.jpg\",\"contentUrl\":\"https:\\\/\\\/www.copealcoy.es\\\/wp-content\\\/uploads\\\/2018\\\/02\\\/27332725_1726598017401706_3281589121725152654_n.jpg\",\"width\":960,\"height\":720},{\"@type\":\"BreadcrumbList\",\"@id\":\"https:\\\/\\\/www.copealcoy.es\\\/es\\\/alerta-por-viento-lluvias-y-nieve-en-el-interior-de-alicante\\\/#breadcrumb\",\"itemListElement\":[{\"@type\":\"ListItem\",\"position\":1,\"name\":\"Portada\",\"item\":\"https:\\\/\\\/www.copealcoy.es\\\/es\\\/\"},{\"@type\":\"ListItem\",\"position\":2,\"name\":\"Alerta por viento, lluvias y nieve en el interior de Alicante\"}]},{\"@type\":\"WebSite\",\"@id\":\"https:\\\/\\\/www.copealcoy.es\\\/es\\\/#website\",\"url\":\"https:\\\/\\\/www.copealcoy.es\\\/es\\\/\",\"name\":\"COPE Alcoy\",\"description\":\"Emisora COPE de radio local con emisi\u00f3n online. Pont de Sant Jordi 8-10 03803 Alcoy\",\"potentialAction\":[{\"@type\":\"SearchAction\",\"target\":{\"@type\":\"EntryPoint\",\"urlTemplate\":\"https:\\\/\\\/www.copealcoy.es\\\/es\\\/?s={search_term_string}\"},\"query-input\":{\"@type\":\"PropertyValueSpecification\",\"valueRequired\":true,\"valueName\":\"search_term_string\"}}],\"inLanguage\":\"es\"},{\"@type\":\"Person\",\"@id\":\"https:\\\/\\\/www.copealcoy.es\\\/es\\\/#\\\/schema\\\/person\\\/e777c87fa024e57d40170af9df39882c\",\"name\":\"Cope Alcoy\",\"image\":{\"@type\":\"ImageObject\",\"inLanguage\":\"es\",\"@id\":\"https:\\\/\\\/secure.gravatar.com\\\/avatar\\\/bb65d0283347e303893ba14f0692005417c1e0e690a325a4c5d8bb2b3943ee14?s=96&d=mm&r=g\",\"url\":\"https:\\\/\\\/secure.gravatar.com\\\/avatar\\\/bb65d0283347e303893ba14f0692005417c1e0e690a325a4c5d8bb2b3943ee14?s=96&d=mm&r=g\",\"contentUrl\":\"https:\\\/\\\/secure.gravatar.com\\\/avatar\\\/bb65d0283347e303893ba14f0692005417c1e0e690a325a4c5d8bb2b3943ee14?s=96&d=mm&r=g\",\"caption\":\"Cope Alcoy\"}}]}<\/script>\n<!-- \/ Yoast SEO plugin. -->","yoast_head_json":{"title":"Alerta por viento, lluvias y nieve en el interior de Alicante - COPE Alcoy","robots":{"index":"index","follow":"follow","max-snippet":"max-snippet:-1","max-image-preview":"max-image-preview:large","max-video-preview":"max-video-preview:-1"},"canonical":"https:\/\/www.copealcoy.es\/es\/alerta-por-viento-lluvias-y-nieve-en-el-interior-de-alicante\/","og_locale":"es_ES","og_type":"article","og_title":"Alerta por viento, lluvias y nieve en el interior de Alicante - COPE Alcoy","og_description":"La Agencia Estatal de Meteorolog\u00eda ha activado la alerta roja para la tarde de este domingo, y la madrugada as\u00ed...","og_url":"https:\/\/www.copealcoy.es\/es\/alerta-por-viento-lluvias-y-nieve-en-el-interior-de-alicante\/","og_site_name":"COPE Alcoy","article_published_time":"2020-01-19T10:55:54+00:00","og_image":[{"width":960,"height":720,"url":"https:\/\/www.copealcoy.es\/wp-content\/uploads\/2018\/02\/27332725_1726598017401706_3281589121725152654_n.jpg","type":"image\/jpeg"}],"author":"Cope Alcoy","twitter_misc":{"Escrito por":"Cope Alcoy","Tiempo de lectura":"1 minuto"},"schema":{"@context":"https:\/\/schema.org","@graph":[{"@type":"Article","@id":"https:\/\/www.copealcoy.es\/es\/alerta-por-viento-lluvias-y-nieve-en-el-interior-de-alicante\/#article","isPartOf":{"@id":"https:\/\/www.copealcoy.es\/es\/alerta-por-viento-lluvias-y-nieve-en-el-interior-de-alicante\/"},"author":{"name":"Cope Alcoy","@id":"https:\/\/www.copealcoy.es\/es\/#\/schema\/person\/e777c87fa024e57d40170af9df39882c"},"headline":"Alerta por viento, lluvias y nieve en el interior de Alicante","datePublished":"2020-01-19T10:55:54+00:00","mainEntityOfPage":{"@id":"https:\/\/www.copealcoy.es\/es\/alerta-por-viento-lluvias-y-nieve-en-el-interior-de-alicante\/"},"wordCount":277,"commentCount":0,"image":{"@id":"https:\/\/www.copealcoy.es\/es\/alerta-por-viento-lluvias-y-nieve-en-el-interior-de-alicante\/#primaryimage"},"thumbnailUrl":"https:\/\/www.copealcoy.es\/wp-content\/uploads\/2018\/02\/27332725_1726598017401706_3281589121725152654_n.jpg","keywords":["adversa climatolog\u00eda","Alcoi\u00e0","Alcoy","alerta","Comtat","fuertes vientos","lluvias"],"articleSection":["Alcoy","Noticias","Portada"],"inLanguage":"es"},{"@type":"WebPage","@id":"https:\/\/www.copealcoy.es\/es\/alerta-por-viento-lluvias-y-nieve-en-el-interior-de-alicante\/","url":"https:\/\/www.copealcoy.es\/es\/alerta-por-viento-lluvias-y-nieve-en-el-interior-de-alicante\/","name":"Alerta por viento, lluvias y nieve en el interior de Alicante - COPE Alcoy","isPartOf":{"@id":"https:\/\/www.copealcoy.es\/es\/#website"},"primaryImageOfPage":{"@id":"https:\/\/www.copealcoy.es\/es\/alerta-por-viento-lluvias-y-nieve-en-el-interior-de-alicante\/#primaryimage"},"image":{"@id":"https:\/\/www.copealcoy.es\/es\/alerta-por-viento-lluvias-y-nieve-en-el-interior-de-alicante\/#primaryimage"},"thumbnailUrl":"https:\/\/www.copealcoy.es\/wp-content\/uploads\/2018\/02\/27332725_1726598017401706_3281589121725152654_n.jpg","datePublished":"2020-01-19T10:55:54+00:00","author":{"@id":"https:\/\/www.copealcoy.es\/es\/#\/schema\/person\/e777c87fa024e57d40170af9df39882c"},"breadcrumb":{"@id":"https:\/\/www.copealcoy.es\/es\/alerta-por-viento-lluvias-y-nieve-en-el-interior-de-alicante\/#breadcrumb"},"inLanguage":"es","potentialAction":[{"@type":"ReadAction","target":["https:\/\/www.copealcoy.es\/es\/alerta-por-viento-lluvias-y-nieve-en-el-interior-de-alicante\/"]}]},{"@type":"ImageObject","inLanguage":"es","@id":"https:\/\/www.copealcoy.es\/es\/alerta-por-viento-lluvias-y-nieve-en-el-interior-de-alicante\/#primaryimage","url":"https:\/\/www.copealcoy.es\/wp-content\/uploads\/2018\/02\/27332725_1726598017401706_3281589121725152654_n.jpg","contentUrl":"https:\/\/www.copealcoy.es\/wp-content\/uploads\/2018\/02\/27332725_1726598017401706_3281589121725152654_n.jpg","width":960,"height":720},{"@type":"BreadcrumbList","@id":"https:\/\/www.copealcoy.es\/es\/alerta-por-viento-lluvias-y-nieve-en-el-interior-de-alicante\/#breadcrumb","itemListElement":[{"@type":"ListItem","position":1,"name":"Portada","item":"https:\/\/www.copealcoy.es\/es\/"},{"@type":"ListItem","position":2,"name":"Alerta por viento, lluvias y nieve en el interior de Alicante"}]},{"@type":"WebSite","@id":"https:\/\/www.copealcoy.es\/es\/#website","url":"https:\/\/www.copealcoy.es\/es\/","name":"COPE Alcoy","description":"Emisora COPE de radio local con emisi\u00f3n online. Pont de Sant Jordi 8-10 03803 Alcoy","potentialAction":[{"@type":"SearchAction","target":{"@type":"EntryPoint","urlTemplate":"https:\/\/www.copealcoy.es\/es\/?s={search_term_string}"},"query-input":{"@type":"PropertyValueSpecification","valueRequired":true,"valueName":"search_term_string"}}],"inLanguage":"es"},{"@type":"Person","@id":"https:\/\/www.copealcoy.es\/es\/#\/schema\/person\/e777c87fa024e57d40170af9df39882c","name":"Cope Alcoy","image":{"@type":"ImageObject","inLanguage":"es","@id":"https:\/\/secure.gravatar.com\/avatar\/bb65d0283347e303893ba14f0692005417c1e0e690a325a4c5d8bb2b3943ee14?s=96&d=mm&r=g","url":"https:\/\/secure.gravatar.com\/avatar\/bb65d0283347e303893ba14f0692005417c1e0e690a325a4c5d8bb2b3943ee14?s=96&d=mm&r=g","contentUrl":"https:\/\/secure.gravatar.com\/avatar\/bb65d0283347e303893ba14f0692005417c1e0e690a325a4c5d8bb2b3943ee14?s=96&d=mm&r=g","caption":"Cope Alcoy"}}]}},"_links":{"self":[{"href":"https:\/\/www.copealcoy.es\/es\/wp-json\/wp\/v2\/posts\/58989","targetHints":{"allow":["GET"]}}],"collection":[{"href":"https:\/\/www.copealcoy.es\/es\/wp-json\/wp\/v2\/posts"}],"about":[{"href":"https:\/\/www.copealcoy.es\/es\/wp-json\/wp\/v2\/types\/post"}],"author":[{"embeddable":true,"href":"https:\/\/www.copealcoy.es\/es\/wp-json\/wp\/v2\/users\/1"}],"replies":[{"embeddable":true,"href":"https:\/\/www.copealcoy.es\/es\/wp-json\/wp\/v2\/comments?post=58989"}],"version-history":[{"count":0,"href":"https:\/\/www.copealcoy.es\/es\/wp-json\/wp\/v2\/posts\/58989\/revisions"}],"wp:featuredmedia":[{"embeddable":true,"href":"https:\/\/www.copealcoy.es\/es\/wp-json\/wp\/v2\/media\/38862"}],"wp:attachment":[{"href":"https:\/\/www.copealcoy.es\/es\/wp-json\/wp\/v2\/media?parent=58989"}],"wp:term":[{"taxonomy":"category","embeddable":true,"href":"https:\/\/www.copealcoy.es\/es\/wp-json\/wp\/v2\/categories?post=58989"},{"taxonomy":"post_tag","embeddable":true,"href":"https:\/\/www.copealcoy.es\/es\/wp-json\/wp\/v2\/tags?post=58989"}],"curies":[{"name":"wp","href":"https:\/\/api.w.org\/{rel}","templated":true}]}}