{"id":58925,"date":"2020-01-20T14:01:33","date_gmt":"2020-01-20T14:01:33","guid":{"rendered":"https:\/\/www.copealcoy.es\/?p=58925"},"modified":"2020-01-20T14:01:33","modified_gmt":"2020-01-20T14:01:33","slug":"el-pp-reprocha-al-gobierno-local-el-retraso-en-la-presentacion-del-presupuesto","status":"publish","type":"post","link":"https:\/\/www.copealcoy.es\/es\/el-pp-reprocha-al-gobierno-local-el-retraso-en-la-presentacion-del-presupuesto\/","title":{"rendered":"El PP reprocha al Gobierno Local el retraso en la presentaci\u00f3n del Presupuesto"},"content":{"rendered":"<p style=\"text-align: justify;\"><span lang=\"ES\">El <strong>Partido Popular de Alcoy<\/strong> pide al Gobierno local del PSOE que presente <strong>el borrador del presupuesto<\/strong> del Ayuntamiento para el a\u00f1o 2020.<\/span><\/p>\n<p style=\"text-align: justify;\"><span lang=\"ES\"> La concejala, <strong>Amalia Pay\u00e1<\/strong>, lamenta<strong> el retraso en la preparaci\u00f3n de las cuentas locales<\/strong> y dice que estas <strong>ser\u00e1n debatidas<\/strong> un a\u00f1o m\u00e1s con el ejercicio en marcha. Pay\u00e1 lamenta que el PSOE <strong>no haya buscado el consenso previo con los grupos pol\u00edticos de la oposici\u00f3n<\/strong>\u00a0a la hora de dise\u00f1ar el presupuesto y afirma que su partido <strong>espera disponer del borrador de las cuentas<\/strong> para presentar sus propuestas, encaminadas b\u00e1sicamente a <strong>la mejora del estado de las calles<\/strong> y a l<strong>a dinamizaci\u00f3n econ\u00f3mica de la ciudad<\/strong>.\u00a0<\/span>De igual forma apunta que el Ejecutivo Municipal <strong>cuenta de 12 concejales y 9 asesores<\/strong> <em>&#8220;para coordinar la elaboraci\u00f3n del presupuesto y cumplir los plazos que establece la legislaci\u00f3n. No comprendemos la demora en la entrega de las cuentas. Seg\u00fan la Ley Reguladora de Haciendas Locales, el Gobierno debe entregar el presupuesto, informado por la intervenci\u00f3n, antes del 15 de octubre para su aprobaci\u00f3n antes del 31 de diciembre. Estamos a mitad de enero y todav\u00eda no conocemos la propuesta del PSOE<\/em>&#8220;, protesta la edil.<\/p>\n<p style=\"text-align: justify;\">Indicar que en el pasado a\u00f1o los Presupuestos Municipales <strong>se aprobaron a finales del mes de enero<\/strong> una vez ya hab\u00eda comenzado el a\u00f1o.<\/p>\n","protected":false},"excerpt":{"rendered":"<p>El Partido Popular de Alcoy pide al Gobierno local del PSOE que presente el borrador del presupuesto del Ayuntamiento para&#8230;<\/p>\n","protected":false},"author":1,"featured_media":9803,"comment_status":"open","ping_status":"open","sticky":false,"template":"","format":"standard","meta":{"footnotes":""},"categories":[97,75,79],"tags":[3212,1195,448,1572,274],"class_list":["post-58925","post","type-post","status-publish","format-standard","has-post-thumbnail","hentry","category-alcoy","category-noticias","category-politicayeconomia","tag-amalia-paya","tag-gobierno-local","tag-partido-popular","tag-presupuestos-municipales","tag-retraso"],"yoast_head":"<!-- This site is optimized with the Yoast SEO plugin v27.3 - https:\/\/yoast.com\/product\/yoast-seo-wordpress\/ -->\n<title>El PP reprocha al Gobierno Local el retraso en la presentaci\u00f3n del Presupuesto - COPE Alcoy<\/title>\n<meta name=\"robots\" content=\"index, follow, max-snippet:-1, max-image-preview:large, max-video-preview:-1\" \/>\n<link rel=\"canonical\" href=\"https:\/\/www.copealcoy.es\/es\/el-pp-reprocha-al-gobierno-local-el-retraso-en-la-presentacion-del-presupuesto\/\" \/>\n<meta property=\"og:locale\" content=\"es_ES\" \/>\n<meta property=\"og:type\" content=\"article\" \/>\n<meta property=\"og:title\" content=\"El PP reprocha al Gobierno Local el retraso en la presentaci\u00f3n del Presupuesto - COPE Alcoy\" \/>\n<meta property=\"og:description\" content=\"El Partido Popular de Alcoy pide al Gobierno local del PSOE que presente el borrador del presupuesto del Ayuntamiento para...\" \/>\n<meta property=\"og:url\" content=\"https:\/\/www.copealcoy.es\/es\/el-pp-reprocha-al-gobierno-local-el-retraso-en-la-presentacion-del-presupuesto\/\" \/>\n<meta property=\"og:site_name\" content=\"COPE Alcoy\" \/>\n<meta property=\"article:published_time\" content=\"2020-01-20T14:01:33+00:00\" \/>\n<meta property=\"og:image\" content=\"https:\/\/www.copealcoy.es\/wp-content\/uploads\/2015\/01\/image85.jpg\" \/>\n\t<meta property=\"og:image:width\" content=\"1366\" \/>\n\t<meta property=\"og:image:height\" content=\"827\" \/>\n\t<meta property=\"og:image:type\" content=\"image\/jpeg\" \/>\n<meta name=\"author\" content=\"Cope Alcoy\" \/>\n<meta name=\"twitter:label1\" content=\"Escrito por\" \/>\n\t<meta name=\"twitter:data1\" content=\"Cope Alcoy\" \/>\n\t<meta name=\"twitter:label2\" content=\"Tiempo de lectura\" \/>\n\t<meta name=\"twitter:data2\" content=\"1 minuto\" \/>\n<script type=\"application\/ld+json\" class=\"yoast-schema-graph\">{\"@context\":\"https:\\\/\\\/schema.org\",\"@graph\":[{\"@type\":\"Article\",\"@id\":\"https:\\\/\\\/www.copealcoy.es\\\/es\\\/el-pp-reprocha-al-gobierno-local-el-retraso-en-la-presentacion-del-presupuesto\\\/#article\",\"isPartOf\":{\"@id\":\"https:\\\/\\\/www.copealcoy.es\\\/es\\\/el-pp-reprocha-al-gobierno-local-el-retraso-en-la-presentacion-del-presupuesto\\\/\"},\"author\":{\"name\":\"Cope Alcoy\",\"@id\":\"https:\\\/\\\/www.copealcoy.es\\\/es\\\/#\\\/schema\\\/person\\\/e777c87fa024e57d40170af9df39882c\"},\"headline\":\"El PP reprocha al Gobierno Local el retraso en la presentaci\u00f3n del Presupuesto\",\"datePublished\":\"2020-01-20T14:01:33+00:00\",\"mainEntityOfPage\":{\"@id\":\"https:\\\/\\\/www.copealcoy.es\\\/es\\\/el-pp-reprocha-al-gobierno-local-el-retraso-en-la-presentacion-del-presupuesto\\\/\"},\"wordCount\":248,\"commentCount\":0,\"image\":{\"@id\":\"https:\\\/\\\/www.copealcoy.es\\\/es\\\/el-pp-reprocha-al-gobierno-local-el-retraso-en-la-presentacion-del-presupuesto\\\/#primaryimage\"},\"thumbnailUrl\":\"https:\\\/\\\/www.copealcoy.es\\\/wp-content\\\/uploads\\\/2015\\\/01\\\/image85.jpg\",\"keywords\":[\"Amalia Pay\u00e0\",\"Gobierno Local\",\"Partido Popular\",\"Presupuestos Municipales\",\"Retraso\"],\"articleSection\":[\"Alcoy\",\"Noticias\",\"Pol\u00edtica y Econom\u00eda\"],\"inLanguage\":\"es\"},{\"@type\":\"WebPage\",\"@id\":\"https:\\\/\\\/www.copealcoy.es\\\/es\\\/el-pp-reprocha-al-gobierno-local-el-retraso-en-la-presentacion-del-presupuesto\\\/\",\"url\":\"https:\\\/\\\/www.copealcoy.es\\\/es\\\/el-pp-reprocha-al-gobierno-local-el-retraso-en-la-presentacion-del-presupuesto\\\/\",\"name\":\"El PP reprocha al Gobierno Local el retraso en la presentaci\u00f3n del Presupuesto - COPE Alcoy\",\"isPartOf\":{\"@id\":\"https:\\\/\\\/www.copealcoy.es\\\/es\\\/#website\"},\"primaryImageOfPage\":{\"@id\":\"https:\\\/\\\/www.copealcoy.es\\\/es\\\/el-pp-reprocha-al-gobierno-local-el-retraso-en-la-presentacion-del-presupuesto\\\/#primaryimage\"},\"image\":{\"@id\":\"https:\\\/\\\/www.copealcoy.es\\\/es\\\/el-pp-reprocha-al-gobierno-local-el-retraso-en-la-presentacion-del-presupuesto\\\/#primaryimage\"},\"thumbnailUrl\":\"https:\\\/\\\/www.copealcoy.es\\\/wp-content\\\/uploads\\\/2015\\\/01\\\/image85.jpg\",\"datePublished\":\"2020-01-20T14:01:33+00:00\",\"author\":{\"@id\":\"https:\\\/\\\/www.copealcoy.es\\\/es\\\/#\\\/schema\\\/person\\\/e777c87fa024e57d40170af9df39882c\"},\"breadcrumb\":{\"@id\":\"https:\\\/\\\/www.copealcoy.es\\\/es\\\/el-pp-reprocha-al-gobierno-local-el-retraso-en-la-presentacion-del-presupuesto\\\/#breadcrumb\"},\"inLanguage\":\"es\",\"potentialAction\":[{\"@type\":\"ReadAction\",\"target\":[\"https:\\\/\\\/www.copealcoy.es\\\/es\\\/el-pp-reprocha-al-gobierno-local-el-retraso-en-la-presentacion-del-presupuesto\\\/\"]}]},{\"@type\":\"ImageObject\",\"inLanguage\":\"es\",\"@id\":\"https:\\\/\\\/www.copealcoy.es\\\/es\\\/el-pp-reprocha-al-gobierno-local-el-retraso-en-la-presentacion-del-presupuesto\\\/#primaryimage\",\"url\":\"https:\\\/\\\/www.copealcoy.es\\\/wp-content\\\/uploads\\\/2015\\\/01\\\/image85.jpg\",\"contentUrl\":\"https:\\\/\\\/www.copealcoy.es\\\/wp-content\\\/uploads\\\/2015\\\/01\\\/image85.jpg\",\"width\":1366,\"height\":827,\"caption\":\"Imagen del Ayuntamiento de Alcoy\"},{\"@type\":\"BreadcrumbList\",\"@id\":\"https:\\\/\\\/www.copealcoy.es\\\/es\\\/el-pp-reprocha-al-gobierno-local-el-retraso-en-la-presentacion-del-presupuesto\\\/#breadcrumb\",\"itemListElement\":[{\"@type\":\"ListItem\",\"position\":1,\"name\":\"Portada\",\"item\":\"https:\\\/\\\/www.copealcoy.es\\\/es\\\/\"},{\"@type\":\"ListItem\",\"position\":2,\"name\":\"El PP reprocha al Gobierno Local el retraso en la presentaci\u00f3n del Presupuesto\"}]},{\"@type\":\"WebSite\",\"@id\":\"https:\\\/\\\/www.copealcoy.es\\\/es\\\/#website\",\"url\":\"https:\\\/\\\/www.copealcoy.es\\\/es\\\/\",\"name\":\"COPE Alcoy\",\"description\":\"Emisora COPE de radio local con emisi\u00f3n online. Pont de Sant Jordi 8-10 03803 Alcoy\",\"potentialAction\":[{\"@type\":\"SearchAction\",\"target\":{\"@type\":\"EntryPoint\",\"urlTemplate\":\"https:\\\/\\\/www.copealcoy.es\\\/es\\\/?s={search_term_string}\"},\"query-input\":{\"@type\":\"PropertyValueSpecification\",\"valueRequired\":true,\"valueName\":\"search_term_string\"}}],\"inLanguage\":\"es\"},{\"@type\":\"Person\",\"@id\":\"https:\\\/\\\/www.copealcoy.es\\\/es\\\/#\\\/schema\\\/person\\\/e777c87fa024e57d40170af9df39882c\",\"name\":\"Cope Alcoy\",\"image\":{\"@type\":\"ImageObject\",\"inLanguage\":\"es\",\"@id\":\"https:\\\/\\\/secure.gravatar.com\\\/avatar\\\/bb65d0283347e303893ba14f0692005417c1e0e690a325a4c5d8bb2b3943ee14?s=96&d=mm&r=g\",\"url\":\"https:\\\/\\\/secure.gravatar.com\\\/avatar\\\/bb65d0283347e303893ba14f0692005417c1e0e690a325a4c5d8bb2b3943ee14?s=96&d=mm&r=g\",\"contentUrl\":\"https:\\\/\\\/secure.gravatar.com\\\/avatar\\\/bb65d0283347e303893ba14f0692005417c1e0e690a325a4c5d8bb2b3943ee14?s=96&d=mm&r=g\",\"caption\":\"Cope Alcoy\"}}]}<\/script>\n<!-- \/ Yoast SEO plugin. -->","yoast_head_json":{"title":"El PP reprocha al Gobierno Local el retraso en la presentaci\u00f3n del Presupuesto - COPE Alcoy","robots":{"index":"index","follow":"follow","max-snippet":"max-snippet:-1","max-image-preview":"max-image-preview:large","max-video-preview":"max-video-preview:-1"},"canonical":"https:\/\/www.copealcoy.es\/es\/el-pp-reprocha-al-gobierno-local-el-retraso-en-la-presentacion-del-presupuesto\/","og_locale":"es_ES","og_type":"article","og_title":"El PP reprocha al Gobierno Local el retraso en la presentaci\u00f3n del Presupuesto - COPE Alcoy","og_description":"El Partido Popular de Alcoy pide al Gobierno local del PSOE que presente el borrador del presupuesto del Ayuntamiento para...","og_url":"https:\/\/www.copealcoy.es\/es\/el-pp-reprocha-al-gobierno-local-el-retraso-en-la-presentacion-del-presupuesto\/","og_site_name":"COPE Alcoy","article_published_time":"2020-01-20T14:01:33+00:00","og_image":[{"width":1366,"height":827,"url":"https:\/\/www.copealcoy.es\/wp-content\/uploads\/2015\/01\/image85.jpg","type":"image\/jpeg"}],"author":"Cope Alcoy","twitter_misc":{"Escrito por":"Cope Alcoy","Tiempo de lectura":"1 minuto"},"schema":{"@context":"https:\/\/schema.org","@graph":[{"@type":"Article","@id":"https:\/\/www.copealcoy.es\/es\/el-pp-reprocha-al-gobierno-local-el-retraso-en-la-presentacion-del-presupuesto\/#article","isPartOf":{"@id":"https:\/\/www.copealcoy.es\/es\/el-pp-reprocha-al-gobierno-local-el-retraso-en-la-presentacion-del-presupuesto\/"},"author":{"name":"Cope Alcoy","@id":"https:\/\/www.copealcoy.es\/es\/#\/schema\/person\/e777c87fa024e57d40170af9df39882c"},"headline":"El PP reprocha al Gobierno Local el retraso en la presentaci\u00f3n del Presupuesto","datePublished":"2020-01-20T14:01:33+00:00","mainEntityOfPage":{"@id":"https:\/\/www.copealcoy.es\/es\/el-pp-reprocha-al-gobierno-local-el-retraso-en-la-presentacion-del-presupuesto\/"},"wordCount":248,"commentCount":0,"image":{"@id":"https:\/\/www.copealcoy.es\/es\/el-pp-reprocha-al-gobierno-local-el-retraso-en-la-presentacion-del-presupuesto\/#primaryimage"},"thumbnailUrl":"https:\/\/www.copealcoy.es\/wp-content\/uploads\/2015\/01\/image85.jpg","keywords":["Amalia Pay\u00e0","Gobierno Local","Partido Popular","Presupuestos Municipales","Retraso"],"articleSection":["Alcoy","Noticias","Pol\u00edtica y Econom\u00eda"],"inLanguage":"es"},{"@type":"WebPage","@id":"https:\/\/www.copealcoy.es\/es\/el-pp-reprocha-al-gobierno-local-el-retraso-en-la-presentacion-del-presupuesto\/","url":"https:\/\/www.copealcoy.es\/es\/el-pp-reprocha-al-gobierno-local-el-retraso-en-la-presentacion-del-presupuesto\/","name":"El PP reprocha al Gobierno Local el retraso en la presentaci\u00f3n del Presupuesto - COPE Alcoy","isPartOf":{"@id":"https:\/\/www.copealcoy.es\/es\/#website"},"primaryImageOfPage":{"@id":"https:\/\/www.copealcoy.es\/es\/el-pp-reprocha-al-gobierno-local-el-retraso-en-la-presentacion-del-presupuesto\/#primaryimage"},"image":{"@id":"https:\/\/www.copealcoy.es\/es\/el-pp-reprocha-al-gobierno-local-el-retraso-en-la-presentacion-del-presupuesto\/#primaryimage"},"thumbnailUrl":"https:\/\/www.copealcoy.es\/wp-content\/uploads\/2015\/01\/image85.jpg","datePublished":"2020-01-20T14:01:33+00:00","author":{"@id":"https:\/\/www.copealcoy.es\/es\/#\/schema\/person\/e777c87fa024e57d40170af9df39882c"},"breadcrumb":{"@id":"https:\/\/www.copealcoy.es\/es\/el-pp-reprocha-al-gobierno-local-el-retraso-en-la-presentacion-del-presupuesto\/#breadcrumb"},"inLanguage":"es","potentialAction":[{"@type":"ReadAction","target":["https:\/\/www.copealcoy.es\/es\/el-pp-reprocha-al-gobierno-local-el-retraso-en-la-presentacion-del-presupuesto\/"]}]},{"@type":"ImageObject","inLanguage":"es","@id":"https:\/\/www.copealcoy.es\/es\/el-pp-reprocha-al-gobierno-local-el-retraso-en-la-presentacion-del-presupuesto\/#primaryimage","url":"https:\/\/www.copealcoy.es\/wp-content\/uploads\/2015\/01\/image85.jpg","contentUrl":"https:\/\/www.copealcoy.es\/wp-content\/uploads\/2015\/01\/image85.jpg","width":1366,"height":827,"caption":"Imagen del Ayuntamiento de Alcoy"},{"@type":"BreadcrumbList","@id":"https:\/\/www.copealcoy.es\/es\/el-pp-reprocha-al-gobierno-local-el-retraso-en-la-presentacion-del-presupuesto\/#breadcrumb","itemListElement":[{"@type":"ListItem","position":1,"name":"Portada","item":"https:\/\/www.copealcoy.es\/es\/"},{"@type":"ListItem","position":2,"name":"El PP reprocha al Gobierno Local el retraso en la presentaci\u00f3n del Presupuesto"}]},{"@type":"WebSite","@id":"https:\/\/www.copealcoy.es\/es\/#website","url":"https:\/\/www.copealcoy.es\/es\/","name":"COPE Alcoy","description":"Emisora COPE de radio local con emisi\u00f3n online. Pont de Sant Jordi 8-10 03803 Alcoy","potentialAction":[{"@type":"SearchAction","target":{"@type":"EntryPoint","urlTemplate":"https:\/\/www.copealcoy.es\/es\/?s={search_term_string}"},"query-input":{"@type":"PropertyValueSpecification","valueRequired":true,"valueName":"search_term_string"}}],"inLanguage":"es"},{"@type":"Person","@id":"https:\/\/www.copealcoy.es\/es\/#\/schema\/person\/e777c87fa024e57d40170af9df39882c","name":"Cope Alcoy","image":{"@type":"ImageObject","inLanguage":"es","@id":"https:\/\/secure.gravatar.com\/avatar\/bb65d0283347e303893ba14f0692005417c1e0e690a325a4c5d8bb2b3943ee14?s=96&d=mm&r=g","url":"https:\/\/secure.gravatar.com\/avatar\/bb65d0283347e303893ba14f0692005417c1e0e690a325a4c5d8bb2b3943ee14?s=96&d=mm&r=g","contentUrl":"https:\/\/secure.gravatar.com\/avatar\/bb65d0283347e303893ba14f0692005417c1e0e690a325a4c5d8bb2b3943ee14?s=96&d=mm&r=g","caption":"Cope Alcoy"}}]}},"_links":{"self":[{"href":"https:\/\/www.copealcoy.es\/es\/wp-json\/wp\/v2\/posts\/58925","targetHints":{"allow":["GET"]}}],"collection":[{"href":"https:\/\/www.copealcoy.es\/es\/wp-json\/wp\/v2\/posts"}],"about":[{"href":"https:\/\/www.copealcoy.es\/es\/wp-json\/wp\/v2\/types\/post"}],"author":[{"embeddable":true,"href":"https:\/\/www.copealcoy.es\/es\/wp-json\/wp\/v2\/users\/1"}],"replies":[{"embeddable":true,"href":"https:\/\/www.copealcoy.es\/es\/wp-json\/wp\/v2\/comments?post=58925"}],"version-history":[{"count":0,"href":"https:\/\/www.copealcoy.es\/es\/wp-json\/wp\/v2\/posts\/58925\/revisions"}],"wp:featuredmedia":[{"embeddable":true,"href":"https:\/\/www.copealcoy.es\/es\/wp-json\/wp\/v2\/media\/9803"}],"wp:attachment":[{"href":"https:\/\/www.copealcoy.es\/es\/wp-json\/wp\/v2\/media?parent=58925"}],"wp:term":[{"taxonomy":"category","embeddable":true,"href":"https:\/\/www.copealcoy.es\/es\/wp-json\/wp\/v2\/categories?post=58925"},{"taxonomy":"post_tag","embeddable":true,"href":"https:\/\/www.copealcoy.es\/es\/wp-json\/wp\/v2\/tags?post=58925"}],"curies":[{"name":"wp","href":"https:\/\/api.w.org\/{rel}","templated":true}]}}