{"id":58904,"date":"2020-01-16T15:12:22","date_gmt":"2020-01-16T15:12:22","guid":{"rendered":"https:\/\/www.copealcoy.es\/?p=58904"},"modified":"2020-01-16T15:12:22","modified_gmt":"2020-01-16T15:12:22","slug":"alcoy-celebra-sant-antoni-pendiente-de-la-climatologia","status":"publish","type":"post","link":"https:\/\/www.copealcoy.es\/es\/alcoy-celebra-sant-antoni-pendiente-de-la-climatologia\/","title":{"rendered":"Alcoy celebra Sant Antoni pendiente de la climatolog\u00eda"},"content":{"rendered":"<p style=\"text-align: justify;\">Alcoy ultima <strong>la celebraci\u00f3n de los actos en honor a Sant Antoni<\/strong>, una festividad que se llevar\u00e1 a cabo este fin de semana s<strong>i la adversa climatolog\u00eda no lo impide<\/strong> ya que las previsiones meteorol\u00f3gicas se\u00f1alan a d\u00eda de hoy <strong>lluvias e incluso nieve<\/strong> para el domingo.<\/p>\n<p style=\"text-align: justify;\">Los actos arrancan el s\u00e1bado a las cuatro de la tarde con <strong>el Mercado Tradicional<\/strong> que montar\u00e1 La Protectora en La Glorieta mientras que media hora despu\u00e9s comenzar\u00e1 <strong>el pasacalle de animales<\/strong> desde la Pla\u00e7a de Dins y hasta la Plaza de Ram\u00f3n y Cajal. All\u00ed, a las puertas del templo de San Mauro, tendr\u00e1 lugar<strong> la bendici\u00f3n de animales<\/strong> y la jornada acabar\u00e1 con <strong>juegos infantiles<\/strong> as\u00ed como <strong>una chocolatada<\/strong> en el mencionado parque de La Glorieta.<\/p>\n<p style=\"text-align: justify;\">Ya el domingo se efectuar\u00e1 <strong>una &#8216;despert\u00e0&#8217;<\/strong> a cargo del Grup Barxell a partir de las ocho y media de la ma\u00f1ana mientras que los participantes en la romer\u00eda <strong>se concentrar\u00e1n en el Polideportivo Municipal<\/strong> sobre las nueve de la ma\u00f1ana. Desde all\u00ed, a partir de las nueve y media, <strong>comenzar\u00e1\u00a0la citada peregrinaci\u00f3n en la que se acompa\u00f1ar\u00e1 a la imagen de San Antonio Abad hasta al paraje<\/strong> que lleva su nombre junto al Parque Natural de la Font Roja. Al llegar a la ermita <strong>el santo ser\u00e1 depositado en su interior<\/strong> y a las doce del mediod\u00eda <strong>habr\u00e1 una misa<\/strong> &#8220;<em>es una fiesta muy tradicional y esperada porque en el paraje podremos hacer la &#8216;rostida&#8217; para degustar un buen almuerzo. El Ayuntamiento facilitar\u00e1 la le\u00f1a, agua e incluso la cl\u00e1sica &#8216;aigua sal&#8217; y en el caso de que se decrete alerta 3 por fuertes vientos se suprimir\u00eda el encendido de las hogueras. Respecto al tiempo esperamos a \u00faltima hora para adoptar una decisi\u00f3n en funci\u00f3n de como evolucionen las previsiones<\/em>&#8220;, aseguraba la edil de Fiestas, <strong>Carol Ortiz<\/strong>, en el espacio #LaNostraFesta que conduce cada mi\u00e9rcoles en COPE ALCOY nuestro compa\u00f1ero Carlos Tal\u00e9ns.<\/p>\n<div class=\"page\" title=\"Page 13\">\n<div class=\"layoutArea\">\n<div class=\"column\">\n<p style=\"text-align: justify;\">Indicar que <strong>habr\u00e1 un servicio especial de autob\u00fas<\/strong>, cada 30 minutos, \u00a0desde la explanada del Polideportivo mientras que junto a la ermita <strong>se llevar\u00e1n a cabo bailes populares<\/strong> por parte del Grup de Danses Sant Jordi.<\/p>\n<p>Aqu\u00ed <strong>puedes escuchar<\/strong> el espacio #LaNostraFesta de esta semana:<\/p>\n<p><iframe loading=\"lazy\" title=\"La Ma\u00f1ana En Alcoy Mi\u00e9rcoles 15 De Enero 2020\" width=\"100%\" height=\"120\" src=\"https:\/\/www.mixcloud.com\/widget\/iframe\/?feed=https%3A%2F%2Fwww.mixcloud.com%2FCOPEAlcoy%2Fla-ma%25C3%25B1ana-en-alcoy-mi%25C3%25A9rcoles-15-de-enero-2020%2F&amp;hide_cover=1\" frameborder=\"0\"><\/iframe><\/p>\n<\/div>\n<\/div>\n<\/div>\n","protected":false},"excerpt":{"rendered":"<p>Alcoy ultima la celebraci\u00f3n de los actos en honor a Sant Antoni, una festividad que se llevar\u00e1 a cabo este&#8230;<\/p>\n","protected":false},"author":1,"featured_media":58905,"comment_status":"open","ping_status":"open","sticky":false,"template":"","format":"standard","meta":{"footnotes":""},"categories":[97,78,75],"tags":[1494,4010,6975,5945,6976,4008,542],"class_list":["post-58904","post","type-post","status-publish","format-standard","has-post-thumbnail","hentry","category-alcoy","category-fiestaycultura","category-noticias","tag-alcoy","tag-carlos-talens","tag-carol-ortiz","tag-celebracion","tag-climatologia","tag-la-nostra-festa","tag-sant-antoni"],"yoast_head":"<!-- This site is optimized with the Yoast SEO plugin v27.3 - https:\/\/yoast.com\/product\/yoast-seo-wordpress\/ -->\n<title>Alcoy celebra Sant Antoni pendiente de la climatolog\u00eda - COPE Alcoy<\/title>\n<meta name=\"robots\" content=\"index, follow, max-snippet:-1, max-image-preview:large, max-video-preview:-1\" \/>\n<link rel=\"canonical\" href=\"https:\/\/www.copealcoy.es\/es\/alcoy-celebra-sant-antoni-pendiente-de-la-climatologia\/\" \/>\n<meta property=\"og:locale\" content=\"es_ES\" \/>\n<meta property=\"og:type\" content=\"article\" \/>\n<meta property=\"og:title\" content=\"Alcoy celebra Sant Antoni pendiente de la climatolog\u00eda - COPE Alcoy\" \/>\n<meta property=\"og:description\" content=\"Alcoy ultima la celebraci\u00f3n de los actos en honor a Sant Antoni, una festividad que se llevar\u00e1 a cabo este...\" \/>\n<meta property=\"og:url\" content=\"https:\/\/www.copealcoy.es\/es\/alcoy-celebra-sant-antoni-pendiente-de-la-climatologia\/\" \/>\n<meta property=\"og:site_name\" content=\"COPE Alcoy\" \/>\n<meta property=\"article:published_time\" content=\"2020-01-16T15:12:22+00:00\" \/>\n<meta property=\"og:image\" content=\"https:\/\/www.copealcoy.es\/wp-content\/uploads\/2020\/01\/IMG_4854-1-scaled.jpg\" \/>\n\t<meta property=\"og:image:width\" content=\"2560\" \/>\n\t<meta property=\"og:image:height\" content=\"1920\" \/>\n\t<meta property=\"og:image:type\" content=\"image\/jpeg\" \/>\n<meta name=\"author\" content=\"Cope Alcoy\" \/>\n<meta name=\"twitter:label1\" content=\"Escrito por\" \/>\n\t<meta name=\"twitter:data1\" content=\"Cope Alcoy\" \/>\n\t<meta name=\"twitter:label2\" content=\"Tiempo de lectura\" \/>\n\t<meta name=\"twitter:data2\" content=\"2 minutos\" \/>\n<script type=\"application\/ld+json\" class=\"yoast-schema-graph\">{\"@context\":\"https:\\\/\\\/schema.org\",\"@graph\":[{\"@type\":\"Article\",\"@id\":\"https:\\\/\\\/www.copealcoy.es\\\/es\\\/alcoy-celebra-sant-antoni-pendiente-de-la-climatologia\\\/#article\",\"isPartOf\":{\"@id\":\"https:\\\/\\\/www.copealcoy.es\\\/es\\\/alcoy-celebra-sant-antoni-pendiente-de-la-climatologia\\\/\"},\"author\":{\"name\":\"Cope Alcoy\",\"@id\":\"https:\\\/\\\/www.copealcoy.es\\\/es\\\/#\\\/schema\\\/person\\\/e777c87fa024e57d40170af9df39882c\"},\"headline\":\"Alcoy celebra Sant Antoni pendiente de la climatolog\u00eda\",\"datePublished\":\"2020-01-16T15:12:22+00:00\",\"mainEntityOfPage\":{\"@id\":\"https:\\\/\\\/www.copealcoy.es\\\/es\\\/alcoy-celebra-sant-antoni-pendiente-de-la-climatologia\\\/\"},\"wordCount\":407,\"commentCount\":0,\"image\":{\"@id\":\"https:\\\/\\\/www.copealcoy.es\\\/es\\\/alcoy-celebra-sant-antoni-pendiente-de-la-climatologia\\\/#primaryimage\"},\"thumbnailUrl\":\"https:\\\/\\\/www.copealcoy.es\\\/wp-content\\\/uploads\\\/2020\\\/01\\\/IMG_4854-1-scaled.jpg\",\"keywords\":[\"Alcoy\",\"Carlos Tal\u00e9ns\",\"Carol Ortiz\",\"celebraci\u00f3n\",\"climatolog\u00eda\",\"La Nostra Festa\",\"Sant Antoni\"],\"articleSection\":[\"Alcoy\",\"Fiesta y Cultura\",\"Noticias\"],\"inLanguage\":\"es\"},{\"@type\":\"WebPage\",\"@id\":\"https:\\\/\\\/www.copealcoy.es\\\/es\\\/alcoy-celebra-sant-antoni-pendiente-de-la-climatologia\\\/\",\"url\":\"https:\\\/\\\/www.copealcoy.es\\\/es\\\/alcoy-celebra-sant-antoni-pendiente-de-la-climatologia\\\/\",\"name\":\"Alcoy celebra Sant Antoni pendiente de la climatolog\u00eda - COPE Alcoy\",\"isPartOf\":{\"@id\":\"https:\\\/\\\/www.copealcoy.es\\\/es\\\/#website\"},\"primaryImageOfPage\":{\"@id\":\"https:\\\/\\\/www.copealcoy.es\\\/es\\\/alcoy-celebra-sant-antoni-pendiente-de-la-climatologia\\\/#primaryimage\"},\"image\":{\"@id\":\"https:\\\/\\\/www.copealcoy.es\\\/es\\\/alcoy-celebra-sant-antoni-pendiente-de-la-climatologia\\\/#primaryimage\"},\"thumbnailUrl\":\"https:\\\/\\\/www.copealcoy.es\\\/wp-content\\\/uploads\\\/2020\\\/01\\\/IMG_4854-1-scaled.jpg\",\"datePublished\":\"2020-01-16T15:12:22+00:00\",\"author\":{\"@id\":\"https:\\\/\\\/www.copealcoy.es\\\/es\\\/#\\\/schema\\\/person\\\/e777c87fa024e57d40170af9df39882c\"},\"breadcrumb\":{\"@id\":\"https:\\\/\\\/www.copealcoy.es\\\/es\\\/alcoy-celebra-sant-antoni-pendiente-de-la-climatologia\\\/#breadcrumb\"},\"inLanguage\":\"es\",\"potentialAction\":[{\"@type\":\"ReadAction\",\"target\":[\"https:\\\/\\\/www.copealcoy.es\\\/es\\\/alcoy-celebra-sant-antoni-pendiente-de-la-climatologia\\\/\"]}]},{\"@type\":\"ImageObject\",\"inLanguage\":\"es\",\"@id\":\"https:\\\/\\\/www.copealcoy.es\\\/es\\\/alcoy-celebra-sant-antoni-pendiente-de-la-climatologia\\\/#primaryimage\",\"url\":\"https:\\\/\\\/www.copealcoy.es\\\/wp-content\\\/uploads\\\/2020\\\/01\\\/IMG_4854-1-scaled.jpg\",\"contentUrl\":\"https:\\\/\\\/www.copealcoy.es\\\/wp-content\\\/uploads\\\/2020\\\/01\\\/IMG_4854-1-scaled.jpg\",\"width\":2560,\"height\":1920,\"caption\":\"Carol Ortiz ha estado en #LaNostraFesta junto a Carlos Tal\u00e9ns \\\/ Foto: G. Pascual\"},{\"@type\":\"BreadcrumbList\",\"@id\":\"https:\\\/\\\/www.copealcoy.es\\\/es\\\/alcoy-celebra-sant-antoni-pendiente-de-la-climatologia\\\/#breadcrumb\",\"itemListElement\":[{\"@type\":\"ListItem\",\"position\":1,\"name\":\"Portada\",\"item\":\"https:\\\/\\\/www.copealcoy.es\\\/es\\\/\"},{\"@type\":\"ListItem\",\"position\":2,\"name\":\"Alcoy celebra Sant Antoni pendiente de la climatolog\u00eda\"}]},{\"@type\":\"WebSite\",\"@id\":\"https:\\\/\\\/www.copealcoy.es\\\/es\\\/#website\",\"url\":\"https:\\\/\\\/www.copealcoy.es\\\/es\\\/\",\"name\":\"COPE Alcoy\",\"description\":\"Emisora COPE de radio local con emisi\u00f3n online. Pont de Sant Jordi 8-10 03803 Alcoy\",\"potentialAction\":[{\"@type\":\"SearchAction\",\"target\":{\"@type\":\"EntryPoint\",\"urlTemplate\":\"https:\\\/\\\/www.copealcoy.es\\\/es\\\/?s={search_term_string}\"},\"query-input\":{\"@type\":\"PropertyValueSpecification\",\"valueRequired\":true,\"valueName\":\"search_term_string\"}}],\"inLanguage\":\"es\"},{\"@type\":\"Person\",\"@id\":\"https:\\\/\\\/www.copealcoy.es\\\/es\\\/#\\\/schema\\\/person\\\/e777c87fa024e57d40170af9df39882c\",\"name\":\"Cope Alcoy\",\"image\":{\"@type\":\"ImageObject\",\"inLanguage\":\"es\",\"@id\":\"https:\\\/\\\/secure.gravatar.com\\\/avatar\\\/bb65d0283347e303893ba14f0692005417c1e0e690a325a4c5d8bb2b3943ee14?s=96&d=mm&r=g\",\"url\":\"https:\\\/\\\/secure.gravatar.com\\\/avatar\\\/bb65d0283347e303893ba14f0692005417c1e0e690a325a4c5d8bb2b3943ee14?s=96&d=mm&r=g\",\"contentUrl\":\"https:\\\/\\\/secure.gravatar.com\\\/avatar\\\/bb65d0283347e303893ba14f0692005417c1e0e690a325a4c5d8bb2b3943ee14?s=96&d=mm&r=g\",\"caption\":\"Cope Alcoy\"}}]}<\/script>\n<!-- \/ Yoast SEO plugin. -->","yoast_head_json":{"title":"Alcoy celebra Sant Antoni pendiente de la climatolog\u00eda - COPE Alcoy","robots":{"index":"index","follow":"follow","max-snippet":"max-snippet:-1","max-image-preview":"max-image-preview:large","max-video-preview":"max-video-preview:-1"},"canonical":"https:\/\/www.copealcoy.es\/es\/alcoy-celebra-sant-antoni-pendiente-de-la-climatologia\/","og_locale":"es_ES","og_type":"article","og_title":"Alcoy celebra Sant Antoni pendiente de la climatolog\u00eda - COPE Alcoy","og_description":"Alcoy ultima la celebraci\u00f3n de los actos en honor a Sant Antoni, una festividad que se llevar\u00e1 a cabo este...","og_url":"https:\/\/www.copealcoy.es\/es\/alcoy-celebra-sant-antoni-pendiente-de-la-climatologia\/","og_site_name":"COPE Alcoy","article_published_time":"2020-01-16T15:12:22+00:00","og_image":[{"width":2560,"height":1920,"url":"https:\/\/www.copealcoy.es\/wp-content\/uploads\/2020\/01\/IMG_4854-1-scaled.jpg","type":"image\/jpeg"}],"author":"Cope Alcoy","twitter_misc":{"Escrito por":"Cope Alcoy","Tiempo de lectura":"2 minutos"},"schema":{"@context":"https:\/\/schema.org","@graph":[{"@type":"Article","@id":"https:\/\/www.copealcoy.es\/es\/alcoy-celebra-sant-antoni-pendiente-de-la-climatologia\/#article","isPartOf":{"@id":"https:\/\/www.copealcoy.es\/es\/alcoy-celebra-sant-antoni-pendiente-de-la-climatologia\/"},"author":{"name":"Cope Alcoy","@id":"https:\/\/www.copealcoy.es\/es\/#\/schema\/person\/e777c87fa024e57d40170af9df39882c"},"headline":"Alcoy celebra Sant Antoni pendiente de la climatolog\u00eda","datePublished":"2020-01-16T15:12:22+00:00","mainEntityOfPage":{"@id":"https:\/\/www.copealcoy.es\/es\/alcoy-celebra-sant-antoni-pendiente-de-la-climatologia\/"},"wordCount":407,"commentCount":0,"image":{"@id":"https:\/\/www.copealcoy.es\/es\/alcoy-celebra-sant-antoni-pendiente-de-la-climatologia\/#primaryimage"},"thumbnailUrl":"https:\/\/www.copealcoy.es\/wp-content\/uploads\/2020\/01\/IMG_4854-1-scaled.jpg","keywords":["Alcoy","Carlos Tal\u00e9ns","Carol Ortiz","celebraci\u00f3n","climatolog\u00eda","La Nostra Festa","Sant Antoni"],"articleSection":["Alcoy","Fiesta y Cultura","Noticias"],"inLanguage":"es"},{"@type":"WebPage","@id":"https:\/\/www.copealcoy.es\/es\/alcoy-celebra-sant-antoni-pendiente-de-la-climatologia\/","url":"https:\/\/www.copealcoy.es\/es\/alcoy-celebra-sant-antoni-pendiente-de-la-climatologia\/","name":"Alcoy celebra Sant Antoni pendiente de la climatolog\u00eda - COPE Alcoy","isPartOf":{"@id":"https:\/\/www.copealcoy.es\/es\/#website"},"primaryImageOfPage":{"@id":"https:\/\/www.copealcoy.es\/es\/alcoy-celebra-sant-antoni-pendiente-de-la-climatologia\/#primaryimage"},"image":{"@id":"https:\/\/www.copealcoy.es\/es\/alcoy-celebra-sant-antoni-pendiente-de-la-climatologia\/#primaryimage"},"thumbnailUrl":"https:\/\/www.copealcoy.es\/wp-content\/uploads\/2020\/01\/IMG_4854-1-scaled.jpg","datePublished":"2020-01-16T15:12:22+00:00","author":{"@id":"https:\/\/www.copealcoy.es\/es\/#\/schema\/person\/e777c87fa024e57d40170af9df39882c"},"breadcrumb":{"@id":"https:\/\/www.copealcoy.es\/es\/alcoy-celebra-sant-antoni-pendiente-de-la-climatologia\/#breadcrumb"},"inLanguage":"es","potentialAction":[{"@type":"ReadAction","target":["https:\/\/www.copealcoy.es\/es\/alcoy-celebra-sant-antoni-pendiente-de-la-climatologia\/"]}]},{"@type":"ImageObject","inLanguage":"es","@id":"https:\/\/www.copealcoy.es\/es\/alcoy-celebra-sant-antoni-pendiente-de-la-climatologia\/#primaryimage","url":"https:\/\/www.copealcoy.es\/wp-content\/uploads\/2020\/01\/IMG_4854-1-scaled.jpg","contentUrl":"https:\/\/www.copealcoy.es\/wp-content\/uploads\/2020\/01\/IMG_4854-1-scaled.jpg","width":2560,"height":1920,"caption":"Carol Ortiz ha estado en #LaNostraFesta junto a Carlos Tal\u00e9ns \/ Foto: G. Pascual"},{"@type":"BreadcrumbList","@id":"https:\/\/www.copealcoy.es\/es\/alcoy-celebra-sant-antoni-pendiente-de-la-climatologia\/#breadcrumb","itemListElement":[{"@type":"ListItem","position":1,"name":"Portada","item":"https:\/\/www.copealcoy.es\/es\/"},{"@type":"ListItem","position":2,"name":"Alcoy celebra Sant Antoni pendiente de la climatolog\u00eda"}]},{"@type":"WebSite","@id":"https:\/\/www.copealcoy.es\/es\/#website","url":"https:\/\/www.copealcoy.es\/es\/","name":"COPE Alcoy","description":"Emisora COPE de radio local con emisi\u00f3n online. Pont de Sant Jordi 8-10 03803 Alcoy","potentialAction":[{"@type":"SearchAction","target":{"@type":"EntryPoint","urlTemplate":"https:\/\/www.copealcoy.es\/es\/?s={search_term_string}"},"query-input":{"@type":"PropertyValueSpecification","valueRequired":true,"valueName":"search_term_string"}}],"inLanguage":"es"},{"@type":"Person","@id":"https:\/\/www.copealcoy.es\/es\/#\/schema\/person\/e777c87fa024e57d40170af9df39882c","name":"Cope Alcoy","image":{"@type":"ImageObject","inLanguage":"es","@id":"https:\/\/secure.gravatar.com\/avatar\/bb65d0283347e303893ba14f0692005417c1e0e690a325a4c5d8bb2b3943ee14?s=96&d=mm&r=g","url":"https:\/\/secure.gravatar.com\/avatar\/bb65d0283347e303893ba14f0692005417c1e0e690a325a4c5d8bb2b3943ee14?s=96&d=mm&r=g","contentUrl":"https:\/\/secure.gravatar.com\/avatar\/bb65d0283347e303893ba14f0692005417c1e0e690a325a4c5d8bb2b3943ee14?s=96&d=mm&r=g","caption":"Cope Alcoy"}}]}},"_links":{"self":[{"href":"https:\/\/www.copealcoy.es\/es\/wp-json\/wp\/v2\/posts\/58904","targetHints":{"allow":["GET"]}}],"collection":[{"href":"https:\/\/www.copealcoy.es\/es\/wp-json\/wp\/v2\/posts"}],"about":[{"href":"https:\/\/www.copealcoy.es\/es\/wp-json\/wp\/v2\/types\/post"}],"author":[{"embeddable":true,"href":"https:\/\/www.copealcoy.es\/es\/wp-json\/wp\/v2\/users\/1"}],"replies":[{"embeddable":true,"href":"https:\/\/www.copealcoy.es\/es\/wp-json\/wp\/v2\/comments?post=58904"}],"version-history":[{"count":0,"href":"https:\/\/www.copealcoy.es\/es\/wp-json\/wp\/v2\/posts\/58904\/revisions"}],"wp:featuredmedia":[{"embeddable":true,"href":"https:\/\/www.copealcoy.es\/es\/wp-json\/wp\/v2\/media\/58905"}],"wp:attachment":[{"href":"https:\/\/www.copealcoy.es\/es\/wp-json\/wp\/v2\/media?parent=58904"}],"wp:term":[{"taxonomy":"category","embeddable":true,"href":"https:\/\/www.copealcoy.es\/es\/wp-json\/wp\/v2\/categories?post=58904"},{"taxonomy":"post_tag","embeddable":true,"href":"https:\/\/www.copealcoy.es\/es\/wp-json\/wp\/v2\/tags?post=58904"}],"curies":[{"name":"wp","href":"https:\/\/api.w.org\/{rel}","templated":true}]}}