{"id":58815,"date":"2020-01-13T15:46:48","date_gmt":"2020-01-13T15:46:48","guid":{"rendered":"https:\/\/www.copealcoy.es\/?p=58815"},"modified":"2020-01-13T15:46:48","modified_gmt":"2020-01-13T15:46:48","slug":"samantha-la-joven-de-beniarres-que-concursa-en-ot","status":"publish","type":"post","link":"https:\/\/www.copealcoy.es\/es\/samantha-la-joven-de-beniarres-que-concursa-en-ot\/","title":{"rendered":"Samantha, la joven de Beniarr\u00e9s que concursa en OT"},"content":{"rendered":"<p style=\"text-align: justify;\">La cantante valenciana <strong>Samantha Gilabert<\/strong> es una de las elegidas entre los 16 concursantes del exitoso concurso de televisi\u00f3n<strong> Operaci\u00f3n Triunfo<\/strong> en su edici\u00f3n de 2020 que comenz\u00f3 este domingo en TVE con la Gala 0. La joven, de 25 a\u00f1os, es natural de\u00a0<strong>Beniarr\u00e9s<\/strong> y fue vocalista del grupo Cactus. Adem\u00e1s\u00a0es <strong>graduada en Turismo<\/strong>, trabaja como <strong>cantante en un hotel de Lanzarote<\/strong> y cursa estudios de canto y piano.<\/p>\n<p style=\"text-align: justify;\">Indicar que para su presentaci\u00f3n sobre el escenario, Samantha interpret\u00f3 la <strong>canci\u00f3n de Llu\u00eds Llach &#8216;Que tinguem sort&#8217;<\/strong>, lo que le vali\u00f3 para ser uno de los <strong>seis seleccionados<\/strong> directamente por el jurado del concurso. \u00a0Ahora, y desde dentro de la Academia que dirige Noem\u00ed Galera, <strong>trabajar\u00e1 cada semana por superar todas las fases del concurso<\/strong> y conseguir<strong> llegar a la gran final<\/strong> del formato.<\/p>\n<p><iframe loading=\"lazy\" title=\"\u201cQUE TINGUEM SORT\u201d - SAMANTHA | Gala 0 | OT 2020\" width=\"1200\" height=\"675\" src=\"https:\/\/www.youtube.com\/embed\/uCGCL0JlNDk?feature=oembed\" frameborder=\"0\" allow=\"accelerometer; autoplay; encrypted-media; gyroscope; picture-in-picture\" allowfullscreen><\/iframe>    \t<\/p>\n","protected":false},"excerpt":{"rendered":"<p>La cantante valenciana Samantha Gilabert es una de las elegidas entre los 16 concursantes del exitoso concurso de televisi\u00f3n Operaci\u00f3n&#8230;<\/p>\n","protected":false},"author":1,"featured_media":58816,"comment_status":"open","ping_status":"open","sticky":false,"template":"","format":"standard","meta":{"footnotes":""},"categories":[98,75],"tags":[851,6954,6955,6956],"class_list":["post-58815","post","type-post","status-publish","format-standard","has-post-thumbnail","hentry","category-comarcas","category-noticias","tag-beniarres","tag-concurs","tag-operacion-triunfo","tag-samantha-gilabert"],"yoast_head":"<!-- This site is optimized with the Yoast SEO plugin v27.3 - https:\/\/yoast.com\/product\/yoast-seo-wordpress\/ -->\n<title>Samantha, la joven de Beniarr\u00e9s que concursa en OT - COPE Alcoy<\/title>\n<meta name=\"robots\" content=\"index, follow, max-snippet:-1, max-image-preview:large, max-video-preview:-1\" \/>\n<link rel=\"canonical\" href=\"https:\/\/www.copealcoy.es\/es\/samantha-la-joven-de-beniarres-que-concursa-en-ot\/\" \/>\n<meta property=\"og:locale\" content=\"es_ES\" \/>\n<meta property=\"og:type\" content=\"article\" \/>\n<meta property=\"og:title\" content=\"Samantha, la joven de Beniarr\u00e9s que concursa en OT - COPE Alcoy\" \/>\n<meta property=\"og:description\" content=\"La cantante valenciana Samantha Gilabert es una de las elegidas entre los 16 concursantes del exitoso concurso de televisi\u00f3n Operaci\u00f3n...\" \/>\n<meta property=\"og:url\" content=\"https:\/\/www.copealcoy.es\/es\/samantha-la-joven-de-beniarres-que-concursa-en-ot\/\" \/>\n<meta property=\"og:site_name\" content=\"COPE Alcoy\" \/>\n<meta property=\"article:published_time\" content=\"2020-01-13T15:46:48+00:00\" \/>\n<meta property=\"og:image\" content=\"https:\/\/www.copealcoy.es\/wp-content\/uploads\/2020\/01\/5468378-1.jpeg\" \/>\n\t<meta property=\"og:image:width\" content=\"1600\" \/>\n\t<meta property=\"og:image:height\" content=\"901\" \/>\n\t<meta property=\"og:image:type\" content=\"image\/jpeg\" \/>\n<meta name=\"author\" content=\"Cope Alcoy\" \/>\n<meta name=\"twitter:label1\" content=\"Escrito por\" \/>\n\t<meta name=\"twitter:data1\" content=\"Cope Alcoy\" \/>\n\t<meta name=\"twitter:label2\" content=\"Tiempo de lectura\" \/>\n\t<meta name=\"twitter:data2\" content=\"1 minuto\" \/>\n<script type=\"application\/ld+json\" class=\"yoast-schema-graph\">{\"@context\":\"https:\\\/\\\/schema.org\",\"@graph\":[{\"@type\":\"Article\",\"@id\":\"https:\\\/\\\/www.copealcoy.es\\\/es\\\/samantha-la-joven-de-beniarres-que-concursa-en-ot\\\/#article\",\"isPartOf\":{\"@id\":\"https:\\\/\\\/www.copealcoy.es\\\/es\\\/samantha-la-joven-de-beniarres-que-concursa-en-ot\\\/\"},\"author\":{\"name\":\"Cope Alcoy\",\"@id\":\"https:\\\/\\\/www.copealcoy.es\\\/es\\\/#\\\/schema\\\/person\\\/e777c87fa024e57d40170af9df39882c\"},\"headline\":\"Samantha, la joven de Beniarr\u00e9s que concursa en OT\",\"datePublished\":\"2020-01-13T15:46:48+00:00\",\"mainEntityOfPage\":{\"@id\":\"https:\\\/\\\/www.copealcoy.es\\\/es\\\/samantha-la-joven-de-beniarres-que-concursa-en-ot\\\/\"},\"wordCount\":156,\"commentCount\":0,\"image\":{\"@id\":\"https:\\\/\\\/www.copealcoy.es\\\/es\\\/samantha-la-joven-de-beniarres-que-concursa-en-ot\\\/#primaryimage\"},\"thumbnailUrl\":\"https:\\\/\\\/www.copealcoy.es\\\/wp-content\\\/uploads\\\/2020\\\/01\\\/5468378-1.jpeg\",\"keywords\":[\"Beniarres\",\"concurs\",\"Operaci\u00f3n Triunfo\",\"Samantha Gilabert\"],\"articleSection\":[\"Comarcas\",\"Noticias\"],\"inLanguage\":\"es\"},{\"@type\":\"WebPage\",\"@id\":\"https:\\\/\\\/www.copealcoy.es\\\/es\\\/samantha-la-joven-de-beniarres-que-concursa-en-ot\\\/\",\"url\":\"https:\\\/\\\/www.copealcoy.es\\\/es\\\/samantha-la-joven-de-beniarres-que-concursa-en-ot\\\/\",\"name\":\"Samantha, la joven de Beniarr\u00e9s que concursa en OT - COPE Alcoy\",\"isPartOf\":{\"@id\":\"https:\\\/\\\/www.copealcoy.es\\\/es\\\/#website\"},\"primaryImageOfPage\":{\"@id\":\"https:\\\/\\\/www.copealcoy.es\\\/es\\\/samantha-la-joven-de-beniarres-que-concursa-en-ot\\\/#primaryimage\"},\"image\":{\"@id\":\"https:\\\/\\\/www.copealcoy.es\\\/es\\\/samantha-la-joven-de-beniarres-que-concursa-en-ot\\\/#primaryimage\"},\"thumbnailUrl\":\"https:\\\/\\\/www.copealcoy.es\\\/wp-content\\\/uploads\\\/2020\\\/01\\\/5468378-1.jpeg\",\"datePublished\":\"2020-01-13T15:46:48+00:00\",\"author\":{\"@id\":\"https:\\\/\\\/www.copealcoy.es\\\/es\\\/#\\\/schema\\\/person\\\/e777c87fa024e57d40170af9df39882c\"},\"breadcrumb\":{\"@id\":\"https:\\\/\\\/www.copealcoy.es\\\/es\\\/samantha-la-joven-de-beniarres-que-concursa-en-ot\\\/#breadcrumb\"},\"inLanguage\":\"es\",\"potentialAction\":[{\"@type\":\"ReadAction\",\"target\":[\"https:\\\/\\\/www.copealcoy.es\\\/es\\\/samantha-la-joven-de-beniarres-que-concursa-en-ot\\\/\"]}]},{\"@type\":\"ImageObject\",\"inLanguage\":\"es\",\"@id\":\"https:\\\/\\\/www.copealcoy.es\\\/es\\\/samantha-la-joven-de-beniarres-que-concursa-en-ot\\\/#primaryimage\",\"url\":\"https:\\\/\\\/www.copealcoy.es\\\/wp-content\\\/uploads\\\/2020\\\/01\\\/5468378-1.jpeg\",\"contentUrl\":\"https:\\\/\\\/www.copealcoy.es\\\/wp-content\\\/uploads\\\/2020\\\/01\\\/5468378-1.jpeg\",\"width\":1600,\"height\":901,\"caption\":\"Samantha ha accedido a la Academia de OT 2020 \\\/ Foto: RTVE\"},{\"@type\":\"BreadcrumbList\",\"@id\":\"https:\\\/\\\/www.copealcoy.es\\\/es\\\/samantha-la-joven-de-beniarres-que-concursa-en-ot\\\/#breadcrumb\",\"itemListElement\":[{\"@type\":\"ListItem\",\"position\":1,\"name\":\"Portada\",\"item\":\"https:\\\/\\\/www.copealcoy.es\\\/es\\\/\"},{\"@type\":\"ListItem\",\"position\":2,\"name\":\"Samantha, la joven de Beniarr\u00e9s que concursa en OT\"}]},{\"@type\":\"WebSite\",\"@id\":\"https:\\\/\\\/www.copealcoy.es\\\/es\\\/#website\",\"url\":\"https:\\\/\\\/www.copealcoy.es\\\/es\\\/\",\"name\":\"COPE Alcoy\",\"description\":\"Emisora COPE de radio local con emisi\u00f3n online. Pont de Sant Jordi 8-10 03803 Alcoy\",\"potentialAction\":[{\"@type\":\"SearchAction\",\"target\":{\"@type\":\"EntryPoint\",\"urlTemplate\":\"https:\\\/\\\/www.copealcoy.es\\\/es\\\/?s={search_term_string}\"},\"query-input\":{\"@type\":\"PropertyValueSpecification\",\"valueRequired\":true,\"valueName\":\"search_term_string\"}}],\"inLanguage\":\"es\"},{\"@type\":\"Person\",\"@id\":\"https:\\\/\\\/www.copealcoy.es\\\/es\\\/#\\\/schema\\\/person\\\/e777c87fa024e57d40170af9df39882c\",\"name\":\"Cope Alcoy\",\"image\":{\"@type\":\"ImageObject\",\"inLanguage\":\"es\",\"@id\":\"https:\\\/\\\/secure.gravatar.com\\\/avatar\\\/bb65d0283347e303893ba14f0692005417c1e0e690a325a4c5d8bb2b3943ee14?s=96&d=mm&r=g\",\"url\":\"https:\\\/\\\/secure.gravatar.com\\\/avatar\\\/bb65d0283347e303893ba14f0692005417c1e0e690a325a4c5d8bb2b3943ee14?s=96&d=mm&r=g\",\"contentUrl\":\"https:\\\/\\\/secure.gravatar.com\\\/avatar\\\/bb65d0283347e303893ba14f0692005417c1e0e690a325a4c5d8bb2b3943ee14?s=96&d=mm&r=g\",\"caption\":\"Cope Alcoy\"}}]}<\/script>\n<!-- \/ Yoast SEO plugin. -->","yoast_head_json":{"title":"Samantha, la joven de Beniarr\u00e9s que concursa en OT - COPE Alcoy","robots":{"index":"index","follow":"follow","max-snippet":"max-snippet:-1","max-image-preview":"max-image-preview:large","max-video-preview":"max-video-preview:-1"},"canonical":"https:\/\/www.copealcoy.es\/es\/samantha-la-joven-de-beniarres-que-concursa-en-ot\/","og_locale":"es_ES","og_type":"article","og_title":"Samantha, la joven de Beniarr\u00e9s que concursa en OT - COPE Alcoy","og_description":"La cantante valenciana Samantha Gilabert es una de las elegidas entre los 16 concursantes del exitoso concurso de televisi\u00f3n Operaci\u00f3n...","og_url":"https:\/\/www.copealcoy.es\/es\/samantha-la-joven-de-beniarres-que-concursa-en-ot\/","og_site_name":"COPE Alcoy","article_published_time":"2020-01-13T15:46:48+00:00","og_image":[{"width":1600,"height":901,"url":"https:\/\/www.copealcoy.es\/wp-content\/uploads\/2020\/01\/5468378-1.jpeg","type":"image\/jpeg"}],"author":"Cope Alcoy","twitter_misc":{"Escrito por":"Cope Alcoy","Tiempo de lectura":"1 minuto"},"schema":{"@context":"https:\/\/schema.org","@graph":[{"@type":"Article","@id":"https:\/\/www.copealcoy.es\/es\/samantha-la-joven-de-beniarres-que-concursa-en-ot\/#article","isPartOf":{"@id":"https:\/\/www.copealcoy.es\/es\/samantha-la-joven-de-beniarres-que-concursa-en-ot\/"},"author":{"name":"Cope Alcoy","@id":"https:\/\/www.copealcoy.es\/es\/#\/schema\/person\/e777c87fa024e57d40170af9df39882c"},"headline":"Samantha, la joven de Beniarr\u00e9s que concursa en OT","datePublished":"2020-01-13T15:46:48+00:00","mainEntityOfPage":{"@id":"https:\/\/www.copealcoy.es\/es\/samantha-la-joven-de-beniarres-que-concursa-en-ot\/"},"wordCount":156,"commentCount":0,"image":{"@id":"https:\/\/www.copealcoy.es\/es\/samantha-la-joven-de-beniarres-que-concursa-en-ot\/#primaryimage"},"thumbnailUrl":"https:\/\/www.copealcoy.es\/wp-content\/uploads\/2020\/01\/5468378-1.jpeg","keywords":["Beniarres","concurs","Operaci\u00f3n Triunfo","Samantha Gilabert"],"articleSection":["Comarcas","Noticias"],"inLanguage":"es"},{"@type":"WebPage","@id":"https:\/\/www.copealcoy.es\/es\/samantha-la-joven-de-beniarres-que-concursa-en-ot\/","url":"https:\/\/www.copealcoy.es\/es\/samantha-la-joven-de-beniarres-que-concursa-en-ot\/","name":"Samantha, la joven de Beniarr\u00e9s que concursa en OT - COPE Alcoy","isPartOf":{"@id":"https:\/\/www.copealcoy.es\/es\/#website"},"primaryImageOfPage":{"@id":"https:\/\/www.copealcoy.es\/es\/samantha-la-joven-de-beniarres-que-concursa-en-ot\/#primaryimage"},"image":{"@id":"https:\/\/www.copealcoy.es\/es\/samantha-la-joven-de-beniarres-que-concursa-en-ot\/#primaryimage"},"thumbnailUrl":"https:\/\/www.copealcoy.es\/wp-content\/uploads\/2020\/01\/5468378-1.jpeg","datePublished":"2020-01-13T15:46:48+00:00","author":{"@id":"https:\/\/www.copealcoy.es\/es\/#\/schema\/person\/e777c87fa024e57d40170af9df39882c"},"breadcrumb":{"@id":"https:\/\/www.copealcoy.es\/es\/samantha-la-joven-de-beniarres-que-concursa-en-ot\/#breadcrumb"},"inLanguage":"es","potentialAction":[{"@type":"ReadAction","target":["https:\/\/www.copealcoy.es\/es\/samantha-la-joven-de-beniarres-que-concursa-en-ot\/"]}]},{"@type":"ImageObject","inLanguage":"es","@id":"https:\/\/www.copealcoy.es\/es\/samantha-la-joven-de-beniarres-que-concursa-en-ot\/#primaryimage","url":"https:\/\/www.copealcoy.es\/wp-content\/uploads\/2020\/01\/5468378-1.jpeg","contentUrl":"https:\/\/www.copealcoy.es\/wp-content\/uploads\/2020\/01\/5468378-1.jpeg","width":1600,"height":901,"caption":"Samantha ha accedido a la Academia de OT 2020 \/ Foto: RTVE"},{"@type":"BreadcrumbList","@id":"https:\/\/www.copealcoy.es\/es\/samantha-la-joven-de-beniarres-que-concursa-en-ot\/#breadcrumb","itemListElement":[{"@type":"ListItem","position":1,"name":"Portada","item":"https:\/\/www.copealcoy.es\/es\/"},{"@type":"ListItem","position":2,"name":"Samantha, la joven de Beniarr\u00e9s que concursa en OT"}]},{"@type":"WebSite","@id":"https:\/\/www.copealcoy.es\/es\/#website","url":"https:\/\/www.copealcoy.es\/es\/","name":"COPE Alcoy","description":"Emisora COPE de radio local con emisi\u00f3n online. Pont de Sant Jordi 8-10 03803 Alcoy","potentialAction":[{"@type":"SearchAction","target":{"@type":"EntryPoint","urlTemplate":"https:\/\/www.copealcoy.es\/es\/?s={search_term_string}"},"query-input":{"@type":"PropertyValueSpecification","valueRequired":true,"valueName":"search_term_string"}}],"inLanguage":"es"},{"@type":"Person","@id":"https:\/\/www.copealcoy.es\/es\/#\/schema\/person\/e777c87fa024e57d40170af9df39882c","name":"Cope Alcoy","image":{"@type":"ImageObject","inLanguage":"es","@id":"https:\/\/secure.gravatar.com\/avatar\/bb65d0283347e303893ba14f0692005417c1e0e690a325a4c5d8bb2b3943ee14?s=96&d=mm&r=g","url":"https:\/\/secure.gravatar.com\/avatar\/bb65d0283347e303893ba14f0692005417c1e0e690a325a4c5d8bb2b3943ee14?s=96&d=mm&r=g","contentUrl":"https:\/\/secure.gravatar.com\/avatar\/bb65d0283347e303893ba14f0692005417c1e0e690a325a4c5d8bb2b3943ee14?s=96&d=mm&r=g","caption":"Cope Alcoy"}}]}},"_links":{"self":[{"href":"https:\/\/www.copealcoy.es\/es\/wp-json\/wp\/v2\/posts\/58815","targetHints":{"allow":["GET"]}}],"collection":[{"href":"https:\/\/www.copealcoy.es\/es\/wp-json\/wp\/v2\/posts"}],"about":[{"href":"https:\/\/www.copealcoy.es\/es\/wp-json\/wp\/v2\/types\/post"}],"author":[{"embeddable":true,"href":"https:\/\/www.copealcoy.es\/es\/wp-json\/wp\/v2\/users\/1"}],"replies":[{"embeddable":true,"href":"https:\/\/www.copealcoy.es\/es\/wp-json\/wp\/v2\/comments?post=58815"}],"version-history":[{"count":0,"href":"https:\/\/www.copealcoy.es\/es\/wp-json\/wp\/v2\/posts\/58815\/revisions"}],"wp:featuredmedia":[{"embeddable":true,"href":"https:\/\/www.copealcoy.es\/es\/wp-json\/wp\/v2\/media\/58816"}],"wp:attachment":[{"href":"https:\/\/www.copealcoy.es\/es\/wp-json\/wp\/v2\/media?parent=58815"}],"wp:term":[{"taxonomy":"category","embeddable":true,"href":"https:\/\/www.copealcoy.es\/es\/wp-json\/wp\/v2\/categories?post=58815"},{"taxonomy":"post_tag","embeddable":true,"href":"https:\/\/www.copealcoy.es\/es\/wp-json\/wp\/v2\/tags?post=58815"}],"curies":[{"name":"wp","href":"https:\/\/api.w.org\/{rel}","templated":true}]}}