{"id":58785,"date":"2020-01-12T18:50:51","date_gmt":"2020-01-12T18:50:51","guid":{"rendered":"https:\/\/www.copealcoy.es\/?p=58785"},"modified":"2020-01-12T18:50:51","modified_gmt":"2020-01-12T18:50:51","slug":"la-colonia-esta-mas-cerca-de-formar-parte-de-santa-rosa","status":"publish","type":"post","link":"https:\/\/www.copealcoy.es\/es\/la-colonia-esta-mas-cerca-de-formar-parte-de-santa-rosa\/","title":{"rendered":"La Colonia est\u00e1 m\u00e1s cerca de formar parte de Santa Rosa"},"content":{"rendered":"<p class=\"Default\" style=\"text-align: justify;\">El <strong>Gobierno Local del PSOE<\/strong> ha informado de que <strong>avanza el proceso para integrar la Colonia de Aviaci\u00f3n<\/strong> en el Barrio de Santa Rosa.<\/p>\n<p class=\"Default\" style=\"text-align: justify;\">Hay que destacar que ya se ha aprobado y publicado <strong>el informe ambiental as\u00ed como territorial<\/strong> de la modificaci\u00f3n puntual del Plan General de Ordenaci\u00f3n Urbana (PGOU)\u00a0 y despu\u00e9s de este paso e<strong>l Consistorio tiene que incorporar los resultados de la fase ambiental<\/strong> a la documentaci\u00f3n t\u00e9cnica existente. Posteriormente esta <strong>deber\u00e1 de estar supervisada<\/strong> por todos los departamentos municipales implicados.<\/p>\n<p class=\"Default\" style=\"text-align: justify;\">A continuaci\u00f3n, la propuesta de modificaci\u00f3n puntal <strong>ser\u00e1 llevada al pleno del Ayuntamiento de Alcoy<\/strong> para que se apruebe su sometimiento a informaci\u00f3n p\u00fablica. Esta fase<strong> ser\u00e1 de 45 d\u00edas<\/strong> y trascurrido los cuales, una vez contestadas las alegaciones pertinentes si las hubiera, <strong>podr\u00e1 realizarse la aprobaci\u00f3n definitiva de la modificaci\u00f3n por el pleno municipal<\/strong>.\u00a0Desde el Ejecutivo Municipal reiteran que cuando se apruebe la modificaci\u00f3n del PGOU, <strong>el Ministerio de Defensa ya podr\u00e1 realizar la inversi\u00f3n de 500.000 euros en la zona<\/strong> mientras que los habitantes de la Colonia podr\u00e1n optar a adquirir sus viviendas &#8220;<em>hemos aprobado un tr\u00e1mite importante para integrar la Colonia de Aviaci\u00f3n en la ciudad. Ahora, el pleno municipal deber\u00e1 aprobar tanto la exposici\u00f3n p\u00fablica como la modificaci\u00f3n puntual del PGOU. Estamos por tanto, en el camino adecuado para que los 7.500 metros de suelo p\u00fablico de la Colonia de Aviaci\u00f3n sean parte del barrio de Santa Rosa, dotando a este barrio de un espacio imprescindible para nuevos servicios<\/em>&#8220;, afirma el alcalde; <strong>Antonio Franc\u00e9s<\/strong>.<\/p>\n<p class=\"Default\" style=\"text-align: justify;\">A\u00f1adir que desde la administraci\u00f3n estatal <strong>se entregar\u00e1 al Ayuntamiento el suelo firmado en el convenio<\/strong>, sumando la ciudad 7.500 metros p\u00fablicos para el barrio de Santa Rosa cuyos usos se definieron en <strong>el Plan de Participaci\u00f3n vecinal<\/strong> celebrado hace unos a\u00f1os.<\/p>\n","protected":false},"excerpt":{"rendered":"<p>El Gobierno Local del PSOE ha informado de que avanza el proceso para integrar la Colonia de Aviaci\u00f3n en el&#8230;<\/p>\n","protected":false},"author":1,"featured_media":28774,"comment_status":"open","ping_status":"open","sticky":false,"template":"","format":"standard","meta":{"footnotes":""},"categories":[97,75,125],"tags":[1494,1330,590,3698,5037],"class_list":["post-58785","post","type-post","status-publish","format-standard","has-post-thumbnail","hentry","category-alcoy","category-noticias","category-portada","tag-alcoy","tag-colonia-aviacion","tag-convenio","tag-ministerio-de-defensa","tag-zamorano"],"yoast_head":"<!-- This site is optimized with the Yoast SEO plugin v27.3 - https:\/\/yoast.com\/product\/yoast-seo-wordpress\/ -->\n<title>La Colonia est\u00e1 m\u00e1s cerca de formar parte de Santa Rosa - COPE Alcoy<\/title>\n<meta name=\"robots\" content=\"index, follow, max-snippet:-1, max-image-preview:large, max-video-preview:-1\" \/>\n<link rel=\"canonical\" href=\"https:\/\/www.copealcoy.es\/es\/la-colonia-esta-mas-cerca-de-formar-parte-de-santa-rosa\/\" \/>\n<meta property=\"og:locale\" content=\"es_ES\" \/>\n<meta property=\"og:type\" content=\"article\" \/>\n<meta property=\"og:title\" content=\"La Colonia est\u00e1 m\u00e1s cerca de formar parte de Santa Rosa - COPE Alcoy\" \/>\n<meta property=\"og:description\" content=\"El Gobierno Local del PSOE ha informado de que avanza el proceso para integrar la Colonia de Aviaci\u00f3n en el...\" \/>\n<meta property=\"og:url\" content=\"https:\/\/www.copealcoy.es\/es\/la-colonia-esta-mas-cerca-de-formar-parte-de-santa-rosa\/\" \/>\n<meta property=\"og:site_name\" content=\"COPE Alcoy\" \/>\n<meta property=\"article:published_time\" content=\"2020-01-12T18:50:51+00:00\" \/>\n<meta property=\"og:image\" content=\"https:\/\/www.copealcoy.es\/wp-content\/uploads\/2017\/02\/16602877_1757350720957771_3994371474646961522_n.jpg\" \/>\n\t<meta property=\"og:image:width\" content=\"960\" \/>\n\t<meta property=\"og:image:height\" content=\"540\" \/>\n\t<meta property=\"og:image:type\" content=\"image\/jpeg\" \/>\n<meta name=\"author\" content=\"Cope Alcoy\" \/>\n<meta name=\"twitter:label1\" content=\"Escrito por\" \/>\n\t<meta name=\"twitter:data1\" content=\"Cope Alcoy\" \/>\n\t<meta name=\"twitter:label2\" content=\"Tiempo de lectura\" \/>\n\t<meta name=\"twitter:data2\" content=\"2 minutos\" \/>\n<script type=\"application\/ld+json\" class=\"yoast-schema-graph\">{\"@context\":\"https:\\\/\\\/schema.org\",\"@graph\":[{\"@type\":\"Article\",\"@id\":\"https:\\\/\\\/www.copealcoy.es\\\/es\\\/la-colonia-esta-mas-cerca-de-formar-parte-de-santa-rosa\\\/#article\",\"isPartOf\":{\"@id\":\"https:\\\/\\\/www.copealcoy.es\\\/es\\\/la-colonia-esta-mas-cerca-de-formar-parte-de-santa-rosa\\\/\"},\"author\":{\"name\":\"Cope Alcoy\",\"@id\":\"https:\\\/\\\/www.copealcoy.es\\\/es\\\/#\\\/schema\\\/person\\\/e777c87fa024e57d40170af9df39882c\"},\"headline\":\"La Colonia est\u00e1 m\u00e1s cerca de formar parte de Santa Rosa\",\"datePublished\":\"2020-01-12T18:50:51+00:00\",\"mainEntityOfPage\":{\"@id\":\"https:\\\/\\\/www.copealcoy.es\\\/es\\\/la-colonia-esta-mas-cerca-de-formar-parte-de-santa-rosa\\\/\"},\"wordCount\":332,\"commentCount\":0,\"image\":{\"@id\":\"https:\\\/\\\/www.copealcoy.es\\\/es\\\/la-colonia-esta-mas-cerca-de-formar-parte-de-santa-rosa\\\/#primaryimage\"},\"thumbnailUrl\":\"https:\\\/\\\/www.copealcoy.es\\\/wp-content\\\/uploads\\\/2017\\\/02\\\/16602877_1757350720957771_3994371474646961522_n.jpg\",\"keywords\":[\"Alcoy\",\"Colonia Aviaci\u00f3n\",\"Convenio\",\"Ministerio de Defensa\",\"Zamorano\"],\"articleSection\":[\"Alcoy\",\"Noticias\",\"Portada\"],\"inLanguage\":\"es\"},{\"@type\":\"WebPage\",\"@id\":\"https:\\\/\\\/www.copealcoy.es\\\/es\\\/la-colonia-esta-mas-cerca-de-formar-parte-de-santa-rosa\\\/\",\"url\":\"https:\\\/\\\/www.copealcoy.es\\\/es\\\/la-colonia-esta-mas-cerca-de-formar-parte-de-santa-rosa\\\/\",\"name\":\"La Colonia est\u00e1 m\u00e1s cerca de formar parte de Santa Rosa - COPE Alcoy\",\"isPartOf\":{\"@id\":\"https:\\\/\\\/www.copealcoy.es\\\/es\\\/#website\"},\"primaryImageOfPage\":{\"@id\":\"https:\\\/\\\/www.copealcoy.es\\\/es\\\/la-colonia-esta-mas-cerca-de-formar-parte-de-santa-rosa\\\/#primaryimage\"},\"image\":{\"@id\":\"https:\\\/\\\/www.copealcoy.es\\\/es\\\/la-colonia-esta-mas-cerca-de-formar-parte-de-santa-rosa\\\/#primaryimage\"},\"thumbnailUrl\":\"https:\\\/\\\/www.copealcoy.es\\\/wp-content\\\/uploads\\\/2017\\\/02\\\/16602877_1757350720957771_3994371474646961522_n.jpg\",\"datePublished\":\"2020-01-12T18:50:51+00:00\",\"author\":{\"@id\":\"https:\\\/\\\/www.copealcoy.es\\\/es\\\/#\\\/schema\\\/person\\\/e777c87fa024e57d40170af9df39882c\"},\"breadcrumb\":{\"@id\":\"https:\\\/\\\/www.copealcoy.es\\\/es\\\/la-colonia-esta-mas-cerca-de-formar-parte-de-santa-rosa\\\/#breadcrumb\"},\"inLanguage\":\"es\",\"potentialAction\":[{\"@type\":\"ReadAction\",\"target\":[\"https:\\\/\\\/www.copealcoy.es\\\/es\\\/la-colonia-esta-mas-cerca-de-formar-parte-de-santa-rosa\\\/\"]}]},{\"@type\":\"ImageObject\",\"inLanguage\":\"es\",\"@id\":\"https:\\\/\\\/www.copealcoy.es\\\/es\\\/la-colonia-esta-mas-cerca-de-formar-parte-de-santa-rosa\\\/#primaryimage\",\"url\":\"https:\\\/\\\/www.copealcoy.es\\\/wp-content\\\/uploads\\\/2017\\\/02\\\/16602877_1757350720957771_3994371474646961522_n.jpg\",\"contentUrl\":\"https:\\\/\\\/www.copealcoy.es\\\/wp-content\\\/uploads\\\/2017\\\/02\\\/16602877_1757350720957771_3994371474646961522_n.jpg\",\"width\":960,\"height\":540},{\"@type\":\"BreadcrumbList\",\"@id\":\"https:\\\/\\\/www.copealcoy.es\\\/es\\\/la-colonia-esta-mas-cerca-de-formar-parte-de-santa-rosa\\\/#breadcrumb\",\"itemListElement\":[{\"@type\":\"ListItem\",\"position\":1,\"name\":\"Portada\",\"item\":\"https:\\\/\\\/www.copealcoy.es\\\/es\\\/\"},{\"@type\":\"ListItem\",\"position\":2,\"name\":\"La Colonia est\u00e1 m\u00e1s cerca de formar parte de Santa Rosa\"}]},{\"@type\":\"WebSite\",\"@id\":\"https:\\\/\\\/www.copealcoy.es\\\/es\\\/#website\",\"url\":\"https:\\\/\\\/www.copealcoy.es\\\/es\\\/\",\"name\":\"COPE Alcoy\",\"description\":\"Emisora COPE de radio local con emisi\u00f3n online. Pont de Sant Jordi 8-10 03803 Alcoy\",\"potentialAction\":[{\"@type\":\"SearchAction\",\"target\":{\"@type\":\"EntryPoint\",\"urlTemplate\":\"https:\\\/\\\/www.copealcoy.es\\\/es\\\/?s={search_term_string}\"},\"query-input\":{\"@type\":\"PropertyValueSpecification\",\"valueRequired\":true,\"valueName\":\"search_term_string\"}}],\"inLanguage\":\"es\"},{\"@type\":\"Person\",\"@id\":\"https:\\\/\\\/www.copealcoy.es\\\/es\\\/#\\\/schema\\\/person\\\/e777c87fa024e57d40170af9df39882c\",\"name\":\"Cope Alcoy\",\"image\":{\"@type\":\"ImageObject\",\"inLanguage\":\"es\",\"@id\":\"https:\\\/\\\/secure.gravatar.com\\\/avatar\\\/bb65d0283347e303893ba14f0692005417c1e0e690a325a4c5d8bb2b3943ee14?s=96&d=mm&r=g\",\"url\":\"https:\\\/\\\/secure.gravatar.com\\\/avatar\\\/bb65d0283347e303893ba14f0692005417c1e0e690a325a4c5d8bb2b3943ee14?s=96&d=mm&r=g\",\"contentUrl\":\"https:\\\/\\\/secure.gravatar.com\\\/avatar\\\/bb65d0283347e303893ba14f0692005417c1e0e690a325a4c5d8bb2b3943ee14?s=96&d=mm&r=g\",\"caption\":\"Cope Alcoy\"}}]}<\/script>\n<!-- \/ Yoast SEO plugin. -->","yoast_head_json":{"title":"La Colonia est\u00e1 m\u00e1s cerca de formar parte de Santa Rosa - COPE Alcoy","robots":{"index":"index","follow":"follow","max-snippet":"max-snippet:-1","max-image-preview":"max-image-preview:large","max-video-preview":"max-video-preview:-1"},"canonical":"https:\/\/www.copealcoy.es\/es\/la-colonia-esta-mas-cerca-de-formar-parte-de-santa-rosa\/","og_locale":"es_ES","og_type":"article","og_title":"La Colonia est\u00e1 m\u00e1s cerca de formar parte de Santa Rosa - COPE Alcoy","og_description":"El Gobierno Local del PSOE ha informado de que avanza el proceso para integrar la Colonia de Aviaci\u00f3n en el...","og_url":"https:\/\/www.copealcoy.es\/es\/la-colonia-esta-mas-cerca-de-formar-parte-de-santa-rosa\/","og_site_name":"COPE Alcoy","article_published_time":"2020-01-12T18:50:51+00:00","og_image":[{"width":960,"height":540,"url":"https:\/\/www.copealcoy.es\/wp-content\/uploads\/2017\/02\/16602877_1757350720957771_3994371474646961522_n.jpg","type":"image\/jpeg"}],"author":"Cope Alcoy","twitter_misc":{"Escrito por":"Cope Alcoy","Tiempo de lectura":"2 minutos"},"schema":{"@context":"https:\/\/schema.org","@graph":[{"@type":"Article","@id":"https:\/\/www.copealcoy.es\/es\/la-colonia-esta-mas-cerca-de-formar-parte-de-santa-rosa\/#article","isPartOf":{"@id":"https:\/\/www.copealcoy.es\/es\/la-colonia-esta-mas-cerca-de-formar-parte-de-santa-rosa\/"},"author":{"name":"Cope Alcoy","@id":"https:\/\/www.copealcoy.es\/es\/#\/schema\/person\/e777c87fa024e57d40170af9df39882c"},"headline":"La Colonia est\u00e1 m\u00e1s cerca de formar parte de Santa Rosa","datePublished":"2020-01-12T18:50:51+00:00","mainEntityOfPage":{"@id":"https:\/\/www.copealcoy.es\/es\/la-colonia-esta-mas-cerca-de-formar-parte-de-santa-rosa\/"},"wordCount":332,"commentCount":0,"image":{"@id":"https:\/\/www.copealcoy.es\/es\/la-colonia-esta-mas-cerca-de-formar-parte-de-santa-rosa\/#primaryimage"},"thumbnailUrl":"https:\/\/www.copealcoy.es\/wp-content\/uploads\/2017\/02\/16602877_1757350720957771_3994371474646961522_n.jpg","keywords":["Alcoy","Colonia Aviaci\u00f3n","Convenio","Ministerio de Defensa","Zamorano"],"articleSection":["Alcoy","Noticias","Portada"],"inLanguage":"es"},{"@type":"WebPage","@id":"https:\/\/www.copealcoy.es\/es\/la-colonia-esta-mas-cerca-de-formar-parte-de-santa-rosa\/","url":"https:\/\/www.copealcoy.es\/es\/la-colonia-esta-mas-cerca-de-formar-parte-de-santa-rosa\/","name":"La Colonia est\u00e1 m\u00e1s cerca de formar parte de Santa Rosa - COPE Alcoy","isPartOf":{"@id":"https:\/\/www.copealcoy.es\/es\/#website"},"primaryImageOfPage":{"@id":"https:\/\/www.copealcoy.es\/es\/la-colonia-esta-mas-cerca-de-formar-parte-de-santa-rosa\/#primaryimage"},"image":{"@id":"https:\/\/www.copealcoy.es\/es\/la-colonia-esta-mas-cerca-de-formar-parte-de-santa-rosa\/#primaryimage"},"thumbnailUrl":"https:\/\/www.copealcoy.es\/wp-content\/uploads\/2017\/02\/16602877_1757350720957771_3994371474646961522_n.jpg","datePublished":"2020-01-12T18:50:51+00:00","author":{"@id":"https:\/\/www.copealcoy.es\/es\/#\/schema\/person\/e777c87fa024e57d40170af9df39882c"},"breadcrumb":{"@id":"https:\/\/www.copealcoy.es\/es\/la-colonia-esta-mas-cerca-de-formar-parte-de-santa-rosa\/#breadcrumb"},"inLanguage":"es","potentialAction":[{"@type":"ReadAction","target":["https:\/\/www.copealcoy.es\/es\/la-colonia-esta-mas-cerca-de-formar-parte-de-santa-rosa\/"]}]},{"@type":"ImageObject","inLanguage":"es","@id":"https:\/\/www.copealcoy.es\/es\/la-colonia-esta-mas-cerca-de-formar-parte-de-santa-rosa\/#primaryimage","url":"https:\/\/www.copealcoy.es\/wp-content\/uploads\/2017\/02\/16602877_1757350720957771_3994371474646961522_n.jpg","contentUrl":"https:\/\/www.copealcoy.es\/wp-content\/uploads\/2017\/02\/16602877_1757350720957771_3994371474646961522_n.jpg","width":960,"height":540},{"@type":"BreadcrumbList","@id":"https:\/\/www.copealcoy.es\/es\/la-colonia-esta-mas-cerca-de-formar-parte-de-santa-rosa\/#breadcrumb","itemListElement":[{"@type":"ListItem","position":1,"name":"Portada","item":"https:\/\/www.copealcoy.es\/es\/"},{"@type":"ListItem","position":2,"name":"La Colonia est\u00e1 m\u00e1s cerca de formar parte de Santa Rosa"}]},{"@type":"WebSite","@id":"https:\/\/www.copealcoy.es\/es\/#website","url":"https:\/\/www.copealcoy.es\/es\/","name":"COPE Alcoy","description":"Emisora COPE de radio local con emisi\u00f3n online. Pont de Sant Jordi 8-10 03803 Alcoy","potentialAction":[{"@type":"SearchAction","target":{"@type":"EntryPoint","urlTemplate":"https:\/\/www.copealcoy.es\/es\/?s={search_term_string}"},"query-input":{"@type":"PropertyValueSpecification","valueRequired":true,"valueName":"search_term_string"}}],"inLanguage":"es"},{"@type":"Person","@id":"https:\/\/www.copealcoy.es\/es\/#\/schema\/person\/e777c87fa024e57d40170af9df39882c","name":"Cope Alcoy","image":{"@type":"ImageObject","inLanguage":"es","@id":"https:\/\/secure.gravatar.com\/avatar\/bb65d0283347e303893ba14f0692005417c1e0e690a325a4c5d8bb2b3943ee14?s=96&d=mm&r=g","url":"https:\/\/secure.gravatar.com\/avatar\/bb65d0283347e303893ba14f0692005417c1e0e690a325a4c5d8bb2b3943ee14?s=96&d=mm&r=g","contentUrl":"https:\/\/secure.gravatar.com\/avatar\/bb65d0283347e303893ba14f0692005417c1e0e690a325a4c5d8bb2b3943ee14?s=96&d=mm&r=g","caption":"Cope Alcoy"}}]}},"_links":{"self":[{"href":"https:\/\/www.copealcoy.es\/es\/wp-json\/wp\/v2\/posts\/58785","targetHints":{"allow":["GET"]}}],"collection":[{"href":"https:\/\/www.copealcoy.es\/es\/wp-json\/wp\/v2\/posts"}],"about":[{"href":"https:\/\/www.copealcoy.es\/es\/wp-json\/wp\/v2\/types\/post"}],"author":[{"embeddable":true,"href":"https:\/\/www.copealcoy.es\/es\/wp-json\/wp\/v2\/users\/1"}],"replies":[{"embeddable":true,"href":"https:\/\/www.copealcoy.es\/es\/wp-json\/wp\/v2\/comments?post=58785"}],"version-history":[{"count":0,"href":"https:\/\/www.copealcoy.es\/es\/wp-json\/wp\/v2\/posts\/58785\/revisions"}],"wp:featuredmedia":[{"embeddable":true,"href":"https:\/\/www.copealcoy.es\/es\/wp-json\/wp\/v2\/media\/28774"}],"wp:attachment":[{"href":"https:\/\/www.copealcoy.es\/es\/wp-json\/wp\/v2\/media?parent=58785"}],"wp:term":[{"taxonomy":"category","embeddable":true,"href":"https:\/\/www.copealcoy.es\/es\/wp-json\/wp\/v2\/categories?post=58785"},{"taxonomy":"post_tag","embeddable":true,"href":"https:\/\/www.copealcoy.es\/es\/wp-json\/wp\/v2\/tags?post=58785"}],"curies":[{"name":"wp","href":"https:\/\/api.w.org\/{rel}","templated":true}]}}