{"id":58722,"date":"2020-01-10T15:35:21","date_gmt":"2020-01-10T15:35:21","guid":{"rendered":"https:\/\/www.copealcoy.es\/?p=58722"},"modified":"2020-01-10T15:35:21","modified_gmt":"2020-01-10T15:35:21","slug":"alcoy-se-consolida-como-un-referente-turistico-en-navidad","status":"publish","type":"post","link":"https:\/\/www.copealcoy.es\/es\/alcoy-se-consolida-como-un-referente-turistico-en-navidad\/","title":{"rendered":"Alcoy se consolida como un referente tur\u00edstico en Navidad"},"content":{"rendered":"<p style=\"text-align: justify;\">Alcoy se ha vuelto a consolidar como <strong>un destino tur\u00edstico de referencia<\/strong> durante la pasada Navidad y <strong>miles de personas disfrutaron de las diferentes actividades<\/strong> que ofreci\u00f3 la ciudad en las \u00faltimas semanas.<\/p>\n<p style=\"text-align: justify;\">Entre finales de noviembre y principios de enero <strong>m\u00e1s de 30.000 personas acudieron a las representaciones del Bel\u00e9n del Tirisiti<\/strong> en el Teatro Principal mientras que <strong>la Tourist Info tuvo un r\u00e9cord de visitantes<\/strong>, en concreto 6.636 del 1 de diciembre de 2019 al 5 de enero de 2020. A ello se le suma <strong>una masiva asistencia de visitantes<\/strong> a los actos de <strong>Les Pastoretes, El Bando, la Cabalgata de los Reyes Magos o el Campamento Real<\/strong>.\u00a0 Por \u00faltimo han tenido <strong>una gran acogida<\/strong> las <strong>visitas <\/strong>a los Belenes instalados por la ciudad, el Casal del Nadal, las rutas tur\u00edsticas gratuitas ofrecidas, la fiesta de Fin de A\u00f1o de La Bandeja, La Casta\u00f1era o las diferentes propuestas culturales celebradas en el periodo Navide\u00f1o.<\/p>\n<p style=\"text-align: justify;\">La edil de Turismo en el Ayuntamiento de Alcoy, <strong>Lorena Zamorano<\/strong>, se ha mostrado satisfecha por <strong>la repercusi\u00f3n que ha tenido una vez m\u00e1s el &#8216;Nadal Alcoi\u00e0&#8217;<\/strong> y ha destacado que los diferentes actos <strong>ganan m\u00e1s adeptos de a\u00f1o en a\u00f1o<\/strong>. En este sentido comenta que<strong>\u00a0la Navidad alcoyana<\/strong> &#8220;<em>es la cita tur\u00edstica de la ciudad que m\u00e1s tiempo se alarga, consiguiendo una importante inversi\u00f3n econ\u00f3mica por Alcoy a lo largo de todo el mes de diciembre. Un hecho que hemos conseguido a los \u00faltimos a\u00f1os, sumando muchos recursos a la Trilog\u00eda: m\u00e1s funciones de Tirisiti, rutas gratuitas, el Casal de Nadal, el Mercat de Nadal y el Campamento Real. Un esfuerzo importante desde diferentes concejal\u00edas y mucho trabajo de promoci\u00f3n han dado como resultado que nuestra Navidad sea un referente nacional, y adem\u00e1s, se ha convertido en una visita indiscutible para mucha gente<\/em>&#8220;, afirma.<\/p>\n<p style=\"text-align: justify;\">Indicar que la Navidad alcoyana ha contado con <strong>una gran promoci\u00f3n a trav\u00e9s de las televisiones<\/strong> de \u00e1mbito nacional y las redes sociales. Tambi\u00e9n <strong>COPE ALCOY<\/strong>, a trav\u00e9s de la radio y sus plataformas digitales, <strong>ha dado una extensa cobertura de los actos celebrados en Alcoy<\/strong> y las publicaciones en nuestro Facebook consiguieron una amplia repercusi\u00f3n medi\u00e1tica.<\/p>\n","protected":false},"excerpt":{"rendered":"<p>Alcoy se ha vuelto a consolidar como un destino tur\u00edstico de referencia durante la pasada Navidad y miles de personas&#8230;<\/p>\n","protected":false},"author":1,"featured_media":58565,"comment_status":"open","ping_status":"open","sticky":false,"template":"","format":"standard","meta":{"footnotes":""},"categories":[97,78,75],"tags":[2700,1494,1796,174,454,514],"class_list":["post-58722","post","type-post","status-publish","format-standard","has-post-thumbnail","hentry","category-alcoy","category-fiestaycultura","category-noticias","tag-alcoi-ciutat-del-nadal","tag-alcoy","tag-lorena-zamorano","tag-navidad","tag-promocion","tag-turismo"],"yoast_head":"<!-- This site is optimized with the Yoast SEO plugin v27.3 - https:\/\/yoast.com\/product\/yoast-seo-wordpress\/ -->\n<title>Alcoy se consolida como un referente tur\u00edstico en Navidad - COPE Alcoy<\/title>\n<meta name=\"robots\" content=\"index, follow, max-snippet:-1, max-image-preview:large, max-video-preview:-1\" \/>\n<link rel=\"canonical\" href=\"https:\/\/www.copealcoy.es\/es\/alcoy-se-consolida-como-un-referente-turistico-en-navidad\/\" \/>\n<meta property=\"og:locale\" content=\"es_ES\" \/>\n<meta property=\"og:type\" content=\"article\" \/>\n<meta property=\"og:title\" content=\"Alcoy se consolida como un referente tur\u00edstico en Navidad - COPE Alcoy\" \/>\n<meta property=\"og:description\" content=\"Alcoy se ha vuelto a consolidar como un destino tur\u00edstico de referencia durante la pasada Navidad y miles de personas...\" \/>\n<meta property=\"og:url\" content=\"https:\/\/www.copealcoy.es\/es\/alcoy-se-consolida-como-un-referente-turistico-en-navidad\/\" \/>\n<meta property=\"og:site_name\" content=\"COPE Alcoy\" \/>\n<meta property=\"article:published_time\" content=\"2020-01-10T15:35:21+00:00\" \/>\n<meta property=\"og:image\" content=\"https:\/\/www.copealcoy.es\/wp-content\/uploads\/2020\/01\/81641135_3928991913793630_9146479623901544448_o-1.jpg\" \/>\n\t<meta property=\"og:image:width\" content=\"960\" \/>\n\t<meta property=\"og:image:height\" content=\"635\" \/>\n\t<meta property=\"og:image:type\" content=\"image\/jpeg\" \/>\n<meta name=\"author\" content=\"Cope Alcoy\" \/>\n<meta name=\"twitter:label1\" content=\"Escrito por\" \/>\n\t<meta name=\"twitter:data1\" content=\"Cope Alcoy\" \/>\n\t<meta name=\"twitter:label2\" content=\"Tiempo de lectura\" \/>\n\t<meta name=\"twitter:data2\" content=\"2 minutos\" \/>\n<script type=\"application\/ld+json\" class=\"yoast-schema-graph\">{\"@context\":\"https:\\\/\\\/schema.org\",\"@graph\":[{\"@type\":\"Article\",\"@id\":\"https:\\\/\\\/www.copealcoy.es\\\/es\\\/alcoy-se-consolida-como-un-referente-turistico-en-navidad\\\/#article\",\"isPartOf\":{\"@id\":\"https:\\\/\\\/www.copealcoy.es\\\/es\\\/alcoy-se-consolida-como-un-referente-turistico-en-navidad\\\/\"},\"author\":{\"name\":\"Cope Alcoy\",\"@id\":\"https:\\\/\\\/www.copealcoy.es\\\/es\\\/#\\\/schema\\\/person\\\/e777c87fa024e57d40170af9df39882c\"},\"headline\":\"Alcoy se consolida como un referente tur\u00edstico en Navidad\",\"datePublished\":\"2020-01-10T15:35:21+00:00\",\"mainEntityOfPage\":{\"@id\":\"https:\\\/\\\/www.copealcoy.es\\\/es\\\/alcoy-se-consolida-como-un-referente-turistico-en-navidad\\\/\"},\"wordCount\":391,\"commentCount\":0,\"image\":{\"@id\":\"https:\\\/\\\/www.copealcoy.es\\\/es\\\/alcoy-se-consolida-como-un-referente-turistico-en-navidad\\\/#primaryimage\"},\"thumbnailUrl\":\"https:\\\/\\\/www.copealcoy.es\\\/wp-content\\\/uploads\\\/2020\\\/01\\\/81641135_3928991913793630_9146479623901544448_o-1.jpg\",\"keywords\":[\"Alcoi Ciutat del Nadal\",\"Alcoy\",\"Lorena Zamorano\",\"Navidad\",\"Promoci\u00f3n\",\"Turismo\"],\"articleSection\":[\"Alcoy\",\"Fiesta y Cultura\",\"Noticias\"],\"inLanguage\":\"es\"},{\"@type\":\"WebPage\",\"@id\":\"https:\\\/\\\/www.copealcoy.es\\\/es\\\/alcoy-se-consolida-como-un-referente-turistico-en-navidad\\\/\",\"url\":\"https:\\\/\\\/www.copealcoy.es\\\/es\\\/alcoy-se-consolida-como-un-referente-turistico-en-navidad\\\/\",\"name\":\"Alcoy se consolida como un referente tur\u00edstico en Navidad - COPE Alcoy\",\"isPartOf\":{\"@id\":\"https:\\\/\\\/www.copealcoy.es\\\/es\\\/#website\"},\"primaryImageOfPage\":{\"@id\":\"https:\\\/\\\/www.copealcoy.es\\\/es\\\/alcoy-se-consolida-como-un-referente-turistico-en-navidad\\\/#primaryimage\"},\"image\":{\"@id\":\"https:\\\/\\\/www.copealcoy.es\\\/es\\\/alcoy-se-consolida-como-un-referente-turistico-en-navidad\\\/#primaryimage\"},\"thumbnailUrl\":\"https:\\\/\\\/www.copealcoy.es\\\/wp-content\\\/uploads\\\/2020\\\/01\\\/81641135_3928991913793630_9146479623901544448_o-1.jpg\",\"datePublished\":\"2020-01-10T15:35:21+00:00\",\"author\":{\"@id\":\"https:\\\/\\\/www.copealcoy.es\\\/es\\\/#\\\/schema\\\/person\\\/e777c87fa024e57d40170af9df39882c\"},\"breadcrumb\":{\"@id\":\"https:\\\/\\\/www.copealcoy.es\\\/es\\\/alcoy-se-consolida-como-un-referente-turistico-en-navidad\\\/#breadcrumb\"},\"inLanguage\":\"es\",\"potentialAction\":[{\"@type\":\"ReadAction\",\"target\":[\"https:\\\/\\\/www.copealcoy.es\\\/es\\\/alcoy-se-consolida-como-un-referente-turistico-en-navidad\\\/\"]}]},{\"@type\":\"ImageObject\",\"inLanguage\":\"es\",\"@id\":\"https:\\\/\\\/www.copealcoy.es\\\/es\\\/alcoy-se-consolida-como-un-referente-turistico-en-navidad\\\/#primaryimage\",\"url\":\"https:\\\/\\\/www.copealcoy.es\\\/wp-content\\\/uploads\\\/2020\\\/01\\\/81641135_3928991913793630_9146479623901544448_o-1.jpg\",\"contentUrl\":\"https:\\\/\\\/www.copealcoy.es\\\/wp-content\\\/uploads\\\/2020\\\/01\\\/81641135_3928991913793630_9146479623901544448_o-1.jpg\",\"width\":960,\"height\":635,\"caption\":\"Los Reyes Magos durante el instante de la Adoraci\u00f3n \\\/ Foto: Ajuntament d'Alcoi\"},{\"@type\":\"BreadcrumbList\",\"@id\":\"https:\\\/\\\/www.copealcoy.es\\\/es\\\/alcoy-se-consolida-como-un-referente-turistico-en-navidad\\\/#breadcrumb\",\"itemListElement\":[{\"@type\":\"ListItem\",\"position\":1,\"name\":\"Portada\",\"item\":\"https:\\\/\\\/www.copealcoy.es\\\/es\\\/\"},{\"@type\":\"ListItem\",\"position\":2,\"name\":\"Alcoy se consolida como un referente tur\u00edstico en Navidad\"}]},{\"@type\":\"WebSite\",\"@id\":\"https:\\\/\\\/www.copealcoy.es\\\/es\\\/#website\",\"url\":\"https:\\\/\\\/www.copealcoy.es\\\/es\\\/\",\"name\":\"COPE Alcoy\",\"description\":\"Emisora COPE de radio local con emisi\u00f3n online. Pont de Sant Jordi 8-10 03803 Alcoy\",\"potentialAction\":[{\"@type\":\"SearchAction\",\"target\":{\"@type\":\"EntryPoint\",\"urlTemplate\":\"https:\\\/\\\/www.copealcoy.es\\\/es\\\/?s={search_term_string}\"},\"query-input\":{\"@type\":\"PropertyValueSpecification\",\"valueRequired\":true,\"valueName\":\"search_term_string\"}}],\"inLanguage\":\"es\"},{\"@type\":\"Person\",\"@id\":\"https:\\\/\\\/www.copealcoy.es\\\/es\\\/#\\\/schema\\\/person\\\/e777c87fa024e57d40170af9df39882c\",\"name\":\"Cope Alcoy\",\"image\":{\"@type\":\"ImageObject\",\"inLanguage\":\"es\",\"@id\":\"https:\\\/\\\/secure.gravatar.com\\\/avatar\\\/bb65d0283347e303893ba14f0692005417c1e0e690a325a4c5d8bb2b3943ee14?s=96&d=mm&r=g\",\"url\":\"https:\\\/\\\/secure.gravatar.com\\\/avatar\\\/bb65d0283347e303893ba14f0692005417c1e0e690a325a4c5d8bb2b3943ee14?s=96&d=mm&r=g\",\"contentUrl\":\"https:\\\/\\\/secure.gravatar.com\\\/avatar\\\/bb65d0283347e303893ba14f0692005417c1e0e690a325a4c5d8bb2b3943ee14?s=96&d=mm&r=g\",\"caption\":\"Cope Alcoy\"}}]}<\/script>\n<!-- \/ Yoast SEO plugin. -->","yoast_head_json":{"title":"Alcoy se consolida como un referente tur\u00edstico en Navidad - COPE Alcoy","robots":{"index":"index","follow":"follow","max-snippet":"max-snippet:-1","max-image-preview":"max-image-preview:large","max-video-preview":"max-video-preview:-1"},"canonical":"https:\/\/www.copealcoy.es\/es\/alcoy-se-consolida-como-un-referente-turistico-en-navidad\/","og_locale":"es_ES","og_type":"article","og_title":"Alcoy se consolida como un referente tur\u00edstico en Navidad - COPE Alcoy","og_description":"Alcoy se ha vuelto a consolidar como un destino tur\u00edstico de referencia durante la pasada Navidad y miles de personas...","og_url":"https:\/\/www.copealcoy.es\/es\/alcoy-se-consolida-como-un-referente-turistico-en-navidad\/","og_site_name":"COPE Alcoy","article_published_time":"2020-01-10T15:35:21+00:00","og_image":[{"width":960,"height":635,"url":"https:\/\/www.copealcoy.es\/wp-content\/uploads\/2020\/01\/81641135_3928991913793630_9146479623901544448_o-1.jpg","type":"image\/jpeg"}],"author":"Cope Alcoy","twitter_misc":{"Escrito por":"Cope Alcoy","Tiempo de lectura":"2 minutos"},"schema":{"@context":"https:\/\/schema.org","@graph":[{"@type":"Article","@id":"https:\/\/www.copealcoy.es\/es\/alcoy-se-consolida-como-un-referente-turistico-en-navidad\/#article","isPartOf":{"@id":"https:\/\/www.copealcoy.es\/es\/alcoy-se-consolida-como-un-referente-turistico-en-navidad\/"},"author":{"name":"Cope Alcoy","@id":"https:\/\/www.copealcoy.es\/es\/#\/schema\/person\/e777c87fa024e57d40170af9df39882c"},"headline":"Alcoy se consolida como un referente tur\u00edstico en Navidad","datePublished":"2020-01-10T15:35:21+00:00","mainEntityOfPage":{"@id":"https:\/\/www.copealcoy.es\/es\/alcoy-se-consolida-como-un-referente-turistico-en-navidad\/"},"wordCount":391,"commentCount":0,"image":{"@id":"https:\/\/www.copealcoy.es\/es\/alcoy-se-consolida-como-un-referente-turistico-en-navidad\/#primaryimage"},"thumbnailUrl":"https:\/\/www.copealcoy.es\/wp-content\/uploads\/2020\/01\/81641135_3928991913793630_9146479623901544448_o-1.jpg","keywords":["Alcoi Ciutat del Nadal","Alcoy","Lorena Zamorano","Navidad","Promoci\u00f3n","Turismo"],"articleSection":["Alcoy","Fiesta y Cultura","Noticias"],"inLanguage":"es"},{"@type":"WebPage","@id":"https:\/\/www.copealcoy.es\/es\/alcoy-se-consolida-como-un-referente-turistico-en-navidad\/","url":"https:\/\/www.copealcoy.es\/es\/alcoy-se-consolida-como-un-referente-turistico-en-navidad\/","name":"Alcoy se consolida como un referente tur\u00edstico en Navidad - COPE Alcoy","isPartOf":{"@id":"https:\/\/www.copealcoy.es\/es\/#website"},"primaryImageOfPage":{"@id":"https:\/\/www.copealcoy.es\/es\/alcoy-se-consolida-como-un-referente-turistico-en-navidad\/#primaryimage"},"image":{"@id":"https:\/\/www.copealcoy.es\/es\/alcoy-se-consolida-como-un-referente-turistico-en-navidad\/#primaryimage"},"thumbnailUrl":"https:\/\/www.copealcoy.es\/wp-content\/uploads\/2020\/01\/81641135_3928991913793630_9146479623901544448_o-1.jpg","datePublished":"2020-01-10T15:35:21+00:00","author":{"@id":"https:\/\/www.copealcoy.es\/es\/#\/schema\/person\/e777c87fa024e57d40170af9df39882c"},"breadcrumb":{"@id":"https:\/\/www.copealcoy.es\/es\/alcoy-se-consolida-como-un-referente-turistico-en-navidad\/#breadcrumb"},"inLanguage":"es","potentialAction":[{"@type":"ReadAction","target":["https:\/\/www.copealcoy.es\/es\/alcoy-se-consolida-como-un-referente-turistico-en-navidad\/"]}]},{"@type":"ImageObject","inLanguage":"es","@id":"https:\/\/www.copealcoy.es\/es\/alcoy-se-consolida-como-un-referente-turistico-en-navidad\/#primaryimage","url":"https:\/\/www.copealcoy.es\/wp-content\/uploads\/2020\/01\/81641135_3928991913793630_9146479623901544448_o-1.jpg","contentUrl":"https:\/\/www.copealcoy.es\/wp-content\/uploads\/2020\/01\/81641135_3928991913793630_9146479623901544448_o-1.jpg","width":960,"height":635,"caption":"Los Reyes Magos durante el instante de la Adoraci\u00f3n \/ Foto: Ajuntament d'Alcoi"},{"@type":"BreadcrumbList","@id":"https:\/\/www.copealcoy.es\/es\/alcoy-se-consolida-como-un-referente-turistico-en-navidad\/#breadcrumb","itemListElement":[{"@type":"ListItem","position":1,"name":"Portada","item":"https:\/\/www.copealcoy.es\/es\/"},{"@type":"ListItem","position":2,"name":"Alcoy se consolida como un referente tur\u00edstico en Navidad"}]},{"@type":"WebSite","@id":"https:\/\/www.copealcoy.es\/es\/#website","url":"https:\/\/www.copealcoy.es\/es\/","name":"COPE Alcoy","description":"Emisora COPE de radio local con emisi\u00f3n online. Pont de Sant Jordi 8-10 03803 Alcoy","potentialAction":[{"@type":"SearchAction","target":{"@type":"EntryPoint","urlTemplate":"https:\/\/www.copealcoy.es\/es\/?s={search_term_string}"},"query-input":{"@type":"PropertyValueSpecification","valueRequired":true,"valueName":"search_term_string"}}],"inLanguage":"es"},{"@type":"Person","@id":"https:\/\/www.copealcoy.es\/es\/#\/schema\/person\/e777c87fa024e57d40170af9df39882c","name":"Cope Alcoy","image":{"@type":"ImageObject","inLanguage":"es","@id":"https:\/\/secure.gravatar.com\/avatar\/bb65d0283347e303893ba14f0692005417c1e0e690a325a4c5d8bb2b3943ee14?s=96&d=mm&r=g","url":"https:\/\/secure.gravatar.com\/avatar\/bb65d0283347e303893ba14f0692005417c1e0e690a325a4c5d8bb2b3943ee14?s=96&d=mm&r=g","contentUrl":"https:\/\/secure.gravatar.com\/avatar\/bb65d0283347e303893ba14f0692005417c1e0e690a325a4c5d8bb2b3943ee14?s=96&d=mm&r=g","caption":"Cope Alcoy"}}]}},"_links":{"self":[{"href":"https:\/\/www.copealcoy.es\/es\/wp-json\/wp\/v2\/posts\/58722","targetHints":{"allow":["GET"]}}],"collection":[{"href":"https:\/\/www.copealcoy.es\/es\/wp-json\/wp\/v2\/posts"}],"about":[{"href":"https:\/\/www.copealcoy.es\/es\/wp-json\/wp\/v2\/types\/post"}],"author":[{"embeddable":true,"href":"https:\/\/www.copealcoy.es\/es\/wp-json\/wp\/v2\/users\/1"}],"replies":[{"embeddable":true,"href":"https:\/\/www.copealcoy.es\/es\/wp-json\/wp\/v2\/comments?post=58722"}],"version-history":[{"count":0,"href":"https:\/\/www.copealcoy.es\/es\/wp-json\/wp\/v2\/posts\/58722\/revisions"}],"wp:featuredmedia":[{"embeddable":true,"href":"https:\/\/www.copealcoy.es\/es\/wp-json\/wp\/v2\/media\/58565"}],"wp:attachment":[{"href":"https:\/\/www.copealcoy.es\/es\/wp-json\/wp\/v2\/media?parent=58722"}],"wp:term":[{"taxonomy":"category","embeddable":true,"href":"https:\/\/www.copealcoy.es\/es\/wp-json\/wp\/v2\/categories?post=58722"},{"taxonomy":"post_tag","embeddable":true,"href":"https:\/\/www.copealcoy.es\/es\/wp-json\/wp\/v2\/tags?post=58722"}],"curies":[{"name":"wp","href":"https:\/\/api.w.org\/{rel}","templated":true}]}}