{"id":58717,"date":"2020-01-10T11:00:39","date_gmt":"2020-01-10T11:00:39","guid":{"rendered":"https:\/\/www.copealcoy.es\/?p=58717"},"modified":"2020-01-10T11:00:39","modified_gmt":"2020-01-10T11:00:39","slug":"el-pac-apuesta-para-continuar-el-programa-de-competitividad","status":"publish","type":"post","link":"https:\/\/www.copealcoy.es\/es\/el-pac-apuesta-para-continuar-el-programa-de-competitividad\/","title":{"rendered":"El PAC apuesta para continuar el programa de competitividad"},"content":{"rendered":"<p style=\"text-align: justify;\">El <strong>Plan de Acci\u00f3n Comercial (PAC)<\/strong> contempla <strong>una partida econ\u00f3mica propia de 50.000 euros<\/strong> que en el ejercicio 2020 se dedicar\u00e1 a <strong>seguir realizando el programa de competitividad comercial<\/strong>, un proyecto impartido por Josep Alzamora \u00a0y que se inici\u00f3 el 2019.<\/p>\n<p style=\"text-align: justify;\">La formaci\u00f3n profundiza en <strong>las necesidades del comercio tradicional en el siglo XXI<\/strong> y dota a los comerciales de<strong> herramientas<\/strong> para poder <strong>ser competitivos con sus respectivos negocios<\/strong> desde un punto de vista personal y profundizando en las necesidades propias de cada participante. La concejala de comercio en el Consistorio alcoyano, <strong>Vanessa Molt\u00f3<\/strong>, destaca <strong>la alta implicaci\u00f3n del comercio local en esta iniciativa<\/strong> &#8220;<em>t<\/em><span lang=\"ES\"><em>enemos que felicitar a los comerciantes alcoyanos implicados en mejorar sus negocios que hace un a\u00f1o que trabajan en el programa de mejora de competitividad. Sabemos de la dificultad de compatibilidad los largos horarios comerciales con la formaci\u00f3n pero, todos ellos, han hecho un esfuerzo importante y necesario para mejorar su servicio y ofrecer una oferta comercial pr\u00f3xima y de calidad a las alcoyanas y alcoyanos. Los resultados son tan positivos que continuaremos un a\u00f1o m\u00e1s, dando tambi\u00e9n la posibilidad de apuntarse a nuevos comercios, trabajando todos juntos, para tener el mejor comercio para Alcoy<\/em>&#8220;, afirma.\u00a0<\/span><\/p>\n<p style=\"text-align: justify;\">Recordar que en los \u00faltimos a\u00f1os se han realizado diferentes iniciativas a trav\u00e9s del PAC como <strong>la mejora urban\u00edstica de la\u00a0<\/strong><span lang=\"ES\"><strong>la calle Sant Lloren\u00e7<\/strong>, <strong>Moss\u00e9n Torregrossa, Sabadell, Regimiento Vizcaya, Santa Rosa y adyacentes<\/strong>. Asimismo <strong>se implantaron los estacionamientos inteligentes<\/strong> en el Centro, <strong>se coloc\u00f3 una pantalla<\/strong> en la calle Santo Tom\u00e1s para informar de los espacios libres destinados al aparcamiento y <strong>se promovi\u00f3 la puesta en marcha<\/strong> de<\/span><span lang=\"ES\">\u00a0la galer\u00eda comercial. <\/span><\/p>\n","protected":false},"excerpt":{"rendered":"<p>El Plan de Acci\u00f3n Comercial (PAC) contempla una partida econ\u00f3mica propia de 50.000 euros que en el ejercicio 2020 se&#8230;<\/p>\n","protected":false},"author":1,"featured_media":17409,"comment_status":"open","ping_status":"open","sticky":false,"template":"","format":"standard","meta":{"footnotes":""},"categories":[97,75,79],"tags":[467,6937,6938,1021,2034],"class_list":["post-58717","post","type-post","status-publish","format-standard","has-post-thumbnail","hentry","category-alcoy","category-noticias","category-politicayeconomia","tag-comercio","tag-competitividad","tag-pac","tag-programa","tag-vanessa-molto"],"yoast_head":"<!-- This site is optimized with the Yoast SEO plugin v27.3 - https:\/\/yoast.com\/product\/yoast-seo-wordpress\/ -->\n<title>El PAC apuesta para continuar el programa de competitividad - COPE Alcoy<\/title>\n<meta name=\"robots\" content=\"index, follow, max-snippet:-1, max-image-preview:large, max-video-preview:-1\" \/>\n<link rel=\"canonical\" href=\"https:\/\/www.copealcoy.es\/es\/el-pac-apuesta-para-continuar-el-programa-de-competitividad\/\" \/>\n<meta property=\"og:locale\" content=\"es_ES\" \/>\n<meta property=\"og:type\" content=\"article\" \/>\n<meta property=\"og:title\" content=\"El PAC apuesta para continuar el programa de competitividad - COPE Alcoy\" \/>\n<meta property=\"og:description\" content=\"El Plan de Acci\u00f3n Comercial (PAC) contempla una partida econ\u00f3mica propia de 50.000 euros que en el ejercicio 2020 se...\" \/>\n<meta property=\"og:url\" content=\"https:\/\/www.copealcoy.es\/es\/el-pac-apuesta-para-continuar-el-programa-de-competitividad\/\" \/>\n<meta property=\"og:site_name\" content=\"COPE Alcoy\" \/>\n<meta property=\"article:published_time\" content=\"2020-01-10T11:00:39+00:00\" \/>\n<meta property=\"og:image\" content=\"https:\/\/www.copealcoy.es\/wp-content\/uploads\/2015\/12\/IMG_20151014_110244.jpg\" \/>\n\t<meta property=\"og:image:width\" content=\"2592\" \/>\n\t<meta property=\"og:image:height\" content=\"1944\" \/>\n\t<meta property=\"og:image:type\" content=\"image\/jpeg\" \/>\n<meta name=\"author\" content=\"Cope Alcoy\" \/>\n<meta name=\"twitter:label1\" content=\"Escrito por\" \/>\n\t<meta name=\"twitter:data1\" content=\"Cope Alcoy\" \/>\n\t<meta name=\"twitter:label2\" content=\"Tiempo de lectura\" \/>\n\t<meta name=\"twitter:data2\" content=\"1 minuto\" \/>\n<script type=\"application\/ld+json\" class=\"yoast-schema-graph\">{\"@context\":\"https:\\\/\\\/schema.org\",\"@graph\":[{\"@type\":\"Article\",\"@id\":\"https:\\\/\\\/www.copealcoy.es\\\/es\\\/el-pac-apuesta-para-continuar-el-programa-de-competitividad\\\/#article\",\"isPartOf\":{\"@id\":\"https:\\\/\\\/www.copealcoy.es\\\/es\\\/el-pac-apuesta-para-continuar-el-programa-de-competitividad\\\/\"},\"author\":{\"name\":\"Cope Alcoy\",\"@id\":\"https:\\\/\\\/www.copealcoy.es\\\/es\\\/#\\\/schema\\\/person\\\/e777c87fa024e57d40170af9df39882c\"},\"headline\":\"El PAC apuesta para continuar el programa de competitividad\",\"datePublished\":\"2020-01-10T11:00:39+00:00\",\"mainEntityOfPage\":{\"@id\":\"https:\\\/\\\/www.copealcoy.es\\\/es\\\/el-pac-apuesta-para-continuar-el-programa-de-competitividad\\\/\"},\"wordCount\":295,\"commentCount\":0,\"image\":{\"@id\":\"https:\\\/\\\/www.copealcoy.es\\\/es\\\/el-pac-apuesta-para-continuar-el-programa-de-competitividad\\\/#primaryimage\"},\"thumbnailUrl\":\"https:\\\/\\\/www.copealcoy.es\\\/wp-content\\\/uploads\\\/2015\\\/12\\\/IMG_20151014_110244.jpg\",\"keywords\":[\"Comercio\",\"competitividad\",\"PAC\",\"Programa\",\"Vanessa Molt\u00f3\"],\"articleSection\":[\"Alcoy\",\"Noticias\",\"Pol\u00edtica y Econom\u00eda\"],\"inLanguage\":\"es\"},{\"@type\":\"WebPage\",\"@id\":\"https:\\\/\\\/www.copealcoy.es\\\/es\\\/el-pac-apuesta-para-continuar-el-programa-de-competitividad\\\/\",\"url\":\"https:\\\/\\\/www.copealcoy.es\\\/es\\\/el-pac-apuesta-para-continuar-el-programa-de-competitividad\\\/\",\"name\":\"El PAC apuesta para continuar el programa de competitividad - COPE Alcoy\",\"isPartOf\":{\"@id\":\"https:\\\/\\\/www.copealcoy.es\\\/es\\\/#website\"},\"primaryImageOfPage\":{\"@id\":\"https:\\\/\\\/www.copealcoy.es\\\/es\\\/el-pac-apuesta-para-continuar-el-programa-de-competitividad\\\/#primaryimage\"},\"image\":{\"@id\":\"https:\\\/\\\/www.copealcoy.es\\\/es\\\/el-pac-apuesta-para-continuar-el-programa-de-competitividad\\\/#primaryimage\"},\"thumbnailUrl\":\"https:\\\/\\\/www.copealcoy.es\\\/wp-content\\\/uploads\\\/2015\\\/12\\\/IMG_20151014_110244.jpg\",\"datePublished\":\"2020-01-10T11:00:39+00:00\",\"author\":{\"@id\":\"https:\\\/\\\/www.copealcoy.es\\\/es\\\/#\\\/schema\\\/person\\\/e777c87fa024e57d40170af9df39882c\"},\"breadcrumb\":{\"@id\":\"https:\\\/\\\/www.copealcoy.es\\\/es\\\/el-pac-apuesta-para-continuar-el-programa-de-competitividad\\\/#breadcrumb\"},\"inLanguage\":\"es\",\"potentialAction\":[{\"@type\":\"ReadAction\",\"target\":[\"https:\\\/\\\/www.copealcoy.es\\\/es\\\/el-pac-apuesta-para-continuar-el-programa-de-competitividad\\\/\"]}]},{\"@type\":\"ImageObject\",\"inLanguage\":\"es\",\"@id\":\"https:\\\/\\\/www.copealcoy.es\\\/es\\\/el-pac-apuesta-para-continuar-el-programa-de-competitividad\\\/#primaryimage\",\"url\":\"https:\\\/\\\/www.copealcoy.es\\\/wp-content\\\/uploads\\\/2015\\\/12\\\/IMG_20151014_110244.jpg\",\"contentUrl\":\"https:\\\/\\\/www.copealcoy.es\\\/wp-content\\\/uploads\\\/2015\\\/12\\\/IMG_20151014_110244.jpg\",\"width\":2592,\"height\":1944},{\"@type\":\"BreadcrumbList\",\"@id\":\"https:\\\/\\\/www.copealcoy.es\\\/es\\\/el-pac-apuesta-para-continuar-el-programa-de-competitividad\\\/#breadcrumb\",\"itemListElement\":[{\"@type\":\"ListItem\",\"position\":1,\"name\":\"Portada\",\"item\":\"https:\\\/\\\/www.copealcoy.es\\\/es\\\/\"},{\"@type\":\"ListItem\",\"position\":2,\"name\":\"El PAC apuesta para continuar el programa de competitividad\"}]},{\"@type\":\"WebSite\",\"@id\":\"https:\\\/\\\/www.copealcoy.es\\\/es\\\/#website\",\"url\":\"https:\\\/\\\/www.copealcoy.es\\\/es\\\/\",\"name\":\"COPE Alcoy\",\"description\":\"Emisora COPE de radio local con emisi\u00f3n online. Pont de Sant Jordi 8-10 03803 Alcoy\",\"potentialAction\":[{\"@type\":\"SearchAction\",\"target\":{\"@type\":\"EntryPoint\",\"urlTemplate\":\"https:\\\/\\\/www.copealcoy.es\\\/es\\\/?s={search_term_string}\"},\"query-input\":{\"@type\":\"PropertyValueSpecification\",\"valueRequired\":true,\"valueName\":\"search_term_string\"}}],\"inLanguage\":\"es\"},{\"@type\":\"Person\",\"@id\":\"https:\\\/\\\/www.copealcoy.es\\\/es\\\/#\\\/schema\\\/person\\\/e777c87fa024e57d40170af9df39882c\",\"name\":\"Cope Alcoy\",\"image\":{\"@type\":\"ImageObject\",\"inLanguage\":\"es\",\"@id\":\"https:\\\/\\\/secure.gravatar.com\\\/avatar\\\/bb65d0283347e303893ba14f0692005417c1e0e690a325a4c5d8bb2b3943ee14?s=96&d=mm&r=g\",\"url\":\"https:\\\/\\\/secure.gravatar.com\\\/avatar\\\/bb65d0283347e303893ba14f0692005417c1e0e690a325a4c5d8bb2b3943ee14?s=96&d=mm&r=g\",\"contentUrl\":\"https:\\\/\\\/secure.gravatar.com\\\/avatar\\\/bb65d0283347e303893ba14f0692005417c1e0e690a325a4c5d8bb2b3943ee14?s=96&d=mm&r=g\",\"caption\":\"Cope Alcoy\"}}]}<\/script>\n<!-- \/ Yoast SEO plugin. -->","yoast_head_json":{"title":"El PAC apuesta para continuar el programa de competitividad - COPE Alcoy","robots":{"index":"index","follow":"follow","max-snippet":"max-snippet:-1","max-image-preview":"max-image-preview:large","max-video-preview":"max-video-preview:-1"},"canonical":"https:\/\/www.copealcoy.es\/es\/el-pac-apuesta-para-continuar-el-programa-de-competitividad\/","og_locale":"es_ES","og_type":"article","og_title":"El PAC apuesta para continuar el programa de competitividad - COPE Alcoy","og_description":"El Plan de Acci\u00f3n Comercial (PAC) contempla una partida econ\u00f3mica propia de 50.000 euros que en el ejercicio 2020 se...","og_url":"https:\/\/www.copealcoy.es\/es\/el-pac-apuesta-para-continuar-el-programa-de-competitividad\/","og_site_name":"COPE Alcoy","article_published_time":"2020-01-10T11:00:39+00:00","og_image":[{"width":2592,"height":1944,"url":"https:\/\/www.copealcoy.es\/wp-content\/uploads\/2015\/12\/IMG_20151014_110244.jpg","type":"image\/jpeg"}],"author":"Cope Alcoy","twitter_misc":{"Escrito por":"Cope Alcoy","Tiempo de lectura":"1 minuto"},"schema":{"@context":"https:\/\/schema.org","@graph":[{"@type":"Article","@id":"https:\/\/www.copealcoy.es\/es\/el-pac-apuesta-para-continuar-el-programa-de-competitividad\/#article","isPartOf":{"@id":"https:\/\/www.copealcoy.es\/es\/el-pac-apuesta-para-continuar-el-programa-de-competitividad\/"},"author":{"name":"Cope Alcoy","@id":"https:\/\/www.copealcoy.es\/es\/#\/schema\/person\/e777c87fa024e57d40170af9df39882c"},"headline":"El PAC apuesta para continuar el programa de competitividad","datePublished":"2020-01-10T11:00:39+00:00","mainEntityOfPage":{"@id":"https:\/\/www.copealcoy.es\/es\/el-pac-apuesta-para-continuar-el-programa-de-competitividad\/"},"wordCount":295,"commentCount":0,"image":{"@id":"https:\/\/www.copealcoy.es\/es\/el-pac-apuesta-para-continuar-el-programa-de-competitividad\/#primaryimage"},"thumbnailUrl":"https:\/\/www.copealcoy.es\/wp-content\/uploads\/2015\/12\/IMG_20151014_110244.jpg","keywords":["Comercio","competitividad","PAC","Programa","Vanessa Molt\u00f3"],"articleSection":["Alcoy","Noticias","Pol\u00edtica y Econom\u00eda"],"inLanguage":"es"},{"@type":"WebPage","@id":"https:\/\/www.copealcoy.es\/es\/el-pac-apuesta-para-continuar-el-programa-de-competitividad\/","url":"https:\/\/www.copealcoy.es\/es\/el-pac-apuesta-para-continuar-el-programa-de-competitividad\/","name":"El PAC apuesta para continuar el programa de competitividad - COPE Alcoy","isPartOf":{"@id":"https:\/\/www.copealcoy.es\/es\/#website"},"primaryImageOfPage":{"@id":"https:\/\/www.copealcoy.es\/es\/el-pac-apuesta-para-continuar-el-programa-de-competitividad\/#primaryimage"},"image":{"@id":"https:\/\/www.copealcoy.es\/es\/el-pac-apuesta-para-continuar-el-programa-de-competitividad\/#primaryimage"},"thumbnailUrl":"https:\/\/www.copealcoy.es\/wp-content\/uploads\/2015\/12\/IMG_20151014_110244.jpg","datePublished":"2020-01-10T11:00:39+00:00","author":{"@id":"https:\/\/www.copealcoy.es\/es\/#\/schema\/person\/e777c87fa024e57d40170af9df39882c"},"breadcrumb":{"@id":"https:\/\/www.copealcoy.es\/es\/el-pac-apuesta-para-continuar-el-programa-de-competitividad\/#breadcrumb"},"inLanguage":"es","potentialAction":[{"@type":"ReadAction","target":["https:\/\/www.copealcoy.es\/es\/el-pac-apuesta-para-continuar-el-programa-de-competitividad\/"]}]},{"@type":"ImageObject","inLanguage":"es","@id":"https:\/\/www.copealcoy.es\/es\/el-pac-apuesta-para-continuar-el-programa-de-competitividad\/#primaryimage","url":"https:\/\/www.copealcoy.es\/wp-content\/uploads\/2015\/12\/IMG_20151014_110244.jpg","contentUrl":"https:\/\/www.copealcoy.es\/wp-content\/uploads\/2015\/12\/IMG_20151014_110244.jpg","width":2592,"height":1944},{"@type":"BreadcrumbList","@id":"https:\/\/www.copealcoy.es\/es\/el-pac-apuesta-para-continuar-el-programa-de-competitividad\/#breadcrumb","itemListElement":[{"@type":"ListItem","position":1,"name":"Portada","item":"https:\/\/www.copealcoy.es\/es\/"},{"@type":"ListItem","position":2,"name":"El PAC apuesta para continuar el programa de competitividad"}]},{"@type":"WebSite","@id":"https:\/\/www.copealcoy.es\/es\/#website","url":"https:\/\/www.copealcoy.es\/es\/","name":"COPE Alcoy","description":"Emisora COPE de radio local con emisi\u00f3n online. Pont de Sant Jordi 8-10 03803 Alcoy","potentialAction":[{"@type":"SearchAction","target":{"@type":"EntryPoint","urlTemplate":"https:\/\/www.copealcoy.es\/es\/?s={search_term_string}"},"query-input":{"@type":"PropertyValueSpecification","valueRequired":true,"valueName":"search_term_string"}}],"inLanguage":"es"},{"@type":"Person","@id":"https:\/\/www.copealcoy.es\/es\/#\/schema\/person\/e777c87fa024e57d40170af9df39882c","name":"Cope Alcoy","image":{"@type":"ImageObject","inLanguage":"es","@id":"https:\/\/secure.gravatar.com\/avatar\/bb65d0283347e303893ba14f0692005417c1e0e690a325a4c5d8bb2b3943ee14?s=96&d=mm&r=g","url":"https:\/\/secure.gravatar.com\/avatar\/bb65d0283347e303893ba14f0692005417c1e0e690a325a4c5d8bb2b3943ee14?s=96&d=mm&r=g","contentUrl":"https:\/\/secure.gravatar.com\/avatar\/bb65d0283347e303893ba14f0692005417c1e0e690a325a4c5d8bb2b3943ee14?s=96&d=mm&r=g","caption":"Cope Alcoy"}}]}},"_links":{"self":[{"href":"https:\/\/www.copealcoy.es\/es\/wp-json\/wp\/v2\/posts\/58717","targetHints":{"allow":["GET"]}}],"collection":[{"href":"https:\/\/www.copealcoy.es\/es\/wp-json\/wp\/v2\/posts"}],"about":[{"href":"https:\/\/www.copealcoy.es\/es\/wp-json\/wp\/v2\/types\/post"}],"author":[{"embeddable":true,"href":"https:\/\/www.copealcoy.es\/es\/wp-json\/wp\/v2\/users\/1"}],"replies":[{"embeddable":true,"href":"https:\/\/www.copealcoy.es\/es\/wp-json\/wp\/v2\/comments?post=58717"}],"version-history":[{"count":0,"href":"https:\/\/www.copealcoy.es\/es\/wp-json\/wp\/v2\/posts\/58717\/revisions"}],"wp:featuredmedia":[{"embeddable":true,"href":"https:\/\/www.copealcoy.es\/es\/wp-json\/wp\/v2\/media\/17409"}],"wp:attachment":[{"href":"https:\/\/www.copealcoy.es\/es\/wp-json\/wp\/v2\/media?parent=58717"}],"wp:term":[{"taxonomy":"category","embeddable":true,"href":"https:\/\/www.copealcoy.es\/es\/wp-json\/wp\/v2\/categories?post=58717"},{"taxonomy":"post_tag","embeddable":true,"href":"https:\/\/www.copealcoy.es\/es\/wp-json\/wp\/v2\/tags?post=58717"}],"curies":[{"name":"wp","href":"https:\/\/api.w.org\/{rel}","templated":true}]}}