{"id":58634,"date":"2020-01-08T15:48:49","date_gmt":"2020-01-08T15:48:49","guid":{"rendered":"https:\/\/www.copealcoy.es\/?p=58634"},"modified":"2020-01-08T15:48:49","modified_gmt":"2020-01-08T15:48:49","slug":"mas-de-10-000-personas-visitaron-el-campamento-real","status":"publish","type":"post","link":"https:\/\/www.copealcoy.es\/es\/mas-de-10-000-personas-visitaron-el-campamento-real\/","title":{"rendered":"M\u00e1s de 10.000 personas visitaron el Campamento Real"},"content":{"rendered":"<p style=\"text-align: justify;\">La <strong>Asociaci\u00f3n Cultural Samarita<\/strong> volvi\u00f3 a recibir <strong>el encargo de los Reyes Magos de Oriente<\/strong> y organiz\u00f3 por quinto a\u00f1o consecutivo <strong>la visita al Campamento<\/strong> que instalan a las faldas de la Serra de Mariola. Desde el colectivo explican que <strong>se vendieron anticipadamente 7.000 entradas<\/strong> que se suman a <strong>las que se repartieron a primera hora de la ma\u00f1ana<\/strong> para recorrer el enclave nada m\u00e1s empezar el d\u00eda &#8220;<em>si a todo ello se a\u00f1aden los profesionales de los medios de comunicaci\u00f3n, los grupos de m\u00fasica tradicional y todos los que estuvieron implicados en la organizaci\u00f3n podemos decir que m\u00e1s de 10.000 personas visitaron el Campamento en 2020<\/em>&#8220;, ha explicado este mi\u00e9rcoles en #LaNostraFesta de COPE ALCOY <strong>David Ponsoda<\/strong>; representante de los Samaritas.<\/p>\n<p style=\"text-align: justify;\">Indicar que la recaudaci\u00f3n de l<span style=\"font-size: inherit;\">a venta de las entradas para visitar el Campamento Real <strong>ha vuelto a tener un fin solidario<\/strong> y \u00a0esta va a parar a la <strong>Asociaci\u00f3n para la Integraci\u00f3n del Ni\u00f1o (AIN)<\/strong>, el <strong>&#8216;Projecte Somriures&#8217;<\/strong> y al <strong>Preventorio Mariola la Asunci\u00f3n<\/strong>.<\/span><\/p>\n<p>Aqu\u00ed puedes escuchar el programa de hoy de #LaNostraFesta:<\/p>\n<p><iframe loading=\"lazy\" title=\"La Ma\u00f1ana En Alcoy Mi\u00e9rcoles 8 De Enero 2020\" width=\"100%\" height=\"120\" src=\"https:\/\/www.mixcloud.com\/widget\/iframe\/?feed=https%3A%2F%2Fwww.mixcloud.com%2FCOPEAlcoy%2Fla-ma%25C3%25B1ana-en-alcoy-mi%25C3%25A9rcoles-8-de-enero-2020%2F&amp;hide_cover=1\" frameborder=\"0\"><\/iframe>    \t<\/p>\n","protected":false},"excerpt":{"rendered":"<p>La Asociaci\u00f3n Cultural Samarita volvi\u00f3 a recibir el encargo de los Reyes Magos de Oriente y organiz\u00f3 por quinto a\u00f1o&#8230;<\/p>\n","protected":false},"author":1,"featured_media":58635,"comment_status":"open","ping_status":"open","sticky":false,"template":"","format":"standard","meta":{"footnotes":""},"categories":[97,78,75],"tags":[1494,1709,6925,1154],"class_list":["post-58634","post","type-post","status-publish","format-standard","has-post-thumbnail","hentry","category-alcoy","category-fiestaycultura","category-noticias","tag-alcoy","tag-campamento-real","tag-mas-de-10-000-personas","tag-visita"],"yoast_head":"<!-- This site is optimized with the Yoast SEO plugin v27.3 - https:\/\/yoast.com\/product\/yoast-seo-wordpress\/ -->\n<title>M\u00e1s de 10.000 personas visitaron el Campamento Real - COPE Alcoy<\/title>\n<meta name=\"robots\" content=\"index, follow, max-snippet:-1, max-image-preview:large, max-video-preview:-1\" \/>\n<link rel=\"canonical\" href=\"https:\/\/www.copealcoy.es\/es\/mas-de-10-000-personas-visitaron-el-campamento-real\/\" \/>\n<meta property=\"og:locale\" content=\"es_ES\" \/>\n<meta property=\"og:type\" content=\"article\" \/>\n<meta property=\"og:title\" content=\"M\u00e1s de 10.000 personas visitaron el Campamento Real - COPE Alcoy\" \/>\n<meta property=\"og:description\" content=\"La Asociaci\u00f3n Cultural Samarita volvi\u00f3 a recibir el encargo de los Reyes Magos de Oriente y organiz\u00f3 por quinto a\u00f1o...\" \/>\n<meta property=\"og:url\" content=\"https:\/\/www.copealcoy.es\/es\/mas-de-10-000-personas-visitaron-el-campamento-real\/\" \/>\n<meta property=\"og:site_name\" content=\"COPE Alcoy\" \/>\n<meta property=\"article:published_time\" content=\"2020-01-08T15:48:49+00:00\" \/>\n<meta property=\"og:image\" content=\"https:\/\/www.copealcoy.es\/wp-content\/uploads\/2020\/01\/IMG_4757-1-scaled.jpg\" \/>\n\t<meta property=\"og:image:width\" content=\"2560\" \/>\n\t<meta property=\"og:image:height\" content=\"1920\" \/>\n\t<meta property=\"og:image:type\" content=\"image\/jpeg\" \/>\n<meta name=\"author\" content=\"Cope Alcoy\" \/>\n<meta name=\"twitter:label1\" content=\"Escrito por\" \/>\n\t<meta name=\"twitter:data1\" content=\"Cope Alcoy\" \/>\n\t<meta name=\"twitter:label2\" content=\"Tiempo de lectura\" \/>\n\t<meta name=\"twitter:data2\" content=\"1 minuto\" \/>\n<script type=\"application\/ld+json\" class=\"yoast-schema-graph\">{\"@context\":\"https:\\\/\\\/schema.org\",\"@graph\":[{\"@type\":\"Article\",\"@id\":\"https:\\\/\\\/www.copealcoy.es\\\/es\\\/mas-de-10-000-personas-visitaron-el-campamento-real\\\/#article\",\"isPartOf\":{\"@id\":\"https:\\\/\\\/www.copealcoy.es\\\/es\\\/mas-de-10-000-personas-visitaron-el-campamento-real\\\/\"},\"author\":{\"name\":\"Cope Alcoy\",\"@id\":\"https:\\\/\\\/www.copealcoy.es\\\/es\\\/#\\\/schema\\\/person\\\/e777c87fa024e57d40170af9df39882c\"},\"headline\":\"M\u00e1s de 10.000 personas visitaron el Campamento Real\",\"datePublished\":\"2020-01-08T15:48:49+00:00\",\"mainEntityOfPage\":{\"@id\":\"https:\\\/\\\/www.copealcoy.es\\\/es\\\/mas-de-10-000-personas-visitaron-el-campamento-real\\\/\"},\"wordCount\":206,\"commentCount\":0,\"image\":{\"@id\":\"https:\\\/\\\/www.copealcoy.es\\\/es\\\/mas-de-10-000-personas-visitaron-el-campamento-real\\\/#primaryimage\"},\"thumbnailUrl\":\"https:\\\/\\\/www.copealcoy.es\\\/wp-content\\\/uploads\\\/2020\\\/01\\\/IMG_4757-1-scaled.jpg\",\"keywords\":[\"Alcoy\",\"Campamento Real\",\"m\u00e1s de 10.000 personas\",\"Visita\"],\"articleSection\":[\"Alcoy\",\"Fiesta y Cultura\",\"Noticias\"],\"inLanguage\":\"es\"},{\"@type\":\"WebPage\",\"@id\":\"https:\\\/\\\/www.copealcoy.es\\\/es\\\/mas-de-10-000-personas-visitaron-el-campamento-real\\\/\",\"url\":\"https:\\\/\\\/www.copealcoy.es\\\/es\\\/mas-de-10-000-personas-visitaron-el-campamento-real\\\/\",\"name\":\"M\u00e1s de 10.000 personas visitaron el Campamento Real - COPE Alcoy\",\"isPartOf\":{\"@id\":\"https:\\\/\\\/www.copealcoy.es\\\/es\\\/#website\"},\"primaryImageOfPage\":{\"@id\":\"https:\\\/\\\/www.copealcoy.es\\\/es\\\/mas-de-10-000-personas-visitaron-el-campamento-real\\\/#primaryimage\"},\"image\":{\"@id\":\"https:\\\/\\\/www.copealcoy.es\\\/es\\\/mas-de-10-000-personas-visitaron-el-campamento-real\\\/#primaryimage\"},\"thumbnailUrl\":\"https:\\\/\\\/www.copealcoy.es\\\/wp-content\\\/uploads\\\/2020\\\/01\\\/IMG_4757-1-scaled.jpg\",\"datePublished\":\"2020-01-08T15:48:49+00:00\",\"author\":{\"@id\":\"https:\\\/\\\/www.copealcoy.es\\\/es\\\/#\\\/schema\\\/person\\\/e777c87fa024e57d40170af9df39882c\"},\"breadcrumb\":{\"@id\":\"https:\\\/\\\/www.copealcoy.es\\\/es\\\/mas-de-10-000-personas-visitaron-el-campamento-real\\\/#breadcrumb\"},\"inLanguage\":\"es\",\"potentialAction\":[{\"@type\":\"ReadAction\",\"target\":[\"https:\\\/\\\/www.copealcoy.es\\\/es\\\/mas-de-10-000-personas-visitaron-el-campamento-real\\\/\"]}]},{\"@type\":\"ImageObject\",\"inLanguage\":\"es\",\"@id\":\"https:\\\/\\\/www.copealcoy.es\\\/es\\\/mas-de-10-000-personas-visitaron-el-campamento-real\\\/#primaryimage\",\"url\":\"https:\\\/\\\/www.copealcoy.es\\\/wp-content\\\/uploads\\\/2020\\\/01\\\/IMG_4757-1-scaled.jpg\",\"contentUrl\":\"https:\\\/\\\/www.copealcoy.es\\\/wp-content\\\/uploads\\\/2020\\\/01\\\/IMG_4757-1-scaled.jpg\",\"width\":2560,\"height\":1920,\"caption\":\"La Asociaci\u00f3n Cultural Samarita ha visitado COPE ALCOY \\\/ Foto: G. Pascual\"},{\"@type\":\"BreadcrumbList\",\"@id\":\"https:\\\/\\\/www.copealcoy.es\\\/es\\\/mas-de-10-000-personas-visitaron-el-campamento-real\\\/#breadcrumb\",\"itemListElement\":[{\"@type\":\"ListItem\",\"position\":1,\"name\":\"Portada\",\"item\":\"https:\\\/\\\/www.copealcoy.es\\\/es\\\/\"},{\"@type\":\"ListItem\",\"position\":2,\"name\":\"M\u00e1s de 10.000 personas visitaron el Campamento Real\"}]},{\"@type\":\"WebSite\",\"@id\":\"https:\\\/\\\/www.copealcoy.es\\\/es\\\/#website\",\"url\":\"https:\\\/\\\/www.copealcoy.es\\\/es\\\/\",\"name\":\"COPE Alcoy\",\"description\":\"Emisora COPE de radio local con emisi\u00f3n online. Pont de Sant Jordi 8-10 03803 Alcoy\",\"potentialAction\":[{\"@type\":\"SearchAction\",\"target\":{\"@type\":\"EntryPoint\",\"urlTemplate\":\"https:\\\/\\\/www.copealcoy.es\\\/es\\\/?s={search_term_string}\"},\"query-input\":{\"@type\":\"PropertyValueSpecification\",\"valueRequired\":true,\"valueName\":\"search_term_string\"}}],\"inLanguage\":\"es\"},{\"@type\":\"Person\",\"@id\":\"https:\\\/\\\/www.copealcoy.es\\\/es\\\/#\\\/schema\\\/person\\\/e777c87fa024e57d40170af9df39882c\",\"name\":\"Cope Alcoy\",\"image\":{\"@type\":\"ImageObject\",\"inLanguage\":\"es\",\"@id\":\"https:\\\/\\\/secure.gravatar.com\\\/avatar\\\/bb65d0283347e303893ba14f0692005417c1e0e690a325a4c5d8bb2b3943ee14?s=96&d=mm&r=g\",\"url\":\"https:\\\/\\\/secure.gravatar.com\\\/avatar\\\/bb65d0283347e303893ba14f0692005417c1e0e690a325a4c5d8bb2b3943ee14?s=96&d=mm&r=g\",\"contentUrl\":\"https:\\\/\\\/secure.gravatar.com\\\/avatar\\\/bb65d0283347e303893ba14f0692005417c1e0e690a325a4c5d8bb2b3943ee14?s=96&d=mm&r=g\",\"caption\":\"Cope Alcoy\"}}]}<\/script>\n<!-- \/ Yoast SEO plugin. -->","yoast_head_json":{"title":"M\u00e1s de 10.000 personas visitaron el Campamento Real - COPE Alcoy","robots":{"index":"index","follow":"follow","max-snippet":"max-snippet:-1","max-image-preview":"max-image-preview:large","max-video-preview":"max-video-preview:-1"},"canonical":"https:\/\/www.copealcoy.es\/es\/mas-de-10-000-personas-visitaron-el-campamento-real\/","og_locale":"es_ES","og_type":"article","og_title":"M\u00e1s de 10.000 personas visitaron el Campamento Real - COPE Alcoy","og_description":"La Asociaci\u00f3n Cultural Samarita volvi\u00f3 a recibir el encargo de los Reyes Magos de Oriente y organiz\u00f3 por quinto a\u00f1o...","og_url":"https:\/\/www.copealcoy.es\/es\/mas-de-10-000-personas-visitaron-el-campamento-real\/","og_site_name":"COPE Alcoy","article_published_time":"2020-01-08T15:48:49+00:00","og_image":[{"width":2560,"height":1920,"url":"https:\/\/www.copealcoy.es\/wp-content\/uploads\/2020\/01\/IMG_4757-1-scaled.jpg","type":"image\/jpeg"}],"author":"Cope Alcoy","twitter_misc":{"Escrito por":"Cope Alcoy","Tiempo de lectura":"1 minuto"},"schema":{"@context":"https:\/\/schema.org","@graph":[{"@type":"Article","@id":"https:\/\/www.copealcoy.es\/es\/mas-de-10-000-personas-visitaron-el-campamento-real\/#article","isPartOf":{"@id":"https:\/\/www.copealcoy.es\/es\/mas-de-10-000-personas-visitaron-el-campamento-real\/"},"author":{"name":"Cope Alcoy","@id":"https:\/\/www.copealcoy.es\/es\/#\/schema\/person\/e777c87fa024e57d40170af9df39882c"},"headline":"M\u00e1s de 10.000 personas visitaron el Campamento Real","datePublished":"2020-01-08T15:48:49+00:00","mainEntityOfPage":{"@id":"https:\/\/www.copealcoy.es\/es\/mas-de-10-000-personas-visitaron-el-campamento-real\/"},"wordCount":206,"commentCount":0,"image":{"@id":"https:\/\/www.copealcoy.es\/es\/mas-de-10-000-personas-visitaron-el-campamento-real\/#primaryimage"},"thumbnailUrl":"https:\/\/www.copealcoy.es\/wp-content\/uploads\/2020\/01\/IMG_4757-1-scaled.jpg","keywords":["Alcoy","Campamento Real","m\u00e1s de 10.000 personas","Visita"],"articleSection":["Alcoy","Fiesta y Cultura","Noticias"],"inLanguage":"es"},{"@type":"WebPage","@id":"https:\/\/www.copealcoy.es\/es\/mas-de-10-000-personas-visitaron-el-campamento-real\/","url":"https:\/\/www.copealcoy.es\/es\/mas-de-10-000-personas-visitaron-el-campamento-real\/","name":"M\u00e1s de 10.000 personas visitaron el Campamento Real - COPE Alcoy","isPartOf":{"@id":"https:\/\/www.copealcoy.es\/es\/#website"},"primaryImageOfPage":{"@id":"https:\/\/www.copealcoy.es\/es\/mas-de-10-000-personas-visitaron-el-campamento-real\/#primaryimage"},"image":{"@id":"https:\/\/www.copealcoy.es\/es\/mas-de-10-000-personas-visitaron-el-campamento-real\/#primaryimage"},"thumbnailUrl":"https:\/\/www.copealcoy.es\/wp-content\/uploads\/2020\/01\/IMG_4757-1-scaled.jpg","datePublished":"2020-01-08T15:48:49+00:00","author":{"@id":"https:\/\/www.copealcoy.es\/es\/#\/schema\/person\/e777c87fa024e57d40170af9df39882c"},"breadcrumb":{"@id":"https:\/\/www.copealcoy.es\/es\/mas-de-10-000-personas-visitaron-el-campamento-real\/#breadcrumb"},"inLanguage":"es","potentialAction":[{"@type":"ReadAction","target":["https:\/\/www.copealcoy.es\/es\/mas-de-10-000-personas-visitaron-el-campamento-real\/"]}]},{"@type":"ImageObject","inLanguage":"es","@id":"https:\/\/www.copealcoy.es\/es\/mas-de-10-000-personas-visitaron-el-campamento-real\/#primaryimage","url":"https:\/\/www.copealcoy.es\/wp-content\/uploads\/2020\/01\/IMG_4757-1-scaled.jpg","contentUrl":"https:\/\/www.copealcoy.es\/wp-content\/uploads\/2020\/01\/IMG_4757-1-scaled.jpg","width":2560,"height":1920,"caption":"La Asociaci\u00f3n Cultural Samarita ha visitado COPE ALCOY \/ Foto: G. Pascual"},{"@type":"BreadcrumbList","@id":"https:\/\/www.copealcoy.es\/es\/mas-de-10-000-personas-visitaron-el-campamento-real\/#breadcrumb","itemListElement":[{"@type":"ListItem","position":1,"name":"Portada","item":"https:\/\/www.copealcoy.es\/es\/"},{"@type":"ListItem","position":2,"name":"M\u00e1s de 10.000 personas visitaron el Campamento Real"}]},{"@type":"WebSite","@id":"https:\/\/www.copealcoy.es\/es\/#website","url":"https:\/\/www.copealcoy.es\/es\/","name":"COPE Alcoy","description":"Emisora COPE de radio local con emisi\u00f3n online. Pont de Sant Jordi 8-10 03803 Alcoy","potentialAction":[{"@type":"SearchAction","target":{"@type":"EntryPoint","urlTemplate":"https:\/\/www.copealcoy.es\/es\/?s={search_term_string}"},"query-input":{"@type":"PropertyValueSpecification","valueRequired":true,"valueName":"search_term_string"}}],"inLanguage":"es"},{"@type":"Person","@id":"https:\/\/www.copealcoy.es\/es\/#\/schema\/person\/e777c87fa024e57d40170af9df39882c","name":"Cope Alcoy","image":{"@type":"ImageObject","inLanguage":"es","@id":"https:\/\/secure.gravatar.com\/avatar\/bb65d0283347e303893ba14f0692005417c1e0e690a325a4c5d8bb2b3943ee14?s=96&d=mm&r=g","url":"https:\/\/secure.gravatar.com\/avatar\/bb65d0283347e303893ba14f0692005417c1e0e690a325a4c5d8bb2b3943ee14?s=96&d=mm&r=g","contentUrl":"https:\/\/secure.gravatar.com\/avatar\/bb65d0283347e303893ba14f0692005417c1e0e690a325a4c5d8bb2b3943ee14?s=96&d=mm&r=g","caption":"Cope Alcoy"}}]}},"_links":{"self":[{"href":"https:\/\/www.copealcoy.es\/es\/wp-json\/wp\/v2\/posts\/58634","targetHints":{"allow":["GET"]}}],"collection":[{"href":"https:\/\/www.copealcoy.es\/es\/wp-json\/wp\/v2\/posts"}],"about":[{"href":"https:\/\/www.copealcoy.es\/es\/wp-json\/wp\/v2\/types\/post"}],"author":[{"embeddable":true,"href":"https:\/\/www.copealcoy.es\/es\/wp-json\/wp\/v2\/users\/1"}],"replies":[{"embeddable":true,"href":"https:\/\/www.copealcoy.es\/es\/wp-json\/wp\/v2\/comments?post=58634"}],"version-history":[{"count":0,"href":"https:\/\/www.copealcoy.es\/es\/wp-json\/wp\/v2\/posts\/58634\/revisions"}],"wp:featuredmedia":[{"embeddable":true,"href":"https:\/\/www.copealcoy.es\/es\/wp-json\/wp\/v2\/media\/58635"}],"wp:attachment":[{"href":"https:\/\/www.copealcoy.es\/es\/wp-json\/wp\/v2\/media?parent=58634"}],"wp:term":[{"taxonomy":"category","embeddable":true,"href":"https:\/\/www.copealcoy.es\/es\/wp-json\/wp\/v2\/categories?post=58634"},{"taxonomy":"post_tag","embeddable":true,"href":"https:\/\/www.copealcoy.es\/es\/wp-json\/wp\/v2\/tags?post=58634"}],"curies":[{"name":"wp","href":"https:\/\/api.w.org\/{rel}","templated":true}]}}