{"id":58598,"date":"2020-01-07T14:19:53","date_gmt":"2020-01-07T14:19:53","guid":{"rendered":"https:\/\/www.copealcoy.es\/?p=58598"},"modified":"2020-01-07T14:19:53","modified_gmt":"2020-01-07T14:19:53","slug":"el-comercio-afronta-con-optimismo-la-campana-de-rebajas","status":"publish","type":"post","link":"https:\/\/www.copealcoy.es\/es\/el-comercio-afronta-con-optimismo-la-campana-de-rebajas\/","title":{"rendered":"El comercio afronta con optimismo la campa\u00f1a de rebajas"},"content":{"rendered":"<p style=\"text-align: justify;\">Las <strong>Fiestas de Navidad, A\u00f1o Nuevo y Reyes Magos<\/strong>\u00a0ya han llegado a su fin y desde este 7 de enero <strong>est\u00e1 en marcha la campa\u00f1a comercial de rebajas<\/strong> de invierno.<\/p>\n<p style=\"text-align: justify;\">Los comerciantes de la ciudad <strong>mantienen unas \u00f3ptimas previsiones en cuanto a las ventas<\/strong> y recuerdan que esta campa\u00f1a <strong>tiene especial incidencia en el sector textil<\/strong> ya que son muchos los que aprovechan los descuentos para adquirir ropa de abrigo. El sector augura <strong>unas buenas rebajas<\/strong> tras haberse incrementado las ventas en la campa\u00f1a de Navidad <strong>en un 3% con respecto a la del pasado a\u00f1o<\/strong> &#8220;<em>aqu\u00ed en Alcoy los Reyes siempre marcan un punto de inflexi\u00f3n y dan el importante empuje definitivo a las ventas que se realizan en esta \u00e9poca del a\u00f1o. En cuanto a las rebajas creemos que ir\u00e1n muy bien y recomendamos a los clientes que miren bien los precios y descuentos antes de hacer cualquier tipo de compra<\/em>&#8220;, afirma Rafa P\u00e9rez; Presidente de ACECA.<\/p>\n<p style=\"text-align: justify;\">La campa\u00f1a de las rebajas de invierno <strong>se mantendr\u00e1 en marcha desde este martes 7 de enero hasta finales de febrero<\/strong>\u00a0e incluso algunos establecimientos\u00a0<strong>la alargar\u00e1n\u00a0hasta principios del mes de marzo<\/strong> antes de dar paso a las acciones comerciales previas a la primavera.<\/p>\n","protected":false},"excerpt":{"rendered":"<p>Las Fiestas de Navidad, A\u00f1o Nuevo y Reyes Magos\u00a0ya han llegado a su fin y desde este 7 de enero&#8230;<\/p>\n","protected":false},"author":1,"featured_media":58599,"comment_status":"open","ping_status":"open","sticky":false,"template":"","format":"standard","meta":{"footnotes":""},"categories":[97,75,125],"tags":[1198,1494,199,2025,6918,511],"class_list":["post-58598","post","type-post","status-publish","format-standard","has-post-thumbnail","hentry","category-alcoy","category-noticias","category-portada","tag-aceca","tag-alcoy","tag-campana","tag-comerciantes","tag-rafa-perez","tag-rebajas"],"yoast_head":"<!-- This site is optimized with the Yoast SEO plugin v27.3 - https:\/\/yoast.com\/product\/yoast-seo-wordpress\/ -->\n<title>El comercio afronta con optimismo la campa\u00f1a de rebajas - COPE Alcoy<\/title>\n<meta name=\"robots\" content=\"index, follow, max-snippet:-1, max-image-preview:large, max-video-preview:-1\" \/>\n<link rel=\"canonical\" href=\"https:\/\/www.copealcoy.es\/es\/el-comercio-afronta-con-optimismo-la-campana-de-rebajas\/\" \/>\n<meta property=\"og:locale\" content=\"es_ES\" \/>\n<meta property=\"og:type\" content=\"article\" \/>\n<meta property=\"og:title\" content=\"El comercio afronta con optimismo la campa\u00f1a de rebajas - COPE Alcoy\" \/>\n<meta property=\"og:description\" content=\"Las Fiestas de Navidad, A\u00f1o Nuevo y Reyes Magos\u00a0ya han llegado a su fin y desde este 7 de enero...\" \/>\n<meta property=\"og:url\" content=\"https:\/\/www.copealcoy.es\/es\/el-comercio-afronta-con-optimismo-la-campana-de-rebajas\/\" \/>\n<meta property=\"og:site_name\" content=\"COPE Alcoy\" \/>\n<meta property=\"article:published_time\" content=\"2020-01-07T14:19:53+00:00\" \/>\n<meta property=\"og:image\" content=\"https:\/\/www.copealcoy.es\/wp-content\/uploads\/2020\/01\/IMG_4754-1-scaled.jpg\" \/>\n\t<meta property=\"og:image:width\" content=\"2560\" \/>\n\t<meta property=\"og:image:height\" content=\"1726\" \/>\n\t<meta property=\"og:image:type\" content=\"image\/jpeg\" \/>\n<meta name=\"author\" content=\"Cope Alcoy\" \/>\n<meta name=\"twitter:label1\" content=\"Escrito por\" \/>\n\t<meta name=\"twitter:data1\" content=\"Cope Alcoy\" \/>\n\t<meta name=\"twitter:label2\" content=\"Tiempo de lectura\" \/>\n\t<meta name=\"twitter:data2\" content=\"1 minuto\" \/>\n<script type=\"application\/ld+json\" class=\"yoast-schema-graph\">{\"@context\":\"https:\\\/\\\/schema.org\",\"@graph\":[{\"@type\":\"Article\",\"@id\":\"https:\\\/\\\/www.copealcoy.es\\\/es\\\/el-comercio-afronta-con-optimismo-la-campana-de-rebajas\\\/#article\",\"isPartOf\":{\"@id\":\"https:\\\/\\\/www.copealcoy.es\\\/es\\\/el-comercio-afronta-con-optimismo-la-campana-de-rebajas\\\/\"},\"author\":{\"name\":\"Cope Alcoy\",\"@id\":\"https:\\\/\\\/www.copealcoy.es\\\/es\\\/#\\\/schema\\\/person\\\/e777c87fa024e57d40170af9df39882c\"},\"headline\":\"El comercio afronta con optimismo la campa\u00f1a de rebajas\",\"datePublished\":\"2020-01-07T14:19:53+00:00\",\"mainEntityOfPage\":{\"@id\":\"https:\\\/\\\/www.copealcoy.es\\\/es\\\/el-comercio-afronta-con-optimismo-la-campana-de-rebajas\\\/\"},\"wordCount\":223,\"commentCount\":0,\"image\":{\"@id\":\"https:\\\/\\\/www.copealcoy.es\\\/es\\\/el-comercio-afronta-con-optimismo-la-campana-de-rebajas\\\/#primaryimage\"},\"thumbnailUrl\":\"https:\\\/\\\/www.copealcoy.es\\\/wp-content\\\/uploads\\\/2020\\\/01\\\/IMG_4754-1-scaled.jpg\",\"keywords\":[\"ACECA\",\"Alcoy\",\"Campa\u00f1a\",\"Comerciantes\",\"Rafa P\u00e9rez\",\"Rebajas\"],\"articleSection\":[\"Alcoy\",\"Noticias\",\"Portada\"],\"inLanguage\":\"es\"},{\"@type\":\"WebPage\",\"@id\":\"https:\\\/\\\/www.copealcoy.es\\\/es\\\/el-comercio-afronta-con-optimismo-la-campana-de-rebajas\\\/\",\"url\":\"https:\\\/\\\/www.copealcoy.es\\\/es\\\/el-comercio-afronta-con-optimismo-la-campana-de-rebajas\\\/\",\"name\":\"El comercio afronta con optimismo la campa\u00f1a de rebajas - COPE Alcoy\",\"isPartOf\":{\"@id\":\"https:\\\/\\\/www.copealcoy.es\\\/es\\\/#website\"},\"primaryImageOfPage\":{\"@id\":\"https:\\\/\\\/www.copealcoy.es\\\/es\\\/el-comercio-afronta-con-optimismo-la-campana-de-rebajas\\\/#primaryimage\"},\"image\":{\"@id\":\"https:\\\/\\\/www.copealcoy.es\\\/es\\\/el-comercio-afronta-con-optimismo-la-campana-de-rebajas\\\/#primaryimage\"},\"thumbnailUrl\":\"https:\\\/\\\/www.copealcoy.es\\\/wp-content\\\/uploads\\\/2020\\\/01\\\/IMG_4754-1-scaled.jpg\",\"datePublished\":\"2020-01-07T14:19:53+00:00\",\"author\":{\"@id\":\"https:\\\/\\\/www.copealcoy.es\\\/es\\\/#\\\/schema\\\/person\\\/e777c87fa024e57d40170af9df39882c\"},\"breadcrumb\":{\"@id\":\"https:\\\/\\\/www.copealcoy.es\\\/es\\\/el-comercio-afronta-con-optimismo-la-campana-de-rebajas\\\/#breadcrumb\"},\"inLanguage\":\"es\",\"potentialAction\":[{\"@type\":\"ReadAction\",\"target\":[\"https:\\\/\\\/www.copealcoy.es\\\/es\\\/el-comercio-afronta-con-optimismo-la-campana-de-rebajas\\\/\"]}]},{\"@type\":\"ImageObject\",\"inLanguage\":\"es\",\"@id\":\"https:\\\/\\\/www.copealcoy.es\\\/es\\\/el-comercio-afronta-con-optimismo-la-campana-de-rebajas\\\/#primaryimage\",\"url\":\"https:\\\/\\\/www.copealcoy.es\\\/wp-content\\\/uploads\\\/2020\\\/01\\\/IMG_4754-1-scaled.jpg\",\"contentUrl\":\"https:\\\/\\\/www.copealcoy.es\\\/wp-content\\\/uploads\\\/2020\\\/01\\\/IMG_4754-1-scaled.jpg\",\"width\":2560,\"height\":1726,\"caption\":\"Los carteles de rebajas ya lucen en los escaparates \\\/ Foto: G. Pascual\"},{\"@type\":\"BreadcrumbList\",\"@id\":\"https:\\\/\\\/www.copealcoy.es\\\/es\\\/el-comercio-afronta-con-optimismo-la-campana-de-rebajas\\\/#breadcrumb\",\"itemListElement\":[{\"@type\":\"ListItem\",\"position\":1,\"name\":\"Portada\",\"item\":\"https:\\\/\\\/www.copealcoy.es\\\/es\\\/\"},{\"@type\":\"ListItem\",\"position\":2,\"name\":\"El comercio afronta con optimismo la campa\u00f1a de rebajas\"}]},{\"@type\":\"WebSite\",\"@id\":\"https:\\\/\\\/www.copealcoy.es\\\/es\\\/#website\",\"url\":\"https:\\\/\\\/www.copealcoy.es\\\/es\\\/\",\"name\":\"COPE Alcoy\",\"description\":\"Emisora COPE de radio local con emisi\u00f3n online. Pont de Sant Jordi 8-10 03803 Alcoy\",\"potentialAction\":[{\"@type\":\"SearchAction\",\"target\":{\"@type\":\"EntryPoint\",\"urlTemplate\":\"https:\\\/\\\/www.copealcoy.es\\\/es\\\/?s={search_term_string}\"},\"query-input\":{\"@type\":\"PropertyValueSpecification\",\"valueRequired\":true,\"valueName\":\"search_term_string\"}}],\"inLanguage\":\"es\"},{\"@type\":\"Person\",\"@id\":\"https:\\\/\\\/www.copealcoy.es\\\/es\\\/#\\\/schema\\\/person\\\/e777c87fa024e57d40170af9df39882c\",\"name\":\"Cope Alcoy\",\"image\":{\"@type\":\"ImageObject\",\"inLanguage\":\"es\",\"@id\":\"https:\\\/\\\/secure.gravatar.com\\\/avatar\\\/bb65d0283347e303893ba14f0692005417c1e0e690a325a4c5d8bb2b3943ee14?s=96&d=mm&r=g\",\"url\":\"https:\\\/\\\/secure.gravatar.com\\\/avatar\\\/bb65d0283347e303893ba14f0692005417c1e0e690a325a4c5d8bb2b3943ee14?s=96&d=mm&r=g\",\"contentUrl\":\"https:\\\/\\\/secure.gravatar.com\\\/avatar\\\/bb65d0283347e303893ba14f0692005417c1e0e690a325a4c5d8bb2b3943ee14?s=96&d=mm&r=g\",\"caption\":\"Cope Alcoy\"}}]}<\/script>\n<!-- \/ Yoast SEO plugin. -->","yoast_head_json":{"title":"El comercio afronta con optimismo la campa\u00f1a de rebajas - COPE Alcoy","robots":{"index":"index","follow":"follow","max-snippet":"max-snippet:-1","max-image-preview":"max-image-preview:large","max-video-preview":"max-video-preview:-1"},"canonical":"https:\/\/www.copealcoy.es\/es\/el-comercio-afronta-con-optimismo-la-campana-de-rebajas\/","og_locale":"es_ES","og_type":"article","og_title":"El comercio afronta con optimismo la campa\u00f1a de rebajas - COPE Alcoy","og_description":"Las Fiestas de Navidad, A\u00f1o Nuevo y Reyes Magos\u00a0ya han llegado a su fin y desde este 7 de enero...","og_url":"https:\/\/www.copealcoy.es\/es\/el-comercio-afronta-con-optimismo-la-campana-de-rebajas\/","og_site_name":"COPE Alcoy","article_published_time":"2020-01-07T14:19:53+00:00","og_image":[{"width":2560,"height":1726,"url":"https:\/\/www.copealcoy.es\/wp-content\/uploads\/2020\/01\/IMG_4754-1-scaled.jpg","type":"image\/jpeg"}],"author":"Cope Alcoy","twitter_misc":{"Escrito por":"Cope Alcoy","Tiempo de lectura":"1 minuto"},"schema":{"@context":"https:\/\/schema.org","@graph":[{"@type":"Article","@id":"https:\/\/www.copealcoy.es\/es\/el-comercio-afronta-con-optimismo-la-campana-de-rebajas\/#article","isPartOf":{"@id":"https:\/\/www.copealcoy.es\/es\/el-comercio-afronta-con-optimismo-la-campana-de-rebajas\/"},"author":{"name":"Cope Alcoy","@id":"https:\/\/www.copealcoy.es\/es\/#\/schema\/person\/e777c87fa024e57d40170af9df39882c"},"headline":"El comercio afronta con optimismo la campa\u00f1a de rebajas","datePublished":"2020-01-07T14:19:53+00:00","mainEntityOfPage":{"@id":"https:\/\/www.copealcoy.es\/es\/el-comercio-afronta-con-optimismo-la-campana-de-rebajas\/"},"wordCount":223,"commentCount":0,"image":{"@id":"https:\/\/www.copealcoy.es\/es\/el-comercio-afronta-con-optimismo-la-campana-de-rebajas\/#primaryimage"},"thumbnailUrl":"https:\/\/www.copealcoy.es\/wp-content\/uploads\/2020\/01\/IMG_4754-1-scaled.jpg","keywords":["ACECA","Alcoy","Campa\u00f1a","Comerciantes","Rafa P\u00e9rez","Rebajas"],"articleSection":["Alcoy","Noticias","Portada"],"inLanguage":"es"},{"@type":"WebPage","@id":"https:\/\/www.copealcoy.es\/es\/el-comercio-afronta-con-optimismo-la-campana-de-rebajas\/","url":"https:\/\/www.copealcoy.es\/es\/el-comercio-afronta-con-optimismo-la-campana-de-rebajas\/","name":"El comercio afronta con optimismo la campa\u00f1a de rebajas - COPE Alcoy","isPartOf":{"@id":"https:\/\/www.copealcoy.es\/es\/#website"},"primaryImageOfPage":{"@id":"https:\/\/www.copealcoy.es\/es\/el-comercio-afronta-con-optimismo-la-campana-de-rebajas\/#primaryimage"},"image":{"@id":"https:\/\/www.copealcoy.es\/es\/el-comercio-afronta-con-optimismo-la-campana-de-rebajas\/#primaryimage"},"thumbnailUrl":"https:\/\/www.copealcoy.es\/wp-content\/uploads\/2020\/01\/IMG_4754-1-scaled.jpg","datePublished":"2020-01-07T14:19:53+00:00","author":{"@id":"https:\/\/www.copealcoy.es\/es\/#\/schema\/person\/e777c87fa024e57d40170af9df39882c"},"breadcrumb":{"@id":"https:\/\/www.copealcoy.es\/es\/el-comercio-afronta-con-optimismo-la-campana-de-rebajas\/#breadcrumb"},"inLanguage":"es","potentialAction":[{"@type":"ReadAction","target":["https:\/\/www.copealcoy.es\/es\/el-comercio-afronta-con-optimismo-la-campana-de-rebajas\/"]}]},{"@type":"ImageObject","inLanguage":"es","@id":"https:\/\/www.copealcoy.es\/es\/el-comercio-afronta-con-optimismo-la-campana-de-rebajas\/#primaryimage","url":"https:\/\/www.copealcoy.es\/wp-content\/uploads\/2020\/01\/IMG_4754-1-scaled.jpg","contentUrl":"https:\/\/www.copealcoy.es\/wp-content\/uploads\/2020\/01\/IMG_4754-1-scaled.jpg","width":2560,"height":1726,"caption":"Los carteles de rebajas ya lucen en los escaparates \/ Foto: G. Pascual"},{"@type":"BreadcrumbList","@id":"https:\/\/www.copealcoy.es\/es\/el-comercio-afronta-con-optimismo-la-campana-de-rebajas\/#breadcrumb","itemListElement":[{"@type":"ListItem","position":1,"name":"Portada","item":"https:\/\/www.copealcoy.es\/es\/"},{"@type":"ListItem","position":2,"name":"El comercio afronta con optimismo la campa\u00f1a de rebajas"}]},{"@type":"WebSite","@id":"https:\/\/www.copealcoy.es\/es\/#website","url":"https:\/\/www.copealcoy.es\/es\/","name":"COPE Alcoy","description":"Emisora COPE de radio local con emisi\u00f3n online. Pont de Sant Jordi 8-10 03803 Alcoy","potentialAction":[{"@type":"SearchAction","target":{"@type":"EntryPoint","urlTemplate":"https:\/\/www.copealcoy.es\/es\/?s={search_term_string}"},"query-input":{"@type":"PropertyValueSpecification","valueRequired":true,"valueName":"search_term_string"}}],"inLanguage":"es"},{"@type":"Person","@id":"https:\/\/www.copealcoy.es\/es\/#\/schema\/person\/e777c87fa024e57d40170af9df39882c","name":"Cope Alcoy","image":{"@type":"ImageObject","inLanguage":"es","@id":"https:\/\/secure.gravatar.com\/avatar\/bb65d0283347e303893ba14f0692005417c1e0e690a325a4c5d8bb2b3943ee14?s=96&d=mm&r=g","url":"https:\/\/secure.gravatar.com\/avatar\/bb65d0283347e303893ba14f0692005417c1e0e690a325a4c5d8bb2b3943ee14?s=96&d=mm&r=g","contentUrl":"https:\/\/secure.gravatar.com\/avatar\/bb65d0283347e303893ba14f0692005417c1e0e690a325a4c5d8bb2b3943ee14?s=96&d=mm&r=g","caption":"Cope Alcoy"}}]}},"_links":{"self":[{"href":"https:\/\/www.copealcoy.es\/es\/wp-json\/wp\/v2\/posts\/58598","targetHints":{"allow":["GET"]}}],"collection":[{"href":"https:\/\/www.copealcoy.es\/es\/wp-json\/wp\/v2\/posts"}],"about":[{"href":"https:\/\/www.copealcoy.es\/es\/wp-json\/wp\/v2\/types\/post"}],"author":[{"embeddable":true,"href":"https:\/\/www.copealcoy.es\/es\/wp-json\/wp\/v2\/users\/1"}],"replies":[{"embeddable":true,"href":"https:\/\/www.copealcoy.es\/es\/wp-json\/wp\/v2\/comments?post=58598"}],"version-history":[{"count":0,"href":"https:\/\/www.copealcoy.es\/es\/wp-json\/wp\/v2\/posts\/58598\/revisions"}],"wp:featuredmedia":[{"embeddable":true,"href":"https:\/\/www.copealcoy.es\/es\/wp-json\/wp\/v2\/media\/58599"}],"wp:attachment":[{"href":"https:\/\/www.copealcoy.es\/es\/wp-json\/wp\/v2\/media?parent=58598"}],"wp:term":[{"taxonomy":"category","embeddable":true,"href":"https:\/\/www.copealcoy.es\/es\/wp-json\/wp\/v2\/categories?post=58598"},{"taxonomy":"post_tag","embeddable":true,"href":"https:\/\/www.copealcoy.es\/es\/wp-json\/wp\/v2\/tags?post=58598"}],"curies":[{"name":"wp","href":"https:\/\/api.w.org\/{rel}","templated":true}]}}