{"id":58589,"date":"2020-01-07T13:08:42","date_gmt":"2020-01-07T13:08:42","guid":{"rendered":"https:\/\/www.copealcoy.es\/?p=58589"},"modified":"2020-01-07T13:08:42","modified_gmt":"2020-01-07T13:08:42","slug":"la-cara-mas-solidaria-de-la-trilogia-epifanica","status":"publish","type":"post","link":"https:\/\/www.copealcoy.es\/es\/la-cara-mas-solidaria-de-la-trilogia-epifanica\/","title":{"rendered":"La cara m\u00e1s solidaria de la trilog\u00eda epif\u00e1nica"},"content":{"rendered":"<p style=\"text-align: justify;\">Los <strong>Reyes Magos de Oriente<\/strong> siguieron en la ciudad de Alcoy durante el d\u00eda de ayer y <strong>en la ma\u00f1ana del 6 de enero repartieron regalos, magia e ilusi\u00f3n<\/strong> los centros de mayores de la ciudad as\u00ed como los recintos sanitarios. Melchor, Gaspar y Baltasar estuvieron en la <strong>Residencia<\/strong> <strong>Pintor<\/strong> <strong>Sala<\/strong>, el <strong>Hospital\u00a0<\/strong>Comarcal <strong>Virgen<\/strong> de los <strong>Lirios<\/strong>, la Residencia del Preventorio\u00a0<strong>Mariola La Asunci\u00f3n<\/strong>\u00a0y el Centro de Respiro <strong>Solroja.\u00a0<\/strong>La <strong>Uni\u00f3n Musical<\/strong>, con alegres pasodobles, <strong>les acompa\u00f1\u00f3 durante este recorrido<\/strong> antes de que Sus Majestades <strong>partieran hasta el lejano Oriente<\/strong> con <strong>la promesa de volver a Alcoy<\/strong> en la m\u00e1gica tarde-noche del 5 de enero de 2021.<\/p>\n","protected":false},"excerpt":{"rendered":"<p>Los Reyes Magos de Oriente siguieron en la ciudad de Alcoy durante el d\u00eda de ayer y en la ma\u00f1ana&#8230;<\/p>\n","protected":false},"author":1,"featured_media":58590,"comment_status":"open","ping_status":"open","sticky":false,"template":"","format":"standard","meta":{"footnotes":""},"categories":[97,78,75],"tags":[1494,368,1664,6917,488,1154],"class_list":["post-58589","post","type-post","status-publish","format-standard","has-post-thumbnail","hentry","category-alcoy","category-fiestaycultura","category-noticias","tag-alcoy","tag-cabalgata","tag-hospital-virgen-de-los-lirios","tag-residencias-de-mayores","tag-reyes-magos","tag-visita"],"yoast_head":"<!-- This site is optimized with the Yoast SEO plugin v27.3 - https:\/\/yoast.com\/product\/yoast-seo-wordpress\/ -->\n<title>La cara m\u00e1s solidaria de la trilog\u00eda epif\u00e1nica - COPE Alcoy<\/title>\n<meta name=\"robots\" content=\"index, follow, max-snippet:-1, max-image-preview:large, max-video-preview:-1\" \/>\n<link rel=\"canonical\" href=\"https:\/\/www.copealcoy.es\/es\/la-cara-mas-solidaria-de-la-trilogia-epifanica\/\" \/>\n<meta property=\"og:locale\" content=\"es_ES\" \/>\n<meta property=\"og:type\" content=\"article\" \/>\n<meta property=\"og:title\" content=\"La cara m\u00e1s solidaria de la trilog\u00eda epif\u00e1nica - COPE Alcoy\" \/>\n<meta property=\"og:description\" content=\"Los Reyes Magos de Oriente siguieron en la ciudad de Alcoy durante el d\u00eda de ayer y en la ma\u00f1ana...\" \/>\n<meta property=\"og:url\" content=\"https:\/\/www.copealcoy.es\/es\/la-cara-mas-solidaria-de-la-trilogia-epifanica\/\" \/>\n<meta property=\"og:site_name\" content=\"COPE Alcoy\" \/>\n<meta property=\"article:published_time\" content=\"2020-01-07T13:08:42+00:00\" \/>\n<meta property=\"og:image\" content=\"https:\/\/www.copealcoy.es\/wp-content\/uploads\/2020\/01\/81520851_1894523434024466_8441780382319247360_n-1.jpg\" \/>\n\t<meta property=\"og:image:width\" content=\"960\" \/>\n\t<meta property=\"og:image:height\" content=\"720\" \/>\n\t<meta property=\"og:image:type\" content=\"image\/jpeg\" \/>\n<meta name=\"author\" content=\"Cope Alcoy\" \/>\n<meta name=\"twitter:label1\" content=\"Escrito por\" \/>\n\t<meta name=\"twitter:data1\" content=\"Cope Alcoy\" \/>\n\t<meta name=\"twitter:label2\" content=\"Tiempo de lectura\" \/>\n\t<meta name=\"twitter:data2\" content=\"1 minuto\" \/>\n<script type=\"application\/ld+json\" class=\"yoast-schema-graph\">{\"@context\":\"https:\\\/\\\/schema.org\",\"@graph\":[{\"@type\":\"Article\",\"@id\":\"https:\\\/\\\/www.copealcoy.es\\\/es\\\/la-cara-mas-solidaria-de-la-trilogia-epifanica\\\/#article\",\"isPartOf\":{\"@id\":\"https:\\\/\\\/www.copealcoy.es\\\/es\\\/la-cara-mas-solidaria-de-la-trilogia-epifanica\\\/\"},\"author\":{\"name\":\"Cope Alcoy\",\"@id\":\"https:\\\/\\\/www.copealcoy.es\\\/es\\\/#\\\/schema\\\/person\\\/e777c87fa024e57d40170af9df39882c\"},\"headline\":\"La cara m\u00e1s solidaria de la trilog\u00eda epif\u00e1nica\",\"datePublished\":\"2020-01-07T13:08:42+00:00\",\"mainEntityOfPage\":{\"@id\":\"https:\\\/\\\/www.copealcoy.es\\\/es\\\/la-cara-mas-solidaria-de-la-trilogia-epifanica\\\/\"},\"wordCount\":123,\"commentCount\":0,\"image\":{\"@id\":\"https:\\\/\\\/www.copealcoy.es\\\/es\\\/la-cara-mas-solidaria-de-la-trilogia-epifanica\\\/#primaryimage\"},\"thumbnailUrl\":\"https:\\\/\\\/www.copealcoy.es\\\/wp-content\\\/uploads\\\/2020\\\/01\\\/81520851_1894523434024466_8441780382319247360_n-1.jpg\",\"keywords\":[\"Alcoy\",\"Cabalgata\",\"Hospital Virgen de los Lirios\",\"residencias de mayores\",\"Reyes Magos\",\"Visita\"],\"articleSection\":[\"Alcoy\",\"Fiesta y Cultura\",\"Noticias\"],\"inLanguage\":\"es\"},{\"@type\":\"WebPage\",\"@id\":\"https:\\\/\\\/www.copealcoy.es\\\/es\\\/la-cara-mas-solidaria-de-la-trilogia-epifanica\\\/\",\"url\":\"https:\\\/\\\/www.copealcoy.es\\\/es\\\/la-cara-mas-solidaria-de-la-trilogia-epifanica\\\/\",\"name\":\"La cara m\u00e1s solidaria de la trilog\u00eda epif\u00e1nica - COPE Alcoy\",\"isPartOf\":{\"@id\":\"https:\\\/\\\/www.copealcoy.es\\\/es\\\/#website\"},\"primaryImageOfPage\":{\"@id\":\"https:\\\/\\\/www.copealcoy.es\\\/es\\\/la-cara-mas-solidaria-de-la-trilogia-epifanica\\\/#primaryimage\"},\"image\":{\"@id\":\"https:\\\/\\\/www.copealcoy.es\\\/es\\\/la-cara-mas-solidaria-de-la-trilogia-epifanica\\\/#primaryimage\"},\"thumbnailUrl\":\"https:\\\/\\\/www.copealcoy.es\\\/wp-content\\\/uploads\\\/2020\\\/01\\\/81520851_1894523434024466_8441780382319247360_n-1.jpg\",\"datePublished\":\"2020-01-07T13:08:42+00:00\",\"author\":{\"@id\":\"https:\\\/\\\/www.copealcoy.es\\\/es\\\/#\\\/schema\\\/person\\\/e777c87fa024e57d40170af9df39882c\"},\"breadcrumb\":{\"@id\":\"https:\\\/\\\/www.copealcoy.es\\\/es\\\/la-cara-mas-solidaria-de-la-trilogia-epifanica\\\/#breadcrumb\"},\"inLanguage\":\"es\",\"potentialAction\":[{\"@type\":\"ReadAction\",\"target\":[\"https:\\\/\\\/www.copealcoy.es\\\/es\\\/la-cara-mas-solidaria-de-la-trilogia-epifanica\\\/\"]}]},{\"@type\":\"ImageObject\",\"inLanguage\":\"es\",\"@id\":\"https:\\\/\\\/www.copealcoy.es\\\/es\\\/la-cara-mas-solidaria-de-la-trilogia-epifanica\\\/#primaryimage\",\"url\":\"https:\\\/\\\/www.copealcoy.es\\\/wp-content\\\/uploads\\\/2020\\\/01\\\/81520851_1894523434024466_8441780382319247360_n-1.jpg\",\"contentUrl\":\"https:\\\/\\\/www.copealcoy.es\\\/wp-content\\\/uploads\\\/2020\\\/01\\\/81520851_1894523434024466_8441780382319247360_n-1.jpg\",\"width\":960,\"height\":720,\"caption\":\"Los Reyes Magos durante su visita ayer a la Residencia del Preventorio \\\/ Foto: Ajuntament d'Alcoi\"},{\"@type\":\"BreadcrumbList\",\"@id\":\"https:\\\/\\\/www.copealcoy.es\\\/es\\\/la-cara-mas-solidaria-de-la-trilogia-epifanica\\\/#breadcrumb\",\"itemListElement\":[{\"@type\":\"ListItem\",\"position\":1,\"name\":\"Portada\",\"item\":\"https:\\\/\\\/www.copealcoy.es\\\/es\\\/\"},{\"@type\":\"ListItem\",\"position\":2,\"name\":\"La cara m\u00e1s solidaria de la trilog\u00eda epif\u00e1nica\"}]},{\"@type\":\"WebSite\",\"@id\":\"https:\\\/\\\/www.copealcoy.es\\\/es\\\/#website\",\"url\":\"https:\\\/\\\/www.copealcoy.es\\\/es\\\/\",\"name\":\"COPE Alcoy\",\"description\":\"Emisora COPE de radio local con emisi\u00f3n online. Pont de Sant Jordi 8-10 03803 Alcoy\",\"potentialAction\":[{\"@type\":\"SearchAction\",\"target\":{\"@type\":\"EntryPoint\",\"urlTemplate\":\"https:\\\/\\\/www.copealcoy.es\\\/es\\\/?s={search_term_string}\"},\"query-input\":{\"@type\":\"PropertyValueSpecification\",\"valueRequired\":true,\"valueName\":\"search_term_string\"}}],\"inLanguage\":\"es\"},{\"@type\":\"Person\",\"@id\":\"https:\\\/\\\/www.copealcoy.es\\\/es\\\/#\\\/schema\\\/person\\\/e777c87fa024e57d40170af9df39882c\",\"name\":\"Cope Alcoy\",\"image\":{\"@type\":\"ImageObject\",\"inLanguage\":\"es\",\"@id\":\"https:\\\/\\\/secure.gravatar.com\\\/avatar\\\/bb65d0283347e303893ba14f0692005417c1e0e690a325a4c5d8bb2b3943ee14?s=96&d=mm&r=g\",\"url\":\"https:\\\/\\\/secure.gravatar.com\\\/avatar\\\/bb65d0283347e303893ba14f0692005417c1e0e690a325a4c5d8bb2b3943ee14?s=96&d=mm&r=g\",\"contentUrl\":\"https:\\\/\\\/secure.gravatar.com\\\/avatar\\\/bb65d0283347e303893ba14f0692005417c1e0e690a325a4c5d8bb2b3943ee14?s=96&d=mm&r=g\",\"caption\":\"Cope Alcoy\"}}]}<\/script>\n<!-- \/ Yoast SEO plugin. -->","yoast_head_json":{"title":"La cara m\u00e1s solidaria de la trilog\u00eda epif\u00e1nica - COPE Alcoy","robots":{"index":"index","follow":"follow","max-snippet":"max-snippet:-1","max-image-preview":"max-image-preview:large","max-video-preview":"max-video-preview:-1"},"canonical":"https:\/\/www.copealcoy.es\/es\/la-cara-mas-solidaria-de-la-trilogia-epifanica\/","og_locale":"es_ES","og_type":"article","og_title":"La cara m\u00e1s solidaria de la trilog\u00eda epif\u00e1nica - COPE Alcoy","og_description":"Los Reyes Magos de Oriente siguieron en la ciudad de Alcoy durante el d\u00eda de ayer y en la ma\u00f1ana...","og_url":"https:\/\/www.copealcoy.es\/es\/la-cara-mas-solidaria-de-la-trilogia-epifanica\/","og_site_name":"COPE Alcoy","article_published_time":"2020-01-07T13:08:42+00:00","og_image":[{"width":960,"height":720,"url":"https:\/\/www.copealcoy.es\/wp-content\/uploads\/2020\/01\/81520851_1894523434024466_8441780382319247360_n-1.jpg","type":"image\/jpeg"}],"author":"Cope Alcoy","twitter_misc":{"Escrito por":"Cope Alcoy","Tiempo de lectura":"1 minuto"},"schema":{"@context":"https:\/\/schema.org","@graph":[{"@type":"Article","@id":"https:\/\/www.copealcoy.es\/es\/la-cara-mas-solidaria-de-la-trilogia-epifanica\/#article","isPartOf":{"@id":"https:\/\/www.copealcoy.es\/es\/la-cara-mas-solidaria-de-la-trilogia-epifanica\/"},"author":{"name":"Cope Alcoy","@id":"https:\/\/www.copealcoy.es\/es\/#\/schema\/person\/e777c87fa024e57d40170af9df39882c"},"headline":"La cara m\u00e1s solidaria de la trilog\u00eda epif\u00e1nica","datePublished":"2020-01-07T13:08:42+00:00","mainEntityOfPage":{"@id":"https:\/\/www.copealcoy.es\/es\/la-cara-mas-solidaria-de-la-trilogia-epifanica\/"},"wordCount":123,"commentCount":0,"image":{"@id":"https:\/\/www.copealcoy.es\/es\/la-cara-mas-solidaria-de-la-trilogia-epifanica\/#primaryimage"},"thumbnailUrl":"https:\/\/www.copealcoy.es\/wp-content\/uploads\/2020\/01\/81520851_1894523434024466_8441780382319247360_n-1.jpg","keywords":["Alcoy","Cabalgata","Hospital Virgen de los Lirios","residencias de mayores","Reyes Magos","Visita"],"articleSection":["Alcoy","Fiesta y Cultura","Noticias"],"inLanguage":"es"},{"@type":"WebPage","@id":"https:\/\/www.copealcoy.es\/es\/la-cara-mas-solidaria-de-la-trilogia-epifanica\/","url":"https:\/\/www.copealcoy.es\/es\/la-cara-mas-solidaria-de-la-trilogia-epifanica\/","name":"La cara m\u00e1s solidaria de la trilog\u00eda epif\u00e1nica - COPE Alcoy","isPartOf":{"@id":"https:\/\/www.copealcoy.es\/es\/#website"},"primaryImageOfPage":{"@id":"https:\/\/www.copealcoy.es\/es\/la-cara-mas-solidaria-de-la-trilogia-epifanica\/#primaryimage"},"image":{"@id":"https:\/\/www.copealcoy.es\/es\/la-cara-mas-solidaria-de-la-trilogia-epifanica\/#primaryimage"},"thumbnailUrl":"https:\/\/www.copealcoy.es\/wp-content\/uploads\/2020\/01\/81520851_1894523434024466_8441780382319247360_n-1.jpg","datePublished":"2020-01-07T13:08:42+00:00","author":{"@id":"https:\/\/www.copealcoy.es\/es\/#\/schema\/person\/e777c87fa024e57d40170af9df39882c"},"breadcrumb":{"@id":"https:\/\/www.copealcoy.es\/es\/la-cara-mas-solidaria-de-la-trilogia-epifanica\/#breadcrumb"},"inLanguage":"es","potentialAction":[{"@type":"ReadAction","target":["https:\/\/www.copealcoy.es\/es\/la-cara-mas-solidaria-de-la-trilogia-epifanica\/"]}]},{"@type":"ImageObject","inLanguage":"es","@id":"https:\/\/www.copealcoy.es\/es\/la-cara-mas-solidaria-de-la-trilogia-epifanica\/#primaryimage","url":"https:\/\/www.copealcoy.es\/wp-content\/uploads\/2020\/01\/81520851_1894523434024466_8441780382319247360_n-1.jpg","contentUrl":"https:\/\/www.copealcoy.es\/wp-content\/uploads\/2020\/01\/81520851_1894523434024466_8441780382319247360_n-1.jpg","width":960,"height":720,"caption":"Los Reyes Magos durante su visita ayer a la Residencia del Preventorio \/ Foto: Ajuntament d'Alcoi"},{"@type":"BreadcrumbList","@id":"https:\/\/www.copealcoy.es\/es\/la-cara-mas-solidaria-de-la-trilogia-epifanica\/#breadcrumb","itemListElement":[{"@type":"ListItem","position":1,"name":"Portada","item":"https:\/\/www.copealcoy.es\/es\/"},{"@type":"ListItem","position":2,"name":"La cara m\u00e1s solidaria de la trilog\u00eda epif\u00e1nica"}]},{"@type":"WebSite","@id":"https:\/\/www.copealcoy.es\/es\/#website","url":"https:\/\/www.copealcoy.es\/es\/","name":"COPE Alcoy","description":"Emisora COPE de radio local con emisi\u00f3n online. Pont de Sant Jordi 8-10 03803 Alcoy","potentialAction":[{"@type":"SearchAction","target":{"@type":"EntryPoint","urlTemplate":"https:\/\/www.copealcoy.es\/es\/?s={search_term_string}"},"query-input":{"@type":"PropertyValueSpecification","valueRequired":true,"valueName":"search_term_string"}}],"inLanguage":"es"},{"@type":"Person","@id":"https:\/\/www.copealcoy.es\/es\/#\/schema\/person\/e777c87fa024e57d40170af9df39882c","name":"Cope Alcoy","image":{"@type":"ImageObject","inLanguage":"es","@id":"https:\/\/secure.gravatar.com\/avatar\/bb65d0283347e303893ba14f0692005417c1e0e690a325a4c5d8bb2b3943ee14?s=96&d=mm&r=g","url":"https:\/\/secure.gravatar.com\/avatar\/bb65d0283347e303893ba14f0692005417c1e0e690a325a4c5d8bb2b3943ee14?s=96&d=mm&r=g","contentUrl":"https:\/\/secure.gravatar.com\/avatar\/bb65d0283347e303893ba14f0692005417c1e0e690a325a4c5d8bb2b3943ee14?s=96&d=mm&r=g","caption":"Cope Alcoy"}}]}},"_links":{"self":[{"href":"https:\/\/www.copealcoy.es\/es\/wp-json\/wp\/v2\/posts\/58589","targetHints":{"allow":["GET"]}}],"collection":[{"href":"https:\/\/www.copealcoy.es\/es\/wp-json\/wp\/v2\/posts"}],"about":[{"href":"https:\/\/www.copealcoy.es\/es\/wp-json\/wp\/v2\/types\/post"}],"author":[{"embeddable":true,"href":"https:\/\/www.copealcoy.es\/es\/wp-json\/wp\/v2\/users\/1"}],"replies":[{"embeddable":true,"href":"https:\/\/www.copealcoy.es\/es\/wp-json\/wp\/v2\/comments?post=58589"}],"version-history":[{"count":0,"href":"https:\/\/www.copealcoy.es\/es\/wp-json\/wp\/v2\/posts\/58589\/revisions"}],"wp:featuredmedia":[{"embeddable":true,"href":"https:\/\/www.copealcoy.es\/es\/wp-json\/wp\/v2\/media\/58590"}],"wp:attachment":[{"href":"https:\/\/www.copealcoy.es\/es\/wp-json\/wp\/v2\/media?parent=58589"}],"wp:term":[{"taxonomy":"category","embeddable":true,"href":"https:\/\/www.copealcoy.es\/es\/wp-json\/wp\/v2\/categories?post=58589"},{"taxonomy":"post_tag","embeddable":true,"href":"https:\/\/www.copealcoy.es\/es\/wp-json\/wp\/v2\/tags?post=58589"}],"curies":[{"name":"wp","href":"https:\/\/api.w.org\/{rel}","templated":true}]}}