{"id":58564,"date":"2020-01-06T11:17:16","date_gmt":"2020-01-06T11:17:16","guid":{"rendered":"https:\/\/www.copealcoy.es\/?p=58564"},"modified":"2020-01-06T11:17:16","modified_gmt":"2020-01-06T11:17:16","slug":"los-reyes-magos-llevan-la-ilusion-a-cada-rincon-de-alcoy","status":"publish","type":"post","link":"https:\/\/www.copealcoy.es\/es\/los-reyes-magos-llevan-la-ilusion-a-cada-rincon-de-alcoy\/","title":{"rendered":"Los Reyes Magos llevan la ilusi\u00f3n a cada rinc\u00f3n de Alcoy"},"content":{"rendered":"<p style=\"text-align: justify;\">Alcoy vivi\u00f3 ayer <strong>uno de los d\u00edas m\u00e1s m\u00e1gicos del a\u00f1o<\/strong> con la celebraci\u00f3n de<strong> la 135 edici\u00f3n de la Cabalgata de los Reyes Magos<\/strong>, un acto que volvi\u00f3 a <strong>ser multitudinario<\/strong> y que <strong>reuni\u00f3 a miles de personas<\/strong> en las calles del Centro de la ciudad desde primeras horas de la tarde y hasta bien entrada la noche.<\/p>\n<p style=\"text-align: justify;\">El desfile comenz\u00f3 puntual, a las seis de la tarde, <strong>desde las inmediaciones de la Avenida de Elche<\/strong> y tom\u00f3 forma una vez pasada la curva del Ecoparque. En la comitiva no faltaron <strong>los bailes populares<\/strong>, <strong>las representaciones costumbristas<\/strong> y <strong>los antorcheros<\/strong> que iluminaban el paso de Sus Majestades. Melchor, Gaspar y Baltasar <strong>llegaron montados en bellos dromedarios<\/strong> y estuvieron guiados en esta ocasi\u00f3n por <strong>la Asociaci\u00f3n de San Mauro M\u00e1rtir<\/strong>, <strong>la Asociaci\u00f3n de \u00c1rbitros (ASOAR)<\/strong> y <strong>la Fil\u00e0 Almog\u00e1vares<\/strong>. Los soberanos <strong>recibieron grandes dosis de afecto durante el trayecto del desfile<\/strong> y centenares de peque\u00f1os <strong>fueron acercados hasta ellos<\/strong> por sus padres para que les dedicaran su afecto en forma de beso o caricia. La cl\u00e1sica pieza de <strong>&#8216;L&#8217;Entr\u00e0 dels Reis&#8217;<\/strong>, de Camilo P\u00e9rez Monllor, son\u00f3 con fuerza durante toda la Cabalgata y <strong>m\u00e1s de 400 pajes &#8216;Negrets&#8217;<\/strong> se apresuraron a llevar <strong>los paquetes de regalos hasta los balcones de las casas<\/strong> mientras sub\u00edan por largas escaleras rojas.<\/p>\n<p style=\"text-align: justify;\">Uno de los momentos m\u00e1s esperados de la Cabalgata de Alcoy fue <strong>la Adoraci\u00f3n a la Sagrada Familia<\/strong> que tuvo lugar en la Plaza de Espa\u00f1a pasadas las ocho y media de la tarde. Melchor, Gaspar y Baltasar <strong>volvieron a bajar de sus monturas<\/strong> y recorrieron a pie La Bandeja <strong>para llegar al pesebre<\/strong> entre el volteo general de campanas de la iglesia de Santa Mar\u00eda as\u00ed como el estallido de un espectacular castillo de fuegos artificiales. La m\u00e1gica escena <strong>fue arropada por las notas del &#8216;Aleluya&#8217; de Ha\u00ebndel<\/strong> y seguida por centenares de alcoyanos as\u00ed como turistas <strong>que abarrotaban esta arter\u00eda principal de la ciudad<\/strong> en una Noche de Reyes marcada por el fr\u00edo y las bajas temperaturas.<\/p>\n<p style=\"text-align: justify;\">Superado el instante cumbre de la Cabalgata, <strong>la comitiva enfil\u00f3 la calle San Lorenzo y la Avinguda del Pa\u00eds Valenci\u00e0<\/strong> para finalizar en <strong>las inmediaciones del Puente de Cervantes<\/strong> ya que en 2020 <strong>se ha acortado el trayecto del acto<\/strong> y a partir de este a\u00f1o el desfile <strong>no pasar\u00e1<\/strong> por la calle Alzamora para concluir ante la iglesia de San Roque como era habitual en los \u00faltimos a\u00f1os.<\/p>\n<p style=\"text-align: justify;\">Los Reyes Magos, una vez finalizada la Cabalgata, s<strong>eguir\u00e1n todav\u00eda en la Alcoy en la ma\u00f1ana de este 6 de enero<\/strong> y visitar\u00e1n los centros de mayores o el Hospital Virgen de los Lirios. Despu\u00e9s desmontar\u00e1n el Campamento del Preventorio y marchar\u00e1n hasta Oriente para <strong>volver a visitarnos<\/strong> el pr\u00f3ximo a\u00f1o.<\/p>\n","protected":false},"excerpt":{"rendered":"<p>Alcoy vivi\u00f3 ayer uno de los d\u00edas m\u00e1s m\u00e1gicos del a\u00f1o con la celebraci\u00f3n de la 135 edici\u00f3n de la&#8230;<\/p>\n","protected":false},"author":1,"featured_media":58565,"comment_status":"open","ping_status":"open","sticky":false,"template":"","format":"standard","meta":{"footnotes":""},"categories":[97,78,75,125],"tags":[2700,1494,368,3511,3503,488],"class_list":["post-58564","post","type-post","status-publish","format-standard","has-post-thumbnail","hentry","category-alcoy","category-fiestaycultura","category-noticias","category-portada","tag-alcoi-ciutat-del-nadal","tag-alcoy","tag-cabalgata","tag-gaspar-y-baltasar","tag-melchor","tag-reyes-magos"],"yoast_head":"<!-- This site is optimized with the Yoast SEO plugin v27.3 - https:\/\/yoast.com\/product\/yoast-seo-wordpress\/ -->\n<title>Los Reyes Magos llevan la ilusi\u00f3n a cada rinc\u00f3n de Alcoy - COPE Alcoy<\/title>\n<meta name=\"robots\" content=\"index, follow, max-snippet:-1, max-image-preview:large, max-video-preview:-1\" \/>\n<link rel=\"canonical\" href=\"https:\/\/www.copealcoy.es\/es\/los-reyes-magos-llevan-la-ilusion-a-cada-rincon-de-alcoy\/\" \/>\n<meta property=\"og:locale\" content=\"es_ES\" \/>\n<meta property=\"og:type\" content=\"article\" \/>\n<meta property=\"og:title\" content=\"Los Reyes Magos llevan la ilusi\u00f3n a cada rinc\u00f3n de Alcoy - COPE Alcoy\" \/>\n<meta property=\"og:description\" content=\"Alcoy vivi\u00f3 ayer uno de los d\u00edas m\u00e1s m\u00e1gicos del a\u00f1o con la celebraci\u00f3n de la 135 edici\u00f3n de la...\" \/>\n<meta property=\"og:url\" content=\"https:\/\/www.copealcoy.es\/es\/los-reyes-magos-llevan-la-ilusion-a-cada-rincon-de-alcoy\/\" \/>\n<meta property=\"og:site_name\" content=\"COPE Alcoy\" \/>\n<meta property=\"article:published_time\" content=\"2020-01-06T11:17:16+00:00\" \/>\n<meta property=\"og:image\" content=\"https:\/\/www.copealcoy.es\/wp-content\/uploads\/2020\/01\/81641135_3928991913793630_9146479623901544448_o-1.jpg\" \/>\n\t<meta property=\"og:image:width\" content=\"960\" \/>\n\t<meta property=\"og:image:height\" content=\"635\" \/>\n\t<meta property=\"og:image:type\" content=\"image\/jpeg\" \/>\n<meta name=\"author\" content=\"Cope Alcoy\" \/>\n<meta name=\"twitter:label1\" content=\"Escrito por\" \/>\n\t<meta name=\"twitter:data1\" content=\"Cope Alcoy\" \/>\n\t<meta name=\"twitter:label2\" content=\"Tiempo de lectura\" \/>\n\t<meta name=\"twitter:data2\" content=\"2 minutos\" \/>\n<script type=\"application\/ld+json\" class=\"yoast-schema-graph\">{\"@context\":\"https:\\\/\\\/schema.org\",\"@graph\":[{\"@type\":\"Article\",\"@id\":\"https:\\\/\\\/www.copealcoy.es\\\/es\\\/los-reyes-magos-llevan-la-ilusion-a-cada-rincon-de-alcoy\\\/#article\",\"isPartOf\":{\"@id\":\"https:\\\/\\\/www.copealcoy.es\\\/es\\\/los-reyes-magos-llevan-la-ilusion-a-cada-rincon-de-alcoy\\\/\"},\"author\":{\"name\":\"Cope Alcoy\",\"@id\":\"https:\\\/\\\/www.copealcoy.es\\\/es\\\/#\\\/schema\\\/person\\\/e777c87fa024e57d40170af9df39882c\"},\"headline\":\"Los Reyes Magos llevan la ilusi\u00f3n a cada rinc\u00f3n de Alcoy\",\"datePublished\":\"2020-01-06T11:17:16+00:00\",\"mainEntityOfPage\":{\"@id\":\"https:\\\/\\\/www.copealcoy.es\\\/es\\\/los-reyes-magos-llevan-la-ilusion-a-cada-rincon-de-alcoy\\\/\"},\"wordCount\":503,\"commentCount\":0,\"image\":{\"@id\":\"https:\\\/\\\/www.copealcoy.es\\\/es\\\/los-reyes-magos-llevan-la-ilusion-a-cada-rincon-de-alcoy\\\/#primaryimage\"},\"thumbnailUrl\":\"https:\\\/\\\/www.copealcoy.es\\\/wp-content\\\/uploads\\\/2020\\\/01\\\/81641135_3928991913793630_9146479623901544448_o-1.jpg\",\"keywords\":[\"Alcoi Ciutat del Nadal\",\"Alcoy\",\"Cabalgata\",\"Gaspar y Baltasar\",\"Melchor\",\"Reyes Magos\"],\"articleSection\":[\"Alcoy\",\"Fiesta y Cultura\",\"Noticias\",\"Portada\"],\"inLanguage\":\"es\"},{\"@type\":\"WebPage\",\"@id\":\"https:\\\/\\\/www.copealcoy.es\\\/es\\\/los-reyes-magos-llevan-la-ilusion-a-cada-rincon-de-alcoy\\\/\",\"url\":\"https:\\\/\\\/www.copealcoy.es\\\/es\\\/los-reyes-magos-llevan-la-ilusion-a-cada-rincon-de-alcoy\\\/\",\"name\":\"Los Reyes Magos llevan la ilusi\u00f3n a cada rinc\u00f3n de Alcoy - COPE Alcoy\",\"isPartOf\":{\"@id\":\"https:\\\/\\\/www.copealcoy.es\\\/es\\\/#website\"},\"primaryImageOfPage\":{\"@id\":\"https:\\\/\\\/www.copealcoy.es\\\/es\\\/los-reyes-magos-llevan-la-ilusion-a-cada-rincon-de-alcoy\\\/#primaryimage\"},\"image\":{\"@id\":\"https:\\\/\\\/www.copealcoy.es\\\/es\\\/los-reyes-magos-llevan-la-ilusion-a-cada-rincon-de-alcoy\\\/#primaryimage\"},\"thumbnailUrl\":\"https:\\\/\\\/www.copealcoy.es\\\/wp-content\\\/uploads\\\/2020\\\/01\\\/81641135_3928991913793630_9146479623901544448_o-1.jpg\",\"datePublished\":\"2020-01-06T11:17:16+00:00\",\"author\":{\"@id\":\"https:\\\/\\\/www.copealcoy.es\\\/es\\\/#\\\/schema\\\/person\\\/e777c87fa024e57d40170af9df39882c\"},\"breadcrumb\":{\"@id\":\"https:\\\/\\\/www.copealcoy.es\\\/es\\\/los-reyes-magos-llevan-la-ilusion-a-cada-rincon-de-alcoy\\\/#breadcrumb\"},\"inLanguage\":\"es\",\"potentialAction\":[{\"@type\":\"ReadAction\",\"target\":[\"https:\\\/\\\/www.copealcoy.es\\\/es\\\/los-reyes-magos-llevan-la-ilusion-a-cada-rincon-de-alcoy\\\/\"]}]},{\"@type\":\"ImageObject\",\"inLanguage\":\"es\",\"@id\":\"https:\\\/\\\/www.copealcoy.es\\\/es\\\/los-reyes-magos-llevan-la-ilusion-a-cada-rincon-de-alcoy\\\/#primaryimage\",\"url\":\"https:\\\/\\\/www.copealcoy.es\\\/wp-content\\\/uploads\\\/2020\\\/01\\\/81641135_3928991913793630_9146479623901544448_o-1.jpg\",\"contentUrl\":\"https:\\\/\\\/www.copealcoy.es\\\/wp-content\\\/uploads\\\/2020\\\/01\\\/81641135_3928991913793630_9146479623901544448_o-1.jpg\",\"width\":960,\"height\":635,\"caption\":\"Los Reyes Magos durante el instante de la Adoraci\u00f3n \\\/ Foto: Ajuntament d'Alcoi\"},{\"@type\":\"BreadcrumbList\",\"@id\":\"https:\\\/\\\/www.copealcoy.es\\\/es\\\/los-reyes-magos-llevan-la-ilusion-a-cada-rincon-de-alcoy\\\/#breadcrumb\",\"itemListElement\":[{\"@type\":\"ListItem\",\"position\":1,\"name\":\"Portada\",\"item\":\"https:\\\/\\\/www.copealcoy.es\\\/es\\\/\"},{\"@type\":\"ListItem\",\"position\":2,\"name\":\"Los Reyes Magos llevan la ilusi\u00f3n a cada rinc\u00f3n de Alcoy\"}]},{\"@type\":\"WebSite\",\"@id\":\"https:\\\/\\\/www.copealcoy.es\\\/es\\\/#website\",\"url\":\"https:\\\/\\\/www.copealcoy.es\\\/es\\\/\",\"name\":\"COPE Alcoy\",\"description\":\"Emisora COPE de radio local con emisi\u00f3n online. Pont de Sant Jordi 8-10 03803 Alcoy\",\"potentialAction\":[{\"@type\":\"SearchAction\",\"target\":{\"@type\":\"EntryPoint\",\"urlTemplate\":\"https:\\\/\\\/www.copealcoy.es\\\/es\\\/?s={search_term_string}\"},\"query-input\":{\"@type\":\"PropertyValueSpecification\",\"valueRequired\":true,\"valueName\":\"search_term_string\"}}],\"inLanguage\":\"es\"},{\"@type\":\"Person\",\"@id\":\"https:\\\/\\\/www.copealcoy.es\\\/es\\\/#\\\/schema\\\/person\\\/e777c87fa024e57d40170af9df39882c\",\"name\":\"Cope Alcoy\",\"image\":{\"@type\":\"ImageObject\",\"inLanguage\":\"es\",\"@id\":\"https:\\\/\\\/secure.gravatar.com\\\/avatar\\\/bb65d0283347e303893ba14f0692005417c1e0e690a325a4c5d8bb2b3943ee14?s=96&d=mm&r=g\",\"url\":\"https:\\\/\\\/secure.gravatar.com\\\/avatar\\\/bb65d0283347e303893ba14f0692005417c1e0e690a325a4c5d8bb2b3943ee14?s=96&d=mm&r=g\",\"contentUrl\":\"https:\\\/\\\/secure.gravatar.com\\\/avatar\\\/bb65d0283347e303893ba14f0692005417c1e0e690a325a4c5d8bb2b3943ee14?s=96&d=mm&r=g\",\"caption\":\"Cope Alcoy\"}}]}<\/script>\n<!-- \/ Yoast SEO plugin. -->","yoast_head_json":{"title":"Los Reyes Magos llevan la ilusi\u00f3n a cada rinc\u00f3n de Alcoy - COPE Alcoy","robots":{"index":"index","follow":"follow","max-snippet":"max-snippet:-1","max-image-preview":"max-image-preview:large","max-video-preview":"max-video-preview:-1"},"canonical":"https:\/\/www.copealcoy.es\/es\/los-reyes-magos-llevan-la-ilusion-a-cada-rincon-de-alcoy\/","og_locale":"es_ES","og_type":"article","og_title":"Los Reyes Magos llevan la ilusi\u00f3n a cada rinc\u00f3n de Alcoy - COPE Alcoy","og_description":"Alcoy vivi\u00f3 ayer uno de los d\u00edas m\u00e1s m\u00e1gicos del a\u00f1o con la celebraci\u00f3n de la 135 edici\u00f3n de la...","og_url":"https:\/\/www.copealcoy.es\/es\/los-reyes-magos-llevan-la-ilusion-a-cada-rincon-de-alcoy\/","og_site_name":"COPE Alcoy","article_published_time":"2020-01-06T11:17:16+00:00","og_image":[{"width":960,"height":635,"url":"https:\/\/www.copealcoy.es\/wp-content\/uploads\/2020\/01\/81641135_3928991913793630_9146479623901544448_o-1.jpg","type":"image\/jpeg"}],"author":"Cope Alcoy","twitter_misc":{"Escrito por":"Cope Alcoy","Tiempo de lectura":"2 minutos"},"schema":{"@context":"https:\/\/schema.org","@graph":[{"@type":"Article","@id":"https:\/\/www.copealcoy.es\/es\/los-reyes-magos-llevan-la-ilusion-a-cada-rincon-de-alcoy\/#article","isPartOf":{"@id":"https:\/\/www.copealcoy.es\/es\/los-reyes-magos-llevan-la-ilusion-a-cada-rincon-de-alcoy\/"},"author":{"name":"Cope Alcoy","@id":"https:\/\/www.copealcoy.es\/es\/#\/schema\/person\/e777c87fa024e57d40170af9df39882c"},"headline":"Los Reyes Magos llevan la ilusi\u00f3n a cada rinc\u00f3n de Alcoy","datePublished":"2020-01-06T11:17:16+00:00","mainEntityOfPage":{"@id":"https:\/\/www.copealcoy.es\/es\/los-reyes-magos-llevan-la-ilusion-a-cada-rincon-de-alcoy\/"},"wordCount":503,"commentCount":0,"image":{"@id":"https:\/\/www.copealcoy.es\/es\/los-reyes-magos-llevan-la-ilusion-a-cada-rincon-de-alcoy\/#primaryimage"},"thumbnailUrl":"https:\/\/www.copealcoy.es\/wp-content\/uploads\/2020\/01\/81641135_3928991913793630_9146479623901544448_o-1.jpg","keywords":["Alcoi Ciutat del Nadal","Alcoy","Cabalgata","Gaspar y Baltasar","Melchor","Reyes Magos"],"articleSection":["Alcoy","Fiesta y Cultura","Noticias","Portada"],"inLanguage":"es"},{"@type":"WebPage","@id":"https:\/\/www.copealcoy.es\/es\/los-reyes-magos-llevan-la-ilusion-a-cada-rincon-de-alcoy\/","url":"https:\/\/www.copealcoy.es\/es\/los-reyes-magos-llevan-la-ilusion-a-cada-rincon-de-alcoy\/","name":"Los Reyes Magos llevan la ilusi\u00f3n a cada rinc\u00f3n de Alcoy - COPE Alcoy","isPartOf":{"@id":"https:\/\/www.copealcoy.es\/es\/#website"},"primaryImageOfPage":{"@id":"https:\/\/www.copealcoy.es\/es\/los-reyes-magos-llevan-la-ilusion-a-cada-rincon-de-alcoy\/#primaryimage"},"image":{"@id":"https:\/\/www.copealcoy.es\/es\/los-reyes-magos-llevan-la-ilusion-a-cada-rincon-de-alcoy\/#primaryimage"},"thumbnailUrl":"https:\/\/www.copealcoy.es\/wp-content\/uploads\/2020\/01\/81641135_3928991913793630_9146479623901544448_o-1.jpg","datePublished":"2020-01-06T11:17:16+00:00","author":{"@id":"https:\/\/www.copealcoy.es\/es\/#\/schema\/person\/e777c87fa024e57d40170af9df39882c"},"breadcrumb":{"@id":"https:\/\/www.copealcoy.es\/es\/los-reyes-magos-llevan-la-ilusion-a-cada-rincon-de-alcoy\/#breadcrumb"},"inLanguage":"es","potentialAction":[{"@type":"ReadAction","target":["https:\/\/www.copealcoy.es\/es\/los-reyes-magos-llevan-la-ilusion-a-cada-rincon-de-alcoy\/"]}]},{"@type":"ImageObject","inLanguage":"es","@id":"https:\/\/www.copealcoy.es\/es\/los-reyes-magos-llevan-la-ilusion-a-cada-rincon-de-alcoy\/#primaryimage","url":"https:\/\/www.copealcoy.es\/wp-content\/uploads\/2020\/01\/81641135_3928991913793630_9146479623901544448_o-1.jpg","contentUrl":"https:\/\/www.copealcoy.es\/wp-content\/uploads\/2020\/01\/81641135_3928991913793630_9146479623901544448_o-1.jpg","width":960,"height":635,"caption":"Los Reyes Magos durante el instante de la Adoraci\u00f3n \/ Foto: Ajuntament d'Alcoi"},{"@type":"BreadcrumbList","@id":"https:\/\/www.copealcoy.es\/es\/los-reyes-magos-llevan-la-ilusion-a-cada-rincon-de-alcoy\/#breadcrumb","itemListElement":[{"@type":"ListItem","position":1,"name":"Portada","item":"https:\/\/www.copealcoy.es\/es\/"},{"@type":"ListItem","position":2,"name":"Los Reyes Magos llevan la ilusi\u00f3n a cada rinc\u00f3n de Alcoy"}]},{"@type":"WebSite","@id":"https:\/\/www.copealcoy.es\/es\/#website","url":"https:\/\/www.copealcoy.es\/es\/","name":"COPE Alcoy","description":"Emisora COPE de radio local con emisi\u00f3n online. Pont de Sant Jordi 8-10 03803 Alcoy","potentialAction":[{"@type":"SearchAction","target":{"@type":"EntryPoint","urlTemplate":"https:\/\/www.copealcoy.es\/es\/?s={search_term_string}"},"query-input":{"@type":"PropertyValueSpecification","valueRequired":true,"valueName":"search_term_string"}}],"inLanguage":"es"},{"@type":"Person","@id":"https:\/\/www.copealcoy.es\/es\/#\/schema\/person\/e777c87fa024e57d40170af9df39882c","name":"Cope Alcoy","image":{"@type":"ImageObject","inLanguage":"es","@id":"https:\/\/secure.gravatar.com\/avatar\/bb65d0283347e303893ba14f0692005417c1e0e690a325a4c5d8bb2b3943ee14?s=96&d=mm&r=g","url":"https:\/\/secure.gravatar.com\/avatar\/bb65d0283347e303893ba14f0692005417c1e0e690a325a4c5d8bb2b3943ee14?s=96&d=mm&r=g","contentUrl":"https:\/\/secure.gravatar.com\/avatar\/bb65d0283347e303893ba14f0692005417c1e0e690a325a4c5d8bb2b3943ee14?s=96&d=mm&r=g","caption":"Cope Alcoy"}}]}},"_links":{"self":[{"href":"https:\/\/www.copealcoy.es\/es\/wp-json\/wp\/v2\/posts\/58564","targetHints":{"allow":["GET"]}}],"collection":[{"href":"https:\/\/www.copealcoy.es\/es\/wp-json\/wp\/v2\/posts"}],"about":[{"href":"https:\/\/www.copealcoy.es\/es\/wp-json\/wp\/v2\/types\/post"}],"author":[{"embeddable":true,"href":"https:\/\/www.copealcoy.es\/es\/wp-json\/wp\/v2\/users\/1"}],"replies":[{"embeddable":true,"href":"https:\/\/www.copealcoy.es\/es\/wp-json\/wp\/v2\/comments?post=58564"}],"version-history":[{"count":0,"href":"https:\/\/www.copealcoy.es\/es\/wp-json\/wp\/v2\/posts\/58564\/revisions"}],"wp:featuredmedia":[{"embeddable":true,"href":"https:\/\/www.copealcoy.es\/es\/wp-json\/wp\/v2\/media\/58565"}],"wp:attachment":[{"href":"https:\/\/www.copealcoy.es\/es\/wp-json\/wp\/v2\/media?parent=58564"}],"wp:term":[{"taxonomy":"category","embeddable":true,"href":"https:\/\/www.copealcoy.es\/es\/wp-json\/wp\/v2\/categories?post=58564"},{"taxonomy":"post_tag","embeddable":true,"href":"https:\/\/www.copealcoy.es\/es\/wp-json\/wp\/v2\/tags?post=58564"}],"curies":[{"name":"wp","href":"https:\/\/api.w.org\/{rel}","templated":true}]}}