{"id":58517,"date":"2020-01-03T17:24:05","date_gmt":"2020-01-03T17:24:05","guid":{"rendered":"https:\/\/www.copealcoy.es\/?p=58517"},"modified":"2020-01-03T17:24:05","modified_gmt":"2020-01-03T17:24:05","slug":"la-comarca-ultima-los-preparativos-para-dar-la-bienvenida-a-los-reyes-magos","status":"publish","type":"post","link":"https:\/\/www.copealcoy.es\/es\/la-comarca-ultima-los-preparativos-para-dar-la-bienvenida-a-los-reyes-magos\/","title":{"rendered":"La comarca se prepara para recibir a los Reyes Magos"},"content":{"rendered":"<p style=\"text-align: justify;\">Los<strong> municipios de las comarcas del Comtat y de l\u2019Alcoi\u00e0<\/strong> ya est\u00e1n ultimando<strong> todos los preparativos<\/strong> para dar <strong>una merecida bienvenida a los Reyes Magos de Oriente<\/strong> en el momento en el que<strong> acudan a visitar a los m\u00e1s peque\u00f1os de cada localidad<\/strong> durante <strong>las diferentes Cabalgatas<\/strong> que tendr\u00e1n lugar en la m\u00e1gica tarde del 5 de enero.<\/p>\n<p style=\"text-align: justify;\"><strong>La Bandeja, una tradici\u00f3n \u00fanica en Cocentaina<\/strong><\/p>\n<p style=\"text-align: justify;\">En <strong>Cocentaina<\/strong> el Paje Real visit\u00f3 la poblaci\u00f3n el pasado mi\u00e9rcoles 1 de enero para declamar el Bando y <strong>anunciar que los Reyes Magos llegar\u00e1n a la Villa Condal<\/strong> ma\u00f1ana por la tarde. Los ni\u00f1os <strong>tuvieron oportunidad de lanzar sus cartas a los buzones<\/strong>, que portaban <strong>las burritas<\/strong> que tomaron parte en el desfile, y <strong>las misivas fueron contestadas<\/strong> por los ayudantes de Sus Majestades durante la noche del primer d\u00eda del a\u00f1o. El <strong>Emisario Real<\/strong> volver\u00e1 al municipio ma\u00f1ana, a las tres de la tarde, y desde las puertas de la iglesia de Santa Mar\u00eda <strong>recibir\u00e1 a los ni\u00f1os en el instante en el que toquen las campanas del templo;<\/strong>\u00a0un momento en el que los Pajes aprovechar\u00e1n para cambiar la paja depositada en los balcones de las casas por <strong>bandejas de dulces y golosinas<\/strong>. A la misma hora <strong>Melchor, Gaspar y Baltasar visitar\u00e1n la Parroquia del Salvador<\/strong> y <strong>C\u00e1ritas<\/strong> de esta misma iglesia es la encargada de <strong>coordinar la organizaci\u00f3n de la Cabalgata de los Reyes Magos<\/strong> que comenzar\u00e1 a las siete de la tarde desde la parte alta del Passeig del Comtat. El desfile llegar\u00e1 hasta El Pla y all\u00ed, ante el Palau Comtal, <strong>se realizar\u00e1 la Adoraci\u00f3n a la Sagrada Familia<\/strong> junto al volteo de las campanas del Monasterio de la Mare de D\u00e9u del Miracle y el disparo de efectos pirot\u00e9cnicos.<\/p>\n<p style=\"text-align: justify;\"><strong>Los Reyes instalar\u00e1n su Campamento en Muro <\/strong><\/p>\n<p style=\"text-align: justify;\">Sus Majestades <strong>montar\u00e1n su Campamento esta noche junto a la Ermita de Sant Antoni de Muro<\/strong> y este <strong>se podr\u00e1 visitar durante toda la ma\u00f1ana del domingo 5 de enero<\/strong> antes de que los Reyes Magos <strong>hagan su entrada triunfal<\/strong> en la poblaci\u00f3n. El desfile comenzar\u00e1 a las 18:30h en la misma Ermita de Sant Antoni con <strong>el disparo de un castillo de fuegos artificiales<\/strong> y desde ah\u00ed avanzar\u00e1 la comitiva <strong>hasta la iglesia de la Virgen de los Desamparados<\/strong> donde Melchor, Gaspar y Baltasar entrar\u00e1n al templo para visitar a la patrona del municipio. Despu\u00e9s, en la plaza exterior junto al lavadero, <strong>se realizar\u00e1 la Adoraci\u00f3n a la Sagrada Familia<\/strong> y los Pajes aprovechar\u00e1n el desfile<strong> para repartir los juguetes casa por casa<\/strong> subiendo hasta los balcones mediante largas escaleras.\u00a0 La Cabalgata de los Reyes Magos de Muro, que data del a\u00f1o 1902 aproximadamente, <strong>cuenta este a\u00f1o con la organizaci\u00f3n de la Asociaci\u00f3n de Turballos ayudada por el Muro CF<\/strong>\u00a0y fue anunciada por el Emisario Real <strong>en la tarde del pasado 1 de enero por medio del Bando<\/strong> que se declam\u00f3 por diferentes puntos de la localidad. Adem\u00e1s los ni\u00f1os aprovecharon el acto para <strong>entregar sus cartas a las burritas<\/strong> que tambi\u00e9n tomaron parte en este singular desfile.<\/p>\n<p style=\"text-align: justify;\">Los Emisarios Reales han estado asimismo <strong>en cada poblaci\u00f3n del Comtat y de l\u2019Alcoi\u00e0 durante los \u00faltimos d\u00edas<\/strong> y tras ellos Melchor, Gaspar y Baltasar pasar\u00e1n ma\u00f1ana por, ente otras poblaciones; Agres, Alfafara, Alcoleja, l\u2019Alquer\u00eda d\u2019Asnar,\u00a0 Beniarr\u00e9s, Benilloba, Castalla, Ibi, Pen\u00e1guila, L\u2019Orxa u Onil.<\/p>\n","protected":false},"excerpt":{"rendered":"<p>Los municipios de las comarcas del Comtat y de l\u2019Alcoi\u00e0 ya est\u00e1n ultimando todos los preparativos para dar una merecida&#8230;<\/p>\n","protected":false},"author":1,"featured_media":58518,"comment_status":"open","ping_status":"open","sticky":false,"template":"","format":"standard","meta":{"footnotes":""},"categories":[98,75],"tags":[482,490,368,1495,237,6914,488],"class_list":["post-58517","post","type-post","status-publish","format-standard","has-post-thumbnail","hentry","category-comarcas","category-noticias","tag-alcoia","tag-bando","tag-cabalgata","tag-comarcas","tag-comtat","tag-pajes-reales","tag-reyes-magos"],"yoast_head":"<!-- This site is optimized with the Yoast SEO plugin v27.3 - https:\/\/yoast.com\/product\/yoast-seo-wordpress\/ -->\n<title>La comarca se prepara para recibir a los Reyes Magos - COPE Alcoy<\/title>\n<meta name=\"robots\" content=\"index, follow, max-snippet:-1, max-image-preview:large, max-video-preview:-1\" \/>\n<link rel=\"canonical\" href=\"https:\/\/www.copealcoy.es\/es\/la-comarca-ultima-los-preparativos-para-dar-la-bienvenida-a-los-reyes-magos\/\" \/>\n<meta property=\"og:locale\" content=\"es_ES\" \/>\n<meta property=\"og:type\" content=\"article\" \/>\n<meta property=\"og:title\" content=\"La comarca se prepara para recibir a los Reyes Magos - COPE Alcoy\" \/>\n<meta property=\"og:description\" content=\"Los municipios de las comarcas del Comtat y de l\u2019Alcoi\u00e0 ya est\u00e1n ultimando todos los preparativos para dar una merecida...\" \/>\n<meta property=\"og:url\" content=\"https:\/\/www.copealcoy.es\/es\/la-comarca-ultima-los-preparativos-para-dar-la-bienvenida-a-los-reyes-magos\/\" \/>\n<meta property=\"og:site_name\" content=\"COPE Alcoy\" \/>\n<meta property=\"article:published_time\" content=\"2020-01-03T17:24:05+00:00\" \/>\n<meta property=\"og:image\" content=\"https:\/\/www.copealcoy.es\/wp-content\/uploads\/2020\/01\/IMG_1548-e1578072185967-1-scaled.jpg\" \/>\n\t<meta property=\"og:image:width\" content=\"2560\" \/>\n\t<meta property=\"og:image:height\" content=\"1370\" \/>\n\t<meta property=\"og:image:type\" content=\"image\/jpeg\" \/>\n<meta name=\"author\" content=\"Cope Alcoy\" \/>\n<meta name=\"twitter:label1\" content=\"Escrito por\" \/>\n\t<meta name=\"twitter:data1\" content=\"Cope Alcoy\" \/>\n\t<meta name=\"twitter:label2\" content=\"Tiempo de lectura\" \/>\n\t<meta name=\"twitter:data2\" content=\"3 minutos\" \/>\n<script type=\"application\/ld+json\" class=\"yoast-schema-graph\">{\"@context\":\"https:\\\/\\\/schema.org\",\"@graph\":[{\"@type\":\"Article\",\"@id\":\"https:\\\/\\\/www.copealcoy.es\\\/es\\\/la-comarca-ultima-los-preparativos-para-dar-la-bienvenida-a-los-reyes-magos\\\/#article\",\"isPartOf\":{\"@id\":\"https:\\\/\\\/www.copealcoy.es\\\/es\\\/la-comarca-ultima-los-preparativos-para-dar-la-bienvenida-a-los-reyes-magos\\\/\"},\"author\":{\"name\":\"Cope Alcoy\",\"@id\":\"https:\\\/\\\/www.copealcoy.es\\\/es\\\/#\\\/schema\\\/person\\\/e777c87fa024e57d40170af9df39882c\"},\"headline\":\"La comarca se prepara para recibir a los Reyes Magos\",\"datePublished\":\"2020-01-03T17:24:05+00:00\",\"mainEntityOfPage\":{\"@id\":\"https:\\\/\\\/www.copealcoy.es\\\/es\\\/la-comarca-ultima-los-preparativos-para-dar-la-bienvenida-a-los-reyes-magos\\\/\"},\"wordCount\":607,\"commentCount\":0,\"image\":{\"@id\":\"https:\\\/\\\/www.copealcoy.es\\\/es\\\/la-comarca-ultima-los-preparativos-para-dar-la-bienvenida-a-los-reyes-magos\\\/#primaryimage\"},\"thumbnailUrl\":\"https:\\\/\\\/www.copealcoy.es\\\/wp-content\\\/uploads\\\/2020\\\/01\\\/IMG_1548-e1578072185967-1-scaled.jpg\",\"keywords\":[\"Alcoi\u00e0\",\"Bando\",\"Cabalgata\",\"Comarcas\",\"Comtat\",\"Pajes Reales\",\"Reyes Magos\"],\"articleSection\":[\"Comarcas\",\"Noticias\"],\"inLanguage\":\"es\"},{\"@type\":\"WebPage\",\"@id\":\"https:\\\/\\\/www.copealcoy.es\\\/es\\\/la-comarca-ultima-los-preparativos-para-dar-la-bienvenida-a-los-reyes-magos\\\/\",\"url\":\"https:\\\/\\\/www.copealcoy.es\\\/es\\\/la-comarca-ultima-los-preparativos-para-dar-la-bienvenida-a-los-reyes-magos\\\/\",\"name\":\"La comarca se prepara para recibir a los Reyes Magos - COPE Alcoy\",\"isPartOf\":{\"@id\":\"https:\\\/\\\/www.copealcoy.es\\\/es\\\/#website\"},\"primaryImageOfPage\":{\"@id\":\"https:\\\/\\\/www.copealcoy.es\\\/es\\\/la-comarca-ultima-los-preparativos-para-dar-la-bienvenida-a-los-reyes-magos\\\/#primaryimage\"},\"image\":{\"@id\":\"https:\\\/\\\/www.copealcoy.es\\\/es\\\/la-comarca-ultima-los-preparativos-para-dar-la-bienvenida-a-los-reyes-magos\\\/#primaryimage\"},\"thumbnailUrl\":\"https:\\\/\\\/www.copealcoy.es\\\/wp-content\\\/uploads\\\/2020\\\/01\\\/IMG_1548-e1578072185967-1-scaled.jpg\",\"datePublished\":\"2020-01-03T17:24:05+00:00\",\"author\":{\"@id\":\"https:\\\/\\\/www.copealcoy.es\\\/es\\\/#\\\/schema\\\/person\\\/e777c87fa024e57d40170af9df39882c\"},\"breadcrumb\":{\"@id\":\"https:\\\/\\\/www.copealcoy.es\\\/es\\\/la-comarca-ultima-los-preparativos-para-dar-la-bienvenida-a-los-reyes-magos\\\/#breadcrumb\"},\"inLanguage\":\"es\",\"potentialAction\":[{\"@type\":\"ReadAction\",\"target\":[\"https:\\\/\\\/www.copealcoy.es\\\/es\\\/la-comarca-ultima-los-preparativos-para-dar-la-bienvenida-a-los-reyes-magos\\\/\"]}]},{\"@type\":\"ImageObject\",\"inLanguage\":\"es\",\"@id\":\"https:\\\/\\\/www.copealcoy.es\\\/es\\\/la-comarca-ultima-los-preparativos-para-dar-la-bienvenida-a-los-reyes-magos\\\/#primaryimage\",\"url\":\"https:\\\/\\\/www.copealcoy.es\\\/wp-content\\\/uploads\\\/2020\\\/01\\\/IMG_1548-e1578072185967-1-scaled.jpg\",\"contentUrl\":\"https:\\\/\\\/www.copealcoy.es\\\/wp-content\\\/uploads\\\/2020\\\/01\\\/IMG_1548-e1578072185967-1-scaled.jpg\",\"width\":2560,\"height\":1370,\"caption\":\"El Paje Real pas\u00f3 por Cocentaina el mi\u00e9rcoles \\\/ Foto: G. Pascual\"},{\"@type\":\"BreadcrumbList\",\"@id\":\"https:\\\/\\\/www.copealcoy.es\\\/es\\\/la-comarca-ultima-los-preparativos-para-dar-la-bienvenida-a-los-reyes-magos\\\/#breadcrumb\",\"itemListElement\":[{\"@type\":\"ListItem\",\"position\":1,\"name\":\"Portada\",\"item\":\"https:\\\/\\\/www.copealcoy.es\\\/es\\\/\"},{\"@type\":\"ListItem\",\"position\":2,\"name\":\"La comarca se prepara para recibir a los Reyes Magos\"}]},{\"@type\":\"WebSite\",\"@id\":\"https:\\\/\\\/www.copealcoy.es\\\/es\\\/#website\",\"url\":\"https:\\\/\\\/www.copealcoy.es\\\/es\\\/\",\"name\":\"COPE Alcoy\",\"description\":\"Emisora COPE de radio local con emisi\u00f3n online. Pont de Sant Jordi 8-10 03803 Alcoy\",\"potentialAction\":[{\"@type\":\"SearchAction\",\"target\":{\"@type\":\"EntryPoint\",\"urlTemplate\":\"https:\\\/\\\/www.copealcoy.es\\\/es\\\/?s={search_term_string}\"},\"query-input\":{\"@type\":\"PropertyValueSpecification\",\"valueRequired\":true,\"valueName\":\"search_term_string\"}}],\"inLanguage\":\"es\"},{\"@type\":\"Person\",\"@id\":\"https:\\\/\\\/www.copealcoy.es\\\/es\\\/#\\\/schema\\\/person\\\/e777c87fa024e57d40170af9df39882c\",\"name\":\"Cope Alcoy\",\"image\":{\"@type\":\"ImageObject\",\"inLanguage\":\"es\",\"@id\":\"https:\\\/\\\/secure.gravatar.com\\\/avatar\\\/bb65d0283347e303893ba14f0692005417c1e0e690a325a4c5d8bb2b3943ee14?s=96&d=mm&r=g\",\"url\":\"https:\\\/\\\/secure.gravatar.com\\\/avatar\\\/bb65d0283347e303893ba14f0692005417c1e0e690a325a4c5d8bb2b3943ee14?s=96&d=mm&r=g\",\"contentUrl\":\"https:\\\/\\\/secure.gravatar.com\\\/avatar\\\/bb65d0283347e303893ba14f0692005417c1e0e690a325a4c5d8bb2b3943ee14?s=96&d=mm&r=g\",\"caption\":\"Cope Alcoy\"}}]}<\/script>\n<!-- \/ Yoast SEO plugin. -->","yoast_head_json":{"title":"La comarca se prepara para recibir a los Reyes Magos - COPE Alcoy","robots":{"index":"index","follow":"follow","max-snippet":"max-snippet:-1","max-image-preview":"max-image-preview:large","max-video-preview":"max-video-preview:-1"},"canonical":"https:\/\/www.copealcoy.es\/es\/la-comarca-ultima-los-preparativos-para-dar-la-bienvenida-a-los-reyes-magos\/","og_locale":"es_ES","og_type":"article","og_title":"La comarca se prepara para recibir a los Reyes Magos - COPE Alcoy","og_description":"Los municipios de las comarcas del Comtat y de l\u2019Alcoi\u00e0 ya est\u00e1n ultimando todos los preparativos para dar una merecida...","og_url":"https:\/\/www.copealcoy.es\/es\/la-comarca-ultima-los-preparativos-para-dar-la-bienvenida-a-los-reyes-magos\/","og_site_name":"COPE Alcoy","article_published_time":"2020-01-03T17:24:05+00:00","og_image":[{"width":2560,"height":1370,"url":"https:\/\/www.copealcoy.es\/wp-content\/uploads\/2020\/01\/IMG_1548-e1578072185967-1-scaled.jpg","type":"image\/jpeg"}],"author":"Cope Alcoy","twitter_misc":{"Escrito por":"Cope Alcoy","Tiempo de lectura":"3 minutos"},"schema":{"@context":"https:\/\/schema.org","@graph":[{"@type":"Article","@id":"https:\/\/www.copealcoy.es\/es\/la-comarca-ultima-los-preparativos-para-dar-la-bienvenida-a-los-reyes-magos\/#article","isPartOf":{"@id":"https:\/\/www.copealcoy.es\/es\/la-comarca-ultima-los-preparativos-para-dar-la-bienvenida-a-los-reyes-magos\/"},"author":{"name":"Cope Alcoy","@id":"https:\/\/www.copealcoy.es\/es\/#\/schema\/person\/e777c87fa024e57d40170af9df39882c"},"headline":"La comarca se prepara para recibir a los Reyes Magos","datePublished":"2020-01-03T17:24:05+00:00","mainEntityOfPage":{"@id":"https:\/\/www.copealcoy.es\/es\/la-comarca-ultima-los-preparativos-para-dar-la-bienvenida-a-los-reyes-magos\/"},"wordCount":607,"commentCount":0,"image":{"@id":"https:\/\/www.copealcoy.es\/es\/la-comarca-ultima-los-preparativos-para-dar-la-bienvenida-a-los-reyes-magos\/#primaryimage"},"thumbnailUrl":"https:\/\/www.copealcoy.es\/wp-content\/uploads\/2020\/01\/IMG_1548-e1578072185967-1-scaled.jpg","keywords":["Alcoi\u00e0","Bando","Cabalgata","Comarcas","Comtat","Pajes Reales","Reyes Magos"],"articleSection":["Comarcas","Noticias"],"inLanguage":"es"},{"@type":"WebPage","@id":"https:\/\/www.copealcoy.es\/es\/la-comarca-ultima-los-preparativos-para-dar-la-bienvenida-a-los-reyes-magos\/","url":"https:\/\/www.copealcoy.es\/es\/la-comarca-ultima-los-preparativos-para-dar-la-bienvenida-a-los-reyes-magos\/","name":"La comarca se prepara para recibir a los Reyes Magos - COPE Alcoy","isPartOf":{"@id":"https:\/\/www.copealcoy.es\/es\/#website"},"primaryImageOfPage":{"@id":"https:\/\/www.copealcoy.es\/es\/la-comarca-ultima-los-preparativos-para-dar-la-bienvenida-a-los-reyes-magos\/#primaryimage"},"image":{"@id":"https:\/\/www.copealcoy.es\/es\/la-comarca-ultima-los-preparativos-para-dar-la-bienvenida-a-los-reyes-magos\/#primaryimage"},"thumbnailUrl":"https:\/\/www.copealcoy.es\/wp-content\/uploads\/2020\/01\/IMG_1548-e1578072185967-1-scaled.jpg","datePublished":"2020-01-03T17:24:05+00:00","author":{"@id":"https:\/\/www.copealcoy.es\/es\/#\/schema\/person\/e777c87fa024e57d40170af9df39882c"},"breadcrumb":{"@id":"https:\/\/www.copealcoy.es\/es\/la-comarca-ultima-los-preparativos-para-dar-la-bienvenida-a-los-reyes-magos\/#breadcrumb"},"inLanguage":"es","potentialAction":[{"@type":"ReadAction","target":["https:\/\/www.copealcoy.es\/es\/la-comarca-ultima-los-preparativos-para-dar-la-bienvenida-a-los-reyes-magos\/"]}]},{"@type":"ImageObject","inLanguage":"es","@id":"https:\/\/www.copealcoy.es\/es\/la-comarca-ultima-los-preparativos-para-dar-la-bienvenida-a-los-reyes-magos\/#primaryimage","url":"https:\/\/www.copealcoy.es\/wp-content\/uploads\/2020\/01\/IMG_1548-e1578072185967-1-scaled.jpg","contentUrl":"https:\/\/www.copealcoy.es\/wp-content\/uploads\/2020\/01\/IMG_1548-e1578072185967-1-scaled.jpg","width":2560,"height":1370,"caption":"El Paje Real pas\u00f3 por Cocentaina el mi\u00e9rcoles \/ Foto: G. Pascual"},{"@type":"BreadcrumbList","@id":"https:\/\/www.copealcoy.es\/es\/la-comarca-ultima-los-preparativos-para-dar-la-bienvenida-a-los-reyes-magos\/#breadcrumb","itemListElement":[{"@type":"ListItem","position":1,"name":"Portada","item":"https:\/\/www.copealcoy.es\/es\/"},{"@type":"ListItem","position":2,"name":"La comarca se prepara para recibir a los Reyes Magos"}]},{"@type":"WebSite","@id":"https:\/\/www.copealcoy.es\/es\/#website","url":"https:\/\/www.copealcoy.es\/es\/","name":"COPE Alcoy","description":"Emisora COPE de radio local con emisi\u00f3n online. Pont de Sant Jordi 8-10 03803 Alcoy","potentialAction":[{"@type":"SearchAction","target":{"@type":"EntryPoint","urlTemplate":"https:\/\/www.copealcoy.es\/es\/?s={search_term_string}"},"query-input":{"@type":"PropertyValueSpecification","valueRequired":true,"valueName":"search_term_string"}}],"inLanguage":"es"},{"@type":"Person","@id":"https:\/\/www.copealcoy.es\/es\/#\/schema\/person\/e777c87fa024e57d40170af9df39882c","name":"Cope Alcoy","image":{"@type":"ImageObject","inLanguage":"es","@id":"https:\/\/secure.gravatar.com\/avatar\/bb65d0283347e303893ba14f0692005417c1e0e690a325a4c5d8bb2b3943ee14?s=96&d=mm&r=g","url":"https:\/\/secure.gravatar.com\/avatar\/bb65d0283347e303893ba14f0692005417c1e0e690a325a4c5d8bb2b3943ee14?s=96&d=mm&r=g","contentUrl":"https:\/\/secure.gravatar.com\/avatar\/bb65d0283347e303893ba14f0692005417c1e0e690a325a4c5d8bb2b3943ee14?s=96&d=mm&r=g","caption":"Cope Alcoy"}}]}},"_links":{"self":[{"href":"https:\/\/www.copealcoy.es\/es\/wp-json\/wp\/v2\/posts\/58517","targetHints":{"allow":["GET"]}}],"collection":[{"href":"https:\/\/www.copealcoy.es\/es\/wp-json\/wp\/v2\/posts"}],"about":[{"href":"https:\/\/www.copealcoy.es\/es\/wp-json\/wp\/v2\/types\/post"}],"author":[{"embeddable":true,"href":"https:\/\/www.copealcoy.es\/es\/wp-json\/wp\/v2\/users\/1"}],"replies":[{"embeddable":true,"href":"https:\/\/www.copealcoy.es\/es\/wp-json\/wp\/v2\/comments?post=58517"}],"version-history":[{"count":0,"href":"https:\/\/www.copealcoy.es\/es\/wp-json\/wp\/v2\/posts\/58517\/revisions"}],"wp:featuredmedia":[{"embeddable":true,"href":"https:\/\/www.copealcoy.es\/es\/wp-json\/wp\/v2\/media\/58518"}],"wp:attachment":[{"href":"https:\/\/www.copealcoy.es\/es\/wp-json\/wp\/v2\/media?parent=58517"}],"wp:term":[{"taxonomy":"category","embeddable":true,"href":"https:\/\/www.copealcoy.es\/es\/wp-json\/wp\/v2\/categories?post=58517"},{"taxonomy":"post_tag","embeddable":true,"href":"https:\/\/www.copealcoy.es\/es\/wp-json\/wp\/v2\/tags?post=58517"}],"curies":[{"name":"wp","href":"https:\/\/api.w.org\/{rel}","templated":true}]}}