{"id":58503,"date":"2019-12-31T12:11:47","date_gmt":"2019-12-31T12:11:47","guid":{"rendered":"https:\/\/copealcoi.es\/?p=58503"},"modified":"2019-12-31T12:11:47","modified_gmt":"2019-12-31T12:11:47","slug":"la-ocupacion-turistica-para-fin-de-ano-deja-buenos-datos-en-la-comarca","status":"publish","type":"post","link":"https:\/\/www.copealcoy.es\/es\/la-ocupacion-turistica-para-fin-de-ano-deja-buenos-datos-en-la-comarca\/","title":{"rendered":"La ocupaci\u00f3n tur\u00edstica para fin de a\u00f1o deja buenos datos en la Comarca"},"content":{"rendered":"<p style=\"text-align: justify;\">Los\u00a0<strong>hosteleros del interior de la provincia de Alicante<\/strong>\u00a0afrontan con optimismo las Fiesta de Nochevieja y A\u00f1o Nuevo y aseguran que en estos d\u00edas<strong>\u00a0la ocupaci\u00f3n tur\u00edstica alcanza el 90%<\/strong>\u00a0en la zona, especialmente en las\u00a0<strong>casas rurales<\/strong>\u00a0existentes en el conjunto de las comarcas del Comtat y de l\u2019Alcoi\u00e0.<\/p>\n<p style=\"text-align: justify;\">En esta \u00e9poca los que se acercan hasta nuestra zona son en su mayor\u00eda <strong>grupos de amigos, familias o parejas j\u00f3venes<\/strong> que buscan despedir el a\u00f1o en <strong>un entorno natural<\/strong> como el nuestro. Adem\u00e1s destaca <strong>el gran atractivo que presentan las actividades navide\u00f1as<\/strong> que se realizan en Alcoy, ciudad en la que tenemos a nuestro alcance las representaciones del Bel\u00e9n de Tirisiti, la oferta del Casal del Nadal, el desfile de &#8216;Les Pastoretes&#8217; que tuvo lugar el pasado domingo o la muestra de Belenes y dioramas \u00a0que est\u00e1 instalada en el interior de la iglesia de Santa Mar\u00eda. A ello se le suman <strong>las Fiestas de Fin de a\u00f1o<\/strong> que se realizar\u00e1n en puntos como La Bandeja de Alcoy o la Pla\u00e7a del Matzem de Muro.<\/p>\n<p style=\"text-align: justify;\">Por \u00faltimo <strong>cabe mencionar la buena gastronom\u00eda de nuestra zona<\/strong> en la que no faltan los platos de invierno de cuchara, los majares elaborados con setas o <strong>los dulces t\u00edpicos de estas fechas\u00a0<\/strong>y que son productos\u00a0aut\u00f3ctonos de nuestros pueblos y ciudades.<\/p>\n","protected":false},"excerpt":{"rendered":"<p>Los\u00a0hosteleros del interior de la provincia de Alicante\u00a0afrontan con optimismo las Fiesta de Nochevieja y A\u00f1o Nuevo y aseguran que&#8230;<\/p>\n","protected":false},"author":1,"featured_media":8938,"comment_status":"open","ping_status":"open","sticky":false,"template":"","format":"standard","meta":{"footnotes":""},"categories":[97,75,79],"tags":[482,5055,237,1705,4001],"class_list":["post-58503","post","type-post","status-publish","format-standard","has-post-thumbnail","hentry","category-alcoy","category-noticias","category-politicayeconomia","tag-alcoia","tag-ano-nuevo","tag-comtat","tag-nochevieja","tag-ocupacion-turistica"],"yoast_head":"<!-- This site is optimized with the Yoast SEO plugin v27.3 - https:\/\/yoast.com\/product\/yoast-seo-wordpress\/ -->\n<title>La ocupaci\u00f3n tur\u00edstica para fin de a\u00f1o deja buenos datos en la Comarca - COPE Alcoy<\/title>\n<meta name=\"robots\" content=\"index, follow, max-snippet:-1, max-image-preview:large, max-video-preview:-1\" \/>\n<link rel=\"canonical\" href=\"https:\/\/www.copealcoy.es\/es\/la-ocupacion-turistica-para-fin-de-ano-deja-buenos-datos-en-la-comarca\/\" \/>\n<meta property=\"og:locale\" content=\"es_ES\" \/>\n<meta property=\"og:type\" content=\"article\" \/>\n<meta property=\"og:title\" content=\"La ocupaci\u00f3n tur\u00edstica para fin de a\u00f1o deja buenos datos en la Comarca - COPE Alcoy\" \/>\n<meta property=\"og:description\" content=\"Los\u00a0hosteleros del interior de la provincia de Alicante\u00a0afrontan con optimismo las Fiesta de Nochevieja y A\u00f1o Nuevo y aseguran que...\" \/>\n<meta property=\"og:url\" content=\"https:\/\/www.copealcoy.es\/es\/la-ocupacion-turistica-para-fin-de-ano-deja-buenos-datos-en-la-comarca\/\" \/>\n<meta property=\"og:site_name\" content=\"COPE Alcoy\" \/>\n<meta property=\"article:published_time\" content=\"2019-12-31T12:11:47+00:00\" \/>\n<meta property=\"og:image\" content=\"https:\/\/www.copealcoy.es\/wp-content\/uploads\/2014\/12\/image50.jpg\" \/>\n\t<meta property=\"og:image:width\" content=\"1668\" \/>\n\t<meta property=\"og:image:height\" content=\"1254\" \/>\n\t<meta property=\"og:image:type\" content=\"image\/jpeg\" \/>\n<meta name=\"author\" content=\"Cope Alcoy\" \/>\n<meta name=\"twitter:label1\" content=\"Escrito por\" \/>\n\t<meta name=\"twitter:data1\" content=\"Cope Alcoy\" \/>\n\t<meta name=\"twitter:label2\" content=\"Tiempo de lectura\" \/>\n\t<meta name=\"twitter:data2\" content=\"1 minuto\" \/>\n<script type=\"application\/ld+json\" class=\"yoast-schema-graph\">{\"@context\":\"https:\\\/\\\/schema.org\",\"@graph\":[{\"@type\":\"Article\",\"@id\":\"https:\\\/\\\/www.copealcoy.es\\\/es\\\/la-ocupacion-turistica-para-fin-de-ano-deja-buenos-datos-en-la-comarca\\\/#article\",\"isPartOf\":{\"@id\":\"https:\\\/\\\/www.copealcoy.es\\\/es\\\/la-ocupacion-turistica-para-fin-de-ano-deja-buenos-datos-en-la-comarca\\\/\"},\"author\":{\"name\":\"Cope Alcoy\",\"@id\":\"https:\\\/\\\/www.copealcoy.es\\\/es\\\/#\\\/schema\\\/person\\\/e777c87fa024e57d40170af9df39882c\"},\"headline\":\"La ocupaci\u00f3n tur\u00edstica para fin de a\u00f1o deja buenos datos en la Comarca\",\"datePublished\":\"2019-12-31T12:11:47+00:00\",\"mainEntityOfPage\":{\"@id\":\"https:\\\/\\\/www.copealcoy.es\\\/es\\\/la-ocupacion-turistica-para-fin-de-ano-deja-buenos-datos-en-la-comarca\\\/\"},\"wordCount\":253,\"commentCount\":0,\"image\":{\"@id\":\"https:\\\/\\\/www.copealcoy.es\\\/es\\\/la-ocupacion-turistica-para-fin-de-ano-deja-buenos-datos-en-la-comarca\\\/#primaryimage\"},\"thumbnailUrl\":\"https:\\\/\\\/www.copealcoy.es\\\/wp-content\\\/uploads\\\/2014\\\/12\\\/image50.jpg\",\"keywords\":[\"Alcoi\u00e0\",\"a\u00f1o nuevo\",\"Comtat\",\"Nochevieja\",\"ocupaci\u00f3n tur\u00edstica\"],\"articleSection\":[\"Alcoy\",\"Noticias\",\"Pol\u00edtica y Econom\u00eda\"],\"inLanguage\":\"es\"},{\"@type\":\"WebPage\",\"@id\":\"https:\\\/\\\/www.copealcoy.es\\\/es\\\/la-ocupacion-turistica-para-fin-de-ano-deja-buenos-datos-en-la-comarca\\\/\",\"url\":\"https:\\\/\\\/www.copealcoy.es\\\/es\\\/la-ocupacion-turistica-para-fin-de-ano-deja-buenos-datos-en-la-comarca\\\/\",\"name\":\"La ocupaci\u00f3n tur\u00edstica para fin de a\u00f1o deja buenos datos en la Comarca - COPE Alcoy\",\"isPartOf\":{\"@id\":\"https:\\\/\\\/www.copealcoy.es\\\/es\\\/#website\"},\"primaryImageOfPage\":{\"@id\":\"https:\\\/\\\/www.copealcoy.es\\\/es\\\/la-ocupacion-turistica-para-fin-de-ano-deja-buenos-datos-en-la-comarca\\\/#primaryimage\"},\"image\":{\"@id\":\"https:\\\/\\\/www.copealcoy.es\\\/es\\\/la-ocupacion-turistica-para-fin-de-ano-deja-buenos-datos-en-la-comarca\\\/#primaryimage\"},\"thumbnailUrl\":\"https:\\\/\\\/www.copealcoy.es\\\/wp-content\\\/uploads\\\/2014\\\/12\\\/image50.jpg\",\"datePublished\":\"2019-12-31T12:11:47+00:00\",\"author\":{\"@id\":\"https:\\\/\\\/www.copealcoy.es\\\/es\\\/#\\\/schema\\\/person\\\/e777c87fa024e57d40170af9df39882c\"},\"breadcrumb\":{\"@id\":\"https:\\\/\\\/www.copealcoy.es\\\/es\\\/la-ocupacion-turistica-para-fin-de-ano-deja-buenos-datos-en-la-comarca\\\/#breadcrumb\"},\"inLanguage\":\"es\",\"potentialAction\":[{\"@type\":\"ReadAction\",\"target\":[\"https:\\\/\\\/www.copealcoy.es\\\/es\\\/la-ocupacion-turistica-para-fin-de-ano-deja-buenos-datos-en-la-comarca\\\/\"]}]},{\"@type\":\"ImageObject\",\"inLanguage\":\"es\",\"@id\":\"https:\\\/\\\/www.copealcoy.es\\\/es\\\/la-ocupacion-turistica-para-fin-de-ano-deja-buenos-datos-en-la-comarca\\\/#primaryimage\",\"url\":\"https:\\\/\\\/www.copealcoy.es\\\/wp-content\\\/uploads\\\/2014\\\/12\\\/image50.jpg\",\"contentUrl\":\"https:\\\/\\\/www.copealcoy.es\\\/wp-content\\\/uploads\\\/2014\\\/12\\\/image50.jpg\",\"width\":1437,\"height\":1080},{\"@type\":\"BreadcrumbList\",\"@id\":\"https:\\\/\\\/www.copealcoy.es\\\/es\\\/la-ocupacion-turistica-para-fin-de-ano-deja-buenos-datos-en-la-comarca\\\/#breadcrumb\",\"itemListElement\":[{\"@type\":\"ListItem\",\"position\":1,\"name\":\"Portada\",\"item\":\"https:\\\/\\\/www.copealcoy.es\\\/es\\\/\"},{\"@type\":\"ListItem\",\"position\":2,\"name\":\"La ocupaci\u00f3n tur\u00edstica para fin de a\u00f1o deja buenos datos en la Comarca\"}]},{\"@type\":\"WebSite\",\"@id\":\"https:\\\/\\\/www.copealcoy.es\\\/es\\\/#website\",\"url\":\"https:\\\/\\\/www.copealcoy.es\\\/es\\\/\",\"name\":\"COPE Alcoy\",\"description\":\"Emisora COPE de radio local con emisi\u00f3n online. Pont de Sant Jordi 8-10 03803 Alcoy\",\"potentialAction\":[{\"@type\":\"SearchAction\",\"target\":{\"@type\":\"EntryPoint\",\"urlTemplate\":\"https:\\\/\\\/www.copealcoy.es\\\/es\\\/?s={search_term_string}\"},\"query-input\":{\"@type\":\"PropertyValueSpecification\",\"valueRequired\":true,\"valueName\":\"search_term_string\"}}],\"inLanguage\":\"es\"},{\"@type\":\"Person\",\"@id\":\"https:\\\/\\\/www.copealcoy.es\\\/es\\\/#\\\/schema\\\/person\\\/e777c87fa024e57d40170af9df39882c\",\"name\":\"Cope Alcoy\",\"image\":{\"@type\":\"ImageObject\",\"inLanguage\":\"es\",\"@id\":\"https:\\\/\\\/secure.gravatar.com\\\/avatar\\\/bb65d0283347e303893ba14f0692005417c1e0e690a325a4c5d8bb2b3943ee14?s=96&d=mm&r=g\",\"url\":\"https:\\\/\\\/secure.gravatar.com\\\/avatar\\\/bb65d0283347e303893ba14f0692005417c1e0e690a325a4c5d8bb2b3943ee14?s=96&d=mm&r=g\",\"contentUrl\":\"https:\\\/\\\/secure.gravatar.com\\\/avatar\\\/bb65d0283347e303893ba14f0692005417c1e0e690a325a4c5d8bb2b3943ee14?s=96&d=mm&r=g\",\"caption\":\"Cope Alcoy\"}}]}<\/script>\n<!-- \/ Yoast SEO plugin. -->","yoast_head_json":{"title":"La ocupaci\u00f3n tur\u00edstica para fin de a\u00f1o deja buenos datos en la Comarca - COPE Alcoy","robots":{"index":"index","follow":"follow","max-snippet":"max-snippet:-1","max-image-preview":"max-image-preview:large","max-video-preview":"max-video-preview:-1"},"canonical":"https:\/\/www.copealcoy.es\/es\/la-ocupacion-turistica-para-fin-de-ano-deja-buenos-datos-en-la-comarca\/","og_locale":"es_ES","og_type":"article","og_title":"La ocupaci\u00f3n tur\u00edstica para fin de a\u00f1o deja buenos datos en la Comarca - COPE Alcoy","og_description":"Los\u00a0hosteleros del interior de la provincia de Alicante\u00a0afrontan con optimismo las Fiesta de Nochevieja y A\u00f1o Nuevo y aseguran que...","og_url":"https:\/\/www.copealcoy.es\/es\/la-ocupacion-turistica-para-fin-de-ano-deja-buenos-datos-en-la-comarca\/","og_site_name":"COPE Alcoy","article_published_time":"2019-12-31T12:11:47+00:00","og_image":[{"width":1668,"height":1254,"url":"https:\/\/www.copealcoy.es\/wp-content\/uploads\/2014\/12\/image50.jpg","type":"image\/jpeg"}],"author":"Cope Alcoy","twitter_misc":{"Escrito por":"Cope Alcoy","Tiempo de lectura":"1 minuto"},"schema":{"@context":"https:\/\/schema.org","@graph":[{"@type":"Article","@id":"https:\/\/www.copealcoy.es\/es\/la-ocupacion-turistica-para-fin-de-ano-deja-buenos-datos-en-la-comarca\/#article","isPartOf":{"@id":"https:\/\/www.copealcoy.es\/es\/la-ocupacion-turistica-para-fin-de-ano-deja-buenos-datos-en-la-comarca\/"},"author":{"name":"Cope Alcoy","@id":"https:\/\/www.copealcoy.es\/es\/#\/schema\/person\/e777c87fa024e57d40170af9df39882c"},"headline":"La ocupaci\u00f3n tur\u00edstica para fin de a\u00f1o deja buenos datos en la Comarca","datePublished":"2019-12-31T12:11:47+00:00","mainEntityOfPage":{"@id":"https:\/\/www.copealcoy.es\/es\/la-ocupacion-turistica-para-fin-de-ano-deja-buenos-datos-en-la-comarca\/"},"wordCount":253,"commentCount":0,"image":{"@id":"https:\/\/www.copealcoy.es\/es\/la-ocupacion-turistica-para-fin-de-ano-deja-buenos-datos-en-la-comarca\/#primaryimage"},"thumbnailUrl":"https:\/\/www.copealcoy.es\/wp-content\/uploads\/2014\/12\/image50.jpg","keywords":["Alcoi\u00e0","a\u00f1o nuevo","Comtat","Nochevieja","ocupaci\u00f3n tur\u00edstica"],"articleSection":["Alcoy","Noticias","Pol\u00edtica y Econom\u00eda"],"inLanguage":"es"},{"@type":"WebPage","@id":"https:\/\/www.copealcoy.es\/es\/la-ocupacion-turistica-para-fin-de-ano-deja-buenos-datos-en-la-comarca\/","url":"https:\/\/www.copealcoy.es\/es\/la-ocupacion-turistica-para-fin-de-ano-deja-buenos-datos-en-la-comarca\/","name":"La ocupaci\u00f3n tur\u00edstica para fin de a\u00f1o deja buenos datos en la Comarca - COPE Alcoy","isPartOf":{"@id":"https:\/\/www.copealcoy.es\/es\/#website"},"primaryImageOfPage":{"@id":"https:\/\/www.copealcoy.es\/es\/la-ocupacion-turistica-para-fin-de-ano-deja-buenos-datos-en-la-comarca\/#primaryimage"},"image":{"@id":"https:\/\/www.copealcoy.es\/es\/la-ocupacion-turistica-para-fin-de-ano-deja-buenos-datos-en-la-comarca\/#primaryimage"},"thumbnailUrl":"https:\/\/www.copealcoy.es\/wp-content\/uploads\/2014\/12\/image50.jpg","datePublished":"2019-12-31T12:11:47+00:00","author":{"@id":"https:\/\/www.copealcoy.es\/es\/#\/schema\/person\/e777c87fa024e57d40170af9df39882c"},"breadcrumb":{"@id":"https:\/\/www.copealcoy.es\/es\/la-ocupacion-turistica-para-fin-de-ano-deja-buenos-datos-en-la-comarca\/#breadcrumb"},"inLanguage":"es","potentialAction":[{"@type":"ReadAction","target":["https:\/\/www.copealcoy.es\/es\/la-ocupacion-turistica-para-fin-de-ano-deja-buenos-datos-en-la-comarca\/"]}]},{"@type":"ImageObject","inLanguage":"es","@id":"https:\/\/www.copealcoy.es\/es\/la-ocupacion-turistica-para-fin-de-ano-deja-buenos-datos-en-la-comarca\/#primaryimage","url":"https:\/\/www.copealcoy.es\/wp-content\/uploads\/2014\/12\/image50.jpg","contentUrl":"https:\/\/www.copealcoy.es\/wp-content\/uploads\/2014\/12\/image50.jpg","width":1437,"height":1080},{"@type":"BreadcrumbList","@id":"https:\/\/www.copealcoy.es\/es\/la-ocupacion-turistica-para-fin-de-ano-deja-buenos-datos-en-la-comarca\/#breadcrumb","itemListElement":[{"@type":"ListItem","position":1,"name":"Portada","item":"https:\/\/www.copealcoy.es\/es\/"},{"@type":"ListItem","position":2,"name":"La ocupaci\u00f3n tur\u00edstica para fin de a\u00f1o deja buenos datos en la Comarca"}]},{"@type":"WebSite","@id":"https:\/\/www.copealcoy.es\/es\/#website","url":"https:\/\/www.copealcoy.es\/es\/","name":"COPE Alcoy","description":"Emisora COPE de radio local con emisi\u00f3n online. Pont de Sant Jordi 8-10 03803 Alcoy","potentialAction":[{"@type":"SearchAction","target":{"@type":"EntryPoint","urlTemplate":"https:\/\/www.copealcoy.es\/es\/?s={search_term_string}"},"query-input":{"@type":"PropertyValueSpecification","valueRequired":true,"valueName":"search_term_string"}}],"inLanguage":"es"},{"@type":"Person","@id":"https:\/\/www.copealcoy.es\/es\/#\/schema\/person\/e777c87fa024e57d40170af9df39882c","name":"Cope Alcoy","image":{"@type":"ImageObject","inLanguage":"es","@id":"https:\/\/secure.gravatar.com\/avatar\/bb65d0283347e303893ba14f0692005417c1e0e690a325a4c5d8bb2b3943ee14?s=96&d=mm&r=g","url":"https:\/\/secure.gravatar.com\/avatar\/bb65d0283347e303893ba14f0692005417c1e0e690a325a4c5d8bb2b3943ee14?s=96&d=mm&r=g","contentUrl":"https:\/\/secure.gravatar.com\/avatar\/bb65d0283347e303893ba14f0692005417c1e0e690a325a4c5d8bb2b3943ee14?s=96&d=mm&r=g","caption":"Cope Alcoy"}}]}},"_links":{"self":[{"href":"https:\/\/www.copealcoy.es\/es\/wp-json\/wp\/v2\/posts\/58503","targetHints":{"allow":["GET"]}}],"collection":[{"href":"https:\/\/www.copealcoy.es\/es\/wp-json\/wp\/v2\/posts"}],"about":[{"href":"https:\/\/www.copealcoy.es\/es\/wp-json\/wp\/v2\/types\/post"}],"author":[{"embeddable":true,"href":"https:\/\/www.copealcoy.es\/es\/wp-json\/wp\/v2\/users\/1"}],"replies":[{"embeddable":true,"href":"https:\/\/www.copealcoy.es\/es\/wp-json\/wp\/v2\/comments?post=58503"}],"version-history":[{"count":0,"href":"https:\/\/www.copealcoy.es\/es\/wp-json\/wp\/v2\/posts\/58503\/revisions"}],"wp:featuredmedia":[{"embeddable":true,"href":"https:\/\/www.copealcoy.es\/es\/wp-json\/wp\/v2\/media\/8938"}],"wp:attachment":[{"href":"https:\/\/www.copealcoy.es\/es\/wp-json\/wp\/v2\/media?parent=58503"}],"wp:term":[{"taxonomy":"category","embeddable":true,"href":"https:\/\/www.copealcoy.es\/es\/wp-json\/wp\/v2\/categories?post=58503"},{"taxonomy":"post_tag","embeddable":true,"href":"https:\/\/www.copealcoy.es\/es\/wp-json\/wp\/v2\/tags?post=58503"}],"curies":[{"name":"wp","href":"https:\/\/api.w.org\/{rel}","templated":true}]}}