{"id":58394,"date":"2019-12-24T15:45:54","date_gmt":"2019-12-24T15:45:54","guid":{"rendered":"https:\/\/copealcoi.es\/?p=58394"},"modified":"2019-12-24T15:45:54","modified_gmt":"2019-12-24T15:45:54","slug":"els-castanyers-no-han-faltado-a-su-cita-de-nochebuena","status":"publish","type":"post","link":"https:\/\/www.copealcoy.es\/es\/els-castanyers-no-han-faltado-a-su-cita-de-nochebuena\/","title":{"rendered":"&#8216;Els Castanyers&#8217; no han faltado a su cita de Nochebuena"},"content":{"rendered":"<p style=\"text-align: justify;\">&#8216;Els Castanyers&#8217; han vuelto a visitar Alcoy en este martes 24 de diciembre y <strong>el singular personaje de La Casta\u00f1era ha acudido a las puertas del Ayuntamiento<\/strong> a partir de las nueve de la ma\u00f1ana <strong>para amenizar las horas previas<\/strong> a la Nochebuena. En esta ocasi\u00f3n se han vuelto a preparar <strong>m\u00e1s de veinte kilos de casta\u00f1as<\/strong> que <strong>han sido asadas ante el Consistorio durante toda la ma\u00f1ana<\/strong> y puestas a la venta para <strong>recoger donativos<\/strong> que despu\u00e9s <strong>se han entregado a C\u00e1ritas Alcoy<\/strong>. En total se han recaudado <strong>m\u00e1s de mil euros<\/strong> seg\u00fan ha comunicado el colectivo a COPE ALCOY al finalizar la actividad pasado el mediod\u00eda.<\/p>\n<p style=\"text-align: justify;\">La iniciativa se ha consolidado en los \u00faltimos a\u00f1os y, como suele ser habitual en cada ma\u00f1ana de Nochebuena, <strong>el alcoyano Guillermo Ramos ha sido el encargado de asumir el papel de La Casta\u00f1era<\/strong>.<\/p>\n","protected":false},"excerpt":{"rendered":"<p>&#8216;Els Castanyers&#8217; han vuelto a visitar Alcoy en este martes 24 de diciembre y el singular personaje de La Casta\u00f1era&#8230;<\/p>\n","protected":false},"author":1,"featured_media":58395,"comment_status":"open","ping_status":"open","sticky":false,"template":"","format":"standard","meta":{"footnotes":""},"categories":[97,78,75],"tags":[9520,3582,462,3452,174,464],"class_list":["post-58394","post","type-post","status-publish","format-standard","has-post-thumbnail","hentry","category-alcoy","category-fiestaycultura","category-noticias","tag-els-castanyers","tag-caritas-alcoy","tag-castanera","tag-guillermo-ramos","tag-navidad","tag-nochebuena"],"yoast_head":"<!-- This site is optimized with the Yoast SEO plugin v27.3 - https:\/\/yoast.com\/product\/yoast-seo-wordpress\/ -->\n<title>&#039;Els Castanyers&#039; no han faltado a su cita de Nochebuena - COPE Alcoy<\/title>\n<meta name=\"robots\" content=\"index, follow, max-snippet:-1, max-image-preview:large, max-video-preview:-1\" \/>\n<link rel=\"canonical\" href=\"https:\/\/www.copealcoy.es\/es\/els-castanyers-no-han-faltado-a-su-cita-de-nochebuena\/\" \/>\n<meta property=\"og:locale\" content=\"es_ES\" \/>\n<meta property=\"og:type\" content=\"article\" \/>\n<meta property=\"og:title\" content=\"&#039;Els Castanyers&#039; no han faltado a su cita de Nochebuena - COPE Alcoy\" \/>\n<meta property=\"og:description\" content=\"&#8216;Els Castanyers&#8217; han vuelto a visitar Alcoy en este martes 24 de diciembre y el singular personaje de La Casta\u00f1era...\" \/>\n<meta property=\"og:url\" content=\"https:\/\/www.copealcoy.es\/es\/els-castanyers-no-han-faltado-a-su-cita-de-nochebuena\/\" \/>\n<meta property=\"og:site_name\" content=\"COPE Alcoy\" \/>\n<meta property=\"article:published_time\" content=\"2019-12-24T15:45:54+00:00\" \/>\n<meta name=\"author\" content=\"Cope Alcoy\" \/>\n<meta name=\"twitter:label1\" content=\"Escrito por\" \/>\n\t<meta name=\"twitter:data1\" content=\"Cope Alcoy\" \/>\n\t<meta name=\"twitter:label2\" content=\"Tiempo de lectura\" \/>\n\t<meta name=\"twitter:data2\" content=\"1 minuto\" \/>\n<script type=\"application\/ld+json\" class=\"yoast-schema-graph\">{\"@context\":\"https:\\\/\\\/schema.org\",\"@graph\":[{\"@type\":\"Article\",\"@id\":\"https:\\\/\\\/www.copealcoy.es\\\/es\\\/els-castanyers-no-han-faltado-a-su-cita-de-nochebuena\\\/#article\",\"isPartOf\":{\"@id\":\"https:\\\/\\\/www.copealcoy.es\\\/es\\\/els-castanyers-no-han-faltado-a-su-cita-de-nochebuena\\\/\"},\"author\":{\"name\":\"Cope Alcoy\",\"@id\":\"https:\\\/\\\/www.copealcoy.es\\\/es\\\/#\\\/schema\\\/person\\\/e777c87fa024e57d40170af9df39882c\"},\"headline\":\"&#8216;Els Castanyers&#8217; no han faltado a su cita de Nochebuena\",\"datePublished\":\"2019-12-24T15:45:54+00:00\",\"mainEntityOfPage\":{\"@id\":\"https:\\\/\\\/www.copealcoy.es\\\/es\\\/els-castanyers-no-han-faltado-a-su-cita-de-nochebuena\\\/\"},\"wordCount\":165,\"commentCount\":0,\"image\":{\"@id\":\"https:\\\/\\\/www.copealcoy.es\\\/es\\\/els-castanyers-no-han-faltado-a-su-cita-de-nochebuena\\\/#primaryimage\"},\"thumbnailUrl\":\"\",\"keywords\":[\"'Els Castanyers'\",\"C\u00e1ritas Alcoy\",\"Casta\u00f1era\",\"Guillermo Ramos\",\"Navidad\",\"Nochebuena\"],\"articleSection\":[\"Alcoy\",\"Fiesta y Cultura\",\"Noticias\"],\"inLanguage\":\"es\"},{\"@type\":\"WebPage\",\"@id\":\"https:\\\/\\\/www.copealcoy.es\\\/es\\\/els-castanyers-no-han-faltado-a-su-cita-de-nochebuena\\\/\",\"url\":\"https:\\\/\\\/www.copealcoy.es\\\/es\\\/els-castanyers-no-han-faltado-a-su-cita-de-nochebuena\\\/\",\"name\":\"'Els Castanyers' no han faltado a su cita de Nochebuena - COPE Alcoy\",\"isPartOf\":{\"@id\":\"https:\\\/\\\/www.copealcoy.es\\\/es\\\/#website\"},\"primaryImageOfPage\":{\"@id\":\"https:\\\/\\\/www.copealcoy.es\\\/es\\\/els-castanyers-no-han-faltado-a-su-cita-de-nochebuena\\\/#primaryimage\"},\"image\":{\"@id\":\"https:\\\/\\\/www.copealcoy.es\\\/es\\\/els-castanyers-no-han-faltado-a-su-cita-de-nochebuena\\\/#primaryimage\"},\"thumbnailUrl\":\"\",\"datePublished\":\"2019-12-24T15:45:54+00:00\",\"author\":{\"@id\":\"https:\\\/\\\/www.copealcoy.es\\\/es\\\/#\\\/schema\\\/person\\\/e777c87fa024e57d40170af9df39882c\"},\"breadcrumb\":{\"@id\":\"https:\\\/\\\/www.copealcoy.es\\\/es\\\/els-castanyers-no-han-faltado-a-su-cita-de-nochebuena\\\/#breadcrumb\"},\"inLanguage\":\"es\",\"potentialAction\":[{\"@type\":\"ReadAction\",\"target\":[\"https:\\\/\\\/www.copealcoy.es\\\/es\\\/els-castanyers-no-han-faltado-a-su-cita-de-nochebuena\\\/\"]}]},{\"@type\":\"ImageObject\",\"inLanguage\":\"es\",\"@id\":\"https:\\\/\\\/www.copealcoy.es\\\/es\\\/els-castanyers-no-han-faltado-a-su-cita-de-nochebuena\\\/#primaryimage\",\"url\":\"\",\"contentUrl\":\"\"},{\"@type\":\"BreadcrumbList\",\"@id\":\"https:\\\/\\\/www.copealcoy.es\\\/es\\\/els-castanyers-no-han-faltado-a-su-cita-de-nochebuena\\\/#breadcrumb\",\"itemListElement\":[{\"@type\":\"ListItem\",\"position\":1,\"name\":\"Portada\",\"item\":\"https:\\\/\\\/www.copealcoy.es\\\/es\\\/\"},{\"@type\":\"ListItem\",\"position\":2,\"name\":\"&#8216;Els Castanyers&#8217; no han faltado a su cita de Nochebuena\"}]},{\"@type\":\"WebSite\",\"@id\":\"https:\\\/\\\/www.copealcoy.es\\\/es\\\/#website\",\"url\":\"https:\\\/\\\/www.copealcoy.es\\\/es\\\/\",\"name\":\"COPE Alcoy\",\"description\":\"Emisora COPE de radio local con emisi\u00f3n online. Pont de Sant Jordi 8-10 03803 Alcoy\",\"potentialAction\":[{\"@type\":\"SearchAction\",\"target\":{\"@type\":\"EntryPoint\",\"urlTemplate\":\"https:\\\/\\\/www.copealcoy.es\\\/es\\\/?s={search_term_string}\"},\"query-input\":{\"@type\":\"PropertyValueSpecification\",\"valueRequired\":true,\"valueName\":\"search_term_string\"}}],\"inLanguage\":\"es\"},{\"@type\":\"Person\",\"@id\":\"https:\\\/\\\/www.copealcoy.es\\\/es\\\/#\\\/schema\\\/person\\\/e777c87fa024e57d40170af9df39882c\",\"name\":\"Cope Alcoy\",\"image\":{\"@type\":\"ImageObject\",\"inLanguage\":\"es\",\"@id\":\"https:\\\/\\\/secure.gravatar.com\\\/avatar\\\/bb65d0283347e303893ba14f0692005417c1e0e690a325a4c5d8bb2b3943ee14?s=96&d=mm&r=g\",\"url\":\"https:\\\/\\\/secure.gravatar.com\\\/avatar\\\/bb65d0283347e303893ba14f0692005417c1e0e690a325a4c5d8bb2b3943ee14?s=96&d=mm&r=g\",\"contentUrl\":\"https:\\\/\\\/secure.gravatar.com\\\/avatar\\\/bb65d0283347e303893ba14f0692005417c1e0e690a325a4c5d8bb2b3943ee14?s=96&d=mm&r=g\",\"caption\":\"Cope Alcoy\"}}]}<\/script>\n<!-- \/ Yoast SEO plugin. -->","yoast_head_json":{"title":"'Els Castanyers' no han faltado a su cita de Nochebuena - COPE Alcoy","robots":{"index":"index","follow":"follow","max-snippet":"max-snippet:-1","max-image-preview":"max-image-preview:large","max-video-preview":"max-video-preview:-1"},"canonical":"https:\/\/www.copealcoy.es\/es\/els-castanyers-no-han-faltado-a-su-cita-de-nochebuena\/","og_locale":"es_ES","og_type":"article","og_title":"'Els Castanyers' no han faltado a su cita de Nochebuena - COPE Alcoy","og_description":"&#8216;Els Castanyers&#8217; han vuelto a visitar Alcoy en este martes 24 de diciembre y el singular personaje de La Casta\u00f1era...","og_url":"https:\/\/www.copealcoy.es\/es\/els-castanyers-no-han-faltado-a-su-cita-de-nochebuena\/","og_site_name":"COPE Alcoy","article_published_time":"2019-12-24T15:45:54+00:00","author":"Cope Alcoy","twitter_misc":{"Escrito por":"Cope Alcoy","Tiempo de lectura":"1 minuto"},"schema":{"@context":"https:\/\/schema.org","@graph":[{"@type":"Article","@id":"https:\/\/www.copealcoy.es\/es\/els-castanyers-no-han-faltado-a-su-cita-de-nochebuena\/#article","isPartOf":{"@id":"https:\/\/www.copealcoy.es\/es\/els-castanyers-no-han-faltado-a-su-cita-de-nochebuena\/"},"author":{"name":"Cope Alcoy","@id":"https:\/\/www.copealcoy.es\/es\/#\/schema\/person\/e777c87fa024e57d40170af9df39882c"},"headline":"&#8216;Els Castanyers&#8217; no han faltado a su cita de Nochebuena","datePublished":"2019-12-24T15:45:54+00:00","mainEntityOfPage":{"@id":"https:\/\/www.copealcoy.es\/es\/els-castanyers-no-han-faltado-a-su-cita-de-nochebuena\/"},"wordCount":165,"commentCount":0,"image":{"@id":"https:\/\/www.copealcoy.es\/es\/els-castanyers-no-han-faltado-a-su-cita-de-nochebuena\/#primaryimage"},"thumbnailUrl":"","keywords":["'Els Castanyers'","C\u00e1ritas Alcoy","Casta\u00f1era","Guillermo Ramos","Navidad","Nochebuena"],"articleSection":["Alcoy","Fiesta y Cultura","Noticias"],"inLanguage":"es"},{"@type":"WebPage","@id":"https:\/\/www.copealcoy.es\/es\/els-castanyers-no-han-faltado-a-su-cita-de-nochebuena\/","url":"https:\/\/www.copealcoy.es\/es\/els-castanyers-no-han-faltado-a-su-cita-de-nochebuena\/","name":"'Els Castanyers' no han faltado a su cita de Nochebuena - COPE Alcoy","isPartOf":{"@id":"https:\/\/www.copealcoy.es\/es\/#website"},"primaryImageOfPage":{"@id":"https:\/\/www.copealcoy.es\/es\/els-castanyers-no-han-faltado-a-su-cita-de-nochebuena\/#primaryimage"},"image":{"@id":"https:\/\/www.copealcoy.es\/es\/els-castanyers-no-han-faltado-a-su-cita-de-nochebuena\/#primaryimage"},"thumbnailUrl":"","datePublished":"2019-12-24T15:45:54+00:00","author":{"@id":"https:\/\/www.copealcoy.es\/es\/#\/schema\/person\/e777c87fa024e57d40170af9df39882c"},"breadcrumb":{"@id":"https:\/\/www.copealcoy.es\/es\/els-castanyers-no-han-faltado-a-su-cita-de-nochebuena\/#breadcrumb"},"inLanguage":"es","potentialAction":[{"@type":"ReadAction","target":["https:\/\/www.copealcoy.es\/es\/els-castanyers-no-han-faltado-a-su-cita-de-nochebuena\/"]}]},{"@type":"ImageObject","inLanguage":"es","@id":"https:\/\/www.copealcoy.es\/es\/els-castanyers-no-han-faltado-a-su-cita-de-nochebuena\/#primaryimage","url":"","contentUrl":""},{"@type":"BreadcrumbList","@id":"https:\/\/www.copealcoy.es\/es\/els-castanyers-no-han-faltado-a-su-cita-de-nochebuena\/#breadcrumb","itemListElement":[{"@type":"ListItem","position":1,"name":"Portada","item":"https:\/\/www.copealcoy.es\/es\/"},{"@type":"ListItem","position":2,"name":"&#8216;Els Castanyers&#8217; no han faltado a su cita de Nochebuena"}]},{"@type":"WebSite","@id":"https:\/\/www.copealcoy.es\/es\/#website","url":"https:\/\/www.copealcoy.es\/es\/","name":"COPE Alcoy","description":"Emisora COPE de radio local con emisi\u00f3n online. Pont de Sant Jordi 8-10 03803 Alcoy","potentialAction":[{"@type":"SearchAction","target":{"@type":"EntryPoint","urlTemplate":"https:\/\/www.copealcoy.es\/es\/?s={search_term_string}"},"query-input":{"@type":"PropertyValueSpecification","valueRequired":true,"valueName":"search_term_string"}}],"inLanguage":"es"},{"@type":"Person","@id":"https:\/\/www.copealcoy.es\/es\/#\/schema\/person\/e777c87fa024e57d40170af9df39882c","name":"Cope Alcoy","image":{"@type":"ImageObject","inLanguage":"es","@id":"https:\/\/secure.gravatar.com\/avatar\/bb65d0283347e303893ba14f0692005417c1e0e690a325a4c5d8bb2b3943ee14?s=96&d=mm&r=g","url":"https:\/\/secure.gravatar.com\/avatar\/bb65d0283347e303893ba14f0692005417c1e0e690a325a4c5d8bb2b3943ee14?s=96&d=mm&r=g","contentUrl":"https:\/\/secure.gravatar.com\/avatar\/bb65d0283347e303893ba14f0692005417c1e0e690a325a4c5d8bb2b3943ee14?s=96&d=mm&r=g","caption":"Cope Alcoy"}}]}},"_links":{"self":[{"href":"https:\/\/www.copealcoy.es\/es\/wp-json\/wp\/v2\/posts\/58394","targetHints":{"allow":["GET"]}}],"collection":[{"href":"https:\/\/www.copealcoy.es\/es\/wp-json\/wp\/v2\/posts"}],"about":[{"href":"https:\/\/www.copealcoy.es\/es\/wp-json\/wp\/v2\/types\/post"}],"author":[{"embeddable":true,"href":"https:\/\/www.copealcoy.es\/es\/wp-json\/wp\/v2\/users\/1"}],"replies":[{"embeddable":true,"href":"https:\/\/www.copealcoy.es\/es\/wp-json\/wp\/v2\/comments?post=58394"}],"version-history":[{"count":0,"href":"https:\/\/www.copealcoy.es\/es\/wp-json\/wp\/v2\/posts\/58394\/revisions"}],"wp:featuredmedia":[{"embeddable":true,"href":"https:\/\/www.copealcoy.es\/es\/wp-json\/"}],"wp:attachment":[{"href":"https:\/\/www.copealcoy.es\/es\/wp-json\/wp\/v2\/media?parent=58394"}],"wp:term":[{"taxonomy":"category","embeddable":true,"href":"https:\/\/www.copealcoy.es\/es\/wp-json\/wp\/v2\/categories?post=58394"},{"taxonomy":"post_tag","embeddable":true,"href":"https:\/\/www.copealcoy.es\/es\/wp-json\/wp\/v2\/tags?post=58394"}],"curies":[{"name":"wp","href":"https:\/\/api.w.org\/{rel}","templated":true}]}}