{"id":58281,"date":"2019-12-20T17:44:25","date_gmt":"2019-12-20T17:44:25","guid":{"rendered":"https:\/\/copealcoi.es\/?p=58281"},"modified":"2019-12-20T17:44:25","modified_gmt":"2019-12-20T17:44:25","slug":"el-comercio-de-alcoy-vuelve-a-animar-las-compras-en-navidad","status":"publish","type":"post","link":"https:\/\/www.copealcoy.es\/es\/el-comercio-de-alcoy-vuelve-a-animar-las-compras-en-navidad\/","title":{"rendered":"El comercio de Alcoy vuelve a animar las compras en Navidad"},"content":{"rendered":"<p style=\"text-align: justify;\">Alcoy ha vuelto a lanzar<strong> su campa\u00f1a comercial para animar las ventas durante las fiestas de Navidad<\/strong>, una iniciativa que cuenta con\u00a0<strong>la colaboraci\u00f3n<\/strong> del Ayuntamiento, la Asociaci\u00f3n Comarcal de Empresarios de Comercio (ACECA) y la Federaci\u00f3n de Comercio de la ciudad.<\/p>\n<p style=\"text-align: justify;\">En esta ocasi\u00f3n todos <strong>los que hagan sus compras en los comercios asociados<\/strong> entrar\u00e1n en <strong>el sorteo de 10 vales de compra de 100\u20ac<\/strong> cada uno. \u00a0Adem\u00e1s todas las compras <strong>tienen premio<\/strong> porque tambi\u00e9n s<strong>e conseguir\u00e1 un ticket para cambiar por casta\u00f1as<\/strong> en la actividad de &#8220;Animaci\u00f3 al carrer&#8221;. Esta \u00faltima incluir\u00e1<strong> m\u00fasica tradicional, los personajes del Tirisiti y muchas sorpresas<\/strong>. La cita ser\u00e1 el <strong>viernes 20 de diciembre<\/strong> de las 17:30 a las 20:30 en<strong> Santa Rosa<\/strong>, <strong>s\u00e1bado 21 de diciembre<\/strong> de las 10:30 a 13:30 en el <strong>Centro<\/strong> y <strong>por la tarde<\/strong>\u00a0de las 17:30 a las 20:30 en el Ensanche. A ello se le suman <strong>viajes en Globo<\/strong> desde la Plaza Al-Azraq para disfrutar de <strong>las vistas de la ciudad<\/strong> &#8220;<em>esta actividad estar\u00e1 pendiente de la climatolog\u00eda y en el caso de que sea adversa de cara al fin de semana aplazar\u00edamos la iniciativa al s\u00e1bado 28 de diciembre<\/em>&#8220;; afirmaba en #LaMa\u00f1anaEnAlcoy este jueves el Presidente de ACECA; <strong>Rafa P\u00e9rez<\/strong>.<\/p>\n<p style=\"text-align: justify;\">Por \u00faltimo <strong>se sortean pases VIP para ver el Tirisiti<\/strong> desde la tramoya entre <strong>aquellos que entren al Facebook de ACECA<\/strong>, le den a la opci\u00f3n de &#8216;Me Gusta&#8217; y <strong>mencionen a la persona<\/strong> con les que le gustar\u00eda ir a ver el retablo navide\u00f1o alcoyano. La funci\u00f3n ser\u00e1 el viernes 20 de diciembre y se sortean un total de 8 pases dobles.<\/p>\n<p>Aqu\u00ed <strong>pod\u00e9is escuchar<\/strong> la entrevista con Rafael P\u00e9rez<\/p>\n<p><iframe loading=\"lazy\" title=\"La Ma\u00f1ana En Alcoy Jueves 19 De Diciembre 2019\" width=\"100%\" height=\"120\" src=\"https:\/\/www.mixcloud.com\/widget\/iframe\/?feed=https%3A%2F%2Fwww.mixcloud.com%2FCOPEAlcoy%2Fla-ma%25C3%25B1ana-en-alcoy-jueves-19-de-diciembre-2019%2F&amp;hide_cover=1\" frameborder=\"0\"><\/iframe><\/p>\n","protected":false},"excerpt":{"rendered":"<p>Alcoy ha vuelto a lanzar su campa\u00f1a comercial para animar las ventas durante las fiestas de Navidad, una iniciativa que&#8230;<\/p>\n","protected":false},"author":1,"featured_media":58282,"comment_status":"open","ping_status":"open","sticky":false,"template":"","format":"standard","meta":{"footnotes":""},"categories":[97,75,79],"tags":[1198,1494,199,467,3473,174,3529],"class_list":["post-58281","post","type-post","status-publish","format-standard","has-post-thumbnail","hentry","category-alcoy","category-noticias","category-politicayeconomia","tag-aceca","tag-alcoy","tag-campana","tag-comercio","tag-federacion-de-comercio","tag-navidad","tag-rafael-perez"],"yoast_head":"<!-- This site is optimized with the Yoast SEO plugin v27.3 - https:\/\/yoast.com\/product\/yoast-seo-wordpress\/ -->\n<title>El comercio de Alcoy vuelve a animar las compras en Navidad - COPE Alcoy<\/title>\n<meta name=\"robots\" content=\"index, follow, max-snippet:-1, max-image-preview:large, max-video-preview:-1\" \/>\n<link rel=\"canonical\" href=\"https:\/\/www.copealcoy.es\/es\/el-comercio-de-alcoy-vuelve-a-animar-las-compras-en-navidad\/\" \/>\n<meta property=\"og:locale\" content=\"es_ES\" \/>\n<meta property=\"og:type\" content=\"article\" \/>\n<meta property=\"og:title\" content=\"El comercio de Alcoy vuelve a animar las compras en Navidad - COPE Alcoy\" \/>\n<meta property=\"og:description\" content=\"Alcoy ha vuelto a lanzar su campa\u00f1a comercial para animar las ventas durante las fiestas de Navidad, una iniciativa que...\" \/>\n<meta property=\"og:url\" content=\"https:\/\/www.copealcoy.es\/es\/el-comercio-de-alcoy-vuelve-a-animar-las-compras-en-navidad\/\" \/>\n<meta property=\"og:site_name\" content=\"COPE Alcoy\" \/>\n<meta property=\"article:published_time\" content=\"2019-12-20T17:44:25+00:00\" \/>\n<meta name=\"author\" content=\"Cope Alcoy\" \/>\n<meta name=\"twitter:label1\" content=\"Escrito por\" \/>\n\t<meta name=\"twitter:data1\" content=\"Cope Alcoy\" \/>\n\t<meta name=\"twitter:label2\" content=\"Tiempo de lectura\" \/>\n\t<meta name=\"twitter:data2\" content=\"1 minuto\" \/>\n<script type=\"application\/ld+json\" class=\"yoast-schema-graph\">{\"@context\":\"https:\\\/\\\/schema.org\",\"@graph\":[{\"@type\":\"Article\",\"@id\":\"https:\\\/\\\/www.copealcoy.es\\\/es\\\/el-comercio-de-alcoy-vuelve-a-animar-las-compras-en-navidad\\\/#article\",\"isPartOf\":{\"@id\":\"https:\\\/\\\/www.copealcoy.es\\\/es\\\/el-comercio-de-alcoy-vuelve-a-animar-las-compras-en-navidad\\\/\"},\"author\":{\"name\":\"Cope Alcoy\",\"@id\":\"https:\\\/\\\/www.copealcoy.es\\\/es\\\/#\\\/schema\\\/person\\\/e777c87fa024e57d40170af9df39882c\"},\"headline\":\"El comercio de Alcoy vuelve a animar las compras en Navidad\",\"datePublished\":\"2019-12-20T17:44:25+00:00\",\"mainEntityOfPage\":{\"@id\":\"https:\\\/\\\/www.copealcoy.es\\\/es\\\/el-comercio-de-alcoy-vuelve-a-animar-las-compras-en-navidad\\\/\"},\"wordCount\":304,\"commentCount\":0,\"image\":{\"@id\":\"https:\\\/\\\/www.copealcoy.es\\\/es\\\/el-comercio-de-alcoy-vuelve-a-animar-las-compras-en-navidad\\\/#primaryimage\"},\"thumbnailUrl\":\"\",\"keywords\":[\"ACECA\",\"Alcoy\",\"Campa\u00f1a\",\"Comercio\",\"Federaci\u00f3n de Comercio\",\"Navidad\",\"Rafael P\u00e9rez\"],\"articleSection\":[\"Alcoy\",\"Noticias\",\"Pol\u00edtica y Econom\u00eda\"],\"inLanguage\":\"es\"},{\"@type\":\"WebPage\",\"@id\":\"https:\\\/\\\/www.copealcoy.es\\\/es\\\/el-comercio-de-alcoy-vuelve-a-animar-las-compras-en-navidad\\\/\",\"url\":\"https:\\\/\\\/www.copealcoy.es\\\/es\\\/el-comercio-de-alcoy-vuelve-a-animar-las-compras-en-navidad\\\/\",\"name\":\"El comercio de Alcoy vuelve a animar las compras en Navidad - COPE Alcoy\",\"isPartOf\":{\"@id\":\"https:\\\/\\\/www.copealcoy.es\\\/es\\\/#website\"},\"primaryImageOfPage\":{\"@id\":\"https:\\\/\\\/www.copealcoy.es\\\/es\\\/el-comercio-de-alcoy-vuelve-a-animar-las-compras-en-navidad\\\/#primaryimage\"},\"image\":{\"@id\":\"https:\\\/\\\/www.copealcoy.es\\\/es\\\/el-comercio-de-alcoy-vuelve-a-animar-las-compras-en-navidad\\\/#primaryimage\"},\"thumbnailUrl\":\"\",\"datePublished\":\"2019-12-20T17:44:25+00:00\",\"author\":{\"@id\":\"https:\\\/\\\/www.copealcoy.es\\\/es\\\/#\\\/schema\\\/person\\\/e777c87fa024e57d40170af9df39882c\"},\"breadcrumb\":{\"@id\":\"https:\\\/\\\/www.copealcoy.es\\\/es\\\/el-comercio-de-alcoy-vuelve-a-animar-las-compras-en-navidad\\\/#breadcrumb\"},\"inLanguage\":\"es\",\"potentialAction\":[{\"@type\":\"ReadAction\",\"target\":[\"https:\\\/\\\/www.copealcoy.es\\\/es\\\/el-comercio-de-alcoy-vuelve-a-animar-las-compras-en-navidad\\\/\"]}]},{\"@type\":\"ImageObject\",\"inLanguage\":\"es\",\"@id\":\"https:\\\/\\\/www.copealcoy.es\\\/es\\\/el-comercio-de-alcoy-vuelve-a-animar-las-compras-en-navidad\\\/#primaryimage\",\"url\":\"\",\"contentUrl\":\"\"},{\"@type\":\"BreadcrumbList\",\"@id\":\"https:\\\/\\\/www.copealcoy.es\\\/es\\\/el-comercio-de-alcoy-vuelve-a-animar-las-compras-en-navidad\\\/#breadcrumb\",\"itemListElement\":[{\"@type\":\"ListItem\",\"position\":1,\"name\":\"Portada\",\"item\":\"https:\\\/\\\/www.copealcoy.es\\\/es\\\/\"},{\"@type\":\"ListItem\",\"position\":2,\"name\":\"El comercio de Alcoy vuelve a animar las compras en Navidad\"}]},{\"@type\":\"WebSite\",\"@id\":\"https:\\\/\\\/www.copealcoy.es\\\/es\\\/#website\",\"url\":\"https:\\\/\\\/www.copealcoy.es\\\/es\\\/\",\"name\":\"COPE Alcoy\",\"description\":\"Emisora COPE de radio local con emisi\u00f3n online. Pont de Sant Jordi 8-10 03803 Alcoy\",\"potentialAction\":[{\"@type\":\"SearchAction\",\"target\":{\"@type\":\"EntryPoint\",\"urlTemplate\":\"https:\\\/\\\/www.copealcoy.es\\\/es\\\/?s={search_term_string}\"},\"query-input\":{\"@type\":\"PropertyValueSpecification\",\"valueRequired\":true,\"valueName\":\"search_term_string\"}}],\"inLanguage\":\"es\"},{\"@type\":\"Person\",\"@id\":\"https:\\\/\\\/www.copealcoy.es\\\/es\\\/#\\\/schema\\\/person\\\/e777c87fa024e57d40170af9df39882c\",\"name\":\"Cope Alcoy\",\"image\":{\"@type\":\"ImageObject\",\"inLanguage\":\"es\",\"@id\":\"https:\\\/\\\/secure.gravatar.com\\\/avatar\\\/bb65d0283347e303893ba14f0692005417c1e0e690a325a4c5d8bb2b3943ee14?s=96&d=mm&r=g\",\"url\":\"https:\\\/\\\/secure.gravatar.com\\\/avatar\\\/bb65d0283347e303893ba14f0692005417c1e0e690a325a4c5d8bb2b3943ee14?s=96&d=mm&r=g\",\"contentUrl\":\"https:\\\/\\\/secure.gravatar.com\\\/avatar\\\/bb65d0283347e303893ba14f0692005417c1e0e690a325a4c5d8bb2b3943ee14?s=96&d=mm&r=g\",\"caption\":\"Cope Alcoy\"}}]}<\/script>\n<!-- \/ Yoast SEO plugin. -->","yoast_head_json":{"title":"El comercio de Alcoy vuelve a animar las compras en Navidad - COPE Alcoy","robots":{"index":"index","follow":"follow","max-snippet":"max-snippet:-1","max-image-preview":"max-image-preview:large","max-video-preview":"max-video-preview:-1"},"canonical":"https:\/\/www.copealcoy.es\/es\/el-comercio-de-alcoy-vuelve-a-animar-las-compras-en-navidad\/","og_locale":"es_ES","og_type":"article","og_title":"El comercio de Alcoy vuelve a animar las compras en Navidad - COPE Alcoy","og_description":"Alcoy ha vuelto a lanzar su campa\u00f1a comercial para animar las ventas durante las fiestas de Navidad, una iniciativa que...","og_url":"https:\/\/www.copealcoy.es\/es\/el-comercio-de-alcoy-vuelve-a-animar-las-compras-en-navidad\/","og_site_name":"COPE Alcoy","article_published_time":"2019-12-20T17:44:25+00:00","author":"Cope Alcoy","twitter_misc":{"Escrito por":"Cope Alcoy","Tiempo de lectura":"1 minuto"},"schema":{"@context":"https:\/\/schema.org","@graph":[{"@type":"Article","@id":"https:\/\/www.copealcoy.es\/es\/el-comercio-de-alcoy-vuelve-a-animar-las-compras-en-navidad\/#article","isPartOf":{"@id":"https:\/\/www.copealcoy.es\/es\/el-comercio-de-alcoy-vuelve-a-animar-las-compras-en-navidad\/"},"author":{"name":"Cope Alcoy","@id":"https:\/\/www.copealcoy.es\/es\/#\/schema\/person\/e777c87fa024e57d40170af9df39882c"},"headline":"El comercio de Alcoy vuelve a animar las compras en Navidad","datePublished":"2019-12-20T17:44:25+00:00","mainEntityOfPage":{"@id":"https:\/\/www.copealcoy.es\/es\/el-comercio-de-alcoy-vuelve-a-animar-las-compras-en-navidad\/"},"wordCount":304,"commentCount":0,"image":{"@id":"https:\/\/www.copealcoy.es\/es\/el-comercio-de-alcoy-vuelve-a-animar-las-compras-en-navidad\/#primaryimage"},"thumbnailUrl":"","keywords":["ACECA","Alcoy","Campa\u00f1a","Comercio","Federaci\u00f3n de Comercio","Navidad","Rafael P\u00e9rez"],"articleSection":["Alcoy","Noticias","Pol\u00edtica y Econom\u00eda"],"inLanguage":"es"},{"@type":"WebPage","@id":"https:\/\/www.copealcoy.es\/es\/el-comercio-de-alcoy-vuelve-a-animar-las-compras-en-navidad\/","url":"https:\/\/www.copealcoy.es\/es\/el-comercio-de-alcoy-vuelve-a-animar-las-compras-en-navidad\/","name":"El comercio de Alcoy vuelve a animar las compras en Navidad - COPE Alcoy","isPartOf":{"@id":"https:\/\/www.copealcoy.es\/es\/#website"},"primaryImageOfPage":{"@id":"https:\/\/www.copealcoy.es\/es\/el-comercio-de-alcoy-vuelve-a-animar-las-compras-en-navidad\/#primaryimage"},"image":{"@id":"https:\/\/www.copealcoy.es\/es\/el-comercio-de-alcoy-vuelve-a-animar-las-compras-en-navidad\/#primaryimage"},"thumbnailUrl":"","datePublished":"2019-12-20T17:44:25+00:00","author":{"@id":"https:\/\/www.copealcoy.es\/es\/#\/schema\/person\/e777c87fa024e57d40170af9df39882c"},"breadcrumb":{"@id":"https:\/\/www.copealcoy.es\/es\/el-comercio-de-alcoy-vuelve-a-animar-las-compras-en-navidad\/#breadcrumb"},"inLanguage":"es","potentialAction":[{"@type":"ReadAction","target":["https:\/\/www.copealcoy.es\/es\/el-comercio-de-alcoy-vuelve-a-animar-las-compras-en-navidad\/"]}]},{"@type":"ImageObject","inLanguage":"es","@id":"https:\/\/www.copealcoy.es\/es\/el-comercio-de-alcoy-vuelve-a-animar-las-compras-en-navidad\/#primaryimage","url":"","contentUrl":""},{"@type":"BreadcrumbList","@id":"https:\/\/www.copealcoy.es\/es\/el-comercio-de-alcoy-vuelve-a-animar-las-compras-en-navidad\/#breadcrumb","itemListElement":[{"@type":"ListItem","position":1,"name":"Portada","item":"https:\/\/www.copealcoy.es\/es\/"},{"@type":"ListItem","position":2,"name":"El comercio de Alcoy vuelve a animar las compras en Navidad"}]},{"@type":"WebSite","@id":"https:\/\/www.copealcoy.es\/es\/#website","url":"https:\/\/www.copealcoy.es\/es\/","name":"COPE Alcoy","description":"Emisora COPE de radio local con emisi\u00f3n online. Pont de Sant Jordi 8-10 03803 Alcoy","potentialAction":[{"@type":"SearchAction","target":{"@type":"EntryPoint","urlTemplate":"https:\/\/www.copealcoy.es\/es\/?s={search_term_string}"},"query-input":{"@type":"PropertyValueSpecification","valueRequired":true,"valueName":"search_term_string"}}],"inLanguage":"es"},{"@type":"Person","@id":"https:\/\/www.copealcoy.es\/es\/#\/schema\/person\/e777c87fa024e57d40170af9df39882c","name":"Cope Alcoy","image":{"@type":"ImageObject","inLanguage":"es","@id":"https:\/\/secure.gravatar.com\/avatar\/bb65d0283347e303893ba14f0692005417c1e0e690a325a4c5d8bb2b3943ee14?s=96&d=mm&r=g","url":"https:\/\/secure.gravatar.com\/avatar\/bb65d0283347e303893ba14f0692005417c1e0e690a325a4c5d8bb2b3943ee14?s=96&d=mm&r=g","contentUrl":"https:\/\/secure.gravatar.com\/avatar\/bb65d0283347e303893ba14f0692005417c1e0e690a325a4c5d8bb2b3943ee14?s=96&d=mm&r=g","caption":"Cope Alcoy"}}]}},"_links":{"self":[{"href":"https:\/\/www.copealcoy.es\/es\/wp-json\/wp\/v2\/posts\/58281","targetHints":{"allow":["GET"]}}],"collection":[{"href":"https:\/\/www.copealcoy.es\/es\/wp-json\/wp\/v2\/posts"}],"about":[{"href":"https:\/\/www.copealcoy.es\/es\/wp-json\/wp\/v2\/types\/post"}],"author":[{"embeddable":true,"href":"https:\/\/www.copealcoy.es\/es\/wp-json\/wp\/v2\/users\/1"}],"replies":[{"embeddable":true,"href":"https:\/\/www.copealcoy.es\/es\/wp-json\/wp\/v2\/comments?post=58281"}],"version-history":[{"count":0,"href":"https:\/\/www.copealcoy.es\/es\/wp-json\/wp\/v2\/posts\/58281\/revisions"}],"wp:featuredmedia":[{"embeddable":true,"href":"https:\/\/www.copealcoy.es\/es\/wp-json\/"}],"wp:attachment":[{"href":"https:\/\/www.copealcoy.es\/es\/wp-json\/wp\/v2\/media?parent=58281"}],"wp:term":[{"taxonomy":"category","embeddable":true,"href":"https:\/\/www.copealcoy.es\/es\/wp-json\/wp\/v2\/categories?post=58281"},{"taxonomy":"post_tag","embeddable":true,"href":"https:\/\/www.copealcoy.es\/es\/wp-json\/wp\/v2\/tags?post=58281"}],"curies":[{"name":"wp","href":"https:\/\/api.w.org\/{rel}","templated":true}]}}