{"id":58198,"date":"2019-12-19T12:00:07","date_gmt":"2019-12-19T12:00:07","guid":{"rendered":"https:\/\/copealcoi.es\/?p=58198"},"modified":"2019-12-19T12:00:07","modified_gmt":"2019-12-19T12:00:07","slug":"el-concurso-de-belenes-de-muro-del-2019-ya-tiene-ganadores","status":"publish","type":"post","link":"https:\/\/www.copealcoy.es\/es\/el-concurso-de-belenes-de-muro-del-2019-ya-tiene-ganadores\/","title":{"rendered":"El Concurso de Belenes de Muro del 2019 ya tiene ganadores"},"content":{"rendered":"<p style=\"text-align: justify;\">El mi\u00e9rcoles d\u00eda 11 de diciembre, <strong>en el Centro Cultural Polivalente de Muro<\/strong>, se reuni\u00f3 el jurado del <strong>Concurso de Belenes de Navidad 2019<\/strong> despu\u00e9s de <strong>haber hecho la visita por los domicilios<\/strong> de las personas que se hab\u00edan presentado al Certamen. El citado jurado, tras las oportunas deliberaciones,\u00a0<strong>acord\u00f3 establecer dos tipos de premios<\/strong> el de Primer Categor\u00eda y el de Segunda Categor\u00eda.<\/p>\n<p style=\"text-align: justify;\">En lo que se refiere a la <strong>Primera Categor\u00eda<\/strong> destacar que el <strong>primer premio<\/strong> fue para\u00a0 <strong>Delf\u00edn Cerd\u00e0 Reig<\/strong> y el <strong>segundo premio<\/strong> se lo adjudic\u00f3\u00a0<strong>Gracia Torres Nadal<\/strong>. Por \u00faltimo en la <strong>Segunda Categor\u00eda<\/strong> el <strong>primer premio<\/strong> se lo llev\u00f3\u00a0<strong>Laia Ferrandiz Cort\u00e9s<\/strong> y el <strong>segundo premio\u00a0Leticia Rodrigo Pastor<\/strong>.<\/p>\n<p style=\"text-align: justify;\">Desde el Ayuntamiento de Muro <strong>han expresado su felicitaci\u00f3n a los ganadores<\/strong> y han agradecido la participaci\u00f3n de todas las personas que han tomado parte en este Concurso de Belenes.<\/p>\n","protected":false},"excerpt":{"rendered":"<p>El mi\u00e9rcoles d\u00eda 11 de diciembre, en el Centro Cultural Polivalente de Muro, se reuni\u00f3 el jurado del Concurso de&#8230;<\/p>\n","protected":false},"author":1,"featured_media":58199,"comment_status":"open","ping_status":"open","sticky":false,"template":"","format":"standard","meta":{"footnotes":""},"categories":[98,75],"tags":[5038,3534,135,174],"class_list":["post-58198","post","type-post","status-publish","format-standard","has-post-thumbnail","hentry","category-comarcas","category-noticias","tag-concurso-de-belenes","tag-ganadores","tag-muro","tag-navidad"],"yoast_head":"<!-- This site is optimized with the Yoast SEO plugin v27.3 - https:\/\/yoast.com\/product\/yoast-seo-wordpress\/ -->\n<title>El Concurso de Belenes de Muro del 2019 ya tiene ganadores - COPE Alcoy<\/title>\n<meta name=\"robots\" content=\"index, follow, max-snippet:-1, max-image-preview:large, max-video-preview:-1\" \/>\n<link rel=\"canonical\" href=\"https:\/\/www.copealcoy.es\/es\/el-concurso-de-belenes-de-muro-del-2019-ya-tiene-ganadores\/\" \/>\n<meta property=\"og:locale\" content=\"es_ES\" \/>\n<meta property=\"og:type\" content=\"article\" \/>\n<meta property=\"og:title\" content=\"El Concurso de Belenes de Muro del 2019 ya tiene ganadores - COPE Alcoy\" \/>\n<meta property=\"og:description\" content=\"El mi\u00e9rcoles d\u00eda 11 de diciembre, en el Centro Cultural Polivalente de Muro, se reuni\u00f3 el jurado del Concurso de...\" \/>\n<meta property=\"og:url\" content=\"https:\/\/www.copealcoy.es\/es\/el-concurso-de-belenes-de-muro-del-2019-ya-tiene-ganadores\/\" \/>\n<meta property=\"og:site_name\" content=\"COPE Alcoy\" \/>\n<meta property=\"article:published_time\" content=\"2019-12-19T12:00:07+00:00\" \/>\n<meta name=\"author\" content=\"Cope Alcoy\" \/>\n<meta name=\"twitter:label1\" content=\"Escrito por\" \/>\n\t<meta name=\"twitter:data1\" content=\"Cope Alcoy\" \/>\n\t<meta name=\"twitter:label2\" content=\"Tiempo de lectura\" \/>\n\t<meta name=\"twitter:data2\" content=\"1 minuto\" \/>\n<script type=\"application\/ld+json\" class=\"yoast-schema-graph\">{\"@context\":\"https:\\\/\\\/schema.org\",\"@graph\":[{\"@type\":\"Article\",\"@id\":\"https:\\\/\\\/www.copealcoy.es\\\/es\\\/el-concurso-de-belenes-de-muro-del-2019-ya-tiene-ganadores\\\/#article\",\"isPartOf\":{\"@id\":\"https:\\\/\\\/www.copealcoy.es\\\/es\\\/el-concurso-de-belenes-de-muro-del-2019-ya-tiene-ganadores\\\/\"},\"author\":{\"name\":\"Cope Alcoy\",\"@id\":\"https:\\\/\\\/www.copealcoy.es\\\/es\\\/#\\\/schema\\\/person\\\/e777c87fa024e57d40170af9df39882c\"},\"headline\":\"El Concurso de Belenes de Muro del 2019 ya tiene ganadores\",\"datePublished\":\"2019-12-19T12:00:07+00:00\",\"mainEntityOfPage\":{\"@id\":\"https:\\\/\\\/www.copealcoy.es\\\/es\\\/el-concurso-de-belenes-de-muro-del-2019-ya-tiene-ganadores\\\/\"},\"wordCount\":165,\"commentCount\":0,\"image\":{\"@id\":\"https:\\\/\\\/www.copealcoy.es\\\/es\\\/el-concurso-de-belenes-de-muro-del-2019-ya-tiene-ganadores\\\/#primaryimage\"},\"thumbnailUrl\":\"\",\"keywords\":[\"Concurso de Belenes\",\"Ganadores\",\"Muro\",\"Navidad\"],\"articleSection\":[\"Comarcas\",\"Noticias\"],\"inLanguage\":\"es\"},{\"@type\":\"WebPage\",\"@id\":\"https:\\\/\\\/www.copealcoy.es\\\/es\\\/el-concurso-de-belenes-de-muro-del-2019-ya-tiene-ganadores\\\/\",\"url\":\"https:\\\/\\\/www.copealcoy.es\\\/es\\\/el-concurso-de-belenes-de-muro-del-2019-ya-tiene-ganadores\\\/\",\"name\":\"El Concurso de Belenes de Muro del 2019 ya tiene ganadores - COPE Alcoy\",\"isPartOf\":{\"@id\":\"https:\\\/\\\/www.copealcoy.es\\\/es\\\/#website\"},\"primaryImageOfPage\":{\"@id\":\"https:\\\/\\\/www.copealcoy.es\\\/es\\\/el-concurso-de-belenes-de-muro-del-2019-ya-tiene-ganadores\\\/#primaryimage\"},\"image\":{\"@id\":\"https:\\\/\\\/www.copealcoy.es\\\/es\\\/el-concurso-de-belenes-de-muro-del-2019-ya-tiene-ganadores\\\/#primaryimage\"},\"thumbnailUrl\":\"\",\"datePublished\":\"2019-12-19T12:00:07+00:00\",\"author\":{\"@id\":\"https:\\\/\\\/www.copealcoy.es\\\/es\\\/#\\\/schema\\\/person\\\/e777c87fa024e57d40170af9df39882c\"},\"breadcrumb\":{\"@id\":\"https:\\\/\\\/www.copealcoy.es\\\/es\\\/el-concurso-de-belenes-de-muro-del-2019-ya-tiene-ganadores\\\/#breadcrumb\"},\"inLanguage\":\"es\",\"potentialAction\":[{\"@type\":\"ReadAction\",\"target\":[\"https:\\\/\\\/www.copealcoy.es\\\/es\\\/el-concurso-de-belenes-de-muro-del-2019-ya-tiene-ganadores\\\/\"]}]},{\"@type\":\"ImageObject\",\"inLanguage\":\"es\",\"@id\":\"https:\\\/\\\/www.copealcoy.es\\\/es\\\/el-concurso-de-belenes-de-muro-del-2019-ya-tiene-ganadores\\\/#primaryimage\",\"url\":\"\",\"contentUrl\":\"\"},{\"@type\":\"BreadcrumbList\",\"@id\":\"https:\\\/\\\/www.copealcoy.es\\\/es\\\/el-concurso-de-belenes-de-muro-del-2019-ya-tiene-ganadores\\\/#breadcrumb\",\"itemListElement\":[{\"@type\":\"ListItem\",\"position\":1,\"name\":\"Portada\",\"item\":\"https:\\\/\\\/www.copealcoy.es\\\/es\\\/\"},{\"@type\":\"ListItem\",\"position\":2,\"name\":\"El Concurso de Belenes de Muro del 2019 ya tiene ganadores\"}]},{\"@type\":\"WebSite\",\"@id\":\"https:\\\/\\\/www.copealcoy.es\\\/es\\\/#website\",\"url\":\"https:\\\/\\\/www.copealcoy.es\\\/es\\\/\",\"name\":\"COPE Alcoy\",\"description\":\"Emisora COPE de radio local con emisi\u00f3n online. Pont de Sant Jordi 8-10 03803 Alcoy\",\"potentialAction\":[{\"@type\":\"SearchAction\",\"target\":{\"@type\":\"EntryPoint\",\"urlTemplate\":\"https:\\\/\\\/www.copealcoy.es\\\/es\\\/?s={search_term_string}\"},\"query-input\":{\"@type\":\"PropertyValueSpecification\",\"valueRequired\":true,\"valueName\":\"search_term_string\"}}],\"inLanguage\":\"es\"},{\"@type\":\"Person\",\"@id\":\"https:\\\/\\\/www.copealcoy.es\\\/es\\\/#\\\/schema\\\/person\\\/e777c87fa024e57d40170af9df39882c\",\"name\":\"Cope Alcoy\",\"image\":{\"@type\":\"ImageObject\",\"inLanguage\":\"es\",\"@id\":\"https:\\\/\\\/secure.gravatar.com\\\/avatar\\\/bb65d0283347e303893ba14f0692005417c1e0e690a325a4c5d8bb2b3943ee14?s=96&d=mm&r=g\",\"url\":\"https:\\\/\\\/secure.gravatar.com\\\/avatar\\\/bb65d0283347e303893ba14f0692005417c1e0e690a325a4c5d8bb2b3943ee14?s=96&d=mm&r=g\",\"contentUrl\":\"https:\\\/\\\/secure.gravatar.com\\\/avatar\\\/bb65d0283347e303893ba14f0692005417c1e0e690a325a4c5d8bb2b3943ee14?s=96&d=mm&r=g\",\"caption\":\"Cope Alcoy\"}}]}<\/script>\n<!-- \/ Yoast SEO plugin. -->","yoast_head_json":{"title":"El Concurso de Belenes de Muro del 2019 ya tiene ganadores - COPE Alcoy","robots":{"index":"index","follow":"follow","max-snippet":"max-snippet:-1","max-image-preview":"max-image-preview:large","max-video-preview":"max-video-preview:-1"},"canonical":"https:\/\/www.copealcoy.es\/es\/el-concurso-de-belenes-de-muro-del-2019-ya-tiene-ganadores\/","og_locale":"es_ES","og_type":"article","og_title":"El Concurso de Belenes de Muro del 2019 ya tiene ganadores - COPE Alcoy","og_description":"El mi\u00e9rcoles d\u00eda 11 de diciembre, en el Centro Cultural Polivalente de Muro, se reuni\u00f3 el jurado del Concurso de...","og_url":"https:\/\/www.copealcoy.es\/es\/el-concurso-de-belenes-de-muro-del-2019-ya-tiene-ganadores\/","og_site_name":"COPE Alcoy","article_published_time":"2019-12-19T12:00:07+00:00","author":"Cope Alcoy","twitter_misc":{"Escrito por":"Cope Alcoy","Tiempo de lectura":"1 minuto"},"schema":{"@context":"https:\/\/schema.org","@graph":[{"@type":"Article","@id":"https:\/\/www.copealcoy.es\/es\/el-concurso-de-belenes-de-muro-del-2019-ya-tiene-ganadores\/#article","isPartOf":{"@id":"https:\/\/www.copealcoy.es\/es\/el-concurso-de-belenes-de-muro-del-2019-ya-tiene-ganadores\/"},"author":{"name":"Cope Alcoy","@id":"https:\/\/www.copealcoy.es\/es\/#\/schema\/person\/e777c87fa024e57d40170af9df39882c"},"headline":"El Concurso de Belenes de Muro del 2019 ya tiene ganadores","datePublished":"2019-12-19T12:00:07+00:00","mainEntityOfPage":{"@id":"https:\/\/www.copealcoy.es\/es\/el-concurso-de-belenes-de-muro-del-2019-ya-tiene-ganadores\/"},"wordCount":165,"commentCount":0,"image":{"@id":"https:\/\/www.copealcoy.es\/es\/el-concurso-de-belenes-de-muro-del-2019-ya-tiene-ganadores\/#primaryimage"},"thumbnailUrl":"","keywords":["Concurso de Belenes","Ganadores","Muro","Navidad"],"articleSection":["Comarcas","Noticias"],"inLanguage":"es"},{"@type":"WebPage","@id":"https:\/\/www.copealcoy.es\/es\/el-concurso-de-belenes-de-muro-del-2019-ya-tiene-ganadores\/","url":"https:\/\/www.copealcoy.es\/es\/el-concurso-de-belenes-de-muro-del-2019-ya-tiene-ganadores\/","name":"El Concurso de Belenes de Muro del 2019 ya tiene ganadores - COPE Alcoy","isPartOf":{"@id":"https:\/\/www.copealcoy.es\/es\/#website"},"primaryImageOfPage":{"@id":"https:\/\/www.copealcoy.es\/es\/el-concurso-de-belenes-de-muro-del-2019-ya-tiene-ganadores\/#primaryimage"},"image":{"@id":"https:\/\/www.copealcoy.es\/es\/el-concurso-de-belenes-de-muro-del-2019-ya-tiene-ganadores\/#primaryimage"},"thumbnailUrl":"","datePublished":"2019-12-19T12:00:07+00:00","author":{"@id":"https:\/\/www.copealcoy.es\/es\/#\/schema\/person\/e777c87fa024e57d40170af9df39882c"},"breadcrumb":{"@id":"https:\/\/www.copealcoy.es\/es\/el-concurso-de-belenes-de-muro-del-2019-ya-tiene-ganadores\/#breadcrumb"},"inLanguage":"es","potentialAction":[{"@type":"ReadAction","target":["https:\/\/www.copealcoy.es\/es\/el-concurso-de-belenes-de-muro-del-2019-ya-tiene-ganadores\/"]}]},{"@type":"ImageObject","inLanguage":"es","@id":"https:\/\/www.copealcoy.es\/es\/el-concurso-de-belenes-de-muro-del-2019-ya-tiene-ganadores\/#primaryimage","url":"","contentUrl":""},{"@type":"BreadcrumbList","@id":"https:\/\/www.copealcoy.es\/es\/el-concurso-de-belenes-de-muro-del-2019-ya-tiene-ganadores\/#breadcrumb","itemListElement":[{"@type":"ListItem","position":1,"name":"Portada","item":"https:\/\/www.copealcoy.es\/es\/"},{"@type":"ListItem","position":2,"name":"El Concurso de Belenes de Muro del 2019 ya tiene ganadores"}]},{"@type":"WebSite","@id":"https:\/\/www.copealcoy.es\/es\/#website","url":"https:\/\/www.copealcoy.es\/es\/","name":"COPE Alcoy","description":"Emisora COPE de radio local con emisi\u00f3n online. Pont de Sant Jordi 8-10 03803 Alcoy","potentialAction":[{"@type":"SearchAction","target":{"@type":"EntryPoint","urlTemplate":"https:\/\/www.copealcoy.es\/es\/?s={search_term_string}"},"query-input":{"@type":"PropertyValueSpecification","valueRequired":true,"valueName":"search_term_string"}}],"inLanguage":"es"},{"@type":"Person","@id":"https:\/\/www.copealcoy.es\/es\/#\/schema\/person\/e777c87fa024e57d40170af9df39882c","name":"Cope Alcoy","image":{"@type":"ImageObject","inLanguage":"es","@id":"https:\/\/secure.gravatar.com\/avatar\/bb65d0283347e303893ba14f0692005417c1e0e690a325a4c5d8bb2b3943ee14?s=96&d=mm&r=g","url":"https:\/\/secure.gravatar.com\/avatar\/bb65d0283347e303893ba14f0692005417c1e0e690a325a4c5d8bb2b3943ee14?s=96&d=mm&r=g","contentUrl":"https:\/\/secure.gravatar.com\/avatar\/bb65d0283347e303893ba14f0692005417c1e0e690a325a4c5d8bb2b3943ee14?s=96&d=mm&r=g","caption":"Cope Alcoy"}}]}},"_links":{"self":[{"href":"https:\/\/www.copealcoy.es\/es\/wp-json\/wp\/v2\/posts\/58198","targetHints":{"allow":["GET"]}}],"collection":[{"href":"https:\/\/www.copealcoy.es\/es\/wp-json\/wp\/v2\/posts"}],"about":[{"href":"https:\/\/www.copealcoy.es\/es\/wp-json\/wp\/v2\/types\/post"}],"author":[{"embeddable":true,"href":"https:\/\/www.copealcoy.es\/es\/wp-json\/wp\/v2\/users\/1"}],"replies":[{"embeddable":true,"href":"https:\/\/www.copealcoy.es\/es\/wp-json\/wp\/v2\/comments?post=58198"}],"version-history":[{"count":0,"href":"https:\/\/www.copealcoy.es\/es\/wp-json\/wp\/v2\/posts\/58198\/revisions"}],"wp:featuredmedia":[{"embeddable":true,"href":"https:\/\/www.copealcoy.es\/es\/wp-json\/"}],"wp:attachment":[{"href":"https:\/\/www.copealcoy.es\/es\/wp-json\/wp\/v2\/media?parent=58198"}],"wp:term":[{"taxonomy":"category","embeddable":true,"href":"https:\/\/www.copealcoy.es\/es\/wp-json\/wp\/v2\/categories?post=58198"},{"taxonomy":"post_tag","embeddable":true,"href":"https:\/\/www.copealcoy.es\/es\/wp-json\/wp\/v2\/tags?post=58198"}],"curies":[{"name":"wp","href":"https:\/\/api.w.org\/{rel}","templated":true}]}}