{"id":58180,"date":"2019-12-18T16:01:31","date_gmt":"2019-12-18T16:01:31","guid":{"rendered":"https:\/\/copealcoi.es\/?p=58180"},"modified":"2019-12-18T16:01:31","modified_gmt":"2019-12-18T16:01:31","slug":"el-bando-real-tambien-se-interpretara-en-lengua-de-signos","status":"publish","type":"post","link":"https:\/\/www.copealcoy.es\/es\/el-bando-real-tambien-se-interpretara-en-lengua-de-signos\/","title":{"rendered":"El Bando Real tambi\u00e9n se interpretar\u00e1 en lengua de signos"},"content":{"rendered":"<p style=\"text-align: justify;\">El <strong>Bando Real de Alcoy<\/strong> se adaptar\u00e1 a la lengua de signos en 2020 y durante el trayecto del acto <strong>habr\u00e1 int\u00e9rpretes<\/strong> que ofrecer\u00e1n esta posibilidad en el momento en el que se declama el texto. La edil de Fiestas, <strong>Carol Ortiz<\/strong>, explic\u00f3 el pasado lunes en COPE ALCOY que habr\u00e1 <strong>un\u00a0int\u00e9rprete delante del Centre Cultural Mario Silvestre<\/strong> que se encargar\u00e1 de difundir en lengua de signos <strong>el texto elaborado por la periodista Mireia Pascual y que recitar\u00e1 Ricard Sanz<\/strong> &#8220;<em>de esta forma apostamos por una Fiesta de Reyes inclusiva para que todos aquellos que tienen alg\u00fan tipo de problema auditivo puedan disfrutar de un momento tan entra\u00f1able como es la declamaci\u00f3n del Embajador Real<\/em>&#8220;, afirm\u00f3.<\/p>\n<p style=\"text-align: justify;\">Indicar que tambi\u00e9n\u00a0<strong>se adaptar\u00e1n espacios para las personas con movilidad reducida en El Parterre<\/strong> tanto para el acto del Bando Real del s\u00e1bado 4 de enero como el de la Cabalgata de los Reyes Magos de la tarde del domingo 5 de enero.<\/p>\n","protected":false},"excerpt":{"rendered":"<p>El Bando Real de Alcoy se adaptar\u00e1 a la lengua de signos en 2020 y durante el trayecto del acto&#8230;<\/p>\n","protected":false},"author":1,"featured_media":9453,"comment_status":"open","ping_status":"open","sticky":false,"template":"","format":"standard","meta":{"footnotes":""},"categories":[97,78,75],"tags":[2700,1494,1586,6975,1691,9534],"class_list":["post-58180","post","type-post","status-publish","format-standard","has-post-thumbnail","hentry","category-alcoy","category-fiestaycultura","category-noticias","tag-alcoi-ciutat-del-nadal","tag-alcoy","tag-bando-real","tag-carol-ortiz","tag-embajador-real","tag-lengua-de-signos"],"yoast_head":"<!-- This site is optimized with the Yoast SEO plugin v27.3 - https:\/\/yoast.com\/product\/yoast-seo-wordpress\/ -->\n<title>El Bando Real tambi\u00e9n se interpretar\u00e1 en lengua de signos - COPE Alcoy<\/title>\n<meta name=\"robots\" content=\"index, follow, max-snippet:-1, max-image-preview:large, max-video-preview:-1\" \/>\n<link rel=\"canonical\" href=\"https:\/\/www.copealcoy.es\/es\/el-bando-real-tambien-se-interpretara-en-lengua-de-signos\/\" \/>\n<meta property=\"og:locale\" content=\"es_ES\" \/>\n<meta property=\"og:type\" content=\"article\" \/>\n<meta property=\"og:title\" content=\"El Bando Real tambi\u00e9n se interpretar\u00e1 en lengua de signos - COPE Alcoy\" \/>\n<meta property=\"og:description\" content=\"El Bando Real de Alcoy se adaptar\u00e1 a la lengua de signos en 2020 y durante el trayecto del acto...\" \/>\n<meta property=\"og:url\" content=\"https:\/\/www.copealcoy.es\/es\/el-bando-real-tambien-se-interpretara-en-lengua-de-signos\/\" \/>\n<meta property=\"og:site_name\" content=\"COPE Alcoy\" \/>\n<meta property=\"article:published_time\" content=\"2019-12-18T16:01:31+00:00\" \/>\n<meta property=\"og:image\" content=\"https:\/\/www.copealcoy.es\/wp-content\/uploads\/2015\/01\/image17.jpg\" \/>\n\t<meta property=\"og:image:width\" content=\"2322\" \/>\n\t<meta property=\"og:image:height\" content=\"1362\" \/>\n\t<meta property=\"og:image:type\" content=\"image\/jpeg\" \/>\n<meta name=\"author\" content=\"Cope Alcoy\" \/>\n<meta name=\"twitter:label1\" content=\"Escrito por\" \/>\n\t<meta name=\"twitter:data1\" content=\"Cope Alcoy\" \/>\n\t<meta name=\"twitter:label2\" content=\"Tiempo de lectura\" \/>\n\t<meta name=\"twitter:data2\" content=\"1 minuto\" \/>\n<script type=\"application\/ld+json\" class=\"yoast-schema-graph\">{\"@context\":\"https:\\\/\\\/schema.org\",\"@graph\":[{\"@type\":\"Article\",\"@id\":\"https:\\\/\\\/www.copealcoy.es\\\/es\\\/el-bando-real-tambien-se-interpretara-en-lengua-de-signos\\\/#article\",\"isPartOf\":{\"@id\":\"https:\\\/\\\/www.copealcoy.es\\\/es\\\/el-bando-real-tambien-se-interpretara-en-lengua-de-signos\\\/\"},\"author\":{\"name\":\"Cope Alcoy\",\"@id\":\"https:\\\/\\\/www.copealcoy.es\\\/es\\\/#\\\/schema\\\/person\\\/e777c87fa024e57d40170af9df39882c\"},\"headline\":\"El Bando Real tambi\u00e9n se interpretar\u00e1 en lengua de signos\",\"datePublished\":\"2019-12-18T16:01:31+00:00\",\"mainEntityOfPage\":{\"@id\":\"https:\\\/\\\/www.copealcoy.es\\\/es\\\/el-bando-real-tambien-se-interpretara-en-lengua-de-signos\\\/\"},\"wordCount\":178,\"commentCount\":0,\"image\":{\"@id\":\"https:\\\/\\\/www.copealcoy.es\\\/es\\\/el-bando-real-tambien-se-interpretara-en-lengua-de-signos\\\/#primaryimage\"},\"thumbnailUrl\":\"https:\\\/\\\/www.copealcoy.es\\\/wp-content\\\/uploads\\\/2015\\\/01\\\/image17.jpg\",\"keywords\":[\"Alcoi Ciutat del Nadal\",\"Alcoy\",\"Bando Real\",\"Carol Ortiz\",\"Embajador Real\",\"lengua de signos\"],\"articleSection\":[\"Alcoy\",\"Fiesta y Cultura\",\"Noticias\"],\"inLanguage\":\"es\"},{\"@type\":\"WebPage\",\"@id\":\"https:\\\/\\\/www.copealcoy.es\\\/es\\\/el-bando-real-tambien-se-interpretara-en-lengua-de-signos\\\/\",\"url\":\"https:\\\/\\\/www.copealcoy.es\\\/es\\\/el-bando-real-tambien-se-interpretara-en-lengua-de-signos\\\/\",\"name\":\"El Bando Real tambi\u00e9n se interpretar\u00e1 en lengua de signos - COPE Alcoy\",\"isPartOf\":{\"@id\":\"https:\\\/\\\/www.copealcoy.es\\\/es\\\/#website\"},\"primaryImageOfPage\":{\"@id\":\"https:\\\/\\\/www.copealcoy.es\\\/es\\\/el-bando-real-tambien-se-interpretara-en-lengua-de-signos\\\/#primaryimage\"},\"image\":{\"@id\":\"https:\\\/\\\/www.copealcoy.es\\\/es\\\/el-bando-real-tambien-se-interpretara-en-lengua-de-signos\\\/#primaryimage\"},\"thumbnailUrl\":\"https:\\\/\\\/www.copealcoy.es\\\/wp-content\\\/uploads\\\/2015\\\/01\\\/image17.jpg\",\"datePublished\":\"2019-12-18T16:01:31+00:00\",\"author\":{\"@id\":\"https:\\\/\\\/www.copealcoy.es\\\/es\\\/#\\\/schema\\\/person\\\/e777c87fa024e57d40170af9df39882c\"},\"breadcrumb\":{\"@id\":\"https:\\\/\\\/www.copealcoy.es\\\/es\\\/el-bando-real-tambien-se-interpretara-en-lengua-de-signos\\\/#breadcrumb\"},\"inLanguage\":\"es\",\"potentialAction\":[{\"@type\":\"ReadAction\",\"target\":[\"https:\\\/\\\/www.copealcoy.es\\\/es\\\/el-bando-real-tambien-se-interpretara-en-lengua-de-signos\\\/\"]}]},{\"@type\":\"ImageObject\",\"inLanguage\":\"es\",\"@id\":\"https:\\\/\\\/www.copealcoy.es\\\/es\\\/el-bando-real-tambien-se-interpretara-en-lengua-de-signos\\\/#primaryimage\",\"url\":\"https:\\\/\\\/www.copealcoy.es\\\/wp-content\\\/uploads\\\/2015\\\/01\\\/image17.jpg\",\"contentUrl\":\"https:\\\/\\\/www.copealcoy.es\\\/wp-content\\\/uploads\\\/2015\\\/01\\\/image17.jpg\",\"width\":1841,\"height\":1080,\"caption\":\"Bando Real\"},{\"@type\":\"BreadcrumbList\",\"@id\":\"https:\\\/\\\/www.copealcoy.es\\\/es\\\/el-bando-real-tambien-se-interpretara-en-lengua-de-signos\\\/#breadcrumb\",\"itemListElement\":[{\"@type\":\"ListItem\",\"position\":1,\"name\":\"Portada\",\"item\":\"https:\\\/\\\/www.copealcoy.es\\\/es\\\/\"},{\"@type\":\"ListItem\",\"position\":2,\"name\":\"El Bando Real tambi\u00e9n se interpretar\u00e1 en lengua de signos\"}]},{\"@type\":\"WebSite\",\"@id\":\"https:\\\/\\\/www.copealcoy.es\\\/es\\\/#website\",\"url\":\"https:\\\/\\\/www.copealcoy.es\\\/es\\\/\",\"name\":\"COPE Alcoy\",\"description\":\"Emisora COPE de radio local con emisi\u00f3n online. Pont de Sant Jordi 8-10 03803 Alcoy\",\"potentialAction\":[{\"@type\":\"SearchAction\",\"target\":{\"@type\":\"EntryPoint\",\"urlTemplate\":\"https:\\\/\\\/www.copealcoy.es\\\/es\\\/?s={search_term_string}\"},\"query-input\":{\"@type\":\"PropertyValueSpecification\",\"valueRequired\":true,\"valueName\":\"search_term_string\"}}],\"inLanguage\":\"es\"},{\"@type\":\"Person\",\"@id\":\"https:\\\/\\\/www.copealcoy.es\\\/es\\\/#\\\/schema\\\/person\\\/e777c87fa024e57d40170af9df39882c\",\"name\":\"Cope Alcoy\",\"image\":{\"@type\":\"ImageObject\",\"inLanguage\":\"es\",\"@id\":\"https:\\\/\\\/secure.gravatar.com\\\/avatar\\\/bb65d0283347e303893ba14f0692005417c1e0e690a325a4c5d8bb2b3943ee14?s=96&d=mm&r=g\",\"url\":\"https:\\\/\\\/secure.gravatar.com\\\/avatar\\\/bb65d0283347e303893ba14f0692005417c1e0e690a325a4c5d8bb2b3943ee14?s=96&d=mm&r=g\",\"contentUrl\":\"https:\\\/\\\/secure.gravatar.com\\\/avatar\\\/bb65d0283347e303893ba14f0692005417c1e0e690a325a4c5d8bb2b3943ee14?s=96&d=mm&r=g\",\"caption\":\"Cope Alcoy\"}}]}<\/script>\n<!-- \/ Yoast SEO plugin. -->","yoast_head_json":{"title":"El Bando Real tambi\u00e9n se interpretar\u00e1 en lengua de signos - COPE Alcoy","robots":{"index":"index","follow":"follow","max-snippet":"max-snippet:-1","max-image-preview":"max-image-preview:large","max-video-preview":"max-video-preview:-1"},"canonical":"https:\/\/www.copealcoy.es\/es\/el-bando-real-tambien-se-interpretara-en-lengua-de-signos\/","og_locale":"es_ES","og_type":"article","og_title":"El Bando Real tambi\u00e9n se interpretar\u00e1 en lengua de signos - COPE Alcoy","og_description":"El Bando Real de Alcoy se adaptar\u00e1 a la lengua de signos en 2020 y durante el trayecto del acto...","og_url":"https:\/\/www.copealcoy.es\/es\/el-bando-real-tambien-se-interpretara-en-lengua-de-signos\/","og_site_name":"COPE Alcoy","article_published_time":"2019-12-18T16:01:31+00:00","og_image":[{"width":2322,"height":1362,"url":"https:\/\/www.copealcoy.es\/wp-content\/uploads\/2015\/01\/image17.jpg","type":"image\/jpeg"}],"author":"Cope Alcoy","twitter_misc":{"Escrito por":"Cope Alcoy","Tiempo de lectura":"1 minuto"},"schema":{"@context":"https:\/\/schema.org","@graph":[{"@type":"Article","@id":"https:\/\/www.copealcoy.es\/es\/el-bando-real-tambien-se-interpretara-en-lengua-de-signos\/#article","isPartOf":{"@id":"https:\/\/www.copealcoy.es\/es\/el-bando-real-tambien-se-interpretara-en-lengua-de-signos\/"},"author":{"name":"Cope Alcoy","@id":"https:\/\/www.copealcoy.es\/es\/#\/schema\/person\/e777c87fa024e57d40170af9df39882c"},"headline":"El Bando Real tambi\u00e9n se interpretar\u00e1 en lengua de signos","datePublished":"2019-12-18T16:01:31+00:00","mainEntityOfPage":{"@id":"https:\/\/www.copealcoy.es\/es\/el-bando-real-tambien-se-interpretara-en-lengua-de-signos\/"},"wordCount":178,"commentCount":0,"image":{"@id":"https:\/\/www.copealcoy.es\/es\/el-bando-real-tambien-se-interpretara-en-lengua-de-signos\/#primaryimage"},"thumbnailUrl":"https:\/\/www.copealcoy.es\/wp-content\/uploads\/2015\/01\/image17.jpg","keywords":["Alcoi Ciutat del Nadal","Alcoy","Bando Real","Carol Ortiz","Embajador Real","lengua de signos"],"articleSection":["Alcoy","Fiesta y Cultura","Noticias"],"inLanguage":"es"},{"@type":"WebPage","@id":"https:\/\/www.copealcoy.es\/es\/el-bando-real-tambien-se-interpretara-en-lengua-de-signos\/","url":"https:\/\/www.copealcoy.es\/es\/el-bando-real-tambien-se-interpretara-en-lengua-de-signos\/","name":"El Bando Real tambi\u00e9n se interpretar\u00e1 en lengua de signos - COPE Alcoy","isPartOf":{"@id":"https:\/\/www.copealcoy.es\/es\/#website"},"primaryImageOfPage":{"@id":"https:\/\/www.copealcoy.es\/es\/el-bando-real-tambien-se-interpretara-en-lengua-de-signos\/#primaryimage"},"image":{"@id":"https:\/\/www.copealcoy.es\/es\/el-bando-real-tambien-se-interpretara-en-lengua-de-signos\/#primaryimage"},"thumbnailUrl":"https:\/\/www.copealcoy.es\/wp-content\/uploads\/2015\/01\/image17.jpg","datePublished":"2019-12-18T16:01:31+00:00","author":{"@id":"https:\/\/www.copealcoy.es\/es\/#\/schema\/person\/e777c87fa024e57d40170af9df39882c"},"breadcrumb":{"@id":"https:\/\/www.copealcoy.es\/es\/el-bando-real-tambien-se-interpretara-en-lengua-de-signos\/#breadcrumb"},"inLanguage":"es","potentialAction":[{"@type":"ReadAction","target":["https:\/\/www.copealcoy.es\/es\/el-bando-real-tambien-se-interpretara-en-lengua-de-signos\/"]}]},{"@type":"ImageObject","inLanguage":"es","@id":"https:\/\/www.copealcoy.es\/es\/el-bando-real-tambien-se-interpretara-en-lengua-de-signos\/#primaryimage","url":"https:\/\/www.copealcoy.es\/wp-content\/uploads\/2015\/01\/image17.jpg","contentUrl":"https:\/\/www.copealcoy.es\/wp-content\/uploads\/2015\/01\/image17.jpg","width":1841,"height":1080,"caption":"Bando Real"},{"@type":"BreadcrumbList","@id":"https:\/\/www.copealcoy.es\/es\/el-bando-real-tambien-se-interpretara-en-lengua-de-signos\/#breadcrumb","itemListElement":[{"@type":"ListItem","position":1,"name":"Portada","item":"https:\/\/www.copealcoy.es\/es\/"},{"@type":"ListItem","position":2,"name":"El Bando Real tambi\u00e9n se interpretar\u00e1 en lengua de signos"}]},{"@type":"WebSite","@id":"https:\/\/www.copealcoy.es\/es\/#website","url":"https:\/\/www.copealcoy.es\/es\/","name":"COPE Alcoy","description":"Emisora COPE de radio local con emisi\u00f3n online. Pont de Sant Jordi 8-10 03803 Alcoy","potentialAction":[{"@type":"SearchAction","target":{"@type":"EntryPoint","urlTemplate":"https:\/\/www.copealcoy.es\/es\/?s={search_term_string}"},"query-input":{"@type":"PropertyValueSpecification","valueRequired":true,"valueName":"search_term_string"}}],"inLanguage":"es"},{"@type":"Person","@id":"https:\/\/www.copealcoy.es\/es\/#\/schema\/person\/e777c87fa024e57d40170af9df39882c","name":"Cope Alcoy","image":{"@type":"ImageObject","inLanguage":"es","@id":"https:\/\/secure.gravatar.com\/avatar\/bb65d0283347e303893ba14f0692005417c1e0e690a325a4c5d8bb2b3943ee14?s=96&d=mm&r=g","url":"https:\/\/secure.gravatar.com\/avatar\/bb65d0283347e303893ba14f0692005417c1e0e690a325a4c5d8bb2b3943ee14?s=96&d=mm&r=g","contentUrl":"https:\/\/secure.gravatar.com\/avatar\/bb65d0283347e303893ba14f0692005417c1e0e690a325a4c5d8bb2b3943ee14?s=96&d=mm&r=g","caption":"Cope Alcoy"}}]}},"_links":{"self":[{"href":"https:\/\/www.copealcoy.es\/es\/wp-json\/wp\/v2\/posts\/58180","targetHints":{"allow":["GET"]}}],"collection":[{"href":"https:\/\/www.copealcoy.es\/es\/wp-json\/wp\/v2\/posts"}],"about":[{"href":"https:\/\/www.copealcoy.es\/es\/wp-json\/wp\/v2\/types\/post"}],"author":[{"embeddable":true,"href":"https:\/\/www.copealcoy.es\/es\/wp-json\/wp\/v2\/users\/1"}],"replies":[{"embeddable":true,"href":"https:\/\/www.copealcoy.es\/es\/wp-json\/wp\/v2\/comments?post=58180"}],"version-history":[{"count":0,"href":"https:\/\/www.copealcoy.es\/es\/wp-json\/wp\/v2\/posts\/58180\/revisions"}],"wp:featuredmedia":[{"embeddable":true,"href":"https:\/\/www.copealcoy.es\/es\/wp-json\/wp\/v2\/media\/9453"}],"wp:attachment":[{"href":"https:\/\/www.copealcoy.es\/es\/wp-json\/wp\/v2\/media?parent=58180"}],"wp:term":[{"taxonomy":"category","embeddable":true,"href":"https:\/\/www.copealcoy.es\/es\/wp-json\/wp\/v2\/categories?post=58180"},{"taxonomy":"post_tag","embeddable":true,"href":"https:\/\/www.copealcoy.es\/es\/wp-json\/wp\/v2\/tags?post=58180"}],"curies":[{"name":"wp","href":"https:\/\/api.w.org\/{rel}","templated":true}]}}