{"id":58013,"date":"2019-12-12T19:01:40","date_gmt":"2019-12-12T19:01:40","guid":{"rendered":"https:\/\/copealcoi.es\/?p=58013"},"modified":"2025-02-01T20:16:54","modified_gmt":"2025-02-01T19:16:54","slug":"un-libro-recopila-todos-los-aspectos-de-la-devocion-a-la-mare-de-deu","status":"publish","type":"post","link":"https:\/\/www.copealcoy.es\/es\/un-libro-recopila-todos-los-aspectos-de-la-devocion-a-la-mare-de-deu\/","title":{"rendered":"Un libro recopila todos los aspectos de la devoci\u00f3n a la Mare de D\u00e9u"},"content":{"rendered":"<p style=\"text-align: justify;\">El <strong>Monasterio de la Mare D\u00e9u del Miracle de Cocentaina<\/strong> acogi\u00f3 <strong>el pasado domingo 8 de diciembre<\/strong>, coincidiendo con el d\u00eda de la Inmaculada Concepci\u00f3n, la presentaci\u00f3n de un libro que <strong>recopila los diferentes aspectos <\/strong>que contribuyen a dar forma a la gran devoci\u00f3n que el municipio le profesa a su patrona.<\/p>\n<p style=\"text-align: justify;\">La publicaci\u00f3n surge con ocasi\u00f3n del <strong>V Centenario del milagro<\/strong> de la Mare de D\u00e9u y la misma nos permite ahondar <strong>en cuestiones art\u00edsticas, la m\u00fasica dedicada a la Virgen del Milagro o la evoluci\u00f3n de las fiestas patronales<\/strong> en el tiempo. Adem\u00e1s se hace referencia a <strong>la Capilla de San Antonio Abad<\/strong> del Palau Comtal, en la que se produjo el milagro de la Mareta el 19 de abril de 1.520, sin dejar de lado <strong>el Monasterio de las Clarisas<\/strong> o a <strong>la misma Comunidad de Religiosas<\/strong> que custodia a la patrona. Todo ello se completa con apartados que dejan constancia de <strong>la concesi\u00f3n\u00a0del A\u00f1o Santo Jubilar<\/strong> por parte de la Santa Sede, para celebrar el V Centenario del milagro, y de textos que plasman <strong>los frutos visibles de la devoci\u00f3n a la Mare de D\u00e9u del Miracle<\/strong> &#8220;<em>es un libro que se hac\u00eda muy necesario porque hasta ahora dispon\u00edamos de publicaciones dispersas relacionadas con la Virgen del Milagro y a partir de ahora encontraremos toda la informaci\u00f3n ordenada en un mismo volumen que ser\u00e1 muy \u00fatil para historiadores e investigadores<\/em>&#8220;; explica <strong>Joanjo Llorens<\/strong>; coordinador del trabajo y tambi\u00e9n de la Revista anual que se edita en cada primavera con ocasi\u00f3n de las fiestas marianas.<\/p>\n<p style=\"text-align: justify;\">En el libro <strong>han participado 16 autores<\/strong> como Don Eduardo Rengel, Don Juan Antonio Reig Pla, Fray J. Benjam\u00edn Agull\u00f3 Pascual, Pere Ferrer, Aureli Tormos, Amparo Mart\u00ed, Francisco Jes\u00fas Gim\u00e9nez, Inma Ribelles, El\u00edes S\u00e1nchez, Pablo Gonz\u00e1lez, Enrique L\u00f3pez Catal\u00e0, Jos\u00e9 Francisco Molina P\u00e9rez, \u00a0Joaqu\u00edn Navarro Reig, Pablo Le\u00f3n Vidal, Joanjo Llor\u00e9ns y Miguel Navarro Sorn\u00ed. Este \u00faltimo, Catedr\u00e1tico de Historia de la Iglesia, fue el encargado de <strong>presentar el libro<\/strong> en un acto en el que tambi\u00e9n intervinieron <strong>el edil de Cultura en el Ayuntamiento de Cocentain<\/strong>a (Iv\u00e1n Jover) y <strong>el Director Espiritual de la P\u00eda Uni\u00f3n<\/strong> as\u00ed como p\u00e1rroco de Santa Mar\u00eda (Don Eduardo Rengel).<\/p>\n<p style=\"text-align: justify;\">Indicar que el libro, seg\u00fan informa la P\u00eda Uni\u00f3n Virgen del Milagro,\u00a0<strong>est\u00e1 ya a la venta<\/strong> en quioscos y librer\u00edas de Cocentaina al precio de 25 euros.<\/p>\n","protected":false},"excerpt":{"rendered":"<p>El Monasterio de la Mare D\u00e9u del Miracle de Cocentaina acogi\u00f3 el pasado domingo 8 de diciembre, coincidiendo con el&#8230;<\/p>\n","protected":false},"author":1,"featured_media":147044,"comment_status":"open","ping_status":"open","sticky":false,"template":"","format":"standard","meta":{"footnotes":""},"categories":[98,75],"tags":[132,2891,3291,1984,864,1985],"class_list":["post-58013","post","type-post","status-publish","format-standard","has-post-thumbnail","hentry","category-comarcas","category-noticias","tag-cocentaina","tag-devocion","tag-libro","tag-mare-de-deu-del-miracle","tag-mareta","tag-v-centenario"],"yoast_head":"<!-- This site is optimized with the Yoast SEO plugin v27.3 - https:\/\/yoast.com\/product\/yoast-seo-wordpress\/ -->\n<title>Un libro recopila todos los aspectos de la devoci\u00f3n a la Mare de D\u00e9u - COPE Alcoy<\/title>\n<meta name=\"robots\" content=\"index, follow, max-snippet:-1, max-image-preview:large, max-video-preview:-1\" \/>\n<link rel=\"canonical\" href=\"https:\/\/www.copealcoy.es\/es\/un-libro-recopila-todos-los-aspectos-de-la-devocion-a-la-mare-de-deu\/\" \/>\n<meta property=\"og:locale\" content=\"es_ES\" \/>\n<meta property=\"og:type\" content=\"article\" \/>\n<meta property=\"og:title\" content=\"Un libro recopila todos los aspectos de la devoci\u00f3n a la Mare de D\u00e9u - COPE Alcoy\" \/>\n<meta property=\"og:description\" content=\"El Monasterio de la Mare D\u00e9u del Miracle de Cocentaina acogi\u00f3 el pasado domingo 8 de diciembre, coincidiendo con el...\" \/>\n<meta property=\"og:url\" content=\"https:\/\/www.copealcoy.es\/es\/un-libro-recopila-todos-los-aspectos-de-la-devocion-a-la-mare-de-deu\/\" \/>\n<meta property=\"og:site_name\" content=\"COPE Alcoy\" \/>\n<meta property=\"article:published_time\" content=\"2019-12-12T19:01:40+00:00\" \/>\n<meta property=\"article:modified_time\" content=\"2025-02-01T19:16:54+00:00\" \/>\n<meta property=\"og:image\" content=\"https:\/\/www.copealcoy.es\/wp-content\/uploads\/2019\/12\/0-1-1.jpg\" \/>\n\t<meta property=\"og:image:width\" content=\"959\" \/>\n\t<meta property=\"og:image:height\" content=\"640\" \/>\n\t<meta property=\"og:image:type\" content=\"image\/jpeg\" \/>\n<meta name=\"author\" content=\"Cope Alcoy\" \/>\n<meta name=\"twitter:label1\" content=\"Escrito por\" \/>\n\t<meta name=\"twitter:data1\" content=\"Cope Alcoy\" \/>\n\t<meta name=\"twitter:label2\" content=\"Tiempo de lectura\" \/>\n\t<meta name=\"twitter:data2\" content=\"3 minutos\" \/>\n<script type=\"application\/ld+json\" class=\"yoast-schema-graph\">{\"@context\":\"https:\\\/\\\/schema.org\",\"@graph\":[{\"@type\":\"Article\",\"@id\":\"https:\\\/\\\/www.copealcoy.es\\\/es\\\/un-libro-recopila-todos-los-aspectos-de-la-devocion-a-la-mare-de-deu\\\/#article\",\"isPartOf\":{\"@id\":\"https:\\\/\\\/www.copealcoy.es\\\/es\\\/un-libro-recopila-todos-los-aspectos-de-la-devocion-a-la-mare-de-deu\\\/\"},\"author\":{\"name\":\"Cope Alcoy\",\"@id\":\"https:\\\/\\\/www.copealcoy.es\\\/es\\\/#\\\/schema\\\/person\\\/e777c87fa024e57d40170af9df39882c\"},\"headline\":\"Un libro recopila todos los aspectos de la devoci\u00f3n a la Mare de D\u00e9u\",\"datePublished\":\"2019-12-12T19:01:40+00:00\",\"dateModified\":\"2025-02-01T19:16:54+00:00\",\"mainEntityOfPage\":{\"@id\":\"https:\\\/\\\/www.copealcoy.es\\\/es\\\/un-libro-recopila-todos-los-aspectos-de-la-devocion-a-la-mare-de-deu\\\/\"},\"wordCount\":447,\"commentCount\":0,\"image\":{\"@id\":\"https:\\\/\\\/www.copealcoy.es\\\/es\\\/un-libro-recopila-todos-los-aspectos-de-la-devocion-a-la-mare-de-deu\\\/#primaryimage\"},\"thumbnailUrl\":\"https:\\\/\\\/www.copealcoy.es\\\/wp-content\\\/uploads\\\/2019\\\/12\\\/0-1-1.jpg\",\"keywords\":[\"Cocentaina\",\"devoci\u00f3n\",\"libro\",\"Mare de D\u00e9u del Miracle\",\"Mareta\",\"V Centenario\"],\"articleSection\":[\"Comarcas\",\"Noticias\"],\"inLanguage\":\"es\"},{\"@type\":\"WebPage\",\"@id\":\"https:\\\/\\\/www.copealcoy.es\\\/es\\\/un-libro-recopila-todos-los-aspectos-de-la-devocion-a-la-mare-de-deu\\\/\",\"url\":\"https:\\\/\\\/www.copealcoy.es\\\/es\\\/un-libro-recopila-todos-los-aspectos-de-la-devocion-a-la-mare-de-deu\\\/\",\"name\":\"Un libro recopila todos los aspectos de la devoci\u00f3n a la Mare de D\u00e9u - COPE Alcoy\",\"isPartOf\":{\"@id\":\"https:\\\/\\\/www.copealcoy.es\\\/es\\\/#website\"},\"primaryImageOfPage\":{\"@id\":\"https:\\\/\\\/www.copealcoy.es\\\/es\\\/un-libro-recopila-todos-los-aspectos-de-la-devocion-a-la-mare-de-deu\\\/#primaryimage\"},\"image\":{\"@id\":\"https:\\\/\\\/www.copealcoy.es\\\/es\\\/un-libro-recopila-todos-los-aspectos-de-la-devocion-a-la-mare-de-deu\\\/#primaryimage\"},\"thumbnailUrl\":\"https:\\\/\\\/www.copealcoy.es\\\/wp-content\\\/uploads\\\/2019\\\/12\\\/0-1-1.jpg\",\"datePublished\":\"2019-12-12T19:01:40+00:00\",\"dateModified\":\"2025-02-01T19:16:54+00:00\",\"author\":{\"@id\":\"https:\\\/\\\/www.copealcoy.es\\\/es\\\/#\\\/schema\\\/person\\\/e777c87fa024e57d40170af9df39882c\"},\"breadcrumb\":{\"@id\":\"https:\\\/\\\/www.copealcoy.es\\\/es\\\/un-libro-recopila-todos-los-aspectos-de-la-devocion-a-la-mare-de-deu\\\/#breadcrumb\"},\"inLanguage\":\"es\",\"potentialAction\":[{\"@type\":\"ReadAction\",\"target\":[\"https:\\\/\\\/www.copealcoy.es\\\/es\\\/un-libro-recopila-todos-los-aspectos-de-la-devocion-a-la-mare-de-deu\\\/\"]}]},{\"@type\":\"ImageObject\",\"inLanguage\":\"es\",\"@id\":\"https:\\\/\\\/www.copealcoy.es\\\/es\\\/un-libro-recopila-todos-los-aspectos-de-la-devocion-a-la-mare-de-deu\\\/#primaryimage\",\"url\":\"https:\\\/\\\/www.copealcoy.es\\\/wp-content\\\/uploads\\\/2019\\\/12\\\/0-1-1.jpg\",\"contentUrl\":\"https:\\\/\\\/www.copealcoy.es\\\/wp-content\\\/uploads\\\/2019\\\/12\\\/0-1-1.jpg\",\"width\":959,\"height\":640},{\"@type\":\"BreadcrumbList\",\"@id\":\"https:\\\/\\\/www.copealcoy.es\\\/es\\\/un-libro-recopila-todos-los-aspectos-de-la-devocion-a-la-mare-de-deu\\\/#breadcrumb\",\"itemListElement\":[{\"@type\":\"ListItem\",\"position\":1,\"name\":\"Portada\",\"item\":\"https:\\\/\\\/www.copealcoy.es\\\/es\\\/\"},{\"@type\":\"ListItem\",\"position\":2,\"name\":\"Un libro recopila todos los aspectos de la devoci\u00f3n a la Mare de D\u00e9u\"}]},{\"@type\":\"WebSite\",\"@id\":\"https:\\\/\\\/www.copealcoy.es\\\/es\\\/#website\",\"url\":\"https:\\\/\\\/www.copealcoy.es\\\/es\\\/\",\"name\":\"COPE Alcoy\",\"description\":\"Emisora COPE de radio local con emisi\u00f3n online. Pont de Sant Jordi 8-10 03803 Alcoy\",\"potentialAction\":[{\"@type\":\"SearchAction\",\"target\":{\"@type\":\"EntryPoint\",\"urlTemplate\":\"https:\\\/\\\/www.copealcoy.es\\\/es\\\/?s={search_term_string}\"},\"query-input\":{\"@type\":\"PropertyValueSpecification\",\"valueRequired\":true,\"valueName\":\"search_term_string\"}}],\"inLanguage\":\"es\"},{\"@type\":\"Person\",\"@id\":\"https:\\\/\\\/www.copealcoy.es\\\/es\\\/#\\\/schema\\\/person\\\/e777c87fa024e57d40170af9df39882c\",\"name\":\"Cope Alcoy\",\"image\":{\"@type\":\"ImageObject\",\"inLanguage\":\"es\",\"@id\":\"https:\\\/\\\/secure.gravatar.com\\\/avatar\\\/bb65d0283347e303893ba14f0692005417c1e0e690a325a4c5d8bb2b3943ee14?s=96&d=mm&r=g\",\"url\":\"https:\\\/\\\/secure.gravatar.com\\\/avatar\\\/bb65d0283347e303893ba14f0692005417c1e0e690a325a4c5d8bb2b3943ee14?s=96&d=mm&r=g\",\"contentUrl\":\"https:\\\/\\\/secure.gravatar.com\\\/avatar\\\/bb65d0283347e303893ba14f0692005417c1e0e690a325a4c5d8bb2b3943ee14?s=96&d=mm&r=g\",\"caption\":\"Cope Alcoy\"}}]}<\/script>\n<!-- \/ Yoast SEO plugin. -->","yoast_head_json":{"title":"Un libro recopila todos los aspectos de la devoci\u00f3n a la Mare de D\u00e9u - COPE Alcoy","robots":{"index":"index","follow":"follow","max-snippet":"max-snippet:-1","max-image-preview":"max-image-preview:large","max-video-preview":"max-video-preview:-1"},"canonical":"https:\/\/www.copealcoy.es\/es\/un-libro-recopila-todos-los-aspectos-de-la-devocion-a-la-mare-de-deu\/","og_locale":"es_ES","og_type":"article","og_title":"Un libro recopila todos los aspectos de la devoci\u00f3n a la Mare de D\u00e9u - COPE Alcoy","og_description":"El Monasterio de la Mare D\u00e9u del Miracle de Cocentaina acogi\u00f3 el pasado domingo 8 de diciembre, coincidiendo con el...","og_url":"https:\/\/www.copealcoy.es\/es\/un-libro-recopila-todos-los-aspectos-de-la-devocion-a-la-mare-de-deu\/","og_site_name":"COPE Alcoy","article_published_time":"2019-12-12T19:01:40+00:00","article_modified_time":"2025-02-01T19:16:54+00:00","og_image":[{"width":959,"height":640,"url":"https:\/\/www.copealcoy.es\/wp-content\/uploads\/2019\/12\/0-1-1.jpg","type":"image\/jpeg"}],"author":"Cope Alcoy","twitter_misc":{"Escrito por":"Cope Alcoy","Tiempo de lectura":"3 minutos"},"schema":{"@context":"https:\/\/schema.org","@graph":[{"@type":"Article","@id":"https:\/\/www.copealcoy.es\/es\/un-libro-recopila-todos-los-aspectos-de-la-devocion-a-la-mare-de-deu\/#article","isPartOf":{"@id":"https:\/\/www.copealcoy.es\/es\/un-libro-recopila-todos-los-aspectos-de-la-devocion-a-la-mare-de-deu\/"},"author":{"name":"Cope Alcoy","@id":"https:\/\/www.copealcoy.es\/es\/#\/schema\/person\/e777c87fa024e57d40170af9df39882c"},"headline":"Un libro recopila todos los aspectos de la devoci\u00f3n a la Mare de D\u00e9u","datePublished":"2019-12-12T19:01:40+00:00","dateModified":"2025-02-01T19:16:54+00:00","mainEntityOfPage":{"@id":"https:\/\/www.copealcoy.es\/es\/un-libro-recopila-todos-los-aspectos-de-la-devocion-a-la-mare-de-deu\/"},"wordCount":447,"commentCount":0,"image":{"@id":"https:\/\/www.copealcoy.es\/es\/un-libro-recopila-todos-los-aspectos-de-la-devocion-a-la-mare-de-deu\/#primaryimage"},"thumbnailUrl":"https:\/\/www.copealcoy.es\/wp-content\/uploads\/2019\/12\/0-1-1.jpg","keywords":["Cocentaina","devoci\u00f3n","libro","Mare de D\u00e9u del Miracle","Mareta","V Centenario"],"articleSection":["Comarcas","Noticias"],"inLanguage":"es"},{"@type":"WebPage","@id":"https:\/\/www.copealcoy.es\/es\/un-libro-recopila-todos-los-aspectos-de-la-devocion-a-la-mare-de-deu\/","url":"https:\/\/www.copealcoy.es\/es\/un-libro-recopila-todos-los-aspectos-de-la-devocion-a-la-mare-de-deu\/","name":"Un libro recopila todos los aspectos de la devoci\u00f3n a la Mare de D\u00e9u - COPE Alcoy","isPartOf":{"@id":"https:\/\/www.copealcoy.es\/es\/#website"},"primaryImageOfPage":{"@id":"https:\/\/www.copealcoy.es\/es\/un-libro-recopila-todos-los-aspectos-de-la-devocion-a-la-mare-de-deu\/#primaryimage"},"image":{"@id":"https:\/\/www.copealcoy.es\/es\/un-libro-recopila-todos-los-aspectos-de-la-devocion-a-la-mare-de-deu\/#primaryimage"},"thumbnailUrl":"https:\/\/www.copealcoy.es\/wp-content\/uploads\/2019\/12\/0-1-1.jpg","datePublished":"2019-12-12T19:01:40+00:00","dateModified":"2025-02-01T19:16:54+00:00","author":{"@id":"https:\/\/www.copealcoy.es\/es\/#\/schema\/person\/e777c87fa024e57d40170af9df39882c"},"breadcrumb":{"@id":"https:\/\/www.copealcoy.es\/es\/un-libro-recopila-todos-los-aspectos-de-la-devocion-a-la-mare-de-deu\/#breadcrumb"},"inLanguage":"es","potentialAction":[{"@type":"ReadAction","target":["https:\/\/www.copealcoy.es\/es\/un-libro-recopila-todos-los-aspectos-de-la-devocion-a-la-mare-de-deu\/"]}]},{"@type":"ImageObject","inLanguage":"es","@id":"https:\/\/www.copealcoy.es\/es\/un-libro-recopila-todos-los-aspectos-de-la-devocion-a-la-mare-de-deu\/#primaryimage","url":"https:\/\/www.copealcoy.es\/wp-content\/uploads\/2019\/12\/0-1-1.jpg","contentUrl":"https:\/\/www.copealcoy.es\/wp-content\/uploads\/2019\/12\/0-1-1.jpg","width":959,"height":640},{"@type":"BreadcrumbList","@id":"https:\/\/www.copealcoy.es\/es\/un-libro-recopila-todos-los-aspectos-de-la-devocion-a-la-mare-de-deu\/#breadcrumb","itemListElement":[{"@type":"ListItem","position":1,"name":"Portada","item":"https:\/\/www.copealcoy.es\/es\/"},{"@type":"ListItem","position":2,"name":"Un libro recopila todos los aspectos de la devoci\u00f3n a la Mare de D\u00e9u"}]},{"@type":"WebSite","@id":"https:\/\/www.copealcoy.es\/es\/#website","url":"https:\/\/www.copealcoy.es\/es\/","name":"COPE Alcoy","description":"Emisora COPE de radio local con emisi\u00f3n online. Pont de Sant Jordi 8-10 03803 Alcoy","potentialAction":[{"@type":"SearchAction","target":{"@type":"EntryPoint","urlTemplate":"https:\/\/www.copealcoy.es\/es\/?s={search_term_string}"},"query-input":{"@type":"PropertyValueSpecification","valueRequired":true,"valueName":"search_term_string"}}],"inLanguage":"es"},{"@type":"Person","@id":"https:\/\/www.copealcoy.es\/es\/#\/schema\/person\/e777c87fa024e57d40170af9df39882c","name":"Cope Alcoy","image":{"@type":"ImageObject","inLanguage":"es","@id":"https:\/\/secure.gravatar.com\/avatar\/bb65d0283347e303893ba14f0692005417c1e0e690a325a4c5d8bb2b3943ee14?s=96&d=mm&r=g","url":"https:\/\/secure.gravatar.com\/avatar\/bb65d0283347e303893ba14f0692005417c1e0e690a325a4c5d8bb2b3943ee14?s=96&d=mm&r=g","contentUrl":"https:\/\/secure.gravatar.com\/avatar\/bb65d0283347e303893ba14f0692005417c1e0e690a325a4c5d8bb2b3943ee14?s=96&d=mm&r=g","caption":"Cope Alcoy"}}]}},"_links":{"self":[{"href":"https:\/\/www.copealcoy.es\/es\/wp-json\/wp\/v2\/posts\/58013","targetHints":{"allow":["GET"]}}],"collection":[{"href":"https:\/\/www.copealcoy.es\/es\/wp-json\/wp\/v2\/posts"}],"about":[{"href":"https:\/\/www.copealcoy.es\/es\/wp-json\/wp\/v2\/types\/post"}],"author":[{"embeddable":true,"href":"https:\/\/www.copealcoy.es\/es\/wp-json\/wp\/v2\/users\/1"}],"replies":[{"embeddable":true,"href":"https:\/\/www.copealcoy.es\/es\/wp-json\/wp\/v2\/comments?post=58013"}],"version-history":[{"count":0,"href":"https:\/\/www.copealcoy.es\/es\/wp-json\/wp\/v2\/posts\/58013\/revisions"}],"wp:featuredmedia":[{"embeddable":true,"href":"https:\/\/www.copealcoy.es\/es\/wp-json\/wp\/v2\/media\/147044"}],"wp:attachment":[{"href":"https:\/\/www.copealcoy.es\/es\/wp-json\/wp\/v2\/media?parent=58013"}],"wp:term":[{"taxonomy":"category","embeddable":true,"href":"https:\/\/www.copealcoy.es\/es\/wp-json\/wp\/v2\/categories?post=58013"},{"taxonomy":"post_tag","embeddable":true,"href":"https:\/\/www.copealcoy.es\/es\/wp-json\/wp\/v2\/tags?post=58013"}],"curies":[{"name":"wp","href":"https:\/\/api.w.org\/{rel}","templated":true}]}}