{"id":57973,"date":"2019-12-12T17:40:52","date_gmt":"2019-12-12T17:40:52","guid":{"rendered":"https:\/\/copealcoi.es\/?p=57973"},"modified":"2019-12-12T17:40:52","modified_gmt":"2019-12-12T17:40:52","slug":"els-castanyers-volveran-a-animar-la-manana-de-nochebuena","status":"publish","type":"post","link":"https:\/\/www.copealcoy.es\/es\/els-castanyers-volveran-a-animar-la-manana-de-nochebuena\/","title":{"rendered":"Els &#8216;Castanyers&#8217; volver\u00e1n a animar la ma\u00f1ana de Nochebuena"},"content":{"rendered":"<p style=\"text-align: justify;\">El <strong>d\u00eda de Nochebuena<\/strong> en Alcoy <strong>volver\u00e1 a contar con numerosas actividades<\/strong> que animar\u00e1n<strong> las horas previas a las comidas y cenas familiares<\/strong> propias de esta jornada festiva.<\/p>\n<p style=\"text-align: justify;\">Uno de los actos m\u00e1s esperados <strong>es la visita de &#8216;Els Castanyers&#8217;<\/strong>, unos singulares personajes que <strong>volver\u00e1n a montar su puesto para asar casta\u00f1as<\/strong> en la Plaza de Espa\u00f1a y ante la fachada del Ayuntamiento. La iniciativa<strong> cumple en esta ocasi\u00f3n doce a\u00f1os<\/strong> y sus protagonistas, adem\u00e1s de pelar y asar casta\u00f1as, <strong>vender\u00e1n este producto t\u00edpico del invierno a todos los que pasen por La Bandeja<\/strong> para recaudar fondos que ir\u00e1n destinados a C\u00e1ritas Alcoy. La actividad arrancar\u00e1 a las nueve de la ma\u00f1ana y <strong>se alargar\u00e1 hasta pr\u00e1cticamente el mediod\u00eda<\/strong> &#8220;<em>es un d\u00eda muy especial para nosotros porque disfrutamos del ambiente navide\u00f1o que se vive este d\u00eda en las calles alcoyanas al mismo tiempo que contribuimos a un fin solidario para atender las necesidades de C\u00e1ritas Alcoy<\/em>&#8220;, afirmaba en COPE ALCOY Guillermo Ramos; encargado de desempe\u00f1ar el papel de Casta\u00f1era.<\/p>\n<p style=\"text-align: justify;\">Este \u00faltimo estuvo ayer en el espacio #LaNostraFesta de COPE ALCOY, <strong>que conduce Carlos Tal\u00e9ns<\/strong>, para informarnos de <strong>todas las novedades que presenta este a\u00f1o la visita de La Casta\u00f1era<\/strong>. Adem\u00e1s nos acompa\u00f1aron <strong>Manolo Mota, Albinio Andr\u00e9s y Jorge Albors<\/strong> como representante de &#8216;Regicarp Tecnics&#8217;; firma que <strong>da su respaldo<\/strong> a esta iniciativa solidaria y festiva.<\/p>\n<p>Aqu\u00ed <strong>puedes escuchar la entrevista<\/strong> con &#8216;Els Castanyers&#8217;:<\/p>\n<p><iframe loading=\"lazy\" title=\"La Ma\u00f1ana En Alcoy Mi\u00e9rcoles 11 De Diciembre 2019\" width=\"100%\" height=\"120\" src=\"https:\/\/www.mixcloud.com\/widget\/iframe\/?feed=https%3A%2F%2Fwww.mixcloud.com%2FCOPEAlcoy%2Fla-ma%25C3%25B1ana-en-alcoy-mi%25C3%25A9rcoles-11-de-diciembre-2019%2F&amp;hide_cover=1\" frameborder=\"0\"><\/iframe><\/p>\n","protected":false},"excerpt":{"rendered":"<p>El d\u00eda de Nochebuena en Alcoy volver\u00e1 a contar con numerosas actividades que animar\u00e1n las horas previas a las comidas&#8230;<\/p>\n","protected":false},"author":1,"featured_media":57974,"comment_status":"open","ping_status":"open","sticky":false,"template":"","format":"standard","meta":{"footnotes":""},"categories":[97,78,75],"tags":[9520,1494,3582,9521,5440],"class_list":["post-57973","post","type-post","status-publish","format-standard","has-post-thumbnail","hentry","category-alcoy","category-fiestaycultura","category-noticias","tag-els-castanyers","tag-alcoy","tag-caritas-alcoy","tag-dia-de-nochebuena","tag-manana"],"yoast_head":"<!-- This site is optimized with the Yoast SEO plugin v27.3 - https:\/\/yoast.com\/product\/yoast-seo-wordpress\/ -->\n<title>Els &#039;Castanyers&#039; volver\u00e1n a animar la ma\u00f1ana de Nochebuena - COPE Alcoy<\/title>\n<meta name=\"robots\" content=\"index, follow, max-snippet:-1, max-image-preview:large, max-video-preview:-1\" \/>\n<link rel=\"canonical\" href=\"https:\/\/www.copealcoy.es\/es\/els-castanyers-volveran-a-animar-la-manana-de-nochebuena\/\" \/>\n<meta property=\"og:locale\" content=\"es_ES\" \/>\n<meta property=\"og:type\" content=\"article\" \/>\n<meta property=\"og:title\" content=\"Els &#039;Castanyers&#039; volver\u00e1n a animar la ma\u00f1ana de Nochebuena - COPE Alcoy\" \/>\n<meta property=\"og:description\" content=\"El d\u00eda de Nochebuena en Alcoy volver\u00e1 a contar con numerosas actividades que animar\u00e1n las horas previas a las comidas...\" \/>\n<meta property=\"og:url\" content=\"https:\/\/www.copealcoy.es\/es\/els-castanyers-volveran-a-animar-la-manana-de-nochebuena\/\" \/>\n<meta property=\"og:site_name\" content=\"COPE Alcoy\" \/>\n<meta property=\"article:published_time\" content=\"2019-12-12T17:40:52+00:00\" \/>\n<meta name=\"author\" content=\"Cope Alcoy\" \/>\n<meta name=\"twitter:label1\" content=\"Escrito por\" \/>\n\t<meta name=\"twitter:data1\" content=\"Cope Alcoy\" \/>\n\t<meta name=\"twitter:label2\" content=\"Tiempo de lectura\" \/>\n\t<meta name=\"twitter:data2\" content=\"1 minuto\" \/>\n<script type=\"application\/ld+json\" class=\"yoast-schema-graph\">{\"@context\":\"https:\\\/\\\/schema.org\",\"@graph\":[{\"@type\":\"Article\",\"@id\":\"https:\\\/\\\/www.copealcoy.es\\\/es\\\/els-castanyers-volveran-a-animar-la-manana-de-nochebuena\\\/#article\",\"isPartOf\":{\"@id\":\"https:\\\/\\\/www.copealcoy.es\\\/es\\\/els-castanyers-volveran-a-animar-la-manana-de-nochebuena\\\/\"},\"author\":{\"name\":\"Cope Alcoy\",\"@id\":\"https:\\\/\\\/www.copealcoy.es\\\/es\\\/#\\\/schema\\\/person\\\/e777c87fa024e57d40170af9df39882c\"},\"headline\":\"Els &#8216;Castanyers&#8217; volver\u00e1n a animar la ma\u00f1ana de Nochebuena\",\"datePublished\":\"2019-12-12T17:40:52+00:00\",\"mainEntityOfPage\":{\"@id\":\"https:\\\/\\\/www.copealcoy.es\\\/es\\\/els-castanyers-volveran-a-animar-la-manana-de-nochebuena\\\/\"},\"wordCount\":282,\"commentCount\":0,\"image\":{\"@id\":\"https:\\\/\\\/www.copealcoy.es\\\/es\\\/els-castanyers-volveran-a-animar-la-manana-de-nochebuena\\\/#primaryimage\"},\"thumbnailUrl\":\"\",\"keywords\":[\"'Els Castanyers'\",\"Alcoy\",\"C\u00e1ritas Alcoy\",\"d\u00eda de Nochebuena\",\"ma\u00f1ana\"],\"articleSection\":[\"Alcoy\",\"Fiesta y Cultura\",\"Noticias\"],\"inLanguage\":\"es\"},{\"@type\":\"WebPage\",\"@id\":\"https:\\\/\\\/www.copealcoy.es\\\/es\\\/els-castanyers-volveran-a-animar-la-manana-de-nochebuena\\\/\",\"url\":\"https:\\\/\\\/www.copealcoy.es\\\/es\\\/els-castanyers-volveran-a-animar-la-manana-de-nochebuena\\\/\",\"name\":\"Els 'Castanyers' volver\u00e1n a animar la ma\u00f1ana de Nochebuena - COPE Alcoy\",\"isPartOf\":{\"@id\":\"https:\\\/\\\/www.copealcoy.es\\\/es\\\/#website\"},\"primaryImageOfPage\":{\"@id\":\"https:\\\/\\\/www.copealcoy.es\\\/es\\\/els-castanyers-volveran-a-animar-la-manana-de-nochebuena\\\/#primaryimage\"},\"image\":{\"@id\":\"https:\\\/\\\/www.copealcoy.es\\\/es\\\/els-castanyers-volveran-a-animar-la-manana-de-nochebuena\\\/#primaryimage\"},\"thumbnailUrl\":\"\",\"datePublished\":\"2019-12-12T17:40:52+00:00\",\"author\":{\"@id\":\"https:\\\/\\\/www.copealcoy.es\\\/es\\\/#\\\/schema\\\/person\\\/e777c87fa024e57d40170af9df39882c\"},\"breadcrumb\":{\"@id\":\"https:\\\/\\\/www.copealcoy.es\\\/es\\\/els-castanyers-volveran-a-animar-la-manana-de-nochebuena\\\/#breadcrumb\"},\"inLanguage\":\"es\",\"potentialAction\":[{\"@type\":\"ReadAction\",\"target\":[\"https:\\\/\\\/www.copealcoy.es\\\/es\\\/els-castanyers-volveran-a-animar-la-manana-de-nochebuena\\\/\"]}]},{\"@type\":\"ImageObject\",\"inLanguage\":\"es\",\"@id\":\"https:\\\/\\\/www.copealcoy.es\\\/es\\\/els-castanyers-volveran-a-animar-la-manana-de-nochebuena\\\/#primaryimage\",\"url\":\"\",\"contentUrl\":\"\"},{\"@type\":\"BreadcrumbList\",\"@id\":\"https:\\\/\\\/www.copealcoy.es\\\/es\\\/els-castanyers-volveran-a-animar-la-manana-de-nochebuena\\\/#breadcrumb\",\"itemListElement\":[{\"@type\":\"ListItem\",\"position\":1,\"name\":\"Portada\",\"item\":\"https:\\\/\\\/www.copealcoy.es\\\/es\\\/\"},{\"@type\":\"ListItem\",\"position\":2,\"name\":\"Els &#8216;Castanyers&#8217; volver\u00e1n a animar la ma\u00f1ana de Nochebuena\"}]},{\"@type\":\"WebSite\",\"@id\":\"https:\\\/\\\/www.copealcoy.es\\\/es\\\/#website\",\"url\":\"https:\\\/\\\/www.copealcoy.es\\\/es\\\/\",\"name\":\"COPE Alcoy\",\"description\":\"Emisora COPE de radio local con emisi\u00f3n online. Pont de Sant Jordi 8-10 03803 Alcoy\",\"potentialAction\":[{\"@type\":\"SearchAction\",\"target\":{\"@type\":\"EntryPoint\",\"urlTemplate\":\"https:\\\/\\\/www.copealcoy.es\\\/es\\\/?s={search_term_string}\"},\"query-input\":{\"@type\":\"PropertyValueSpecification\",\"valueRequired\":true,\"valueName\":\"search_term_string\"}}],\"inLanguage\":\"es\"},{\"@type\":\"Person\",\"@id\":\"https:\\\/\\\/www.copealcoy.es\\\/es\\\/#\\\/schema\\\/person\\\/e777c87fa024e57d40170af9df39882c\",\"name\":\"Cope Alcoy\",\"image\":{\"@type\":\"ImageObject\",\"inLanguage\":\"es\",\"@id\":\"https:\\\/\\\/secure.gravatar.com\\\/avatar\\\/bb65d0283347e303893ba14f0692005417c1e0e690a325a4c5d8bb2b3943ee14?s=96&d=mm&r=g\",\"url\":\"https:\\\/\\\/secure.gravatar.com\\\/avatar\\\/bb65d0283347e303893ba14f0692005417c1e0e690a325a4c5d8bb2b3943ee14?s=96&d=mm&r=g\",\"contentUrl\":\"https:\\\/\\\/secure.gravatar.com\\\/avatar\\\/bb65d0283347e303893ba14f0692005417c1e0e690a325a4c5d8bb2b3943ee14?s=96&d=mm&r=g\",\"caption\":\"Cope Alcoy\"}}]}<\/script>\n<!-- \/ Yoast SEO plugin. -->","yoast_head_json":{"title":"Els 'Castanyers' volver\u00e1n a animar la ma\u00f1ana de Nochebuena - COPE Alcoy","robots":{"index":"index","follow":"follow","max-snippet":"max-snippet:-1","max-image-preview":"max-image-preview:large","max-video-preview":"max-video-preview:-1"},"canonical":"https:\/\/www.copealcoy.es\/es\/els-castanyers-volveran-a-animar-la-manana-de-nochebuena\/","og_locale":"es_ES","og_type":"article","og_title":"Els 'Castanyers' volver\u00e1n a animar la ma\u00f1ana de Nochebuena - COPE Alcoy","og_description":"El d\u00eda de Nochebuena en Alcoy volver\u00e1 a contar con numerosas actividades que animar\u00e1n las horas previas a las comidas...","og_url":"https:\/\/www.copealcoy.es\/es\/els-castanyers-volveran-a-animar-la-manana-de-nochebuena\/","og_site_name":"COPE Alcoy","article_published_time":"2019-12-12T17:40:52+00:00","author":"Cope Alcoy","twitter_misc":{"Escrito por":"Cope Alcoy","Tiempo de lectura":"1 minuto"},"schema":{"@context":"https:\/\/schema.org","@graph":[{"@type":"Article","@id":"https:\/\/www.copealcoy.es\/es\/els-castanyers-volveran-a-animar-la-manana-de-nochebuena\/#article","isPartOf":{"@id":"https:\/\/www.copealcoy.es\/es\/els-castanyers-volveran-a-animar-la-manana-de-nochebuena\/"},"author":{"name":"Cope Alcoy","@id":"https:\/\/www.copealcoy.es\/es\/#\/schema\/person\/e777c87fa024e57d40170af9df39882c"},"headline":"Els &#8216;Castanyers&#8217; volver\u00e1n a animar la ma\u00f1ana de Nochebuena","datePublished":"2019-12-12T17:40:52+00:00","mainEntityOfPage":{"@id":"https:\/\/www.copealcoy.es\/es\/els-castanyers-volveran-a-animar-la-manana-de-nochebuena\/"},"wordCount":282,"commentCount":0,"image":{"@id":"https:\/\/www.copealcoy.es\/es\/els-castanyers-volveran-a-animar-la-manana-de-nochebuena\/#primaryimage"},"thumbnailUrl":"","keywords":["'Els Castanyers'","Alcoy","C\u00e1ritas Alcoy","d\u00eda de Nochebuena","ma\u00f1ana"],"articleSection":["Alcoy","Fiesta y Cultura","Noticias"],"inLanguage":"es"},{"@type":"WebPage","@id":"https:\/\/www.copealcoy.es\/es\/els-castanyers-volveran-a-animar-la-manana-de-nochebuena\/","url":"https:\/\/www.copealcoy.es\/es\/els-castanyers-volveran-a-animar-la-manana-de-nochebuena\/","name":"Els 'Castanyers' volver\u00e1n a animar la ma\u00f1ana de Nochebuena - COPE Alcoy","isPartOf":{"@id":"https:\/\/www.copealcoy.es\/es\/#website"},"primaryImageOfPage":{"@id":"https:\/\/www.copealcoy.es\/es\/els-castanyers-volveran-a-animar-la-manana-de-nochebuena\/#primaryimage"},"image":{"@id":"https:\/\/www.copealcoy.es\/es\/els-castanyers-volveran-a-animar-la-manana-de-nochebuena\/#primaryimage"},"thumbnailUrl":"","datePublished":"2019-12-12T17:40:52+00:00","author":{"@id":"https:\/\/www.copealcoy.es\/es\/#\/schema\/person\/e777c87fa024e57d40170af9df39882c"},"breadcrumb":{"@id":"https:\/\/www.copealcoy.es\/es\/els-castanyers-volveran-a-animar-la-manana-de-nochebuena\/#breadcrumb"},"inLanguage":"es","potentialAction":[{"@type":"ReadAction","target":["https:\/\/www.copealcoy.es\/es\/els-castanyers-volveran-a-animar-la-manana-de-nochebuena\/"]}]},{"@type":"ImageObject","inLanguage":"es","@id":"https:\/\/www.copealcoy.es\/es\/els-castanyers-volveran-a-animar-la-manana-de-nochebuena\/#primaryimage","url":"","contentUrl":""},{"@type":"BreadcrumbList","@id":"https:\/\/www.copealcoy.es\/es\/els-castanyers-volveran-a-animar-la-manana-de-nochebuena\/#breadcrumb","itemListElement":[{"@type":"ListItem","position":1,"name":"Portada","item":"https:\/\/www.copealcoy.es\/es\/"},{"@type":"ListItem","position":2,"name":"Els &#8216;Castanyers&#8217; volver\u00e1n a animar la ma\u00f1ana de Nochebuena"}]},{"@type":"WebSite","@id":"https:\/\/www.copealcoy.es\/es\/#website","url":"https:\/\/www.copealcoy.es\/es\/","name":"COPE Alcoy","description":"Emisora COPE de radio local con emisi\u00f3n online. Pont de Sant Jordi 8-10 03803 Alcoy","potentialAction":[{"@type":"SearchAction","target":{"@type":"EntryPoint","urlTemplate":"https:\/\/www.copealcoy.es\/es\/?s={search_term_string}"},"query-input":{"@type":"PropertyValueSpecification","valueRequired":true,"valueName":"search_term_string"}}],"inLanguage":"es"},{"@type":"Person","@id":"https:\/\/www.copealcoy.es\/es\/#\/schema\/person\/e777c87fa024e57d40170af9df39882c","name":"Cope Alcoy","image":{"@type":"ImageObject","inLanguage":"es","@id":"https:\/\/secure.gravatar.com\/avatar\/bb65d0283347e303893ba14f0692005417c1e0e690a325a4c5d8bb2b3943ee14?s=96&d=mm&r=g","url":"https:\/\/secure.gravatar.com\/avatar\/bb65d0283347e303893ba14f0692005417c1e0e690a325a4c5d8bb2b3943ee14?s=96&d=mm&r=g","contentUrl":"https:\/\/secure.gravatar.com\/avatar\/bb65d0283347e303893ba14f0692005417c1e0e690a325a4c5d8bb2b3943ee14?s=96&d=mm&r=g","caption":"Cope Alcoy"}}]}},"_links":{"self":[{"href":"https:\/\/www.copealcoy.es\/es\/wp-json\/wp\/v2\/posts\/57973","targetHints":{"allow":["GET"]}}],"collection":[{"href":"https:\/\/www.copealcoy.es\/es\/wp-json\/wp\/v2\/posts"}],"about":[{"href":"https:\/\/www.copealcoy.es\/es\/wp-json\/wp\/v2\/types\/post"}],"author":[{"embeddable":true,"href":"https:\/\/www.copealcoy.es\/es\/wp-json\/wp\/v2\/users\/1"}],"replies":[{"embeddable":true,"href":"https:\/\/www.copealcoy.es\/es\/wp-json\/wp\/v2\/comments?post=57973"}],"version-history":[{"count":0,"href":"https:\/\/www.copealcoy.es\/es\/wp-json\/wp\/v2\/posts\/57973\/revisions"}],"wp:featuredmedia":[{"embeddable":true,"href":"https:\/\/www.copealcoy.es\/es\/wp-json\/"}],"wp:attachment":[{"href":"https:\/\/www.copealcoy.es\/es\/wp-json\/wp\/v2\/media?parent=57973"}],"wp:term":[{"taxonomy":"category","embeddable":true,"href":"https:\/\/www.copealcoy.es\/es\/wp-json\/wp\/v2\/categories?post=57973"},{"taxonomy":"post_tag","embeddable":true,"href":"https:\/\/www.copealcoy.es\/es\/wp-json\/wp\/v2\/tags?post=57973"}],"curies":[{"name":"wp","href":"https:\/\/api.w.org\/{rel}","templated":true}]}}