{"id":57850,"date":"2019-12-09T12:10:20","date_gmt":"2019-12-09T12:10:20","guid":{"rendered":"https:\/\/copealcoi.es\/?p=57850"},"modified":"2019-12-09T12:10:20","modified_gmt":"2019-12-09T12:10:20","slug":"diez-empresas-optan-a-la-redaccion-del-proyecto-urbanistico-de-rodes","status":"publish","type":"post","link":"https:\/\/www.copealcoy.es\/es\/diez-empresas-optan-a-la-redaccion-del-proyecto-urbanistico-de-rodes\/","title":{"rendered":"Diez empresas optan a la redacci\u00f3n del proyecto urban\u00edstico de Rodes"},"content":{"rendered":"<p style=\"text-align: justify;\">El concurso que <strong>licit\u00f3 el Ayuntamiento de Alcoy<\/strong> para <strong>redactar el proyecto y la direcci\u00f3n de obra<\/strong> del conjunto industrial de Rodes, cofinanciado por el Fondo Feder 2014-2020 de la Uni\u00f3n Europea y enmarcado\u00a0dentro de la EDUSI, <strong>ha cerrado el plazo de admisi\u00f3n de propuestas<\/strong>. Desde el Consistorio alcoyano explican que <strong>un total de 10 empresas optan al citado concurso<\/strong> para la adjudicaci\u00f3n del proyecto urban\u00edstico, unas iniciativas que <strong>ser\u00e1n valoradas por un jurado<\/strong> aplicando criterios objetivos y subjetivos. Recordar que<strong> la licitaci\u00f3n consta de un premio dotado con 12.100 euros para el ganador<\/strong>, que ser\u00e1 el que realizar\u00e1 finalmente el proyecto por valor de 550.550 euros, IVA incluido; y de un 1\u00ba acc\u00e9sit de 7.260 euros y un\u00a0 2\u00ba acc\u00e9sit de 7.260 y 4.840 euros.<\/p>\n<p style=\"text-align: justify;\">La concejala de urbanismo, <strong>Lorena Zamorano<\/strong>, valora la importancia y e<strong>l inter\u00e9s que despierta este proyecto<\/strong> en a ciudad. Adem\u00e1s recuerda que la\u00a0rehabilitaci\u00f3n de la manzana de Rodes <strong>es un proyecto emblem\u00e1tico<\/strong> &#8220;<em>que tiene que estar a la altura de lo que nos merecemos los alcoyanos, por eso elegimos este sistema de adjudicaci\u00f3n, buscamos un proyecto referente para Alcoy y la buena respuesta por parte de los diferentes equipos redactores que se han presentado, 10 en total, demuestra el alto inter\u00e9s que despierta Rodes. Una isla de m\u00e1s de 12.000 m2, la rehabilitaci\u00f3n de la cual, nos permitir\u00e1 recuperar nuestro importante patrimonio industrial, ser referentes del turismo de interior y, a la vez, impulsar la dinamizaci\u00f3n econ\u00f3mica de la ciudad siendo sede del Distrito Digital. Sin duda, unos retos muy importantes que merecen un proyecto a la altura<\/em>&#8220;, concluye.<\/p>\n<p style=\"text-align: justify;\">Recordar que la redacci\u00f3n del proyecto parte con <strong>un importe de adjudicaci\u00f3n base de 550.550 euros<\/strong>, IVA incluido, y un <strong>plazo de ejecuci\u00f3n de 6 meses<\/strong> desde la firma del contrato.<\/p>\n","protected":false},"excerpt":{"rendered":"<p>El concurso que licit\u00f3 el Ayuntamiento de Alcoy para redactar el proyecto y la direcci\u00f3n de obra del conjunto industrial&#8230;<\/p>\n","protected":false},"author":1,"featured_media":56056,"comment_status":"open","ping_status":"open","sticky":false,"template":"","format":"standard","meta":{"footnotes":""},"categories":[97,75,125],"tags":[1494,9508,1796,525,2665,803],"class_list":["post-57850","post","type-post","status-publish","format-standard","has-post-thumbnail","hentry","category-alcoy","category-noticias","category-portada","tag-alcoy","tag-diez-empresas","tag-lorena-zamorano","tag-proyecto","tag-redaccion","tag-rodes"],"yoast_head":"<!-- This site is optimized with the Yoast SEO plugin v27.3 - https:\/\/yoast.com\/product\/yoast-seo-wordpress\/ -->\n<title>Diez empresas optan a la redacci\u00f3n del proyecto urban\u00edstico de Rodes - COPE Alcoy<\/title>\n<meta name=\"robots\" content=\"index, follow, max-snippet:-1, max-image-preview:large, max-video-preview:-1\" \/>\n<link rel=\"canonical\" href=\"https:\/\/www.copealcoy.es\/es\/diez-empresas-optan-a-la-redaccion-del-proyecto-urbanistico-de-rodes\/\" \/>\n<meta property=\"og:locale\" content=\"es_ES\" \/>\n<meta property=\"og:type\" content=\"article\" \/>\n<meta property=\"og:title\" content=\"Diez empresas optan a la redacci\u00f3n del proyecto urban\u00edstico de Rodes - COPE Alcoy\" \/>\n<meta property=\"og:description\" content=\"El concurso que licit\u00f3 el Ayuntamiento de Alcoy para redactar el proyecto y la direcci\u00f3n de obra del conjunto industrial...\" \/>\n<meta property=\"og:url\" content=\"https:\/\/www.copealcoy.es\/es\/diez-empresas-optan-a-la-redaccion-del-proyecto-urbanistico-de-rodes\/\" \/>\n<meta property=\"og:site_name\" content=\"COPE Alcoy\" \/>\n<meta property=\"article:published_time\" content=\"2019-12-09T12:10:20+00:00\" \/>\n<meta property=\"og:image\" content=\"https:\/\/www.copealcoy.es\/wp-content\/uploads\/2019\/10\/rodes_CDT-1-scaled.jpg\" \/>\n\t<meta property=\"og:image:width\" content=\"2560\" \/>\n\t<meta property=\"og:image:height\" content=\"1707\" \/>\n\t<meta property=\"og:image:type\" content=\"image\/jpeg\" \/>\n<meta name=\"author\" content=\"Cope Alcoy\" \/>\n<meta name=\"twitter:label1\" content=\"Escrito por\" \/>\n\t<meta name=\"twitter:data1\" content=\"Cope Alcoy\" \/>\n\t<meta name=\"twitter:label2\" content=\"Tiempo de lectura\" \/>\n\t<meta name=\"twitter:data2\" content=\"2 minutos\" \/>\n<script type=\"application\/ld+json\" class=\"yoast-schema-graph\">{\"@context\":\"https:\\\/\\\/schema.org\",\"@graph\":[{\"@type\":\"Article\",\"@id\":\"https:\\\/\\\/www.copealcoy.es\\\/es\\\/diez-empresas-optan-a-la-redaccion-del-proyecto-urbanistico-de-rodes\\\/#article\",\"isPartOf\":{\"@id\":\"https:\\\/\\\/www.copealcoy.es\\\/es\\\/diez-empresas-optan-a-la-redaccion-del-proyecto-urbanistico-de-rodes\\\/\"},\"author\":{\"name\":\"Cope Alcoy\",\"@id\":\"https:\\\/\\\/www.copealcoy.es\\\/es\\\/#\\\/schema\\\/person\\\/e777c87fa024e57d40170af9df39882c\"},\"headline\":\"Diez empresas optan a la redacci\u00f3n del proyecto urban\u00edstico de Rodes\",\"datePublished\":\"2019-12-09T12:10:20+00:00\",\"mainEntityOfPage\":{\"@id\":\"https:\\\/\\\/www.copealcoy.es\\\/es\\\/diez-empresas-optan-a-la-redaccion-del-proyecto-urbanistico-de-rodes\\\/\"},\"wordCount\":321,\"commentCount\":0,\"image\":{\"@id\":\"https:\\\/\\\/www.copealcoy.es\\\/es\\\/diez-empresas-optan-a-la-redaccion-del-proyecto-urbanistico-de-rodes\\\/#primaryimage\"},\"thumbnailUrl\":\"https:\\\/\\\/www.copealcoy.es\\\/wp-content\\\/uploads\\\/2019\\\/10\\\/rodes_CDT-1-scaled.jpg\",\"keywords\":[\"Alcoy\",\"diez empresas\",\"Lorena Zamorano\",\"Proyecto\",\"redacci\u00f3n\",\"Rodes\"],\"articleSection\":[\"Alcoy\",\"Noticias\",\"Portada\"],\"inLanguage\":\"es\"},{\"@type\":\"WebPage\",\"@id\":\"https:\\\/\\\/www.copealcoy.es\\\/es\\\/diez-empresas-optan-a-la-redaccion-del-proyecto-urbanistico-de-rodes\\\/\",\"url\":\"https:\\\/\\\/www.copealcoy.es\\\/es\\\/diez-empresas-optan-a-la-redaccion-del-proyecto-urbanistico-de-rodes\\\/\",\"name\":\"Diez empresas optan a la redacci\u00f3n del proyecto urban\u00edstico de Rodes - COPE Alcoy\",\"isPartOf\":{\"@id\":\"https:\\\/\\\/www.copealcoy.es\\\/es\\\/#website\"},\"primaryImageOfPage\":{\"@id\":\"https:\\\/\\\/www.copealcoy.es\\\/es\\\/diez-empresas-optan-a-la-redaccion-del-proyecto-urbanistico-de-rodes\\\/#primaryimage\"},\"image\":{\"@id\":\"https:\\\/\\\/www.copealcoy.es\\\/es\\\/diez-empresas-optan-a-la-redaccion-del-proyecto-urbanistico-de-rodes\\\/#primaryimage\"},\"thumbnailUrl\":\"https:\\\/\\\/www.copealcoy.es\\\/wp-content\\\/uploads\\\/2019\\\/10\\\/rodes_CDT-1-scaled.jpg\",\"datePublished\":\"2019-12-09T12:10:20+00:00\",\"author\":{\"@id\":\"https:\\\/\\\/www.copealcoy.es\\\/es\\\/#\\\/schema\\\/person\\\/e777c87fa024e57d40170af9df39882c\"},\"breadcrumb\":{\"@id\":\"https:\\\/\\\/www.copealcoy.es\\\/es\\\/diez-empresas-optan-a-la-redaccion-del-proyecto-urbanistico-de-rodes\\\/#breadcrumb\"},\"inLanguage\":\"es\",\"potentialAction\":[{\"@type\":\"ReadAction\",\"target\":[\"https:\\\/\\\/www.copealcoy.es\\\/es\\\/diez-empresas-optan-a-la-redaccion-del-proyecto-urbanistico-de-rodes\\\/\"]}]},{\"@type\":\"ImageObject\",\"inLanguage\":\"es\",\"@id\":\"https:\\\/\\\/www.copealcoy.es\\\/es\\\/diez-empresas-optan-a-la-redaccion-del-proyecto-urbanistico-de-rodes\\\/#primaryimage\",\"url\":\"https:\\\/\\\/www.copealcoy.es\\\/wp-content\\\/uploads\\\/2019\\\/10\\\/rodes_CDT-1-scaled.jpg\",\"contentUrl\":\"https:\\\/\\\/www.copealcoy.es\\\/wp-content\\\/uploads\\\/2019\\\/10\\\/rodes_CDT-1-scaled.jpg\",\"width\":2560,\"height\":1707},{\"@type\":\"BreadcrumbList\",\"@id\":\"https:\\\/\\\/www.copealcoy.es\\\/es\\\/diez-empresas-optan-a-la-redaccion-del-proyecto-urbanistico-de-rodes\\\/#breadcrumb\",\"itemListElement\":[{\"@type\":\"ListItem\",\"position\":1,\"name\":\"Portada\",\"item\":\"https:\\\/\\\/www.copealcoy.es\\\/es\\\/\"},{\"@type\":\"ListItem\",\"position\":2,\"name\":\"Diez empresas optan a la redacci\u00f3n del proyecto urban\u00edstico de Rodes\"}]},{\"@type\":\"WebSite\",\"@id\":\"https:\\\/\\\/www.copealcoy.es\\\/es\\\/#website\",\"url\":\"https:\\\/\\\/www.copealcoy.es\\\/es\\\/\",\"name\":\"COPE Alcoy\",\"description\":\"Emisora COPE de radio local con emisi\u00f3n online. Pont de Sant Jordi 8-10 03803 Alcoy\",\"potentialAction\":[{\"@type\":\"SearchAction\",\"target\":{\"@type\":\"EntryPoint\",\"urlTemplate\":\"https:\\\/\\\/www.copealcoy.es\\\/es\\\/?s={search_term_string}\"},\"query-input\":{\"@type\":\"PropertyValueSpecification\",\"valueRequired\":true,\"valueName\":\"search_term_string\"}}],\"inLanguage\":\"es\"},{\"@type\":\"Person\",\"@id\":\"https:\\\/\\\/www.copealcoy.es\\\/es\\\/#\\\/schema\\\/person\\\/e777c87fa024e57d40170af9df39882c\",\"name\":\"Cope Alcoy\",\"image\":{\"@type\":\"ImageObject\",\"inLanguage\":\"es\",\"@id\":\"https:\\\/\\\/secure.gravatar.com\\\/avatar\\\/bb65d0283347e303893ba14f0692005417c1e0e690a325a4c5d8bb2b3943ee14?s=96&d=mm&r=g\",\"url\":\"https:\\\/\\\/secure.gravatar.com\\\/avatar\\\/bb65d0283347e303893ba14f0692005417c1e0e690a325a4c5d8bb2b3943ee14?s=96&d=mm&r=g\",\"contentUrl\":\"https:\\\/\\\/secure.gravatar.com\\\/avatar\\\/bb65d0283347e303893ba14f0692005417c1e0e690a325a4c5d8bb2b3943ee14?s=96&d=mm&r=g\",\"caption\":\"Cope Alcoy\"}}]}<\/script>\n<!-- \/ Yoast SEO plugin. -->","yoast_head_json":{"title":"Diez empresas optan a la redacci\u00f3n del proyecto urban\u00edstico de Rodes - COPE Alcoy","robots":{"index":"index","follow":"follow","max-snippet":"max-snippet:-1","max-image-preview":"max-image-preview:large","max-video-preview":"max-video-preview:-1"},"canonical":"https:\/\/www.copealcoy.es\/es\/diez-empresas-optan-a-la-redaccion-del-proyecto-urbanistico-de-rodes\/","og_locale":"es_ES","og_type":"article","og_title":"Diez empresas optan a la redacci\u00f3n del proyecto urban\u00edstico de Rodes - COPE Alcoy","og_description":"El concurso que licit\u00f3 el Ayuntamiento de Alcoy para redactar el proyecto y la direcci\u00f3n de obra del conjunto industrial...","og_url":"https:\/\/www.copealcoy.es\/es\/diez-empresas-optan-a-la-redaccion-del-proyecto-urbanistico-de-rodes\/","og_site_name":"COPE Alcoy","article_published_time":"2019-12-09T12:10:20+00:00","og_image":[{"width":2560,"height":1707,"url":"https:\/\/www.copealcoy.es\/wp-content\/uploads\/2019\/10\/rodes_CDT-1-scaled.jpg","type":"image\/jpeg"}],"author":"Cope Alcoy","twitter_misc":{"Escrito por":"Cope Alcoy","Tiempo de lectura":"2 minutos"},"schema":{"@context":"https:\/\/schema.org","@graph":[{"@type":"Article","@id":"https:\/\/www.copealcoy.es\/es\/diez-empresas-optan-a-la-redaccion-del-proyecto-urbanistico-de-rodes\/#article","isPartOf":{"@id":"https:\/\/www.copealcoy.es\/es\/diez-empresas-optan-a-la-redaccion-del-proyecto-urbanistico-de-rodes\/"},"author":{"name":"Cope Alcoy","@id":"https:\/\/www.copealcoy.es\/es\/#\/schema\/person\/e777c87fa024e57d40170af9df39882c"},"headline":"Diez empresas optan a la redacci\u00f3n del proyecto urban\u00edstico de Rodes","datePublished":"2019-12-09T12:10:20+00:00","mainEntityOfPage":{"@id":"https:\/\/www.copealcoy.es\/es\/diez-empresas-optan-a-la-redaccion-del-proyecto-urbanistico-de-rodes\/"},"wordCount":321,"commentCount":0,"image":{"@id":"https:\/\/www.copealcoy.es\/es\/diez-empresas-optan-a-la-redaccion-del-proyecto-urbanistico-de-rodes\/#primaryimage"},"thumbnailUrl":"https:\/\/www.copealcoy.es\/wp-content\/uploads\/2019\/10\/rodes_CDT-1-scaled.jpg","keywords":["Alcoy","diez empresas","Lorena Zamorano","Proyecto","redacci\u00f3n","Rodes"],"articleSection":["Alcoy","Noticias","Portada"],"inLanguage":"es"},{"@type":"WebPage","@id":"https:\/\/www.copealcoy.es\/es\/diez-empresas-optan-a-la-redaccion-del-proyecto-urbanistico-de-rodes\/","url":"https:\/\/www.copealcoy.es\/es\/diez-empresas-optan-a-la-redaccion-del-proyecto-urbanistico-de-rodes\/","name":"Diez empresas optan a la redacci\u00f3n del proyecto urban\u00edstico de Rodes - COPE Alcoy","isPartOf":{"@id":"https:\/\/www.copealcoy.es\/es\/#website"},"primaryImageOfPage":{"@id":"https:\/\/www.copealcoy.es\/es\/diez-empresas-optan-a-la-redaccion-del-proyecto-urbanistico-de-rodes\/#primaryimage"},"image":{"@id":"https:\/\/www.copealcoy.es\/es\/diez-empresas-optan-a-la-redaccion-del-proyecto-urbanistico-de-rodes\/#primaryimage"},"thumbnailUrl":"https:\/\/www.copealcoy.es\/wp-content\/uploads\/2019\/10\/rodes_CDT-1-scaled.jpg","datePublished":"2019-12-09T12:10:20+00:00","author":{"@id":"https:\/\/www.copealcoy.es\/es\/#\/schema\/person\/e777c87fa024e57d40170af9df39882c"},"breadcrumb":{"@id":"https:\/\/www.copealcoy.es\/es\/diez-empresas-optan-a-la-redaccion-del-proyecto-urbanistico-de-rodes\/#breadcrumb"},"inLanguage":"es","potentialAction":[{"@type":"ReadAction","target":["https:\/\/www.copealcoy.es\/es\/diez-empresas-optan-a-la-redaccion-del-proyecto-urbanistico-de-rodes\/"]}]},{"@type":"ImageObject","inLanguage":"es","@id":"https:\/\/www.copealcoy.es\/es\/diez-empresas-optan-a-la-redaccion-del-proyecto-urbanistico-de-rodes\/#primaryimage","url":"https:\/\/www.copealcoy.es\/wp-content\/uploads\/2019\/10\/rodes_CDT-1-scaled.jpg","contentUrl":"https:\/\/www.copealcoy.es\/wp-content\/uploads\/2019\/10\/rodes_CDT-1-scaled.jpg","width":2560,"height":1707},{"@type":"BreadcrumbList","@id":"https:\/\/www.copealcoy.es\/es\/diez-empresas-optan-a-la-redaccion-del-proyecto-urbanistico-de-rodes\/#breadcrumb","itemListElement":[{"@type":"ListItem","position":1,"name":"Portada","item":"https:\/\/www.copealcoy.es\/es\/"},{"@type":"ListItem","position":2,"name":"Diez empresas optan a la redacci\u00f3n del proyecto urban\u00edstico de Rodes"}]},{"@type":"WebSite","@id":"https:\/\/www.copealcoy.es\/es\/#website","url":"https:\/\/www.copealcoy.es\/es\/","name":"COPE Alcoy","description":"Emisora COPE de radio local con emisi\u00f3n online. Pont de Sant Jordi 8-10 03803 Alcoy","potentialAction":[{"@type":"SearchAction","target":{"@type":"EntryPoint","urlTemplate":"https:\/\/www.copealcoy.es\/es\/?s={search_term_string}"},"query-input":{"@type":"PropertyValueSpecification","valueRequired":true,"valueName":"search_term_string"}}],"inLanguage":"es"},{"@type":"Person","@id":"https:\/\/www.copealcoy.es\/es\/#\/schema\/person\/e777c87fa024e57d40170af9df39882c","name":"Cope Alcoy","image":{"@type":"ImageObject","inLanguage":"es","@id":"https:\/\/secure.gravatar.com\/avatar\/bb65d0283347e303893ba14f0692005417c1e0e690a325a4c5d8bb2b3943ee14?s=96&d=mm&r=g","url":"https:\/\/secure.gravatar.com\/avatar\/bb65d0283347e303893ba14f0692005417c1e0e690a325a4c5d8bb2b3943ee14?s=96&d=mm&r=g","contentUrl":"https:\/\/secure.gravatar.com\/avatar\/bb65d0283347e303893ba14f0692005417c1e0e690a325a4c5d8bb2b3943ee14?s=96&d=mm&r=g","caption":"Cope Alcoy"}}]}},"_links":{"self":[{"href":"https:\/\/www.copealcoy.es\/es\/wp-json\/wp\/v2\/posts\/57850","targetHints":{"allow":["GET"]}}],"collection":[{"href":"https:\/\/www.copealcoy.es\/es\/wp-json\/wp\/v2\/posts"}],"about":[{"href":"https:\/\/www.copealcoy.es\/es\/wp-json\/wp\/v2\/types\/post"}],"author":[{"embeddable":true,"href":"https:\/\/www.copealcoy.es\/es\/wp-json\/wp\/v2\/users\/1"}],"replies":[{"embeddable":true,"href":"https:\/\/www.copealcoy.es\/es\/wp-json\/wp\/v2\/comments?post=57850"}],"version-history":[{"count":0,"href":"https:\/\/www.copealcoy.es\/es\/wp-json\/wp\/v2\/posts\/57850\/revisions"}],"wp:featuredmedia":[{"embeddable":true,"href":"https:\/\/www.copealcoy.es\/es\/wp-json\/wp\/v2\/media\/56056"}],"wp:attachment":[{"href":"https:\/\/www.copealcoy.es\/es\/wp-json\/wp\/v2\/media?parent=57850"}],"wp:term":[{"taxonomy":"category","embeddable":true,"href":"https:\/\/www.copealcoy.es\/es\/wp-json\/wp\/v2\/categories?post=57850"},{"taxonomy":"post_tag","embeddable":true,"href":"https:\/\/www.copealcoy.es\/es\/wp-json\/wp\/v2\/tags?post=57850"}],"curies":[{"name":"wp","href":"https:\/\/api.w.org\/{rel}","templated":true}]}}