{"id":57821,"date":"2019-12-06T10:59:34","date_gmt":"2019-12-06T10:59:34","guid":{"rendered":"https:\/\/copealcoi.es\/?p=57821"},"modified":"2019-12-06T10:59:34","modified_gmt":"2019-12-06T10:59:34","slug":"cocentaina-programa-numerosas-actividades-dentro-del-nadal-contesta","status":"publish","type":"post","link":"https:\/\/www.copealcoy.es\/es\/cocentaina-programa-numerosas-actividades-dentro-del-nadal-contesta\/","title":{"rendered":"Cocentaina programa numerosas actividades dentro del &#8216;Nadal Contest\u00e0&#8217;"},"content":{"rendered":"<p style=\"text-align: justify;\">El <strong>Ayuntamiento de Cocentaina<\/strong> ha organizado por segundo a\u00f1o consecutivo <strong>un amplio abanico de propuestas<\/strong> dirigidas a toda la familia y <strong>englobadas bajo la marca del &#8216;Nadal Contest\u00e0&#8217;<\/strong>. La iniciativa arranca este mismo s\u00e1bado a partir de las cinco y media de la tarde con <strong>el encendido de la iluminaci\u00f3n especial de Navidad<\/strong> y este acto ir\u00e1 acompa\u00f1ado de <strong>la m\u00fasica tradicional que interpretar\u00e1 la Colla Mal Passet<\/strong> al mismo tiempo que habr\u00e1 <strong>una chocolatada<\/strong> en El Pla a la que se unir\u00e1n <strong>juegos<\/strong> para los m\u00e1s peque\u00f1os. Recordar que <strong>el alumbrado extraordinario<\/strong> se reparte por el Passeig del Comtat, El Pla, las calles Mayor y Mare de D\u00e9u del Miracle as\u00ed como las pedan\u00edas de la Villa Condal. Adem\u00e1s <strong>se ha instalado el nacimiento de mimbre ante el Palau Comtal<\/strong> y se han colocado diferentes adornos en las pedan\u00edas del municipio.<\/p>\n<p style=\"text-align: justify;\">El <strong>d\u00eda de La Corriola<\/strong>, como cada 8 de diciembre, marcar\u00e1 desde el Paraje de Santa B\u00e1rbara el comienzo de la programaci\u00f3n del &#8216;Nadal Contest\u00e0&#8217; en la que no faltan las <strong>exposiciones culturales<\/strong>, los <strong>conciertos de Navidad<\/strong> a cargo de las entidades musicales y corales de la Villa Condal, <strong>actos con motivo del V Centenario del milagro de la Mare de D\u00e9u<\/strong> o <strong>un concurso de fotograf\u00eda<\/strong> con interesantes premios. Asimismo habr\u00e1 <strong>talleres para los ni\u00f1os<\/strong>, <strong>teatro<\/strong>, <strong>juegos juveniles<\/strong> y el <strong>sorteo de cheques regalos<\/strong> entre todos aquellos que hagan sus compras de Navidad en el comercio local. Todo ello se completa con <strong>la puesta en marcha de &#8216;El Raconet del Nadal&#8217;<\/strong>, un espacio que vuelve a ubicarse en la parte baja del Passeig del Comtat &#8220;<em>aqu\u00ed se ha instalado un gran \u00e1rbol como ya se hizo el a\u00f1o pasado y hay un escenario donde se realizar\u00e1n conciertos, actuaciones de Villancicos, demostraciones musicales y muchas actividades para que los m\u00e1s peque\u00f1os de la casa puedan pasar un rato divertido mientras los padres realizan las compras propias de estos d\u00edas<\/em>&#8220;, asegura la concejala de Tradiciones; <strong>Paqui Ruiz<\/strong>.<\/p>\n<p style=\"text-align: justify;\">La programaci\u00f3n del &#8216;Nadal Contest\u00e0&#8217; contempla <strong>el aguinaldo<\/strong>\u00a0de la tarde de Nochebuena, <strong>la visita de &#8216;L&#8217;Home de les Orelles&#8217;<\/strong> en la ma\u00f1ana del 31 de diciembre y <strong>la llegada de los Reyes Magos en la Cabalgata<\/strong> del cinco de enero, un desfile que arrancar\u00e1 a las siete de la tarde y que organizar\u00e1 en 2020 <strong>C\u00e1ritas de la Parroquia del Salvador<\/strong>. Antes de ello en la tarde del 1 de enero <strong>llegar\u00e1 El Paje<\/strong> para recoger las cartas mientras que a las tres de la tarde del mismo 5 de enero se cumplir\u00e1 con <strong>la tradici\u00f3n de &#8216;La Bandeja&#8217;<\/strong> en el momento justo en el que El Emisario acuda a la Parroquia de Santa Mar\u00eda y los Monarcas visiten la mencionada iglesia del Salvador.<\/p>\n","protected":false},"excerpt":{"rendered":"<p>El Ayuntamiento de Cocentaina ha organizado por segundo a\u00f1o consecutivo un amplio abanico de propuestas dirigidas a toda la familia&#8230;<\/p>\n","protected":false},"author":1,"featured_media":48448,"comment_status":"open","ping_status":"open","sticky":false,"template":"","format":"standard","meta":{"footnotes":""},"categories":[98,75],"tags":[8222,442,132,467,7199],"class_list":["post-57821","post","type-post","status-publish","format-standard","has-post-thumbnail","hentry","category-comarcas","category-noticias","tag-nadal-contesta","tag-actividades","tag-cocentaina","tag-comercio","tag-paqui-ruiz"],"yoast_head":"<!-- This site is optimized with the Yoast SEO plugin v27.3 - https:\/\/yoast.com\/product\/yoast-seo-wordpress\/ -->\n<title>Cocentaina programa numerosas actividades dentro del &#039;Nadal Contest\u00e0&#039; - COPE Alcoy<\/title>\n<meta name=\"robots\" content=\"index, follow, max-snippet:-1, max-image-preview:large, max-video-preview:-1\" \/>\n<link rel=\"canonical\" href=\"https:\/\/www.copealcoy.es\/es\/cocentaina-programa-numerosas-actividades-dentro-del-nadal-contesta\/\" \/>\n<meta property=\"og:locale\" content=\"es_ES\" \/>\n<meta property=\"og:type\" content=\"article\" \/>\n<meta property=\"og:title\" content=\"Cocentaina programa numerosas actividades dentro del &#039;Nadal Contest\u00e0&#039; - COPE Alcoy\" \/>\n<meta property=\"og:description\" content=\"El Ayuntamiento de Cocentaina ha organizado por segundo a\u00f1o consecutivo un amplio abanico de propuestas dirigidas a toda la familia...\" \/>\n<meta property=\"og:url\" content=\"https:\/\/www.copealcoy.es\/es\/cocentaina-programa-numerosas-actividades-dentro-del-nadal-contesta\/\" \/>\n<meta property=\"og:site_name\" content=\"COPE Alcoy\" \/>\n<meta property=\"article:published_time\" content=\"2019-12-06T10:59:34+00:00\" \/>\n<meta property=\"og:image\" content=\"https:\/\/www.copealcoy.es\/wp-content\/uploads\/2019\/01\/6-El-Raconet-del-Nadal-acogi\u00f3-numerosas-actuaciones-e1547922985390-1.jpg\" \/>\n\t<meta property=\"og:image:width\" content=\"924\" \/>\n\t<meta property=\"og:image:height\" content=\"523\" \/>\n\t<meta property=\"og:image:type\" content=\"image\/jpeg\" \/>\n<meta name=\"author\" content=\"Cope Alcoy\" \/>\n<meta name=\"twitter:label1\" content=\"Escrito por\" \/>\n\t<meta name=\"twitter:data1\" content=\"Cope Alcoy\" \/>\n\t<meta name=\"twitter:label2\" content=\"Tiempo de lectura\" \/>\n\t<meta name=\"twitter:data2\" content=\"2 minutos\" \/>\n<script type=\"application\/ld+json\" class=\"yoast-schema-graph\">{\"@context\":\"https:\\\/\\\/schema.org\",\"@graph\":[{\"@type\":\"Article\",\"@id\":\"https:\\\/\\\/www.copealcoy.es\\\/es\\\/cocentaina-programa-numerosas-actividades-dentro-del-nadal-contesta\\\/#article\",\"isPartOf\":{\"@id\":\"https:\\\/\\\/www.copealcoy.es\\\/es\\\/cocentaina-programa-numerosas-actividades-dentro-del-nadal-contesta\\\/\"},\"author\":{\"name\":\"Cope Alcoy\",\"@id\":\"https:\\\/\\\/www.copealcoy.es\\\/es\\\/#\\\/schema\\\/person\\\/e777c87fa024e57d40170af9df39882c\"},\"headline\":\"Cocentaina programa numerosas actividades dentro del &#8216;Nadal Contest\u00e0&#8217;\",\"datePublished\":\"2019-12-06T10:59:34+00:00\",\"mainEntityOfPage\":{\"@id\":\"https:\\\/\\\/www.copealcoy.es\\\/es\\\/cocentaina-programa-numerosas-actividades-dentro-del-nadal-contesta\\\/\"},\"wordCount\":485,\"commentCount\":0,\"image\":{\"@id\":\"https:\\\/\\\/www.copealcoy.es\\\/es\\\/cocentaina-programa-numerosas-actividades-dentro-del-nadal-contesta\\\/#primaryimage\"},\"thumbnailUrl\":\"https:\\\/\\\/www.copealcoy.es\\\/wp-content\\\/uploads\\\/2019\\\/01\\\/6-El-Raconet-del-Nadal-acogi\u00f3-numerosas-actuaciones-e1547922985390-1.jpg\",\"keywords\":[\"'Nadal Contest\u00e0'\",\"Actividades\",\"Cocentaina\",\"Comercio\",\"Paqui Ruiz\"],\"articleSection\":[\"Comarcas\",\"Noticias\"],\"inLanguage\":\"es\"},{\"@type\":\"WebPage\",\"@id\":\"https:\\\/\\\/www.copealcoy.es\\\/es\\\/cocentaina-programa-numerosas-actividades-dentro-del-nadal-contesta\\\/\",\"url\":\"https:\\\/\\\/www.copealcoy.es\\\/es\\\/cocentaina-programa-numerosas-actividades-dentro-del-nadal-contesta\\\/\",\"name\":\"Cocentaina programa numerosas actividades dentro del 'Nadal Contest\u00e0' - COPE Alcoy\",\"isPartOf\":{\"@id\":\"https:\\\/\\\/www.copealcoy.es\\\/es\\\/#website\"},\"primaryImageOfPage\":{\"@id\":\"https:\\\/\\\/www.copealcoy.es\\\/es\\\/cocentaina-programa-numerosas-actividades-dentro-del-nadal-contesta\\\/#primaryimage\"},\"image\":{\"@id\":\"https:\\\/\\\/www.copealcoy.es\\\/es\\\/cocentaina-programa-numerosas-actividades-dentro-del-nadal-contesta\\\/#primaryimage\"},\"thumbnailUrl\":\"https:\\\/\\\/www.copealcoy.es\\\/wp-content\\\/uploads\\\/2019\\\/01\\\/6-El-Raconet-del-Nadal-acogi\u00f3-numerosas-actuaciones-e1547922985390-1.jpg\",\"datePublished\":\"2019-12-06T10:59:34+00:00\",\"author\":{\"@id\":\"https:\\\/\\\/www.copealcoy.es\\\/es\\\/#\\\/schema\\\/person\\\/e777c87fa024e57d40170af9df39882c\"},\"breadcrumb\":{\"@id\":\"https:\\\/\\\/www.copealcoy.es\\\/es\\\/cocentaina-programa-numerosas-actividades-dentro-del-nadal-contesta\\\/#breadcrumb\"},\"inLanguage\":\"es\",\"potentialAction\":[{\"@type\":\"ReadAction\",\"target\":[\"https:\\\/\\\/www.copealcoy.es\\\/es\\\/cocentaina-programa-numerosas-actividades-dentro-del-nadal-contesta\\\/\"]}]},{\"@type\":\"ImageObject\",\"inLanguage\":\"es\",\"@id\":\"https:\\\/\\\/www.copealcoy.es\\\/es\\\/cocentaina-programa-numerosas-actividades-dentro-del-nadal-contesta\\\/#primaryimage\",\"url\":\"https:\\\/\\\/www.copealcoy.es\\\/wp-content\\\/uploads\\\/2019\\\/01\\\/6-El-Raconet-del-Nadal-acogi\u00f3-numerosas-actuaciones-e1547922985390-1.jpg\",\"contentUrl\":\"https:\\\/\\\/www.copealcoy.es\\\/wp-content\\\/uploads\\\/2019\\\/01\\\/6-El-Raconet-del-Nadal-acogi\u00f3-numerosas-actuaciones-e1547922985390-1.jpg\",\"width\":924,\"height\":523,\"caption\":\"El Raconet del Nadal acogi\u00f3 numerosas actuaciones \\\/ Foto: G. Pascual\"},{\"@type\":\"BreadcrumbList\",\"@id\":\"https:\\\/\\\/www.copealcoy.es\\\/es\\\/cocentaina-programa-numerosas-actividades-dentro-del-nadal-contesta\\\/#breadcrumb\",\"itemListElement\":[{\"@type\":\"ListItem\",\"position\":1,\"name\":\"Portada\",\"item\":\"https:\\\/\\\/www.copealcoy.es\\\/es\\\/\"},{\"@type\":\"ListItem\",\"position\":2,\"name\":\"Cocentaina programa numerosas actividades dentro del &#8216;Nadal Contest\u00e0&#8217;\"}]},{\"@type\":\"WebSite\",\"@id\":\"https:\\\/\\\/www.copealcoy.es\\\/es\\\/#website\",\"url\":\"https:\\\/\\\/www.copealcoy.es\\\/es\\\/\",\"name\":\"COPE Alcoy\",\"description\":\"Emisora COPE de radio local con emisi\u00f3n online. Pont de Sant Jordi 8-10 03803 Alcoy\",\"potentialAction\":[{\"@type\":\"SearchAction\",\"target\":{\"@type\":\"EntryPoint\",\"urlTemplate\":\"https:\\\/\\\/www.copealcoy.es\\\/es\\\/?s={search_term_string}\"},\"query-input\":{\"@type\":\"PropertyValueSpecification\",\"valueRequired\":true,\"valueName\":\"search_term_string\"}}],\"inLanguage\":\"es\"},{\"@type\":\"Person\",\"@id\":\"https:\\\/\\\/www.copealcoy.es\\\/es\\\/#\\\/schema\\\/person\\\/e777c87fa024e57d40170af9df39882c\",\"name\":\"Cope Alcoy\",\"image\":{\"@type\":\"ImageObject\",\"inLanguage\":\"es\",\"@id\":\"https:\\\/\\\/secure.gravatar.com\\\/avatar\\\/bb65d0283347e303893ba14f0692005417c1e0e690a325a4c5d8bb2b3943ee14?s=96&d=mm&r=g\",\"url\":\"https:\\\/\\\/secure.gravatar.com\\\/avatar\\\/bb65d0283347e303893ba14f0692005417c1e0e690a325a4c5d8bb2b3943ee14?s=96&d=mm&r=g\",\"contentUrl\":\"https:\\\/\\\/secure.gravatar.com\\\/avatar\\\/bb65d0283347e303893ba14f0692005417c1e0e690a325a4c5d8bb2b3943ee14?s=96&d=mm&r=g\",\"caption\":\"Cope Alcoy\"}}]}<\/script>\n<!-- \/ Yoast SEO plugin. -->","yoast_head_json":{"title":"Cocentaina programa numerosas actividades dentro del 'Nadal Contest\u00e0' - COPE Alcoy","robots":{"index":"index","follow":"follow","max-snippet":"max-snippet:-1","max-image-preview":"max-image-preview:large","max-video-preview":"max-video-preview:-1"},"canonical":"https:\/\/www.copealcoy.es\/es\/cocentaina-programa-numerosas-actividades-dentro-del-nadal-contesta\/","og_locale":"es_ES","og_type":"article","og_title":"Cocentaina programa numerosas actividades dentro del 'Nadal Contest\u00e0' - COPE Alcoy","og_description":"El Ayuntamiento de Cocentaina ha organizado por segundo a\u00f1o consecutivo un amplio abanico de propuestas dirigidas a toda la familia...","og_url":"https:\/\/www.copealcoy.es\/es\/cocentaina-programa-numerosas-actividades-dentro-del-nadal-contesta\/","og_site_name":"COPE Alcoy","article_published_time":"2019-12-06T10:59:34+00:00","og_image":[{"width":924,"height":523,"url":"https:\/\/www.copealcoy.es\/wp-content\/uploads\/2019\/01\/6-El-Raconet-del-Nadal-acogi\u00f3-numerosas-actuaciones-e1547922985390-1.jpg","type":"image\/jpeg"}],"author":"Cope Alcoy","twitter_misc":{"Escrito por":"Cope Alcoy","Tiempo de lectura":"2 minutos"},"schema":{"@context":"https:\/\/schema.org","@graph":[{"@type":"Article","@id":"https:\/\/www.copealcoy.es\/es\/cocentaina-programa-numerosas-actividades-dentro-del-nadal-contesta\/#article","isPartOf":{"@id":"https:\/\/www.copealcoy.es\/es\/cocentaina-programa-numerosas-actividades-dentro-del-nadal-contesta\/"},"author":{"name":"Cope Alcoy","@id":"https:\/\/www.copealcoy.es\/es\/#\/schema\/person\/e777c87fa024e57d40170af9df39882c"},"headline":"Cocentaina programa numerosas actividades dentro del &#8216;Nadal Contest\u00e0&#8217;","datePublished":"2019-12-06T10:59:34+00:00","mainEntityOfPage":{"@id":"https:\/\/www.copealcoy.es\/es\/cocentaina-programa-numerosas-actividades-dentro-del-nadal-contesta\/"},"wordCount":485,"commentCount":0,"image":{"@id":"https:\/\/www.copealcoy.es\/es\/cocentaina-programa-numerosas-actividades-dentro-del-nadal-contesta\/#primaryimage"},"thumbnailUrl":"https:\/\/www.copealcoy.es\/wp-content\/uploads\/2019\/01\/6-El-Raconet-del-Nadal-acogi\u00f3-numerosas-actuaciones-e1547922985390-1.jpg","keywords":["'Nadal Contest\u00e0'","Actividades","Cocentaina","Comercio","Paqui Ruiz"],"articleSection":["Comarcas","Noticias"],"inLanguage":"es"},{"@type":"WebPage","@id":"https:\/\/www.copealcoy.es\/es\/cocentaina-programa-numerosas-actividades-dentro-del-nadal-contesta\/","url":"https:\/\/www.copealcoy.es\/es\/cocentaina-programa-numerosas-actividades-dentro-del-nadal-contesta\/","name":"Cocentaina programa numerosas actividades dentro del 'Nadal Contest\u00e0' - COPE Alcoy","isPartOf":{"@id":"https:\/\/www.copealcoy.es\/es\/#website"},"primaryImageOfPage":{"@id":"https:\/\/www.copealcoy.es\/es\/cocentaina-programa-numerosas-actividades-dentro-del-nadal-contesta\/#primaryimage"},"image":{"@id":"https:\/\/www.copealcoy.es\/es\/cocentaina-programa-numerosas-actividades-dentro-del-nadal-contesta\/#primaryimage"},"thumbnailUrl":"https:\/\/www.copealcoy.es\/wp-content\/uploads\/2019\/01\/6-El-Raconet-del-Nadal-acogi\u00f3-numerosas-actuaciones-e1547922985390-1.jpg","datePublished":"2019-12-06T10:59:34+00:00","author":{"@id":"https:\/\/www.copealcoy.es\/es\/#\/schema\/person\/e777c87fa024e57d40170af9df39882c"},"breadcrumb":{"@id":"https:\/\/www.copealcoy.es\/es\/cocentaina-programa-numerosas-actividades-dentro-del-nadal-contesta\/#breadcrumb"},"inLanguage":"es","potentialAction":[{"@type":"ReadAction","target":["https:\/\/www.copealcoy.es\/es\/cocentaina-programa-numerosas-actividades-dentro-del-nadal-contesta\/"]}]},{"@type":"ImageObject","inLanguage":"es","@id":"https:\/\/www.copealcoy.es\/es\/cocentaina-programa-numerosas-actividades-dentro-del-nadal-contesta\/#primaryimage","url":"https:\/\/www.copealcoy.es\/wp-content\/uploads\/2019\/01\/6-El-Raconet-del-Nadal-acogi\u00f3-numerosas-actuaciones-e1547922985390-1.jpg","contentUrl":"https:\/\/www.copealcoy.es\/wp-content\/uploads\/2019\/01\/6-El-Raconet-del-Nadal-acogi\u00f3-numerosas-actuaciones-e1547922985390-1.jpg","width":924,"height":523,"caption":"El Raconet del Nadal acogi\u00f3 numerosas actuaciones \/ Foto: G. Pascual"},{"@type":"BreadcrumbList","@id":"https:\/\/www.copealcoy.es\/es\/cocentaina-programa-numerosas-actividades-dentro-del-nadal-contesta\/#breadcrumb","itemListElement":[{"@type":"ListItem","position":1,"name":"Portada","item":"https:\/\/www.copealcoy.es\/es\/"},{"@type":"ListItem","position":2,"name":"Cocentaina programa numerosas actividades dentro del &#8216;Nadal Contest\u00e0&#8217;"}]},{"@type":"WebSite","@id":"https:\/\/www.copealcoy.es\/es\/#website","url":"https:\/\/www.copealcoy.es\/es\/","name":"COPE Alcoy","description":"Emisora COPE de radio local con emisi\u00f3n online. Pont de Sant Jordi 8-10 03803 Alcoy","potentialAction":[{"@type":"SearchAction","target":{"@type":"EntryPoint","urlTemplate":"https:\/\/www.copealcoy.es\/es\/?s={search_term_string}"},"query-input":{"@type":"PropertyValueSpecification","valueRequired":true,"valueName":"search_term_string"}}],"inLanguage":"es"},{"@type":"Person","@id":"https:\/\/www.copealcoy.es\/es\/#\/schema\/person\/e777c87fa024e57d40170af9df39882c","name":"Cope Alcoy","image":{"@type":"ImageObject","inLanguage":"es","@id":"https:\/\/secure.gravatar.com\/avatar\/bb65d0283347e303893ba14f0692005417c1e0e690a325a4c5d8bb2b3943ee14?s=96&d=mm&r=g","url":"https:\/\/secure.gravatar.com\/avatar\/bb65d0283347e303893ba14f0692005417c1e0e690a325a4c5d8bb2b3943ee14?s=96&d=mm&r=g","contentUrl":"https:\/\/secure.gravatar.com\/avatar\/bb65d0283347e303893ba14f0692005417c1e0e690a325a4c5d8bb2b3943ee14?s=96&d=mm&r=g","caption":"Cope Alcoy"}}]}},"_links":{"self":[{"href":"https:\/\/www.copealcoy.es\/es\/wp-json\/wp\/v2\/posts\/57821","targetHints":{"allow":["GET"]}}],"collection":[{"href":"https:\/\/www.copealcoy.es\/es\/wp-json\/wp\/v2\/posts"}],"about":[{"href":"https:\/\/www.copealcoy.es\/es\/wp-json\/wp\/v2\/types\/post"}],"author":[{"embeddable":true,"href":"https:\/\/www.copealcoy.es\/es\/wp-json\/wp\/v2\/users\/1"}],"replies":[{"embeddable":true,"href":"https:\/\/www.copealcoy.es\/es\/wp-json\/wp\/v2\/comments?post=57821"}],"version-history":[{"count":0,"href":"https:\/\/www.copealcoy.es\/es\/wp-json\/wp\/v2\/posts\/57821\/revisions"}],"wp:featuredmedia":[{"embeddable":true,"href":"https:\/\/www.copealcoy.es\/es\/wp-json\/wp\/v2\/media\/48448"}],"wp:attachment":[{"href":"https:\/\/www.copealcoy.es\/es\/wp-json\/wp\/v2\/media?parent=57821"}],"wp:term":[{"taxonomy":"category","embeddable":true,"href":"https:\/\/www.copealcoy.es\/es\/wp-json\/wp\/v2\/categories?post=57821"},{"taxonomy":"post_tag","embeddable":true,"href":"https:\/\/www.copealcoy.es\/es\/wp-json\/wp\/v2\/tags?post=57821"}],"curies":[{"name":"wp","href":"https:\/\/api.w.org\/{rel}","templated":true}]}}