{"id":57535,"date":"2019-11-28T15:58:49","date_gmt":"2019-11-28T15:58:49","guid":{"rendered":"https:\/\/copealcoi.es\/?p=57535"},"modified":"2019-11-28T15:58:49","modified_gmt":"2019-11-28T15:58:49","slug":"compromis-cuestiona-el-incremento-de-los-precios-de-tirisiti","status":"publish","type":"post","link":"https:\/\/www.copealcoy.es\/es\/compromis-cuestiona-el-incremento-de-los-precios-de-tirisiti\/","title":{"rendered":"Comprom\u00eds cuestiona el incremento de los precios de Tirisiti"},"content":{"rendered":"<p style=\"text-align: justify;\">Comprom\u00eds Alcoi no comparte <strong>la subida de los precios<\/strong> que sufren este a\u00f1o <strong>las entradas para presenciar el Bel\u00e9n del Tirisiti<\/strong> y responsabilizan de ello <strong>al Gobierno Municipal del PSOE<\/strong> por no haber realizado <strong>una correcta gesti\u00f3n<\/strong> en el mantenimiento del Teatro Principal.<\/p>\n<p style=\"text-align: justify;\">Desde la formaci\u00f3n pol\u00edtica tambi\u00e9n aseguran que <strong>el Ejecutivo Local no planifica de forma adecuada los diferentes acontecimientos<\/strong> que tienen lugar en nuestra ciudad como las Fiestas de Moros y Cristianos, la Navidad o la Semana Modernista. En este sentido <strong>Comprom\u00eds echa en falta<\/strong> una se\u00f1alizaci\u00f3n especial en los accesos a Alcoy, espacios de aparcamiento disuasivos,\u00a0transporte p\u00fablico especial e itinerarios espec\u00edficos para gente con movilidad reducida &#8220;<em>si desde el Gobierno Local quieren vender Alcoy como una ciudad tur\u00edstica de grandes eventos, lo m\u00e1s razonable ser\u00eda hacer un protocolo para grandes eventos y prepararla para facilitar a los visitantes la experiencia<\/em>&#8220;, asevera.<\/p>\n<p style=\"text-align: justify;\">Por \u00faltimo Comprom\u00eds ha dejado claro que <strong>preguntar\u00e1 todas estas cuestiones a los socialistas<\/strong> en la pr\u00f3xima Comisi\u00f3n Informativa.<\/p>\n","protected":false},"excerpt":{"rendered":"<p>Comprom\u00eds Alcoi no comparte la subida de los precios que sufren este a\u00f1o las entradas para presenciar el Bel\u00e9n del&#8230;<\/p>\n","protected":false},"author":1,"featured_media":27782,"comment_status":"open","ping_status":"open","sticky":false,"template":"","format":"standard","meta":{"footnotes":""},"categories":[97,75,79],"tags":[1494,152,5114,9469,209],"class_list":["post-57535","post","type-post","status-publish","format-standard","has-post-thumbnail","hentry","category-alcoy","category-noticias","category-politicayeconomia","tag-alcoy","tag-compromis","tag-incremento","tag-precios","tag-tirisiti"],"yoast_head":"<!-- This site is optimized with the Yoast SEO plugin v27.3 - https:\/\/yoast.com\/product\/yoast-seo-wordpress\/ -->\n<title>Comprom\u00eds cuestiona el incremento de los precios de Tirisiti - COPE Alcoy<\/title>\n<meta name=\"robots\" content=\"index, follow, max-snippet:-1, max-image-preview:large, max-video-preview:-1\" \/>\n<link rel=\"canonical\" href=\"https:\/\/www.copealcoy.es\/es\/compromis-cuestiona-el-incremento-de-los-precios-de-tirisiti\/\" \/>\n<meta property=\"og:locale\" content=\"es_ES\" \/>\n<meta property=\"og:type\" content=\"article\" \/>\n<meta property=\"og:title\" content=\"Comprom\u00eds cuestiona el incremento de los precios de Tirisiti - COPE Alcoy\" \/>\n<meta property=\"og:description\" content=\"Comprom\u00eds Alcoi no comparte la subida de los precios que sufren este a\u00f1o las entradas para presenciar el Bel\u00e9n del...\" \/>\n<meta property=\"og:url\" content=\"https:\/\/www.copealcoy.es\/es\/compromis-cuestiona-el-incremento-de-los-precios-de-tirisiti\/\" \/>\n<meta property=\"og:site_name\" content=\"COPE Alcoy\" \/>\n<meta property=\"article:published_time\" content=\"2019-11-28T15:58:49+00:00\" \/>\n<meta property=\"og:image\" content=\"https:\/\/www.copealcoy.es\/wp-content\/uploads\/2017\/01\/TIRISITI-0029b_FotoPRATSiCAMPS-604x270.jpg\" \/>\n\t<meta property=\"og:image:width\" content=\"604\" \/>\n\t<meta property=\"og:image:height\" content=\"270\" \/>\n\t<meta property=\"og:image:type\" content=\"image\/jpeg\" \/>\n<meta name=\"author\" content=\"Cope Alcoy\" \/>\n<meta name=\"twitter:label1\" content=\"Escrito por\" \/>\n\t<meta name=\"twitter:data1\" content=\"Cope Alcoy\" \/>\n\t<meta name=\"twitter:label2\" content=\"Tiempo de lectura\" \/>\n\t<meta name=\"twitter:data2\" content=\"1 minuto\" \/>\n<script type=\"application\/ld+json\" class=\"yoast-schema-graph\">{\"@context\":\"https:\\\/\\\/schema.org\",\"@graph\":[{\"@type\":\"Article\",\"@id\":\"https:\\\/\\\/www.copealcoy.es\\\/es\\\/compromis-cuestiona-el-incremento-de-los-precios-de-tirisiti\\\/#article\",\"isPartOf\":{\"@id\":\"https:\\\/\\\/www.copealcoy.es\\\/es\\\/compromis-cuestiona-el-incremento-de-los-precios-de-tirisiti\\\/\"},\"author\":{\"name\":\"Cope Alcoy\",\"@id\":\"https:\\\/\\\/www.copealcoy.es\\\/es\\\/#\\\/schema\\\/person\\\/e777c87fa024e57d40170af9df39882c\"},\"headline\":\"Comprom\u00eds cuestiona el incremento de los precios de Tirisiti\",\"datePublished\":\"2019-11-28T15:58:49+00:00\",\"mainEntityOfPage\":{\"@id\":\"https:\\\/\\\/www.copealcoy.es\\\/es\\\/compromis-cuestiona-el-incremento-de-los-precios-de-tirisiti\\\/\"},\"wordCount\":192,\"commentCount\":0,\"image\":{\"@id\":\"https:\\\/\\\/www.copealcoy.es\\\/es\\\/compromis-cuestiona-el-incremento-de-los-precios-de-tirisiti\\\/#primaryimage\"},\"thumbnailUrl\":\"https:\\\/\\\/www.copealcoy.es\\\/wp-content\\\/uploads\\\/2017\\\/01\\\/TIRISITI-0029b_FotoPRATSiCAMPS-604x270.jpg\",\"keywords\":[\"Alcoy\",\"Comprom\u00eds\",\"incremento\",\"precios\",\"Tirisiti\"],\"articleSection\":[\"Alcoy\",\"Noticias\",\"Pol\u00edtica y Econom\u00eda\"],\"inLanguage\":\"es\"},{\"@type\":\"WebPage\",\"@id\":\"https:\\\/\\\/www.copealcoy.es\\\/es\\\/compromis-cuestiona-el-incremento-de-los-precios-de-tirisiti\\\/\",\"url\":\"https:\\\/\\\/www.copealcoy.es\\\/es\\\/compromis-cuestiona-el-incremento-de-los-precios-de-tirisiti\\\/\",\"name\":\"Comprom\u00eds cuestiona el incremento de los precios de Tirisiti - COPE Alcoy\",\"isPartOf\":{\"@id\":\"https:\\\/\\\/www.copealcoy.es\\\/es\\\/#website\"},\"primaryImageOfPage\":{\"@id\":\"https:\\\/\\\/www.copealcoy.es\\\/es\\\/compromis-cuestiona-el-incremento-de-los-precios-de-tirisiti\\\/#primaryimage\"},\"image\":{\"@id\":\"https:\\\/\\\/www.copealcoy.es\\\/es\\\/compromis-cuestiona-el-incremento-de-los-precios-de-tirisiti\\\/#primaryimage\"},\"thumbnailUrl\":\"https:\\\/\\\/www.copealcoy.es\\\/wp-content\\\/uploads\\\/2017\\\/01\\\/TIRISITI-0029b_FotoPRATSiCAMPS-604x270.jpg\",\"datePublished\":\"2019-11-28T15:58:49+00:00\",\"author\":{\"@id\":\"https:\\\/\\\/www.copealcoy.es\\\/es\\\/#\\\/schema\\\/person\\\/e777c87fa024e57d40170af9df39882c\"},\"breadcrumb\":{\"@id\":\"https:\\\/\\\/www.copealcoy.es\\\/es\\\/compromis-cuestiona-el-incremento-de-los-precios-de-tirisiti\\\/#breadcrumb\"},\"inLanguage\":\"es\",\"potentialAction\":[{\"@type\":\"ReadAction\",\"target\":[\"https:\\\/\\\/www.copealcoy.es\\\/es\\\/compromis-cuestiona-el-incremento-de-los-precios-de-tirisiti\\\/\"]}]},{\"@type\":\"ImageObject\",\"inLanguage\":\"es\",\"@id\":\"https:\\\/\\\/www.copealcoy.es\\\/es\\\/compromis-cuestiona-el-incremento-de-los-precios-de-tirisiti\\\/#primaryimage\",\"url\":\"https:\\\/\\\/www.copealcoy.es\\\/wp-content\\\/uploads\\\/2017\\\/01\\\/TIRISITI-0029b_FotoPRATSiCAMPS-604x270.jpg\",\"contentUrl\":\"https:\\\/\\\/www.copealcoy.es\\\/wp-content\\\/uploads\\\/2017\\\/01\\\/TIRISITI-0029b_FotoPRATSiCAMPS-604x270.jpg\",\"width\":604,\"height\":270},{\"@type\":\"BreadcrumbList\",\"@id\":\"https:\\\/\\\/www.copealcoy.es\\\/es\\\/compromis-cuestiona-el-incremento-de-los-precios-de-tirisiti\\\/#breadcrumb\",\"itemListElement\":[{\"@type\":\"ListItem\",\"position\":1,\"name\":\"Portada\",\"item\":\"https:\\\/\\\/www.copealcoy.es\\\/es\\\/\"},{\"@type\":\"ListItem\",\"position\":2,\"name\":\"Comprom\u00eds cuestiona el incremento de los precios de Tirisiti\"}]},{\"@type\":\"WebSite\",\"@id\":\"https:\\\/\\\/www.copealcoy.es\\\/es\\\/#website\",\"url\":\"https:\\\/\\\/www.copealcoy.es\\\/es\\\/\",\"name\":\"COPE Alcoy\",\"description\":\"Emisora COPE de radio local con emisi\u00f3n online. Pont de Sant Jordi 8-10 03803 Alcoy\",\"potentialAction\":[{\"@type\":\"SearchAction\",\"target\":{\"@type\":\"EntryPoint\",\"urlTemplate\":\"https:\\\/\\\/www.copealcoy.es\\\/es\\\/?s={search_term_string}\"},\"query-input\":{\"@type\":\"PropertyValueSpecification\",\"valueRequired\":true,\"valueName\":\"search_term_string\"}}],\"inLanguage\":\"es\"},{\"@type\":\"Person\",\"@id\":\"https:\\\/\\\/www.copealcoy.es\\\/es\\\/#\\\/schema\\\/person\\\/e777c87fa024e57d40170af9df39882c\",\"name\":\"Cope Alcoy\",\"image\":{\"@type\":\"ImageObject\",\"inLanguage\":\"es\",\"@id\":\"https:\\\/\\\/secure.gravatar.com\\\/avatar\\\/bb65d0283347e303893ba14f0692005417c1e0e690a325a4c5d8bb2b3943ee14?s=96&d=mm&r=g\",\"url\":\"https:\\\/\\\/secure.gravatar.com\\\/avatar\\\/bb65d0283347e303893ba14f0692005417c1e0e690a325a4c5d8bb2b3943ee14?s=96&d=mm&r=g\",\"contentUrl\":\"https:\\\/\\\/secure.gravatar.com\\\/avatar\\\/bb65d0283347e303893ba14f0692005417c1e0e690a325a4c5d8bb2b3943ee14?s=96&d=mm&r=g\",\"caption\":\"Cope Alcoy\"}}]}<\/script>\n<!-- \/ Yoast SEO plugin. -->","yoast_head_json":{"title":"Comprom\u00eds cuestiona el incremento de los precios de Tirisiti - COPE Alcoy","robots":{"index":"index","follow":"follow","max-snippet":"max-snippet:-1","max-image-preview":"max-image-preview:large","max-video-preview":"max-video-preview:-1"},"canonical":"https:\/\/www.copealcoy.es\/es\/compromis-cuestiona-el-incremento-de-los-precios-de-tirisiti\/","og_locale":"es_ES","og_type":"article","og_title":"Comprom\u00eds cuestiona el incremento de los precios de Tirisiti - COPE Alcoy","og_description":"Comprom\u00eds Alcoi no comparte la subida de los precios que sufren este a\u00f1o las entradas para presenciar el Bel\u00e9n del...","og_url":"https:\/\/www.copealcoy.es\/es\/compromis-cuestiona-el-incremento-de-los-precios-de-tirisiti\/","og_site_name":"COPE Alcoy","article_published_time":"2019-11-28T15:58:49+00:00","og_image":[{"width":604,"height":270,"url":"https:\/\/www.copealcoy.es\/wp-content\/uploads\/2017\/01\/TIRISITI-0029b_FotoPRATSiCAMPS-604x270.jpg","type":"image\/jpeg"}],"author":"Cope Alcoy","twitter_misc":{"Escrito por":"Cope Alcoy","Tiempo de lectura":"1 minuto"},"schema":{"@context":"https:\/\/schema.org","@graph":[{"@type":"Article","@id":"https:\/\/www.copealcoy.es\/es\/compromis-cuestiona-el-incremento-de-los-precios-de-tirisiti\/#article","isPartOf":{"@id":"https:\/\/www.copealcoy.es\/es\/compromis-cuestiona-el-incremento-de-los-precios-de-tirisiti\/"},"author":{"name":"Cope Alcoy","@id":"https:\/\/www.copealcoy.es\/es\/#\/schema\/person\/e777c87fa024e57d40170af9df39882c"},"headline":"Comprom\u00eds cuestiona el incremento de los precios de Tirisiti","datePublished":"2019-11-28T15:58:49+00:00","mainEntityOfPage":{"@id":"https:\/\/www.copealcoy.es\/es\/compromis-cuestiona-el-incremento-de-los-precios-de-tirisiti\/"},"wordCount":192,"commentCount":0,"image":{"@id":"https:\/\/www.copealcoy.es\/es\/compromis-cuestiona-el-incremento-de-los-precios-de-tirisiti\/#primaryimage"},"thumbnailUrl":"https:\/\/www.copealcoy.es\/wp-content\/uploads\/2017\/01\/TIRISITI-0029b_FotoPRATSiCAMPS-604x270.jpg","keywords":["Alcoy","Comprom\u00eds","incremento","precios","Tirisiti"],"articleSection":["Alcoy","Noticias","Pol\u00edtica y Econom\u00eda"],"inLanguage":"es"},{"@type":"WebPage","@id":"https:\/\/www.copealcoy.es\/es\/compromis-cuestiona-el-incremento-de-los-precios-de-tirisiti\/","url":"https:\/\/www.copealcoy.es\/es\/compromis-cuestiona-el-incremento-de-los-precios-de-tirisiti\/","name":"Comprom\u00eds cuestiona el incremento de los precios de Tirisiti - COPE Alcoy","isPartOf":{"@id":"https:\/\/www.copealcoy.es\/es\/#website"},"primaryImageOfPage":{"@id":"https:\/\/www.copealcoy.es\/es\/compromis-cuestiona-el-incremento-de-los-precios-de-tirisiti\/#primaryimage"},"image":{"@id":"https:\/\/www.copealcoy.es\/es\/compromis-cuestiona-el-incremento-de-los-precios-de-tirisiti\/#primaryimage"},"thumbnailUrl":"https:\/\/www.copealcoy.es\/wp-content\/uploads\/2017\/01\/TIRISITI-0029b_FotoPRATSiCAMPS-604x270.jpg","datePublished":"2019-11-28T15:58:49+00:00","author":{"@id":"https:\/\/www.copealcoy.es\/es\/#\/schema\/person\/e777c87fa024e57d40170af9df39882c"},"breadcrumb":{"@id":"https:\/\/www.copealcoy.es\/es\/compromis-cuestiona-el-incremento-de-los-precios-de-tirisiti\/#breadcrumb"},"inLanguage":"es","potentialAction":[{"@type":"ReadAction","target":["https:\/\/www.copealcoy.es\/es\/compromis-cuestiona-el-incremento-de-los-precios-de-tirisiti\/"]}]},{"@type":"ImageObject","inLanguage":"es","@id":"https:\/\/www.copealcoy.es\/es\/compromis-cuestiona-el-incremento-de-los-precios-de-tirisiti\/#primaryimage","url":"https:\/\/www.copealcoy.es\/wp-content\/uploads\/2017\/01\/TIRISITI-0029b_FotoPRATSiCAMPS-604x270.jpg","contentUrl":"https:\/\/www.copealcoy.es\/wp-content\/uploads\/2017\/01\/TIRISITI-0029b_FotoPRATSiCAMPS-604x270.jpg","width":604,"height":270},{"@type":"BreadcrumbList","@id":"https:\/\/www.copealcoy.es\/es\/compromis-cuestiona-el-incremento-de-los-precios-de-tirisiti\/#breadcrumb","itemListElement":[{"@type":"ListItem","position":1,"name":"Portada","item":"https:\/\/www.copealcoy.es\/es\/"},{"@type":"ListItem","position":2,"name":"Comprom\u00eds cuestiona el incremento de los precios de Tirisiti"}]},{"@type":"WebSite","@id":"https:\/\/www.copealcoy.es\/es\/#website","url":"https:\/\/www.copealcoy.es\/es\/","name":"COPE Alcoy","description":"Emisora COPE de radio local con emisi\u00f3n online. Pont de Sant Jordi 8-10 03803 Alcoy","potentialAction":[{"@type":"SearchAction","target":{"@type":"EntryPoint","urlTemplate":"https:\/\/www.copealcoy.es\/es\/?s={search_term_string}"},"query-input":{"@type":"PropertyValueSpecification","valueRequired":true,"valueName":"search_term_string"}}],"inLanguage":"es"},{"@type":"Person","@id":"https:\/\/www.copealcoy.es\/es\/#\/schema\/person\/e777c87fa024e57d40170af9df39882c","name":"Cope Alcoy","image":{"@type":"ImageObject","inLanguage":"es","@id":"https:\/\/secure.gravatar.com\/avatar\/bb65d0283347e303893ba14f0692005417c1e0e690a325a4c5d8bb2b3943ee14?s=96&d=mm&r=g","url":"https:\/\/secure.gravatar.com\/avatar\/bb65d0283347e303893ba14f0692005417c1e0e690a325a4c5d8bb2b3943ee14?s=96&d=mm&r=g","contentUrl":"https:\/\/secure.gravatar.com\/avatar\/bb65d0283347e303893ba14f0692005417c1e0e690a325a4c5d8bb2b3943ee14?s=96&d=mm&r=g","caption":"Cope Alcoy"}}]}},"_links":{"self":[{"href":"https:\/\/www.copealcoy.es\/es\/wp-json\/wp\/v2\/posts\/57535","targetHints":{"allow":["GET"]}}],"collection":[{"href":"https:\/\/www.copealcoy.es\/es\/wp-json\/wp\/v2\/posts"}],"about":[{"href":"https:\/\/www.copealcoy.es\/es\/wp-json\/wp\/v2\/types\/post"}],"author":[{"embeddable":true,"href":"https:\/\/www.copealcoy.es\/es\/wp-json\/wp\/v2\/users\/1"}],"replies":[{"embeddable":true,"href":"https:\/\/www.copealcoy.es\/es\/wp-json\/wp\/v2\/comments?post=57535"}],"version-history":[{"count":0,"href":"https:\/\/www.copealcoy.es\/es\/wp-json\/wp\/v2\/posts\/57535\/revisions"}],"wp:featuredmedia":[{"embeddable":true,"href":"https:\/\/www.copealcoy.es\/es\/wp-json\/wp\/v2\/media\/27782"}],"wp:attachment":[{"href":"https:\/\/www.copealcoy.es\/es\/wp-json\/wp\/v2\/media?parent=57535"}],"wp:term":[{"taxonomy":"category","embeddable":true,"href":"https:\/\/www.copealcoy.es\/es\/wp-json\/wp\/v2\/categories?post=57535"},{"taxonomy":"post_tag","embeddable":true,"href":"https:\/\/www.copealcoy.es\/es\/wp-json\/wp\/v2\/tags?post=57535"}],"curies":[{"name":"wp","href":"https:\/\/api.w.org\/{rel}","templated":true}]}}