{"id":57395,"date":"2019-11-25T15:58:18","date_gmt":"2019-11-25T15:58:18","guid":{"rendered":"https:\/\/copealcoi.es\/?p=57395"},"modified":"2025-02-01T19:55:46","modified_gmt":"2025-02-01T18:55:46","slug":"el-fuerte-viento-no-pudo-con-el-fervor-hacia-la-mare-de-deu-del-miracle","status":"publish","type":"post","link":"https:\/\/www.copealcoy.es\/es\/el-fuerte-viento-no-pudo-con-el-fervor-hacia-la-mare-de-deu-del-miracle\/","title":{"rendered":"El fuerte viento no pudo con el fervor hacia la Mare de D\u00e9u del Miracle"},"content":{"rendered":"<p style=\"text-align: justify;\">La <strong>Mare de D\u00e9u del Miracle<\/strong> contin\u00faa recibiendo <strong>el homenaje de todo el pueblo de Cocentaina<\/strong> en el a\u00f1o en el que se conmemora el <strong>V Centenario<\/strong> del milagro de la Mareta, un hecho que ocurri\u00f3 el 19 de abril de 1.520 y que <strong>marc\u00f3 el origen de la gran devoci\u00f3n<\/strong> que el municipio la profesa a su patrona.<\/p>\n<p style=\"text-align: justify;\">Durante el pasado fin de semana siguieron las romer\u00edas de la Mareta por las calles contestanas y en esta ocasi\u00f3n <strong>la Virgen del Milagro sali\u00f3 del Convento de los Padres Franciscanos<\/strong>, al que hab\u00eda sido trasladada el viernes por la ma\u00f1ana desde su santuario, para recorrer puntos como la <strong>Ronda Sur<\/strong>, el <strong>barrio de San Jos\u00e9 Artesano<\/strong>, la <strong>zona del Teular<\/strong> junto a la calle Convento, la <strong>urbanizaci\u00f3n del Mas de Molt\u00f3<\/strong>, el entorno del <strong>Polideportivo Municipal<\/strong>, las <strong>avenidas del Ferrocarril y Pa\u00eds Valenci\u00e0<\/strong>, con sus calles adyacentes; y <strong>las v\u00edas que rodean al Parque de Paquito El Chocolatero<\/strong>. Adem\u00e1s la romer\u00eda lleg\u00f3 el domingo por la tarde <strong>el Passeig del Comtat<\/strong> y la Mare de D\u00e9u del Miracle fue recibida en esta arteria principal contestana con <strong>una apote\u00f3sica bienvenida<\/strong> en la no faltaron la pirotecnia, una gran alfombra azul en el centro de la calle y la m\u00fasica a cargo de <strong>la Colla Mal Passet<\/strong> as\u00ed como <strong>la Uni\u00f3n Musical Contestana<\/strong>.<\/p>\n<p style=\"text-align: justify;\">A ello se le suman los recibimientos que le hicieron a la Virgen del Milagro entidades como <strong>el Mal Passet<\/strong>, <strong>el Grup de Danses Cocentaina<\/strong>, <strong>el Ateneu Musical<\/strong> y varias <strong>filaes<\/strong> de la Villa Condal. Muchas de estas \u00faltimas como los <strong>Cruzados<\/strong>, los <strong>Kabile\u00f1os<\/strong>, la <strong>Guardia Jalifiana<\/strong> o <strong>Bereberes \u2018Els Borts\u2019<\/strong> montaron trabajados altares ante sus sedes al mismo tiempo que los festeros y las festeras <strong>se turnaban para portar las andas<\/strong> luciendo para la ocasi\u00f3n el traje oficial de sus respectivas formaciones.<\/p>\n<p style=\"text-align: justify;\">Indicar que la Mare de D\u00e9u del Miracle tambi\u00e9n visit\u00f3 el s\u00e1bado, al igual que sucedi\u00f3 hace 25 a\u00f1os, <strong>las pedan\u00edas de El Poble Nou de Sant Rafel<\/strong>, y <strong>Els Algars<\/strong>\u00a0 as\u00ed como <strong>la urbanizaci\u00f3n de Gormaig<\/strong>. El <strong>fuerte viento<\/strong> no impidi\u00f3 que la Mareta recorriera las calles de la primera aunque <strong>la lluvia si que condicion\u00f3 el trayecto por Els Algars y Gormaig<\/strong>, zona esta \u00faltima en la que la Virgen del Milagro <strong>no pudo salir del veh\u00edculo<\/strong> en el que fue transportada debido al mal tiempo sustituy\u00e9ndose la visita por un rezo. El intenso fin de semana <strong>se complet\u00f3 con varias celebraciones religiosas<\/strong> dedicadas a la Mare de D\u00e9u del Miracle en el Convento entre las que destac\u00f3 <strong>la multitudinaria misa del domingo<\/strong> por la ma\u00f1ana, oficiada por el Guardi\u00e1n de los Franciscanos <strong>Fray Juan Quesada<\/strong>, y\u00a0cantada por el Coro del Colegio San Francisco de As\u00eds <strong>bajo la direcci\u00f3n de Joaqu\u00edn Palac\u00ed Gonz\u00e1lez<\/strong>.<\/p>\n","protected":false},"excerpt":{"rendered":"<p>La Mare de D\u00e9u del Miracle contin\u00faa recibiendo el homenaje de todo el pueblo de Cocentaina en el a\u00f1o en&#8230;<\/p>\n","protected":false},"author":1,"featured_media":147011,"comment_status":"open","ping_status":"open","sticky":false,"template":"","format":"standard","meta":{"footnotes":""},"categories":[98,75],"tags":[132,237,1984,864,566],"class_list":["post-57395","post","type-post","status-publish","format-standard","has-post-thumbnail","hentry","category-comarcas","category-noticias","tag-cocentaina","tag-comtat","tag-mare-de-deu-del-miracle","tag-mareta","tag-romeria"],"yoast_head":"<!-- This site is optimized with the Yoast SEO plugin v27.3 - https:\/\/yoast.com\/product\/yoast-seo-wordpress\/ -->\n<title>El fuerte viento no pudo con el fervor hacia la Mare de D\u00e9u del Miracle - COPE Alcoy<\/title>\n<meta name=\"robots\" content=\"index, follow, max-snippet:-1, max-image-preview:large, max-video-preview:-1\" \/>\n<link rel=\"canonical\" href=\"https:\/\/www.copealcoy.es\/es\/el-fuerte-viento-no-pudo-con-el-fervor-hacia-la-mare-de-deu-del-miracle\/\" \/>\n<meta property=\"og:locale\" content=\"es_ES\" \/>\n<meta property=\"og:type\" content=\"article\" \/>\n<meta property=\"og:title\" content=\"El fuerte viento no pudo con el fervor hacia la Mare de D\u00e9u del Miracle - COPE Alcoy\" \/>\n<meta property=\"og:description\" content=\"La Mare de D\u00e9u del Miracle contin\u00faa recibiendo el homenaje de todo el pueblo de Cocentaina en el a\u00f1o en...\" \/>\n<meta property=\"og:url\" content=\"https:\/\/www.copealcoy.es\/es\/el-fuerte-viento-no-pudo-con-el-fervor-hacia-la-mare-de-deu-del-miracle\/\" \/>\n<meta property=\"og:site_name\" content=\"COPE Alcoy\" \/>\n<meta property=\"article:published_time\" content=\"2019-11-25T15:58:18+00:00\" \/>\n<meta property=\"article:modified_time\" content=\"2025-02-01T18:55:46+00:00\" \/>\n<meta property=\"og:image\" content=\"https:\/\/www.copealcoy.es\/wp-content\/uploads\/2019\/11\/0-1-e1738436132652.jpg\" \/>\n\t<meta property=\"og:image:width\" content=\"1026\" \/>\n\t<meta property=\"og:image:height\" content=\"560\" \/>\n\t<meta property=\"og:image:type\" content=\"image\/jpeg\" \/>\n<meta name=\"author\" content=\"Cope Alcoy\" \/>\n<meta name=\"twitter:label1\" content=\"Escrito por\" \/>\n\t<meta name=\"twitter:data1\" content=\"Cope Alcoy\" \/>\n\t<meta name=\"twitter:label2\" content=\"Tiempo de lectura\" \/>\n\t<meta name=\"twitter:data2\" content=\"3 minutos\" \/>\n<script type=\"application\/ld+json\" class=\"yoast-schema-graph\">{\"@context\":\"https:\\\/\\\/schema.org\",\"@graph\":[{\"@type\":\"Article\",\"@id\":\"https:\\\/\\\/www.copealcoy.es\\\/es\\\/el-fuerte-viento-no-pudo-con-el-fervor-hacia-la-mare-de-deu-del-miracle\\\/#article\",\"isPartOf\":{\"@id\":\"https:\\\/\\\/www.copealcoy.es\\\/es\\\/el-fuerte-viento-no-pudo-con-el-fervor-hacia-la-mare-de-deu-del-miracle\\\/\"},\"author\":{\"name\":\"Cope Alcoy\",\"@id\":\"https:\\\/\\\/www.copealcoy.es\\\/es\\\/#\\\/schema\\\/person\\\/e777c87fa024e57d40170af9df39882c\"},\"headline\":\"El fuerte viento no pudo con el fervor hacia la Mare de D\u00e9u del Miracle\",\"datePublished\":\"2019-11-25T15:58:18+00:00\",\"dateModified\":\"2025-02-01T18:55:46+00:00\",\"mainEntityOfPage\":{\"@id\":\"https:\\\/\\\/www.copealcoy.es\\\/es\\\/el-fuerte-viento-no-pudo-con-el-fervor-hacia-la-mare-de-deu-del-miracle\\\/\"},\"wordCount\":507,\"commentCount\":0,\"image\":{\"@id\":\"https:\\\/\\\/www.copealcoy.es\\\/es\\\/el-fuerte-viento-no-pudo-con-el-fervor-hacia-la-mare-de-deu-del-miracle\\\/#primaryimage\"},\"thumbnailUrl\":\"https:\\\/\\\/www.copealcoy.es\\\/wp-content\\\/uploads\\\/2019\\\/11\\\/0-1-e1738436132652.jpg\",\"keywords\":[\"Cocentaina\",\"Comtat\",\"Mare de D\u00e9u del Miracle\",\"Mareta\",\"Romer\u00eda\"],\"articleSection\":[\"Comarcas\",\"Noticias\"],\"inLanguage\":\"es\"},{\"@type\":\"WebPage\",\"@id\":\"https:\\\/\\\/www.copealcoy.es\\\/es\\\/el-fuerte-viento-no-pudo-con-el-fervor-hacia-la-mare-de-deu-del-miracle\\\/\",\"url\":\"https:\\\/\\\/www.copealcoy.es\\\/es\\\/el-fuerte-viento-no-pudo-con-el-fervor-hacia-la-mare-de-deu-del-miracle\\\/\",\"name\":\"El fuerte viento no pudo con el fervor hacia la Mare de D\u00e9u del Miracle - COPE Alcoy\",\"isPartOf\":{\"@id\":\"https:\\\/\\\/www.copealcoy.es\\\/es\\\/#website\"},\"primaryImageOfPage\":{\"@id\":\"https:\\\/\\\/www.copealcoy.es\\\/es\\\/el-fuerte-viento-no-pudo-con-el-fervor-hacia-la-mare-de-deu-del-miracle\\\/#primaryimage\"},\"image\":{\"@id\":\"https:\\\/\\\/www.copealcoy.es\\\/es\\\/el-fuerte-viento-no-pudo-con-el-fervor-hacia-la-mare-de-deu-del-miracle\\\/#primaryimage\"},\"thumbnailUrl\":\"https:\\\/\\\/www.copealcoy.es\\\/wp-content\\\/uploads\\\/2019\\\/11\\\/0-1-e1738436132652.jpg\",\"datePublished\":\"2019-11-25T15:58:18+00:00\",\"dateModified\":\"2025-02-01T18:55:46+00:00\",\"author\":{\"@id\":\"https:\\\/\\\/www.copealcoy.es\\\/es\\\/#\\\/schema\\\/person\\\/e777c87fa024e57d40170af9df39882c\"},\"breadcrumb\":{\"@id\":\"https:\\\/\\\/www.copealcoy.es\\\/es\\\/el-fuerte-viento-no-pudo-con-el-fervor-hacia-la-mare-de-deu-del-miracle\\\/#breadcrumb\"},\"inLanguage\":\"es\",\"potentialAction\":[{\"@type\":\"ReadAction\",\"target\":[\"https:\\\/\\\/www.copealcoy.es\\\/es\\\/el-fuerte-viento-no-pudo-con-el-fervor-hacia-la-mare-de-deu-del-miracle\\\/\"]}]},{\"@type\":\"ImageObject\",\"inLanguage\":\"es\",\"@id\":\"https:\\\/\\\/www.copealcoy.es\\\/es\\\/el-fuerte-viento-no-pudo-con-el-fervor-hacia-la-mare-de-deu-del-miracle\\\/#primaryimage\",\"url\":\"https:\\\/\\\/www.copealcoy.es\\\/wp-content\\\/uploads\\\/2019\\\/11\\\/0-1-e1738436132652.jpg\",\"contentUrl\":\"https:\\\/\\\/www.copealcoy.es\\\/wp-content\\\/uploads\\\/2019\\\/11\\\/0-1-e1738436132652.jpg\",\"width\":1026,\"height\":560},{\"@type\":\"BreadcrumbList\",\"@id\":\"https:\\\/\\\/www.copealcoy.es\\\/es\\\/el-fuerte-viento-no-pudo-con-el-fervor-hacia-la-mare-de-deu-del-miracle\\\/#breadcrumb\",\"itemListElement\":[{\"@type\":\"ListItem\",\"position\":1,\"name\":\"Portada\",\"item\":\"https:\\\/\\\/www.copealcoy.es\\\/es\\\/\"},{\"@type\":\"ListItem\",\"position\":2,\"name\":\"El fuerte viento no pudo con el fervor hacia la Mare de D\u00e9u del Miracle\"}]},{\"@type\":\"WebSite\",\"@id\":\"https:\\\/\\\/www.copealcoy.es\\\/es\\\/#website\",\"url\":\"https:\\\/\\\/www.copealcoy.es\\\/es\\\/\",\"name\":\"COPE Alcoy\",\"description\":\"Emisora COPE de radio local con emisi\u00f3n online. Pont de Sant Jordi 8-10 03803 Alcoy\",\"potentialAction\":[{\"@type\":\"SearchAction\",\"target\":{\"@type\":\"EntryPoint\",\"urlTemplate\":\"https:\\\/\\\/www.copealcoy.es\\\/es\\\/?s={search_term_string}\"},\"query-input\":{\"@type\":\"PropertyValueSpecification\",\"valueRequired\":true,\"valueName\":\"search_term_string\"}}],\"inLanguage\":\"es\"},{\"@type\":\"Person\",\"@id\":\"https:\\\/\\\/www.copealcoy.es\\\/es\\\/#\\\/schema\\\/person\\\/e777c87fa024e57d40170af9df39882c\",\"name\":\"Cope Alcoy\",\"image\":{\"@type\":\"ImageObject\",\"inLanguage\":\"es\",\"@id\":\"https:\\\/\\\/secure.gravatar.com\\\/avatar\\\/bb65d0283347e303893ba14f0692005417c1e0e690a325a4c5d8bb2b3943ee14?s=96&d=mm&r=g\",\"url\":\"https:\\\/\\\/secure.gravatar.com\\\/avatar\\\/bb65d0283347e303893ba14f0692005417c1e0e690a325a4c5d8bb2b3943ee14?s=96&d=mm&r=g\",\"contentUrl\":\"https:\\\/\\\/secure.gravatar.com\\\/avatar\\\/bb65d0283347e303893ba14f0692005417c1e0e690a325a4c5d8bb2b3943ee14?s=96&d=mm&r=g\",\"caption\":\"Cope Alcoy\"}}]}<\/script>\n<!-- \/ Yoast SEO plugin. -->","yoast_head_json":{"title":"El fuerte viento no pudo con el fervor hacia la Mare de D\u00e9u del Miracle - COPE Alcoy","robots":{"index":"index","follow":"follow","max-snippet":"max-snippet:-1","max-image-preview":"max-image-preview:large","max-video-preview":"max-video-preview:-1"},"canonical":"https:\/\/www.copealcoy.es\/es\/el-fuerte-viento-no-pudo-con-el-fervor-hacia-la-mare-de-deu-del-miracle\/","og_locale":"es_ES","og_type":"article","og_title":"El fuerte viento no pudo con el fervor hacia la Mare de D\u00e9u del Miracle - COPE Alcoy","og_description":"La Mare de D\u00e9u del Miracle contin\u00faa recibiendo el homenaje de todo el pueblo de Cocentaina en el a\u00f1o en...","og_url":"https:\/\/www.copealcoy.es\/es\/el-fuerte-viento-no-pudo-con-el-fervor-hacia-la-mare-de-deu-del-miracle\/","og_site_name":"COPE Alcoy","article_published_time":"2019-11-25T15:58:18+00:00","article_modified_time":"2025-02-01T18:55:46+00:00","og_image":[{"width":1026,"height":560,"url":"https:\/\/www.copealcoy.es\/wp-content\/uploads\/2019\/11\/0-1-e1738436132652.jpg","type":"image\/jpeg"}],"author":"Cope Alcoy","twitter_misc":{"Escrito por":"Cope Alcoy","Tiempo de lectura":"3 minutos"},"schema":{"@context":"https:\/\/schema.org","@graph":[{"@type":"Article","@id":"https:\/\/www.copealcoy.es\/es\/el-fuerte-viento-no-pudo-con-el-fervor-hacia-la-mare-de-deu-del-miracle\/#article","isPartOf":{"@id":"https:\/\/www.copealcoy.es\/es\/el-fuerte-viento-no-pudo-con-el-fervor-hacia-la-mare-de-deu-del-miracle\/"},"author":{"name":"Cope Alcoy","@id":"https:\/\/www.copealcoy.es\/es\/#\/schema\/person\/e777c87fa024e57d40170af9df39882c"},"headline":"El fuerte viento no pudo con el fervor hacia la Mare de D\u00e9u del Miracle","datePublished":"2019-11-25T15:58:18+00:00","dateModified":"2025-02-01T18:55:46+00:00","mainEntityOfPage":{"@id":"https:\/\/www.copealcoy.es\/es\/el-fuerte-viento-no-pudo-con-el-fervor-hacia-la-mare-de-deu-del-miracle\/"},"wordCount":507,"commentCount":0,"image":{"@id":"https:\/\/www.copealcoy.es\/es\/el-fuerte-viento-no-pudo-con-el-fervor-hacia-la-mare-de-deu-del-miracle\/#primaryimage"},"thumbnailUrl":"https:\/\/www.copealcoy.es\/wp-content\/uploads\/2019\/11\/0-1-e1738436132652.jpg","keywords":["Cocentaina","Comtat","Mare de D\u00e9u del Miracle","Mareta","Romer\u00eda"],"articleSection":["Comarcas","Noticias"],"inLanguage":"es"},{"@type":"WebPage","@id":"https:\/\/www.copealcoy.es\/es\/el-fuerte-viento-no-pudo-con-el-fervor-hacia-la-mare-de-deu-del-miracle\/","url":"https:\/\/www.copealcoy.es\/es\/el-fuerte-viento-no-pudo-con-el-fervor-hacia-la-mare-de-deu-del-miracle\/","name":"El fuerte viento no pudo con el fervor hacia la Mare de D\u00e9u del Miracle - COPE Alcoy","isPartOf":{"@id":"https:\/\/www.copealcoy.es\/es\/#website"},"primaryImageOfPage":{"@id":"https:\/\/www.copealcoy.es\/es\/el-fuerte-viento-no-pudo-con-el-fervor-hacia-la-mare-de-deu-del-miracle\/#primaryimage"},"image":{"@id":"https:\/\/www.copealcoy.es\/es\/el-fuerte-viento-no-pudo-con-el-fervor-hacia-la-mare-de-deu-del-miracle\/#primaryimage"},"thumbnailUrl":"https:\/\/www.copealcoy.es\/wp-content\/uploads\/2019\/11\/0-1-e1738436132652.jpg","datePublished":"2019-11-25T15:58:18+00:00","dateModified":"2025-02-01T18:55:46+00:00","author":{"@id":"https:\/\/www.copealcoy.es\/es\/#\/schema\/person\/e777c87fa024e57d40170af9df39882c"},"breadcrumb":{"@id":"https:\/\/www.copealcoy.es\/es\/el-fuerte-viento-no-pudo-con-el-fervor-hacia-la-mare-de-deu-del-miracle\/#breadcrumb"},"inLanguage":"es","potentialAction":[{"@type":"ReadAction","target":["https:\/\/www.copealcoy.es\/es\/el-fuerte-viento-no-pudo-con-el-fervor-hacia-la-mare-de-deu-del-miracle\/"]}]},{"@type":"ImageObject","inLanguage":"es","@id":"https:\/\/www.copealcoy.es\/es\/el-fuerte-viento-no-pudo-con-el-fervor-hacia-la-mare-de-deu-del-miracle\/#primaryimage","url":"https:\/\/www.copealcoy.es\/wp-content\/uploads\/2019\/11\/0-1-e1738436132652.jpg","contentUrl":"https:\/\/www.copealcoy.es\/wp-content\/uploads\/2019\/11\/0-1-e1738436132652.jpg","width":1026,"height":560},{"@type":"BreadcrumbList","@id":"https:\/\/www.copealcoy.es\/es\/el-fuerte-viento-no-pudo-con-el-fervor-hacia-la-mare-de-deu-del-miracle\/#breadcrumb","itemListElement":[{"@type":"ListItem","position":1,"name":"Portada","item":"https:\/\/www.copealcoy.es\/es\/"},{"@type":"ListItem","position":2,"name":"El fuerte viento no pudo con el fervor hacia la Mare de D\u00e9u del Miracle"}]},{"@type":"WebSite","@id":"https:\/\/www.copealcoy.es\/es\/#website","url":"https:\/\/www.copealcoy.es\/es\/","name":"COPE Alcoy","description":"Emisora COPE de radio local con emisi\u00f3n online. Pont de Sant Jordi 8-10 03803 Alcoy","potentialAction":[{"@type":"SearchAction","target":{"@type":"EntryPoint","urlTemplate":"https:\/\/www.copealcoy.es\/es\/?s={search_term_string}"},"query-input":{"@type":"PropertyValueSpecification","valueRequired":true,"valueName":"search_term_string"}}],"inLanguage":"es"},{"@type":"Person","@id":"https:\/\/www.copealcoy.es\/es\/#\/schema\/person\/e777c87fa024e57d40170af9df39882c","name":"Cope Alcoy","image":{"@type":"ImageObject","inLanguage":"es","@id":"https:\/\/secure.gravatar.com\/avatar\/bb65d0283347e303893ba14f0692005417c1e0e690a325a4c5d8bb2b3943ee14?s=96&d=mm&r=g","url":"https:\/\/secure.gravatar.com\/avatar\/bb65d0283347e303893ba14f0692005417c1e0e690a325a4c5d8bb2b3943ee14?s=96&d=mm&r=g","contentUrl":"https:\/\/secure.gravatar.com\/avatar\/bb65d0283347e303893ba14f0692005417c1e0e690a325a4c5d8bb2b3943ee14?s=96&d=mm&r=g","caption":"Cope Alcoy"}}]}},"_links":{"self":[{"href":"https:\/\/www.copealcoy.es\/es\/wp-json\/wp\/v2\/posts\/57395","targetHints":{"allow":["GET"]}}],"collection":[{"href":"https:\/\/www.copealcoy.es\/es\/wp-json\/wp\/v2\/posts"}],"about":[{"href":"https:\/\/www.copealcoy.es\/es\/wp-json\/wp\/v2\/types\/post"}],"author":[{"embeddable":true,"href":"https:\/\/www.copealcoy.es\/es\/wp-json\/wp\/v2\/users\/1"}],"replies":[{"embeddable":true,"href":"https:\/\/www.copealcoy.es\/es\/wp-json\/wp\/v2\/comments?post=57395"}],"version-history":[{"count":0,"href":"https:\/\/www.copealcoy.es\/es\/wp-json\/wp\/v2\/posts\/57395\/revisions"}],"wp:featuredmedia":[{"embeddable":true,"href":"https:\/\/www.copealcoy.es\/es\/wp-json\/wp\/v2\/media\/147011"}],"wp:attachment":[{"href":"https:\/\/www.copealcoy.es\/es\/wp-json\/wp\/v2\/media?parent=57395"}],"wp:term":[{"taxonomy":"category","embeddable":true,"href":"https:\/\/www.copealcoy.es\/es\/wp-json\/wp\/v2\/categories?post=57395"},{"taxonomy":"post_tag","embeddable":true,"href":"https:\/\/www.copealcoy.es\/es\/wp-json\/wp\/v2\/tags?post=57395"}],"curies":[{"name":"wp","href":"https:\/\/api.w.org\/{rel}","templated":true}]}}