{"id":57204,"date":"2019-11-18T15:49:20","date_gmt":"2019-11-18T15:49:20","guid":{"rendered":"https:\/\/copealcoi.es\/?p=57204"},"modified":"2019-11-18T15:49:20","modified_gmt":"2019-11-18T15:49:20","slug":"el-alcoyano-empata-sin-goles-ante-el-cd-alcoyano","status":"publish","type":"post","link":"https:\/\/www.copealcoy.es\/es\/el-alcoyano-empata-sin-goles-ante-el-cd-alcoyano\/","title":{"rendered":"El Alcoyano empata sin goles ante el CD Alcoyano"},"content":{"rendered":"<p style=\"text-align: justify;\">El Alcoyano <strong>sum\u00f3 ayer domingo su tercer empate consecutivo<\/strong> en lo que llevamos de temporada de liga en tercera divisi\u00f3n y el Deportivo consigui\u00f3 ayer en El Collao<strong> un resultado final de 0-0 en el marcador<\/strong> ante el Crevillente.<\/p>\n<p style=\"text-align: justify;\">El partido comenz\u00f3 con<strong> dominio local<\/strong>, como suele ser habitual, sobre todo en su estadio, aunque le costaba <strong>llegar con claridad a la meta de Chema<\/strong> en los primeros minutos.\u00a0La primera oportunidad <strong>lleg\u00f3 en el minuto 20 por mediaci\u00f3n de Fran Machado<\/strong>. A continuaci\u00f3n, <strong>\u00d3scar D\u00edaz lanz\u00f3 de manera directa<\/strong> una falta peligrosa que casi obtiene el premio del gol. La \u00faltima de este primer tiempo <strong>la tuvo de nuevo Fran Machado<\/strong> despu\u00e9s de un centro de Acevedo. Poca <strong>aportaci\u00f3n ofensiva por parte del Crevillente<\/strong>, el cual se mostr\u00f3 replegado, intentando salir r\u00e1pido al ataque.<\/p>\n<p style=\"text-align: justify;\">A la vuelta de vestuarios, <strong>la primera oportunidad en esta segunda mitad fue para el equipo visitante<\/strong>, obligando a <strong>Jos\u00e9 Juan<\/strong> a realizar una buena parada. A ra\u00edz de este momento, <strong>los de Alcoy reaccionaron y comenzaron a disfrutar de ocasiones claras<\/strong> para abrir el marcador. Fran Machado <strong>remat\u00f3 un centro de Juli<\/strong>, Diakit\u00e9 <strong>dispar\u00f3 desde fuera del \u00e1rea al larguero<\/strong> y Chato, a la hora de partido, <strong>envi\u00f3 por arriba de la porter\u00eda<\/strong> un saque de esquina.<\/p>\n<p style=\"text-align: justify;\">Estaban siendo<strong> buenos minutos para los locales<\/strong>, que siguieron intent\u00e1ndolo con una ocasi\u00f3n de Acevedo de falta directa, e inmediatamente despu\u00e9s, con <strong>una buena acci\u00f3n<\/strong> de Fran Machado. Tan solo un minutos m\u00e1s tarde, <strong>el Crevillente le meti\u00f3 el miedo en el cuerpo a su rival<\/strong>, donde Cristian S\u00e1nchez, <strong>en un ataque en superioridad num\u00e9rica;<\/strong>\u00a0tiene una clara ocasi\u00f3n.<\/p>\n<p style=\"text-align: justify;\">Ello no impidi\u00f3 que los de Vicente Parras <strong>continuaran atacando<\/strong>. En el 77, <strong>\u00d3scar D\u00edaz se planta mano a mano ante Chema<\/strong> gracias a una prolongaci\u00f3n de Juli, pero de nuevo <strong>el guardameta fue decisivo<\/strong>. En los minutos finales, <strong>el duelo tuvo algo menos de ritmo<\/strong> por las numerosas interrupciones. \u00d3scar D\u00edaz, con el tiempo cumplido, chut\u00f3, <strong>encontr\u00e1ndose de nuevo<\/strong> con un providencial Chema.<\/p>\n<p style=\"text-align: justify;\">No hubo tiempo para m\u00e1s, en <strong>un choque en el que los visitantes acabaron con un hombre menos<\/strong> por la expulsi\u00f3n de Tortosa y Peir\u00f3 <strong>debut\u00f3 en las filas del Alcoyano<\/strong>. La pr\u00f3xima semana, los<strong> de Vicente Parras visitar\u00e1n al Jove Espa\u00f1ol<\/strong> el domingo 24 de noviembre a las 12:00 horas.<\/p>\n","protected":false},"excerpt":{"rendered":"<p>El Alcoyano sum\u00f3 ayer domingo su tercer empate consecutivo en lo que llevamos de temporada de liga en tercera divisi\u00f3n&#8230;<\/p>\n","protected":false},"author":1,"featured_media":57205,"comment_status":"open","ping_status":"open","sticky":false,"template":"","format":"standard","meta":{"footnotes":""},"categories":[97,92,75],"tags":[140,2118,9438],"class_list":["post-57204","post","type-post","status-publish","format-standard","has-post-thumbnail","hentry","category-alcoy","category-deportes","category-noticias","tag-alcoyano","tag-cd-alcoyano","tag-empate-sin-goles"],"yoast_head":"<!-- This site is optimized with the Yoast SEO plugin v27.3 - https:\/\/yoast.com\/product\/yoast-seo-wordpress\/ -->\n<title>El Alcoyano empata sin goles ante el CD Alcoyano - COPE Alcoy<\/title>\n<meta name=\"robots\" content=\"index, follow, max-snippet:-1, max-image-preview:large, max-video-preview:-1\" \/>\n<link rel=\"canonical\" href=\"https:\/\/www.copealcoy.es\/es\/el-alcoyano-empata-sin-goles-ante-el-cd-alcoyano\/\" \/>\n<meta property=\"og:locale\" content=\"es_ES\" \/>\n<meta property=\"og:type\" content=\"article\" \/>\n<meta property=\"og:title\" content=\"El Alcoyano empata sin goles ante el CD Alcoyano - COPE Alcoy\" \/>\n<meta property=\"og:description\" content=\"El Alcoyano sum\u00f3 ayer domingo su tercer empate consecutivo en lo que llevamos de temporada de liga en tercera divisi\u00f3n...\" \/>\n<meta property=\"og:url\" content=\"https:\/\/www.copealcoy.es\/es\/el-alcoyano-empata-sin-goles-ante-el-cd-alcoyano\/\" \/>\n<meta property=\"og:site_name\" content=\"COPE Alcoy\" \/>\n<meta property=\"article:published_time\" content=\"2019-11-18T15:49:20+00:00\" \/>\n<meta name=\"author\" content=\"Cope Alcoy\" \/>\n<meta name=\"twitter:label1\" content=\"Escrito por\" \/>\n\t<meta name=\"twitter:data1\" content=\"Cope Alcoy\" \/>\n\t<meta name=\"twitter:label2\" content=\"Tiempo de lectura\" \/>\n\t<meta name=\"twitter:data2\" content=\"2 minutos\" \/>\n<script type=\"application\/ld+json\" class=\"yoast-schema-graph\">{\"@context\":\"https:\\\/\\\/schema.org\",\"@graph\":[{\"@type\":\"Article\",\"@id\":\"https:\\\/\\\/www.copealcoy.es\\\/es\\\/el-alcoyano-empata-sin-goles-ante-el-cd-alcoyano\\\/#article\",\"isPartOf\":{\"@id\":\"https:\\\/\\\/www.copealcoy.es\\\/es\\\/el-alcoyano-empata-sin-goles-ante-el-cd-alcoyano\\\/\"},\"author\":{\"name\":\"Cope Alcoy\",\"@id\":\"https:\\\/\\\/www.copealcoy.es\\\/es\\\/#\\\/schema\\\/person\\\/e777c87fa024e57d40170af9df39882c\"},\"headline\":\"El Alcoyano empata sin goles ante el CD Alcoyano\",\"datePublished\":\"2019-11-18T15:49:20+00:00\",\"mainEntityOfPage\":{\"@id\":\"https:\\\/\\\/www.copealcoy.es\\\/es\\\/el-alcoyano-empata-sin-goles-ante-el-cd-alcoyano\\\/\"},\"wordCount\":418,\"commentCount\":0,\"image\":{\"@id\":\"https:\\\/\\\/www.copealcoy.es\\\/es\\\/el-alcoyano-empata-sin-goles-ante-el-cd-alcoyano\\\/#primaryimage\"},\"thumbnailUrl\":\"\",\"keywords\":[\"Alcoyano\",\"CD Alcoyano\",\"empate sin goles\"],\"articleSection\":[\"Alcoy\",\"Deportes\",\"Noticias\"],\"inLanguage\":\"es\"},{\"@type\":\"WebPage\",\"@id\":\"https:\\\/\\\/www.copealcoy.es\\\/es\\\/el-alcoyano-empata-sin-goles-ante-el-cd-alcoyano\\\/\",\"url\":\"https:\\\/\\\/www.copealcoy.es\\\/es\\\/el-alcoyano-empata-sin-goles-ante-el-cd-alcoyano\\\/\",\"name\":\"El Alcoyano empata sin goles ante el CD Alcoyano - COPE Alcoy\",\"isPartOf\":{\"@id\":\"https:\\\/\\\/www.copealcoy.es\\\/es\\\/#website\"},\"primaryImageOfPage\":{\"@id\":\"https:\\\/\\\/www.copealcoy.es\\\/es\\\/el-alcoyano-empata-sin-goles-ante-el-cd-alcoyano\\\/#primaryimage\"},\"image\":{\"@id\":\"https:\\\/\\\/www.copealcoy.es\\\/es\\\/el-alcoyano-empata-sin-goles-ante-el-cd-alcoyano\\\/#primaryimage\"},\"thumbnailUrl\":\"\",\"datePublished\":\"2019-11-18T15:49:20+00:00\",\"author\":{\"@id\":\"https:\\\/\\\/www.copealcoy.es\\\/es\\\/#\\\/schema\\\/person\\\/e777c87fa024e57d40170af9df39882c\"},\"breadcrumb\":{\"@id\":\"https:\\\/\\\/www.copealcoy.es\\\/es\\\/el-alcoyano-empata-sin-goles-ante-el-cd-alcoyano\\\/#breadcrumb\"},\"inLanguage\":\"es\",\"potentialAction\":[{\"@type\":\"ReadAction\",\"target\":[\"https:\\\/\\\/www.copealcoy.es\\\/es\\\/el-alcoyano-empata-sin-goles-ante-el-cd-alcoyano\\\/\"]}]},{\"@type\":\"ImageObject\",\"inLanguage\":\"es\",\"@id\":\"https:\\\/\\\/www.copealcoy.es\\\/es\\\/el-alcoyano-empata-sin-goles-ante-el-cd-alcoyano\\\/#primaryimage\",\"url\":\"\",\"contentUrl\":\"\"},{\"@type\":\"BreadcrumbList\",\"@id\":\"https:\\\/\\\/www.copealcoy.es\\\/es\\\/el-alcoyano-empata-sin-goles-ante-el-cd-alcoyano\\\/#breadcrumb\",\"itemListElement\":[{\"@type\":\"ListItem\",\"position\":1,\"name\":\"Portada\",\"item\":\"https:\\\/\\\/www.copealcoy.es\\\/es\\\/\"},{\"@type\":\"ListItem\",\"position\":2,\"name\":\"El Alcoyano empata sin goles ante el CD Alcoyano\"}]},{\"@type\":\"WebSite\",\"@id\":\"https:\\\/\\\/www.copealcoy.es\\\/es\\\/#website\",\"url\":\"https:\\\/\\\/www.copealcoy.es\\\/es\\\/\",\"name\":\"COPE Alcoy\",\"description\":\"Emisora COPE de radio local con emisi\u00f3n online. Pont de Sant Jordi 8-10 03803 Alcoy\",\"potentialAction\":[{\"@type\":\"SearchAction\",\"target\":{\"@type\":\"EntryPoint\",\"urlTemplate\":\"https:\\\/\\\/www.copealcoy.es\\\/es\\\/?s={search_term_string}\"},\"query-input\":{\"@type\":\"PropertyValueSpecification\",\"valueRequired\":true,\"valueName\":\"search_term_string\"}}],\"inLanguage\":\"es\"},{\"@type\":\"Person\",\"@id\":\"https:\\\/\\\/www.copealcoy.es\\\/es\\\/#\\\/schema\\\/person\\\/e777c87fa024e57d40170af9df39882c\",\"name\":\"Cope Alcoy\",\"image\":{\"@type\":\"ImageObject\",\"inLanguage\":\"es\",\"@id\":\"https:\\\/\\\/secure.gravatar.com\\\/avatar\\\/bb65d0283347e303893ba14f0692005417c1e0e690a325a4c5d8bb2b3943ee14?s=96&d=mm&r=g\",\"url\":\"https:\\\/\\\/secure.gravatar.com\\\/avatar\\\/bb65d0283347e303893ba14f0692005417c1e0e690a325a4c5d8bb2b3943ee14?s=96&d=mm&r=g\",\"contentUrl\":\"https:\\\/\\\/secure.gravatar.com\\\/avatar\\\/bb65d0283347e303893ba14f0692005417c1e0e690a325a4c5d8bb2b3943ee14?s=96&d=mm&r=g\",\"caption\":\"Cope Alcoy\"}}]}<\/script>\n<!-- \/ Yoast SEO plugin. -->","yoast_head_json":{"title":"El Alcoyano empata sin goles ante el CD Alcoyano - COPE Alcoy","robots":{"index":"index","follow":"follow","max-snippet":"max-snippet:-1","max-image-preview":"max-image-preview:large","max-video-preview":"max-video-preview:-1"},"canonical":"https:\/\/www.copealcoy.es\/es\/el-alcoyano-empata-sin-goles-ante-el-cd-alcoyano\/","og_locale":"es_ES","og_type":"article","og_title":"El Alcoyano empata sin goles ante el CD Alcoyano - COPE Alcoy","og_description":"El Alcoyano sum\u00f3 ayer domingo su tercer empate consecutivo en lo que llevamos de temporada de liga en tercera divisi\u00f3n...","og_url":"https:\/\/www.copealcoy.es\/es\/el-alcoyano-empata-sin-goles-ante-el-cd-alcoyano\/","og_site_name":"COPE Alcoy","article_published_time":"2019-11-18T15:49:20+00:00","author":"Cope Alcoy","twitter_misc":{"Escrito por":"Cope Alcoy","Tiempo de lectura":"2 minutos"},"schema":{"@context":"https:\/\/schema.org","@graph":[{"@type":"Article","@id":"https:\/\/www.copealcoy.es\/es\/el-alcoyano-empata-sin-goles-ante-el-cd-alcoyano\/#article","isPartOf":{"@id":"https:\/\/www.copealcoy.es\/es\/el-alcoyano-empata-sin-goles-ante-el-cd-alcoyano\/"},"author":{"name":"Cope Alcoy","@id":"https:\/\/www.copealcoy.es\/es\/#\/schema\/person\/e777c87fa024e57d40170af9df39882c"},"headline":"El Alcoyano empata sin goles ante el CD Alcoyano","datePublished":"2019-11-18T15:49:20+00:00","mainEntityOfPage":{"@id":"https:\/\/www.copealcoy.es\/es\/el-alcoyano-empata-sin-goles-ante-el-cd-alcoyano\/"},"wordCount":418,"commentCount":0,"image":{"@id":"https:\/\/www.copealcoy.es\/es\/el-alcoyano-empata-sin-goles-ante-el-cd-alcoyano\/#primaryimage"},"thumbnailUrl":"","keywords":["Alcoyano","CD Alcoyano","empate sin goles"],"articleSection":["Alcoy","Deportes","Noticias"],"inLanguage":"es"},{"@type":"WebPage","@id":"https:\/\/www.copealcoy.es\/es\/el-alcoyano-empata-sin-goles-ante-el-cd-alcoyano\/","url":"https:\/\/www.copealcoy.es\/es\/el-alcoyano-empata-sin-goles-ante-el-cd-alcoyano\/","name":"El Alcoyano empata sin goles ante el CD Alcoyano - COPE Alcoy","isPartOf":{"@id":"https:\/\/www.copealcoy.es\/es\/#website"},"primaryImageOfPage":{"@id":"https:\/\/www.copealcoy.es\/es\/el-alcoyano-empata-sin-goles-ante-el-cd-alcoyano\/#primaryimage"},"image":{"@id":"https:\/\/www.copealcoy.es\/es\/el-alcoyano-empata-sin-goles-ante-el-cd-alcoyano\/#primaryimage"},"thumbnailUrl":"","datePublished":"2019-11-18T15:49:20+00:00","author":{"@id":"https:\/\/www.copealcoy.es\/es\/#\/schema\/person\/e777c87fa024e57d40170af9df39882c"},"breadcrumb":{"@id":"https:\/\/www.copealcoy.es\/es\/el-alcoyano-empata-sin-goles-ante-el-cd-alcoyano\/#breadcrumb"},"inLanguage":"es","potentialAction":[{"@type":"ReadAction","target":["https:\/\/www.copealcoy.es\/es\/el-alcoyano-empata-sin-goles-ante-el-cd-alcoyano\/"]}]},{"@type":"ImageObject","inLanguage":"es","@id":"https:\/\/www.copealcoy.es\/es\/el-alcoyano-empata-sin-goles-ante-el-cd-alcoyano\/#primaryimage","url":"","contentUrl":""},{"@type":"BreadcrumbList","@id":"https:\/\/www.copealcoy.es\/es\/el-alcoyano-empata-sin-goles-ante-el-cd-alcoyano\/#breadcrumb","itemListElement":[{"@type":"ListItem","position":1,"name":"Portada","item":"https:\/\/www.copealcoy.es\/es\/"},{"@type":"ListItem","position":2,"name":"El Alcoyano empata sin goles ante el CD Alcoyano"}]},{"@type":"WebSite","@id":"https:\/\/www.copealcoy.es\/es\/#website","url":"https:\/\/www.copealcoy.es\/es\/","name":"COPE Alcoy","description":"Emisora COPE de radio local con emisi\u00f3n online. Pont de Sant Jordi 8-10 03803 Alcoy","potentialAction":[{"@type":"SearchAction","target":{"@type":"EntryPoint","urlTemplate":"https:\/\/www.copealcoy.es\/es\/?s={search_term_string}"},"query-input":{"@type":"PropertyValueSpecification","valueRequired":true,"valueName":"search_term_string"}}],"inLanguage":"es"},{"@type":"Person","@id":"https:\/\/www.copealcoy.es\/es\/#\/schema\/person\/e777c87fa024e57d40170af9df39882c","name":"Cope Alcoy","image":{"@type":"ImageObject","inLanguage":"es","@id":"https:\/\/secure.gravatar.com\/avatar\/bb65d0283347e303893ba14f0692005417c1e0e690a325a4c5d8bb2b3943ee14?s=96&d=mm&r=g","url":"https:\/\/secure.gravatar.com\/avatar\/bb65d0283347e303893ba14f0692005417c1e0e690a325a4c5d8bb2b3943ee14?s=96&d=mm&r=g","contentUrl":"https:\/\/secure.gravatar.com\/avatar\/bb65d0283347e303893ba14f0692005417c1e0e690a325a4c5d8bb2b3943ee14?s=96&d=mm&r=g","caption":"Cope Alcoy"}}]}},"_links":{"self":[{"href":"https:\/\/www.copealcoy.es\/es\/wp-json\/wp\/v2\/posts\/57204","targetHints":{"allow":["GET"]}}],"collection":[{"href":"https:\/\/www.copealcoy.es\/es\/wp-json\/wp\/v2\/posts"}],"about":[{"href":"https:\/\/www.copealcoy.es\/es\/wp-json\/wp\/v2\/types\/post"}],"author":[{"embeddable":true,"href":"https:\/\/www.copealcoy.es\/es\/wp-json\/wp\/v2\/users\/1"}],"replies":[{"embeddable":true,"href":"https:\/\/www.copealcoy.es\/es\/wp-json\/wp\/v2\/comments?post=57204"}],"version-history":[{"count":0,"href":"https:\/\/www.copealcoy.es\/es\/wp-json\/wp\/v2\/posts\/57204\/revisions"}],"wp:featuredmedia":[{"embeddable":true,"href":"https:\/\/www.copealcoy.es\/es\/wp-json\/"}],"wp:attachment":[{"href":"https:\/\/www.copealcoy.es\/es\/wp-json\/wp\/v2\/media?parent=57204"}],"wp:term":[{"taxonomy":"category","embeddable":true,"href":"https:\/\/www.copealcoy.es\/es\/wp-json\/wp\/v2\/categories?post=57204"},{"taxonomy":"post_tag","embeddable":true,"href":"https:\/\/www.copealcoy.es\/es\/wp-json\/wp\/v2\/tags?post=57204"}],"curies":[{"name":"wp","href":"https:\/\/api.w.org\/{rel}","templated":true}]}}