{"id":57178,"date":"2019-11-18T14:56:28","date_gmt":"2019-11-18T14:56:28","guid":{"rendered":"https:\/\/copealcoi.es\/?p=57178"},"modified":"2019-11-18T14:56:28","modified_gmt":"2019-11-18T14:56:28","slug":"el-consell-da-un-nuevo-impulso-a-la-via-verde-alcoy-gandia","status":"publish","type":"post","link":"https:\/\/www.copealcoy.es\/es\/el-consell-da-un-nuevo-impulso-a-la-via-verde-alcoy-gandia\/","title":{"rendered":"El Consell da un nuevo impulso a la V\u00eda Verde Alcoy-Gandia"},"content":{"rendered":"<p style=\"text-align: justify;\">La <strong>Generalitat Valenciana<\/strong> dar\u00e1 un nuevo impulso <strong>al proyecto de la V\u00eda Verde entre Alcoy y Gandia<\/strong> para que este <strong>pueda ser una realidad lo m\u00e1s pronto posible<\/strong>. As\u00ed lo ha anunciado en este lunes el Conseller de\u00a0Pol\u00edtica Territorial, Obras P\u00fablicas y Movilidad, <strong>Arcadi Espa\u00f1a<\/strong>, durante <strong>la visita que ha realizado a la ciudad<\/strong> para participar en jornada<strong> &#8216;Mou-te en verd&#8217;<\/strong>.<\/p>\n<p style=\"text-align: justify;\">Espa\u00f1a ha avanzado que <strong>en los pr\u00f3ximos meses<\/strong>, especialmente a partir de enero de 2020, <strong>estar\u00e1 licitado el proyecto<\/strong> para poder iniciar las obras del trayecto por el que discurri\u00f3 a finales de los sesenta <strong>la desaparecida l\u00ednea de tren<\/strong> que conectaba nuestra ciudad con la costa. Adem\u00e1s ha asegurado que esta iniciativa <strong>dar\u00e1 un impulso al turismo, el ocio y el deporte de estas comarcas<\/strong> &#8220;<em>el impulso a esta V\u00eda Verde, que va a unir a trav\u00e9s de la movilidad sostenible dos localidades de interior y costa y dos provincias, se va a realizar en colaboraci\u00f3n con los Ayuntamientos y las Diputaciones<\/em>&#8220;, ha matizado el Conseller.<\/p>\n<p style=\"text-align: justify;\">Indicar que la jornada <strong>&#8216;Mou-te en verd&#8217;<\/strong> ha estado\u00a0<strong>organizada por la C\u00e1tedra Vectalia Movilidad de la Universidad de Alicante<\/strong><b>\u00a0<\/b>en colaboraci\u00f3n con el Ayuntamiento de Alcoy. La misma ha reunido en <strong>la C\u00e1mara de Comercio<\/strong>, sede del Campus de la UA en nuestra ciudad, a<strong>\u00a0expertos de primer nivel<\/strong><b>\u00a0<\/b>para analizar<b>\u00a0<\/b><strong>el reto de las ciudades<\/strong><b>\u00a0<\/b>en implantar<b>\u00a0<\/b><strong>una movilidad m\u00e1s verde y sostenible<\/strong>. En la citada jornada, entre otros aspectos, se ha hablado de cuestiones como <strong>la\u00a0reducci\u00f3n de la contaminaci\u00f3n, el cambio clim\u00e1tico y la gesti\u00f3n sostenible de la movilidad\u00a0<\/strong>al mismo tiempo que se ha contado con <strong>la asistencia<\/strong> de autoridades, representantes pol\u00edticos, expertos acad\u00e9micos, destacados ponentes y representantes de empresas.<\/p>\n<p style=\"text-align: justify;\">El evento ha sido inaugurado a las 9.30 horas y \u00a0a la apertura han asistido, adem\u00e1s del Conseller Arcadi Espa\u00f1a, el Alcalde de Alcoy,<strong>\u00a0<\/strong><strong>Antonio Franc\u00e9s<\/strong><b>;\u00a0<\/b>representantes de Vectalia y el rector de la Universidad de Alicante,\u00a0<strong>Manuel Palomar<\/strong>. \u00a0Todos han elogiado <strong>la apuesta que hace Alcoy en materia de movilidad sostenible<\/strong> por medio de iniciativas como <strong>el eje ciclopeatonal<\/strong> al mismo tiempo que han coincidido en <strong>la importancia de llevar a cabo iniciativas como esta<\/strong> en las que se abordan todos los retos a los que se enfrentan las grandes ciudades para <strong>implantar las tecnolog\u00edas verdes<\/strong> en la movilidad.<\/p>\n","protected":false},"excerpt":{"rendered":"<p>La Generalitat Valenciana dar\u00e1 un nuevo impulso al proyecto de la V\u00eda Verde entre Alcoy y Gandia para que este&#8230;<\/p>\n","protected":false},"author":1,"featured_media":57179,"comment_status":"open","ping_status":"open","sticky":false,"template":"","format":"standard","meta":{"footnotes":""},"categories":[97,75,125],"tags":[8526,479,9436,725],"class_list":["post-57178","post","type-post","status-publish","format-standard","has-post-thumbnail","hentry","category-alcoy","category-noticias","category-portada","tag-alcoy-gandia","tag-consell","tag-nuevo-impulso","tag-via-verde"],"yoast_head":"<!-- This site is optimized with the Yoast SEO plugin v27.3 - https:\/\/yoast.com\/product\/yoast-seo-wordpress\/ -->\n<title>El Consell da un nuevo impulso a la V\u00eda Verde Alcoy-Gandia - COPE Alcoy<\/title>\n<meta name=\"robots\" content=\"index, follow, max-snippet:-1, max-image-preview:large, max-video-preview:-1\" \/>\n<link rel=\"canonical\" href=\"https:\/\/www.copealcoy.es\/es\/el-consell-da-un-nuevo-impulso-a-la-via-verde-alcoy-gandia\/\" \/>\n<meta property=\"og:locale\" content=\"es_ES\" \/>\n<meta property=\"og:type\" content=\"article\" \/>\n<meta property=\"og:title\" content=\"El Consell da un nuevo impulso a la V\u00eda Verde Alcoy-Gandia - COPE Alcoy\" \/>\n<meta property=\"og:description\" content=\"La Generalitat Valenciana dar\u00e1 un nuevo impulso al proyecto de la V\u00eda Verde entre Alcoy y Gandia para que este...\" \/>\n<meta property=\"og:url\" content=\"https:\/\/www.copealcoy.es\/es\/el-consell-da-un-nuevo-impulso-a-la-via-verde-alcoy-gandia\/\" \/>\n<meta property=\"og:site_name\" content=\"COPE Alcoy\" \/>\n<meta property=\"article:published_time\" content=\"2019-11-18T14:56:28+00:00\" \/>\n<meta name=\"author\" content=\"Cope Alcoy\" \/>\n<meta name=\"twitter:label1\" content=\"Escrito por\" \/>\n\t<meta name=\"twitter:data1\" content=\"Cope Alcoy\" \/>\n\t<meta name=\"twitter:label2\" content=\"Tiempo de lectura\" \/>\n\t<meta name=\"twitter:data2\" content=\"2 minutos\" \/>\n<script type=\"application\/ld+json\" class=\"yoast-schema-graph\">{\"@context\":\"https:\\\/\\\/schema.org\",\"@graph\":[{\"@type\":\"Article\",\"@id\":\"https:\\\/\\\/www.copealcoy.es\\\/es\\\/el-consell-da-un-nuevo-impulso-a-la-via-verde-alcoy-gandia\\\/#article\",\"isPartOf\":{\"@id\":\"https:\\\/\\\/www.copealcoy.es\\\/es\\\/el-consell-da-un-nuevo-impulso-a-la-via-verde-alcoy-gandia\\\/\"},\"author\":{\"name\":\"Cope Alcoy\",\"@id\":\"https:\\\/\\\/www.copealcoy.es\\\/es\\\/#\\\/schema\\\/person\\\/e777c87fa024e57d40170af9df39882c\"},\"headline\":\"El Consell da un nuevo impulso a la V\u00eda Verde Alcoy-Gandia\",\"datePublished\":\"2019-11-18T14:56:28+00:00\",\"mainEntityOfPage\":{\"@id\":\"https:\\\/\\\/www.copealcoy.es\\\/es\\\/el-consell-da-un-nuevo-impulso-a-la-via-verde-alcoy-gandia\\\/\"},\"wordCount\":420,\"commentCount\":0,\"image\":{\"@id\":\"https:\\\/\\\/www.copealcoy.es\\\/es\\\/el-consell-da-un-nuevo-impulso-a-la-via-verde-alcoy-gandia\\\/#primaryimage\"},\"thumbnailUrl\":\"\",\"keywords\":[\"Alcoy-Gandia\",\"Consell\",\"nuevo impulso\",\"V\u00eda Verde\"],\"articleSection\":[\"Alcoy\",\"Noticias\",\"Portada\"],\"inLanguage\":\"es\"},{\"@type\":\"WebPage\",\"@id\":\"https:\\\/\\\/www.copealcoy.es\\\/es\\\/el-consell-da-un-nuevo-impulso-a-la-via-verde-alcoy-gandia\\\/\",\"url\":\"https:\\\/\\\/www.copealcoy.es\\\/es\\\/el-consell-da-un-nuevo-impulso-a-la-via-verde-alcoy-gandia\\\/\",\"name\":\"El Consell da un nuevo impulso a la V\u00eda Verde Alcoy-Gandia - COPE Alcoy\",\"isPartOf\":{\"@id\":\"https:\\\/\\\/www.copealcoy.es\\\/es\\\/#website\"},\"primaryImageOfPage\":{\"@id\":\"https:\\\/\\\/www.copealcoy.es\\\/es\\\/el-consell-da-un-nuevo-impulso-a-la-via-verde-alcoy-gandia\\\/#primaryimage\"},\"image\":{\"@id\":\"https:\\\/\\\/www.copealcoy.es\\\/es\\\/el-consell-da-un-nuevo-impulso-a-la-via-verde-alcoy-gandia\\\/#primaryimage\"},\"thumbnailUrl\":\"\",\"datePublished\":\"2019-11-18T14:56:28+00:00\",\"author\":{\"@id\":\"https:\\\/\\\/www.copealcoy.es\\\/es\\\/#\\\/schema\\\/person\\\/e777c87fa024e57d40170af9df39882c\"},\"breadcrumb\":{\"@id\":\"https:\\\/\\\/www.copealcoy.es\\\/es\\\/el-consell-da-un-nuevo-impulso-a-la-via-verde-alcoy-gandia\\\/#breadcrumb\"},\"inLanguage\":\"es\",\"potentialAction\":[{\"@type\":\"ReadAction\",\"target\":[\"https:\\\/\\\/www.copealcoy.es\\\/es\\\/el-consell-da-un-nuevo-impulso-a-la-via-verde-alcoy-gandia\\\/\"]}]},{\"@type\":\"ImageObject\",\"inLanguage\":\"es\",\"@id\":\"https:\\\/\\\/www.copealcoy.es\\\/es\\\/el-consell-da-un-nuevo-impulso-a-la-via-verde-alcoy-gandia\\\/#primaryimage\",\"url\":\"\",\"contentUrl\":\"\"},{\"@type\":\"BreadcrumbList\",\"@id\":\"https:\\\/\\\/www.copealcoy.es\\\/es\\\/el-consell-da-un-nuevo-impulso-a-la-via-verde-alcoy-gandia\\\/#breadcrumb\",\"itemListElement\":[{\"@type\":\"ListItem\",\"position\":1,\"name\":\"Portada\",\"item\":\"https:\\\/\\\/www.copealcoy.es\\\/es\\\/\"},{\"@type\":\"ListItem\",\"position\":2,\"name\":\"El Consell da un nuevo impulso a la V\u00eda Verde Alcoy-Gandia\"}]},{\"@type\":\"WebSite\",\"@id\":\"https:\\\/\\\/www.copealcoy.es\\\/es\\\/#website\",\"url\":\"https:\\\/\\\/www.copealcoy.es\\\/es\\\/\",\"name\":\"COPE Alcoy\",\"description\":\"Emisora COPE de radio local con emisi\u00f3n online. Pont de Sant Jordi 8-10 03803 Alcoy\",\"potentialAction\":[{\"@type\":\"SearchAction\",\"target\":{\"@type\":\"EntryPoint\",\"urlTemplate\":\"https:\\\/\\\/www.copealcoy.es\\\/es\\\/?s={search_term_string}\"},\"query-input\":{\"@type\":\"PropertyValueSpecification\",\"valueRequired\":true,\"valueName\":\"search_term_string\"}}],\"inLanguage\":\"es\"},{\"@type\":\"Person\",\"@id\":\"https:\\\/\\\/www.copealcoy.es\\\/es\\\/#\\\/schema\\\/person\\\/e777c87fa024e57d40170af9df39882c\",\"name\":\"Cope Alcoy\",\"image\":{\"@type\":\"ImageObject\",\"inLanguage\":\"es\",\"@id\":\"https:\\\/\\\/secure.gravatar.com\\\/avatar\\\/bb65d0283347e303893ba14f0692005417c1e0e690a325a4c5d8bb2b3943ee14?s=96&d=mm&r=g\",\"url\":\"https:\\\/\\\/secure.gravatar.com\\\/avatar\\\/bb65d0283347e303893ba14f0692005417c1e0e690a325a4c5d8bb2b3943ee14?s=96&d=mm&r=g\",\"contentUrl\":\"https:\\\/\\\/secure.gravatar.com\\\/avatar\\\/bb65d0283347e303893ba14f0692005417c1e0e690a325a4c5d8bb2b3943ee14?s=96&d=mm&r=g\",\"caption\":\"Cope Alcoy\"}}]}<\/script>\n<!-- \/ Yoast SEO plugin. -->","yoast_head_json":{"title":"El Consell da un nuevo impulso a la V\u00eda Verde Alcoy-Gandia - COPE Alcoy","robots":{"index":"index","follow":"follow","max-snippet":"max-snippet:-1","max-image-preview":"max-image-preview:large","max-video-preview":"max-video-preview:-1"},"canonical":"https:\/\/www.copealcoy.es\/es\/el-consell-da-un-nuevo-impulso-a-la-via-verde-alcoy-gandia\/","og_locale":"es_ES","og_type":"article","og_title":"El Consell da un nuevo impulso a la V\u00eda Verde Alcoy-Gandia - COPE Alcoy","og_description":"La Generalitat Valenciana dar\u00e1 un nuevo impulso al proyecto de la V\u00eda Verde entre Alcoy y Gandia para que este...","og_url":"https:\/\/www.copealcoy.es\/es\/el-consell-da-un-nuevo-impulso-a-la-via-verde-alcoy-gandia\/","og_site_name":"COPE Alcoy","article_published_time":"2019-11-18T14:56:28+00:00","author":"Cope Alcoy","twitter_misc":{"Escrito por":"Cope Alcoy","Tiempo de lectura":"2 minutos"},"schema":{"@context":"https:\/\/schema.org","@graph":[{"@type":"Article","@id":"https:\/\/www.copealcoy.es\/es\/el-consell-da-un-nuevo-impulso-a-la-via-verde-alcoy-gandia\/#article","isPartOf":{"@id":"https:\/\/www.copealcoy.es\/es\/el-consell-da-un-nuevo-impulso-a-la-via-verde-alcoy-gandia\/"},"author":{"name":"Cope Alcoy","@id":"https:\/\/www.copealcoy.es\/es\/#\/schema\/person\/e777c87fa024e57d40170af9df39882c"},"headline":"El Consell da un nuevo impulso a la V\u00eda Verde Alcoy-Gandia","datePublished":"2019-11-18T14:56:28+00:00","mainEntityOfPage":{"@id":"https:\/\/www.copealcoy.es\/es\/el-consell-da-un-nuevo-impulso-a-la-via-verde-alcoy-gandia\/"},"wordCount":420,"commentCount":0,"image":{"@id":"https:\/\/www.copealcoy.es\/es\/el-consell-da-un-nuevo-impulso-a-la-via-verde-alcoy-gandia\/#primaryimage"},"thumbnailUrl":"","keywords":["Alcoy-Gandia","Consell","nuevo impulso","V\u00eda Verde"],"articleSection":["Alcoy","Noticias","Portada"],"inLanguage":"es"},{"@type":"WebPage","@id":"https:\/\/www.copealcoy.es\/es\/el-consell-da-un-nuevo-impulso-a-la-via-verde-alcoy-gandia\/","url":"https:\/\/www.copealcoy.es\/es\/el-consell-da-un-nuevo-impulso-a-la-via-verde-alcoy-gandia\/","name":"El Consell da un nuevo impulso a la V\u00eda Verde Alcoy-Gandia - COPE Alcoy","isPartOf":{"@id":"https:\/\/www.copealcoy.es\/es\/#website"},"primaryImageOfPage":{"@id":"https:\/\/www.copealcoy.es\/es\/el-consell-da-un-nuevo-impulso-a-la-via-verde-alcoy-gandia\/#primaryimage"},"image":{"@id":"https:\/\/www.copealcoy.es\/es\/el-consell-da-un-nuevo-impulso-a-la-via-verde-alcoy-gandia\/#primaryimage"},"thumbnailUrl":"","datePublished":"2019-11-18T14:56:28+00:00","author":{"@id":"https:\/\/www.copealcoy.es\/es\/#\/schema\/person\/e777c87fa024e57d40170af9df39882c"},"breadcrumb":{"@id":"https:\/\/www.copealcoy.es\/es\/el-consell-da-un-nuevo-impulso-a-la-via-verde-alcoy-gandia\/#breadcrumb"},"inLanguage":"es","potentialAction":[{"@type":"ReadAction","target":["https:\/\/www.copealcoy.es\/es\/el-consell-da-un-nuevo-impulso-a-la-via-verde-alcoy-gandia\/"]}]},{"@type":"ImageObject","inLanguage":"es","@id":"https:\/\/www.copealcoy.es\/es\/el-consell-da-un-nuevo-impulso-a-la-via-verde-alcoy-gandia\/#primaryimage","url":"","contentUrl":""},{"@type":"BreadcrumbList","@id":"https:\/\/www.copealcoy.es\/es\/el-consell-da-un-nuevo-impulso-a-la-via-verde-alcoy-gandia\/#breadcrumb","itemListElement":[{"@type":"ListItem","position":1,"name":"Portada","item":"https:\/\/www.copealcoy.es\/es\/"},{"@type":"ListItem","position":2,"name":"El Consell da un nuevo impulso a la V\u00eda Verde Alcoy-Gandia"}]},{"@type":"WebSite","@id":"https:\/\/www.copealcoy.es\/es\/#website","url":"https:\/\/www.copealcoy.es\/es\/","name":"COPE Alcoy","description":"Emisora COPE de radio local con emisi\u00f3n online. Pont de Sant Jordi 8-10 03803 Alcoy","potentialAction":[{"@type":"SearchAction","target":{"@type":"EntryPoint","urlTemplate":"https:\/\/www.copealcoy.es\/es\/?s={search_term_string}"},"query-input":{"@type":"PropertyValueSpecification","valueRequired":true,"valueName":"search_term_string"}}],"inLanguage":"es"},{"@type":"Person","@id":"https:\/\/www.copealcoy.es\/es\/#\/schema\/person\/e777c87fa024e57d40170af9df39882c","name":"Cope Alcoy","image":{"@type":"ImageObject","inLanguage":"es","@id":"https:\/\/secure.gravatar.com\/avatar\/bb65d0283347e303893ba14f0692005417c1e0e690a325a4c5d8bb2b3943ee14?s=96&d=mm&r=g","url":"https:\/\/secure.gravatar.com\/avatar\/bb65d0283347e303893ba14f0692005417c1e0e690a325a4c5d8bb2b3943ee14?s=96&d=mm&r=g","contentUrl":"https:\/\/secure.gravatar.com\/avatar\/bb65d0283347e303893ba14f0692005417c1e0e690a325a4c5d8bb2b3943ee14?s=96&d=mm&r=g","caption":"Cope Alcoy"}}]}},"_links":{"self":[{"href":"https:\/\/www.copealcoy.es\/es\/wp-json\/wp\/v2\/posts\/57178","targetHints":{"allow":["GET"]}}],"collection":[{"href":"https:\/\/www.copealcoy.es\/es\/wp-json\/wp\/v2\/posts"}],"about":[{"href":"https:\/\/www.copealcoy.es\/es\/wp-json\/wp\/v2\/types\/post"}],"author":[{"embeddable":true,"href":"https:\/\/www.copealcoy.es\/es\/wp-json\/wp\/v2\/users\/1"}],"replies":[{"embeddable":true,"href":"https:\/\/www.copealcoy.es\/es\/wp-json\/wp\/v2\/comments?post=57178"}],"version-history":[{"count":0,"href":"https:\/\/www.copealcoy.es\/es\/wp-json\/wp\/v2\/posts\/57178\/revisions"}],"wp:featuredmedia":[{"embeddable":true,"href":"https:\/\/www.copealcoy.es\/es\/wp-json\/"}],"wp:attachment":[{"href":"https:\/\/www.copealcoy.es\/es\/wp-json\/wp\/v2\/media?parent=57178"}],"wp:term":[{"taxonomy":"category","embeddable":true,"href":"https:\/\/www.copealcoy.es\/es\/wp-json\/wp\/v2\/categories?post=57178"},{"taxonomy":"post_tag","embeddable":true,"href":"https:\/\/www.copealcoy.es\/es\/wp-json\/wp\/v2\/tags?post=57178"}],"curies":[{"name":"wp","href":"https:\/\/api.w.org\/{rel}","templated":true}]}}