{"id":57176,"date":"2019-11-18T14:52:25","date_gmt":"2019-11-18T14:52:25","guid":{"rendered":"https:\/\/copealcoi.es\/?p=57176"},"modified":"2019-11-18T14:52:25","modified_gmt":"2019-11-18T14:52:25","slug":"el-pp-plantea-varias-enmiendas-a-los-presupuestos-de-la-generalitat","status":"publish","type":"post","link":"https:\/\/www.copealcoy.es\/es\/el-pp-plantea-varias-enmiendas-a-los-presupuestos-de-la-generalitat\/","title":{"rendered":"El PP plantea varias enmiendas a los Presupuestos de la Generalitat"},"content":{"rendered":"<p style=\"text-align: justify;\">El <strong>Partido Popular<\/strong>, que la pasada semana <span style=\"color: #000080;\"><strong><a style=\"color: #000080;\" href=\"https:\/\/copealcoi.es\/el-pp-denuncia-que-el-consell-abandona-a-alcoy-en-los-presupuestos-autonomicos-de-2020\/\">ya denunci\u00f3<\/a><\/strong><\/span> la escasa inversi\u00f3n que contemplaba el Consell en sus cuentas de 2020 para Alcoy, <strong>ha presentado enmiendas a los Presupuestos Auton\u00f3micos<\/strong> que superan <strong>los cinco millones de euros<\/strong>.<\/p>\n<p style=\"text-align: justify;\">La de mayor cuant\u00eda<strong> asciende a los 2&#8217;1 millones de euros<\/strong> para crear <strong>el Centro de Turismo de Interior (CDT) en la Manzana de Rodes<\/strong> al mismo tiempo que los populares proponen reforzar, con <strong>un mill\u00f3n de euros<\/strong>, la partida destinada a finalizar <strong>la ampliaci\u00f3n del Hospital Virgen de los Lirios<\/strong>. Adem\u00e1s contemplan <strong>una inversi\u00f3n de 906.139 euros<\/strong> para construir <strong>la rotonda de acceso norte de Alcoy<\/strong> al no tener financiaci\u00f3n este proyecto por parte del Ministerio de Fomento &#8220;<em>ya que el Gobierno Central\u00a0<span style=\"font-size: inherit;\">se niega a financiar ese proyecto tan reivindicado por los empresarios, especialmente del Pol\u00edgono de Cotes Baixes, de<\/span><\/em><span style=\"font-size: inherit;\"><em>bemos intentar que lo pague la Generalitat Valenciana<\/em>&#8220;, afirma <strong>Quique Ruiz<\/strong>; portavoz de los populares alcoyanos. <\/span><\/p>\n<p style=\"text-align: justify;\"><span style=\"font-size: inherit;\">Indicar que a esto se le suman <strong>490.950 euros\u00a0<\/strong><\/span><strong>para equipar el Centro Especial de Enfermos Mentales del Barranquet de Soler<\/strong> y en las enmiendas del PP se destaca igualmente<strong> una cantidad de 350.000 euros<\/strong> para construir <strong>el parque de bomberos forestales<\/strong> a la vez que el PP pide tambi\u00e9n <strong>100.000 euros para la l\u00ednea f\u00e9rrea Alcoy-X\u00e0tiva<\/strong>. Por \u00faltimo, el Partido Popular <strong>solicita 50.000 euros para que la Asociaci\u00f3n Turismo Alicante Interior<\/strong> pueda desarrollar acciones de promoci\u00f3n y 3<strong>0.000 euros para la organizaci\u00f3n de la pr\u00f3xima Feria Modernista de Alcoy<\/strong>.<\/p>\n","protected":false},"excerpt":{"rendered":"<p>El Partido Popular, que la pasada semana ya denunci\u00f3 la escasa inversi\u00f3n que contemplaba el Consell en sus cuentas de&#8230;<\/p>\n","protected":false},"author":1,"featured_media":0,"comment_status":"open","ping_status":"open","sticky":false,"template":"","format":"standard","meta":{"footnotes":""},"categories":[97,75,79],"tags":[9435,2976,243,316,6934],"class_list":["post-57176","post","type-post","status-publish","format-standard","hentry","category-alcoy","category-noticias","category-politicayeconomia","tag-cinco-millones-euros","tag-enmiendas","tag-generalitat","tag-presupuestos","tag-quique-ruiz"],"yoast_head":"<!-- This site is optimized with the Yoast SEO plugin v27.3 - https:\/\/yoast.com\/product\/yoast-seo-wordpress\/ -->\n<title>El PP plantea varias enmiendas a los Presupuestos de la Generalitat - COPE Alcoy<\/title>\n<meta name=\"robots\" content=\"index, follow, max-snippet:-1, max-image-preview:large, max-video-preview:-1\" \/>\n<link rel=\"canonical\" href=\"https:\/\/www.copealcoy.es\/es\/el-pp-plantea-varias-enmiendas-a-los-presupuestos-de-la-generalitat\/\" \/>\n<meta property=\"og:locale\" content=\"es_ES\" \/>\n<meta property=\"og:type\" content=\"article\" \/>\n<meta property=\"og:title\" content=\"El PP plantea varias enmiendas a los Presupuestos de la Generalitat - COPE Alcoy\" \/>\n<meta property=\"og:description\" content=\"El Partido Popular, que la pasada semana ya denunci\u00f3 la escasa inversi\u00f3n que contemplaba el Consell en sus cuentas de...\" \/>\n<meta property=\"og:url\" content=\"https:\/\/www.copealcoy.es\/es\/el-pp-plantea-varias-enmiendas-a-los-presupuestos-de-la-generalitat\/\" \/>\n<meta property=\"og:site_name\" content=\"COPE Alcoy\" \/>\n<meta property=\"article:published_time\" content=\"2019-11-18T14:52:25+00:00\" \/>\n<meta property=\"og:image\" content=\"https:\/\/www.copealcoy.es\/wp-content\/uploads\/2018\/12\/rotonda-norte-alcoi2-1.jpeg\" \/>\n\t<meta property=\"og:image:width\" content=\"1600\" \/>\n\t<meta property=\"og:image:height\" content=\"1200\" \/>\n\t<meta property=\"og:image:type\" content=\"image\/jpeg\" \/>\n<meta name=\"author\" content=\"Cope Alcoy\" \/>\n<meta name=\"twitter:label1\" content=\"Escrito por\" \/>\n\t<meta name=\"twitter:data1\" content=\"Cope Alcoy\" \/>\n\t<meta name=\"twitter:label2\" content=\"Tiempo de lectura\" \/>\n\t<meta name=\"twitter:data2\" content=\"1 minuto\" \/>\n<script type=\"application\/ld+json\" class=\"yoast-schema-graph\">{\"@context\":\"https:\\\/\\\/schema.org\",\"@graph\":[{\"@type\":\"Article\",\"@id\":\"https:\\\/\\\/www.copealcoy.es\\\/es\\\/el-pp-plantea-varias-enmiendas-a-los-presupuestos-de-la-generalitat\\\/#article\",\"isPartOf\":{\"@id\":\"https:\\\/\\\/www.copealcoy.es\\\/es\\\/el-pp-plantea-varias-enmiendas-a-los-presupuestos-de-la-generalitat\\\/\"},\"author\":{\"name\":\"Cope Alcoy\",\"@id\":\"https:\\\/\\\/www.copealcoy.es\\\/es\\\/#\\\/schema\\\/person\\\/e777c87fa024e57d40170af9df39882c\"},\"headline\":\"El PP plantea varias enmiendas a los Presupuestos de la Generalitat\",\"datePublished\":\"2019-11-18T14:52:25+00:00\",\"mainEntityOfPage\":{\"@id\":\"https:\\\/\\\/www.copealcoy.es\\\/es\\\/el-pp-plantea-varias-enmiendas-a-los-presupuestos-de-la-generalitat\\\/\"},\"wordCount\":265,\"commentCount\":0,\"keywords\":[\"cinco millones euros\",\"enmiendas\",\"Generalitat\",\"Presupuestos\",\"Quique Ruiz\"],\"articleSection\":[\"Alcoy\",\"Noticias\",\"Pol\u00edtica y Econom\u00eda\"],\"inLanguage\":\"es\"},{\"@type\":\"WebPage\",\"@id\":\"https:\\\/\\\/www.copealcoy.es\\\/es\\\/el-pp-plantea-varias-enmiendas-a-los-presupuestos-de-la-generalitat\\\/\",\"url\":\"https:\\\/\\\/www.copealcoy.es\\\/es\\\/el-pp-plantea-varias-enmiendas-a-los-presupuestos-de-la-generalitat\\\/\",\"name\":\"El PP plantea varias enmiendas a los Presupuestos de la Generalitat - COPE Alcoy\",\"isPartOf\":{\"@id\":\"https:\\\/\\\/www.copealcoy.es\\\/es\\\/#website\"},\"datePublished\":\"2019-11-18T14:52:25+00:00\",\"author\":{\"@id\":\"https:\\\/\\\/www.copealcoy.es\\\/es\\\/#\\\/schema\\\/person\\\/e777c87fa024e57d40170af9df39882c\"},\"breadcrumb\":{\"@id\":\"https:\\\/\\\/www.copealcoy.es\\\/es\\\/el-pp-plantea-varias-enmiendas-a-los-presupuestos-de-la-generalitat\\\/#breadcrumb\"},\"inLanguage\":\"es\",\"potentialAction\":[{\"@type\":\"ReadAction\",\"target\":[\"https:\\\/\\\/www.copealcoy.es\\\/es\\\/el-pp-plantea-varias-enmiendas-a-los-presupuestos-de-la-generalitat\\\/\"]}]},{\"@type\":\"BreadcrumbList\",\"@id\":\"https:\\\/\\\/www.copealcoy.es\\\/es\\\/el-pp-plantea-varias-enmiendas-a-los-presupuestos-de-la-generalitat\\\/#breadcrumb\",\"itemListElement\":[{\"@type\":\"ListItem\",\"position\":1,\"name\":\"Portada\",\"item\":\"https:\\\/\\\/www.copealcoy.es\\\/es\\\/\"},{\"@type\":\"ListItem\",\"position\":2,\"name\":\"El PP plantea varias enmiendas a los Presupuestos de la Generalitat\"}]},{\"@type\":\"WebSite\",\"@id\":\"https:\\\/\\\/www.copealcoy.es\\\/es\\\/#website\",\"url\":\"https:\\\/\\\/www.copealcoy.es\\\/es\\\/\",\"name\":\"COPE Alcoy\",\"description\":\"Emisora COPE de radio local con emisi\u00f3n online. Pont de Sant Jordi 8-10 03803 Alcoy\",\"potentialAction\":[{\"@type\":\"SearchAction\",\"target\":{\"@type\":\"EntryPoint\",\"urlTemplate\":\"https:\\\/\\\/www.copealcoy.es\\\/es\\\/?s={search_term_string}\"},\"query-input\":{\"@type\":\"PropertyValueSpecification\",\"valueRequired\":true,\"valueName\":\"search_term_string\"}}],\"inLanguage\":\"es\"},{\"@type\":\"Person\",\"@id\":\"https:\\\/\\\/www.copealcoy.es\\\/es\\\/#\\\/schema\\\/person\\\/e777c87fa024e57d40170af9df39882c\",\"name\":\"Cope Alcoy\",\"image\":{\"@type\":\"ImageObject\",\"inLanguage\":\"es\",\"@id\":\"https:\\\/\\\/secure.gravatar.com\\\/avatar\\\/bb65d0283347e303893ba14f0692005417c1e0e690a325a4c5d8bb2b3943ee14?s=96&d=mm&r=g\",\"url\":\"https:\\\/\\\/secure.gravatar.com\\\/avatar\\\/bb65d0283347e303893ba14f0692005417c1e0e690a325a4c5d8bb2b3943ee14?s=96&d=mm&r=g\",\"contentUrl\":\"https:\\\/\\\/secure.gravatar.com\\\/avatar\\\/bb65d0283347e303893ba14f0692005417c1e0e690a325a4c5d8bb2b3943ee14?s=96&d=mm&r=g\",\"caption\":\"Cope Alcoy\"}}]}<\/script>\n<!-- \/ Yoast SEO plugin. -->","yoast_head_json":{"title":"El PP plantea varias enmiendas a los Presupuestos de la Generalitat - COPE Alcoy","robots":{"index":"index","follow":"follow","max-snippet":"max-snippet:-1","max-image-preview":"max-image-preview:large","max-video-preview":"max-video-preview:-1"},"canonical":"https:\/\/www.copealcoy.es\/es\/el-pp-plantea-varias-enmiendas-a-los-presupuestos-de-la-generalitat\/","og_locale":"es_ES","og_type":"article","og_title":"El PP plantea varias enmiendas a los Presupuestos de la Generalitat - COPE Alcoy","og_description":"El Partido Popular, que la pasada semana ya denunci\u00f3 la escasa inversi\u00f3n que contemplaba el Consell en sus cuentas de...","og_url":"https:\/\/www.copealcoy.es\/es\/el-pp-plantea-varias-enmiendas-a-los-presupuestos-de-la-generalitat\/","og_site_name":"COPE Alcoy","article_published_time":"2019-11-18T14:52:25+00:00","og_image":[{"width":1600,"height":1200,"url":"https:\/\/www.copealcoy.es\/wp-content\/uploads\/2018\/12\/rotonda-norte-alcoi2-1.jpeg","type":"image\/jpeg"}],"author":"Cope Alcoy","twitter_misc":{"Escrito por":"Cope Alcoy","Tiempo de lectura":"1 minuto"},"schema":{"@context":"https:\/\/schema.org","@graph":[{"@type":"Article","@id":"https:\/\/www.copealcoy.es\/es\/el-pp-plantea-varias-enmiendas-a-los-presupuestos-de-la-generalitat\/#article","isPartOf":{"@id":"https:\/\/www.copealcoy.es\/es\/el-pp-plantea-varias-enmiendas-a-los-presupuestos-de-la-generalitat\/"},"author":{"name":"Cope Alcoy","@id":"https:\/\/www.copealcoy.es\/es\/#\/schema\/person\/e777c87fa024e57d40170af9df39882c"},"headline":"El PP plantea varias enmiendas a los Presupuestos de la Generalitat","datePublished":"2019-11-18T14:52:25+00:00","mainEntityOfPage":{"@id":"https:\/\/www.copealcoy.es\/es\/el-pp-plantea-varias-enmiendas-a-los-presupuestos-de-la-generalitat\/"},"wordCount":265,"commentCount":0,"keywords":["cinco millones euros","enmiendas","Generalitat","Presupuestos","Quique Ruiz"],"articleSection":["Alcoy","Noticias","Pol\u00edtica y Econom\u00eda"],"inLanguage":"es"},{"@type":"WebPage","@id":"https:\/\/www.copealcoy.es\/es\/el-pp-plantea-varias-enmiendas-a-los-presupuestos-de-la-generalitat\/","url":"https:\/\/www.copealcoy.es\/es\/el-pp-plantea-varias-enmiendas-a-los-presupuestos-de-la-generalitat\/","name":"El PP plantea varias enmiendas a los Presupuestos de la Generalitat - COPE Alcoy","isPartOf":{"@id":"https:\/\/www.copealcoy.es\/es\/#website"},"datePublished":"2019-11-18T14:52:25+00:00","author":{"@id":"https:\/\/www.copealcoy.es\/es\/#\/schema\/person\/e777c87fa024e57d40170af9df39882c"},"breadcrumb":{"@id":"https:\/\/www.copealcoy.es\/es\/el-pp-plantea-varias-enmiendas-a-los-presupuestos-de-la-generalitat\/#breadcrumb"},"inLanguage":"es","potentialAction":[{"@type":"ReadAction","target":["https:\/\/www.copealcoy.es\/es\/el-pp-plantea-varias-enmiendas-a-los-presupuestos-de-la-generalitat\/"]}]},{"@type":"BreadcrumbList","@id":"https:\/\/www.copealcoy.es\/es\/el-pp-plantea-varias-enmiendas-a-los-presupuestos-de-la-generalitat\/#breadcrumb","itemListElement":[{"@type":"ListItem","position":1,"name":"Portada","item":"https:\/\/www.copealcoy.es\/es\/"},{"@type":"ListItem","position":2,"name":"El PP plantea varias enmiendas a los Presupuestos de la Generalitat"}]},{"@type":"WebSite","@id":"https:\/\/www.copealcoy.es\/es\/#website","url":"https:\/\/www.copealcoy.es\/es\/","name":"COPE Alcoy","description":"Emisora COPE de radio local con emisi\u00f3n online. Pont de Sant Jordi 8-10 03803 Alcoy","potentialAction":[{"@type":"SearchAction","target":{"@type":"EntryPoint","urlTemplate":"https:\/\/www.copealcoy.es\/es\/?s={search_term_string}"},"query-input":{"@type":"PropertyValueSpecification","valueRequired":true,"valueName":"search_term_string"}}],"inLanguage":"es"},{"@type":"Person","@id":"https:\/\/www.copealcoy.es\/es\/#\/schema\/person\/e777c87fa024e57d40170af9df39882c","name":"Cope Alcoy","image":{"@type":"ImageObject","inLanguage":"es","@id":"https:\/\/secure.gravatar.com\/avatar\/bb65d0283347e303893ba14f0692005417c1e0e690a325a4c5d8bb2b3943ee14?s=96&d=mm&r=g","url":"https:\/\/secure.gravatar.com\/avatar\/bb65d0283347e303893ba14f0692005417c1e0e690a325a4c5d8bb2b3943ee14?s=96&d=mm&r=g","contentUrl":"https:\/\/secure.gravatar.com\/avatar\/bb65d0283347e303893ba14f0692005417c1e0e690a325a4c5d8bb2b3943ee14?s=96&d=mm&r=g","caption":"Cope Alcoy"}}]}},"_links":{"self":[{"href":"https:\/\/www.copealcoy.es\/es\/wp-json\/wp\/v2\/posts\/57176","targetHints":{"allow":["GET"]}}],"collection":[{"href":"https:\/\/www.copealcoy.es\/es\/wp-json\/wp\/v2\/posts"}],"about":[{"href":"https:\/\/www.copealcoy.es\/es\/wp-json\/wp\/v2\/types\/post"}],"author":[{"embeddable":true,"href":"https:\/\/www.copealcoy.es\/es\/wp-json\/wp\/v2\/users\/1"}],"replies":[{"embeddable":true,"href":"https:\/\/www.copealcoy.es\/es\/wp-json\/wp\/v2\/comments?post=57176"}],"version-history":[{"count":0,"href":"https:\/\/www.copealcoy.es\/es\/wp-json\/wp\/v2\/posts\/57176\/revisions"}],"wp:attachment":[{"href":"https:\/\/www.copealcoy.es\/es\/wp-json\/wp\/v2\/media?parent=57176"}],"wp:term":[{"taxonomy":"category","embeddable":true,"href":"https:\/\/www.copealcoy.es\/es\/wp-json\/wp\/v2\/categories?post=57176"},{"taxonomy":"post_tag","embeddable":true,"href":"https:\/\/www.copealcoy.es\/es\/wp-json\/wp\/v2\/tags?post=57176"}],"curies":[{"name":"wp","href":"https:\/\/api.w.org\/{rel}","templated":true}]}}