{"id":57094,"date":"2019-11-14T21:55:27","date_gmt":"2019-11-14T21:55:27","guid":{"rendered":"https:\/\/copealcoi.es\/?p=57094"},"modified":"2019-11-14T21:55:27","modified_gmt":"2019-11-14T21:55:27","slug":"el-ayuntamiento-de-cocentaina-ya-tiene-su-auca-de-la-fira","status":"publish","type":"post","link":"https:\/\/www.copealcoy.es\/es\/el-ayuntamiento-de-cocentaina-ya-tiene-su-auca-de-la-fira\/","title":{"rendered":"El Ayuntamiento de Cocentaina ya tiene su Auca de la Fira"},"content":{"rendered":"<p style=\"text-align: justify;\">El <strong>taller de carrers y taulellets de la Escuela de Adultos de la FPA Beniassent<\/strong> ha pintado para el Ayuntamiento de Cocentaina e<strong>l Auca de la Fira<\/strong> con el fin de conmemorar que en abril de 2019 fue declarada de <strong>Inter\u00e9s Tur\u00edstico Internacional<\/strong>. El dise\u00f1o de los dibujos es de <strong>Abad y Segura<\/strong> mientras que el texto fue creado por <strong>Jos\u00e9 Miguel L\u00f3pez P\u00e9rez<\/strong>, quien encomend\u00f3 el Auca cuando era concejal de Fira.<\/p>\n<p style=\"text-align: justify;\">La alcaldesa de la Villa Condal, <strong>Mireia Estepa<\/strong>, confi\u00f3 esta tarea <strong>al grupo de azulejos<\/strong> &#8220;<em>por su buen hacer y la profesionalidad de sus trabajos. Sab\u00eda que el resultado iba a ser maravilloso y, en efecto, ha sido un \u00e9xito que ahora todas las personas que vienen al ayuntamiento pueden contemplar<\/em>&#8220;, afirma la primera edil.<\/p>\n<p style=\"text-align: justify;\">Este grupo lo componen <strong>alumnos de cer\u00e1mica<\/strong> que voluntariamente hacen los mostradores de <strong>las calles de Cocentaina<\/strong>. La concejal\u00eda de Educaci\u00f3n se hace cargo de <strong>los gastos del material<\/strong> y <strong>la docencia<\/strong> mientras <strong>los artistas ponen sus horas de trabajo<\/strong> desinteresadamente.<\/p>\n","protected":false},"excerpt":{"rendered":"<p>El taller de carrers y taulellets de la Escuela de Adultos de la FPA Beniassent ha pintado para el Ayuntamiento&#8230;<\/p>\n","protected":false},"author":1,"featured_media":57150,"comment_status":"open","ping_status":"open","sticky":false,"template":"","format":"standard","meta":{"footnotes":""},"categories":[98,75],"tags":[9426,229,132,9427,1799],"class_list":["post-57094","post","type-post","status-publish","format-standard","has-post-thumbnail","hentry","category-comarcas","category-noticias","tag-auca-de-la-fira","tag-ayuntamiento","tag-cocentaina","tag-fpa-beniassent","tag-mireia-estepa"],"yoast_head":"<!-- This site is optimized with the Yoast SEO plugin v27.3 - https:\/\/yoast.com\/product\/yoast-seo-wordpress\/ -->\n<title>El Ayuntamiento de Cocentaina ya tiene su Auca de la Fira - COPE Alcoy<\/title>\n<meta name=\"robots\" content=\"index, follow, max-snippet:-1, max-image-preview:large, max-video-preview:-1\" \/>\n<link rel=\"canonical\" href=\"https:\/\/www.copealcoy.es\/es\/el-ayuntamiento-de-cocentaina-ya-tiene-su-auca-de-la-fira\/\" \/>\n<meta property=\"og:locale\" content=\"es_ES\" \/>\n<meta property=\"og:type\" content=\"article\" \/>\n<meta property=\"og:title\" content=\"El Ayuntamiento de Cocentaina ya tiene su Auca de la Fira - COPE Alcoy\" \/>\n<meta property=\"og:description\" content=\"El taller de carrers y taulellets de la Escuela de Adultos de la FPA Beniassent ha pintado para el Ayuntamiento...\" \/>\n<meta property=\"og:url\" content=\"https:\/\/www.copealcoy.es\/es\/el-ayuntamiento-de-cocentaina-ya-tiene-su-auca-de-la-fira\/\" \/>\n<meta property=\"og:site_name\" content=\"COPE Alcoy\" \/>\n<meta property=\"article:published_time\" content=\"2019-11-14T21:55:27+00:00\" \/>\n<meta name=\"author\" content=\"Cope Alcoy\" \/>\n<meta name=\"twitter:label1\" content=\"Escrito por\" \/>\n\t<meta name=\"twitter:data1\" content=\"Cope Alcoy\" \/>\n\t<meta name=\"twitter:label2\" content=\"Tiempo de lectura\" \/>\n\t<meta name=\"twitter:data2\" content=\"1 minuto\" \/>\n<script type=\"application\/ld+json\" class=\"yoast-schema-graph\">{\"@context\":\"https:\\\/\\\/schema.org\",\"@graph\":[{\"@type\":\"Article\",\"@id\":\"https:\\\/\\\/www.copealcoy.es\\\/es\\\/el-ayuntamiento-de-cocentaina-ya-tiene-su-auca-de-la-fira\\\/#article\",\"isPartOf\":{\"@id\":\"https:\\\/\\\/www.copealcoy.es\\\/es\\\/el-ayuntamiento-de-cocentaina-ya-tiene-su-auca-de-la-fira\\\/\"},\"author\":{\"name\":\"Cope Alcoy\",\"@id\":\"https:\\\/\\\/www.copealcoy.es\\\/es\\\/#\\\/schema\\\/person\\\/e777c87fa024e57d40170af9df39882c\"},\"headline\":\"El Ayuntamiento de Cocentaina ya tiene su Auca de la Fira\",\"datePublished\":\"2019-11-14T21:55:27+00:00\",\"mainEntityOfPage\":{\"@id\":\"https:\\\/\\\/www.copealcoy.es\\\/es\\\/el-ayuntamiento-de-cocentaina-ya-tiene-su-auca-de-la-fira\\\/\"},\"wordCount\":188,\"commentCount\":0,\"image\":{\"@id\":\"https:\\\/\\\/www.copealcoy.es\\\/es\\\/el-ayuntamiento-de-cocentaina-ya-tiene-su-auca-de-la-fira\\\/#primaryimage\"},\"thumbnailUrl\":\"\",\"keywords\":[\"Auca de la Fira\",\"Ayuntamiento\",\"Cocentaina\",\"FPA Beniassent\",\"Mireia Estepa\"],\"articleSection\":[\"Comarcas\",\"Noticias\"],\"inLanguage\":\"es\"},{\"@type\":\"WebPage\",\"@id\":\"https:\\\/\\\/www.copealcoy.es\\\/es\\\/el-ayuntamiento-de-cocentaina-ya-tiene-su-auca-de-la-fira\\\/\",\"url\":\"https:\\\/\\\/www.copealcoy.es\\\/es\\\/el-ayuntamiento-de-cocentaina-ya-tiene-su-auca-de-la-fira\\\/\",\"name\":\"El Ayuntamiento de Cocentaina ya tiene su Auca de la Fira - COPE Alcoy\",\"isPartOf\":{\"@id\":\"https:\\\/\\\/www.copealcoy.es\\\/es\\\/#website\"},\"primaryImageOfPage\":{\"@id\":\"https:\\\/\\\/www.copealcoy.es\\\/es\\\/el-ayuntamiento-de-cocentaina-ya-tiene-su-auca-de-la-fira\\\/#primaryimage\"},\"image\":{\"@id\":\"https:\\\/\\\/www.copealcoy.es\\\/es\\\/el-ayuntamiento-de-cocentaina-ya-tiene-su-auca-de-la-fira\\\/#primaryimage\"},\"thumbnailUrl\":\"\",\"datePublished\":\"2019-11-14T21:55:27+00:00\",\"author\":{\"@id\":\"https:\\\/\\\/www.copealcoy.es\\\/es\\\/#\\\/schema\\\/person\\\/e777c87fa024e57d40170af9df39882c\"},\"breadcrumb\":{\"@id\":\"https:\\\/\\\/www.copealcoy.es\\\/es\\\/el-ayuntamiento-de-cocentaina-ya-tiene-su-auca-de-la-fira\\\/#breadcrumb\"},\"inLanguage\":\"es\",\"potentialAction\":[{\"@type\":\"ReadAction\",\"target\":[\"https:\\\/\\\/www.copealcoy.es\\\/es\\\/el-ayuntamiento-de-cocentaina-ya-tiene-su-auca-de-la-fira\\\/\"]}]},{\"@type\":\"ImageObject\",\"inLanguage\":\"es\",\"@id\":\"https:\\\/\\\/www.copealcoy.es\\\/es\\\/el-ayuntamiento-de-cocentaina-ya-tiene-su-auca-de-la-fira\\\/#primaryimage\",\"url\":\"\",\"contentUrl\":\"\"},{\"@type\":\"BreadcrumbList\",\"@id\":\"https:\\\/\\\/www.copealcoy.es\\\/es\\\/el-ayuntamiento-de-cocentaina-ya-tiene-su-auca-de-la-fira\\\/#breadcrumb\",\"itemListElement\":[{\"@type\":\"ListItem\",\"position\":1,\"name\":\"Portada\",\"item\":\"https:\\\/\\\/www.copealcoy.es\\\/es\\\/\"},{\"@type\":\"ListItem\",\"position\":2,\"name\":\"El Ayuntamiento de Cocentaina ya tiene su Auca de la Fira\"}]},{\"@type\":\"WebSite\",\"@id\":\"https:\\\/\\\/www.copealcoy.es\\\/es\\\/#website\",\"url\":\"https:\\\/\\\/www.copealcoy.es\\\/es\\\/\",\"name\":\"COPE Alcoy\",\"description\":\"Emisora COPE de radio local con emisi\u00f3n online. Pont de Sant Jordi 8-10 03803 Alcoy\",\"potentialAction\":[{\"@type\":\"SearchAction\",\"target\":{\"@type\":\"EntryPoint\",\"urlTemplate\":\"https:\\\/\\\/www.copealcoy.es\\\/es\\\/?s={search_term_string}\"},\"query-input\":{\"@type\":\"PropertyValueSpecification\",\"valueRequired\":true,\"valueName\":\"search_term_string\"}}],\"inLanguage\":\"es\"},{\"@type\":\"Person\",\"@id\":\"https:\\\/\\\/www.copealcoy.es\\\/es\\\/#\\\/schema\\\/person\\\/e777c87fa024e57d40170af9df39882c\",\"name\":\"Cope Alcoy\",\"image\":{\"@type\":\"ImageObject\",\"inLanguage\":\"es\",\"@id\":\"https:\\\/\\\/secure.gravatar.com\\\/avatar\\\/bb65d0283347e303893ba14f0692005417c1e0e690a325a4c5d8bb2b3943ee14?s=96&d=mm&r=g\",\"url\":\"https:\\\/\\\/secure.gravatar.com\\\/avatar\\\/bb65d0283347e303893ba14f0692005417c1e0e690a325a4c5d8bb2b3943ee14?s=96&d=mm&r=g\",\"contentUrl\":\"https:\\\/\\\/secure.gravatar.com\\\/avatar\\\/bb65d0283347e303893ba14f0692005417c1e0e690a325a4c5d8bb2b3943ee14?s=96&d=mm&r=g\",\"caption\":\"Cope Alcoy\"}}]}<\/script>\n<!-- \/ Yoast SEO plugin. -->","yoast_head_json":{"title":"El Ayuntamiento de Cocentaina ya tiene su Auca de la Fira - COPE Alcoy","robots":{"index":"index","follow":"follow","max-snippet":"max-snippet:-1","max-image-preview":"max-image-preview:large","max-video-preview":"max-video-preview:-1"},"canonical":"https:\/\/www.copealcoy.es\/es\/el-ayuntamiento-de-cocentaina-ya-tiene-su-auca-de-la-fira\/","og_locale":"es_ES","og_type":"article","og_title":"El Ayuntamiento de Cocentaina ya tiene su Auca de la Fira - COPE Alcoy","og_description":"El taller de carrers y taulellets de la Escuela de Adultos de la FPA Beniassent ha pintado para el Ayuntamiento...","og_url":"https:\/\/www.copealcoy.es\/es\/el-ayuntamiento-de-cocentaina-ya-tiene-su-auca-de-la-fira\/","og_site_name":"COPE Alcoy","article_published_time":"2019-11-14T21:55:27+00:00","author":"Cope Alcoy","twitter_misc":{"Escrito por":"Cope Alcoy","Tiempo de lectura":"1 minuto"},"schema":{"@context":"https:\/\/schema.org","@graph":[{"@type":"Article","@id":"https:\/\/www.copealcoy.es\/es\/el-ayuntamiento-de-cocentaina-ya-tiene-su-auca-de-la-fira\/#article","isPartOf":{"@id":"https:\/\/www.copealcoy.es\/es\/el-ayuntamiento-de-cocentaina-ya-tiene-su-auca-de-la-fira\/"},"author":{"name":"Cope Alcoy","@id":"https:\/\/www.copealcoy.es\/es\/#\/schema\/person\/e777c87fa024e57d40170af9df39882c"},"headline":"El Ayuntamiento de Cocentaina ya tiene su Auca de la Fira","datePublished":"2019-11-14T21:55:27+00:00","mainEntityOfPage":{"@id":"https:\/\/www.copealcoy.es\/es\/el-ayuntamiento-de-cocentaina-ya-tiene-su-auca-de-la-fira\/"},"wordCount":188,"commentCount":0,"image":{"@id":"https:\/\/www.copealcoy.es\/es\/el-ayuntamiento-de-cocentaina-ya-tiene-su-auca-de-la-fira\/#primaryimage"},"thumbnailUrl":"","keywords":["Auca de la Fira","Ayuntamiento","Cocentaina","FPA Beniassent","Mireia Estepa"],"articleSection":["Comarcas","Noticias"],"inLanguage":"es"},{"@type":"WebPage","@id":"https:\/\/www.copealcoy.es\/es\/el-ayuntamiento-de-cocentaina-ya-tiene-su-auca-de-la-fira\/","url":"https:\/\/www.copealcoy.es\/es\/el-ayuntamiento-de-cocentaina-ya-tiene-su-auca-de-la-fira\/","name":"El Ayuntamiento de Cocentaina ya tiene su Auca de la Fira - COPE Alcoy","isPartOf":{"@id":"https:\/\/www.copealcoy.es\/es\/#website"},"primaryImageOfPage":{"@id":"https:\/\/www.copealcoy.es\/es\/el-ayuntamiento-de-cocentaina-ya-tiene-su-auca-de-la-fira\/#primaryimage"},"image":{"@id":"https:\/\/www.copealcoy.es\/es\/el-ayuntamiento-de-cocentaina-ya-tiene-su-auca-de-la-fira\/#primaryimage"},"thumbnailUrl":"","datePublished":"2019-11-14T21:55:27+00:00","author":{"@id":"https:\/\/www.copealcoy.es\/es\/#\/schema\/person\/e777c87fa024e57d40170af9df39882c"},"breadcrumb":{"@id":"https:\/\/www.copealcoy.es\/es\/el-ayuntamiento-de-cocentaina-ya-tiene-su-auca-de-la-fira\/#breadcrumb"},"inLanguage":"es","potentialAction":[{"@type":"ReadAction","target":["https:\/\/www.copealcoy.es\/es\/el-ayuntamiento-de-cocentaina-ya-tiene-su-auca-de-la-fira\/"]}]},{"@type":"ImageObject","inLanguage":"es","@id":"https:\/\/www.copealcoy.es\/es\/el-ayuntamiento-de-cocentaina-ya-tiene-su-auca-de-la-fira\/#primaryimage","url":"","contentUrl":""},{"@type":"BreadcrumbList","@id":"https:\/\/www.copealcoy.es\/es\/el-ayuntamiento-de-cocentaina-ya-tiene-su-auca-de-la-fira\/#breadcrumb","itemListElement":[{"@type":"ListItem","position":1,"name":"Portada","item":"https:\/\/www.copealcoy.es\/es\/"},{"@type":"ListItem","position":2,"name":"El Ayuntamiento de Cocentaina ya tiene su Auca de la Fira"}]},{"@type":"WebSite","@id":"https:\/\/www.copealcoy.es\/es\/#website","url":"https:\/\/www.copealcoy.es\/es\/","name":"COPE Alcoy","description":"Emisora COPE de radio local con emisi\u00f3n online. Pont de Sant Jordi 8-10 03803 Alcoy","potentialAction":[{"@type":"SearchAction","target":{"@type":"EntryPoint","urlTemplate":"https:\/\/www.copealcoy.es\/es\/?s={search_term_string}"},"query-input":{"@type":"PropertyValueSpecification","valueRequired":true,"valueName":"search_term_string"}}],"inLanguage":"es"},{"@type":"Person","@id":"https:\/\/www.copealcoy.es\/es\/#\/schema\/person\/e777c87fa024e57d40170af9df39882c","name":"Cope Alcoy","image":{"@type":"ImageObject","inLanguage":"es","@id":"https:\/\/secure.gravatar.com\/avatar\/bb65d0283347e303893ba14f0692005417c1e0e690a325a4c5d8bb2b3943ee14?s=96&d=mm&r=g","url":"https:\/\/secure.gravatar.com\/avatar\/bb65d0283347e303893ba14f0692005417c1e0e690a325a4c5d8bb2b3943ee14?s=96&d=mm&r=g","contentUrl":"https:\/\/secure.gravatar.com\/avatar\/bb65d0283347e303893ba14f0692005417c1e0e690a325a4c5d8bb2b3943ee14?s=96&d=mm&r=g","caption":"Cope Alcoy"}}]}},"_links":{"self":[{"href":"https:\/\/www.copealcoy.es\/es\/wp-json\/wp\/v2\/posts\/57094","targetHints":{"allow":["GET"]}}],"collection":[{"href":"https:\/\/www.copealcoy.es\/es\/wp-json\/wp\/v2\/posts"}],"about":[{"href":"https:\/\/www.copealcoy.es\/es\/wp-json\/wp\/v2\/types\/post"}],"author":[{"embeddable":true,"href":"https:\/\/www.copealcoy.es\/es\/wp-json\/wp\/v2\/users\/1"}],"replies":[{"embeddable":true,"href":"https:\/\/www.copealcoy.es\/es\/wp-json\/wp\/v2\/comments?post=57094"}],"version-history":[{"count":0,"href":"https:\/\/www.copealcoy.es\/es\/wp-json\/wp\/v2\/posts\/57094\/revisions"}],"wp:featuredmedia":[{"embeddable":true,"href":"https:\/\/www.copealcoy.es\/es\/wp-json\/"}],"wp:attachment":[{"href":"https:\/\/www.copealcoy.es\/es\/wp-json\/wp\/v2\/media?parent=57094"}],"wp:term":[{"taxonomy":"category","embeddable":true,"href":"https:\/\/www.copealcoy.es\/es\/wp-json\/wp\/v2\/categories?post=57094"},{"taxonomy":"post_tag","embeddable":true,"href":"https:\/\/www.copealcoy.es\/es\/wp-json\/wp\/v2\/tags?post=57094"}],"curies":[{"name":"wp","href":"https:\/\/api.w.org\/{rel}","templated":true}]}}