{"id":57076,"date":"2019-11-14T15:34:56","date_gmt":"2019-11-14T15:34:56","guid":{"rendered":"https:\/\/copealcoi.es\/?p=57076"},"modified":"2019-11-14T15:34:56","modified_gmt":"2019-11-14T15:34:56","slug":"el-pp-critica-el-gasto-para-recuperar-los-aparcamientos-eliminados-por-el-carril-bici","status":"publish","type":"post","link":"https:\/\/www.copealcoy.es\/es\/el-pp-critica-el-gasto-para-recuperar-los-aparcamientos-eliminados-por-el-carril-bici\/","title":{"rendered":"El PP critica el gasto para recuperar los aparcamientos eliminados por el carril bici"},"content":{"rendered":"<p style=\"text-align: justify;\">El <strong>Partido Popular de Alcoy<\/strong> denuncia que <strong>la eliminaci\u00f3n de 222 plazas de aparcamiento<\/strong>, provocada por el nuevo eje ciclopeatonal de la ciudad, tendr\u00e1 <strong>un elevado coste<\/strong> para el Ayuntamiento.<\/p>\n<p style=\"text-align: justify;\">Los populares alcoyanos explican que <strong>solo la creaci\u00f3n de los cuatro primeros aparcamientos<\/strong>, con los que compensar las plazas retiradas, <strong>representa un gasto de 92.080 euros<\/strong>\u00a0seg\u00fan explica el portavoz del PP;\u00a0<strong>Quique Ruiz<\/strong>. Esta cifra, advierte Ruiz, <strong>supone un sobrecoste del 12,9%<\/strong> respecto al precio del carril bici, adjudicado por <strong>712.090,24 euros<\/strong>. El portavoz popular insiste en que el citado sobrecoste <strong>se incrementar\u00e1 en los pr\u00f3ximos meses<\/strong> cuando el Gobierno del PSOE <strong>cierre nuevos acuerdos con los propietarios<\/strong> de, al menos, <strong>otros tres solares<\/strong> &#8220;<em>son espacios cuya urbanizaci\u00f3n tampoco figura en el proyecto original del eje ciclopeatonal. De las alternativas propuestas para compensar la p\u00e9rdida de aparcamiento se han ca\u00eddo las dos ubicadas en torno a la estaci\u00f3n de Renfe: una por la negativa de Adif a ceder el suelo y la otra porque finalmente mantendr\u00e1 su actual uso como huerto social.\u00a0Un proyecto que es positivo para la ciudad se ha convertido en un problema para los vecinos, especialmente en Santa Rosa, y obliga ahora a destinar m\u00e1s recursos para ofrecer soluciones<\/em>&#8220;, se\u00f1ala Ruiz.<\/p>\n<p style=\"text-align: justify;\">Por \u00faltimo el Partido Popular destaca que <strong>el Gobierno Municipal ha vuelto a improvisar ante un proyecto importante para la ciudad<\/strong> y reprocha a los socialistas que anunciaran <strong>la creaci\u00f3n de hasta 367 nuevos aparcamientos<\/strong> con la creaci\u00f3n del eje ciclopeatonal &#8220;<em>hizo creer que ten\u00eda una soluci\u00f3n inmediata y, de conseguirla, se producir\u00e1 a medio o largo plazo con importantes costes adicionales sobre el proyecto adicional<\/em>&#8220;, concluye el portavoz Quique Ruiz.<\/p>\n","protected":false},"excerpt":{"rendered":"<p>El Partido Popular de Alcoy denuncia que la eliminaci\u00f3n de 222 plazas de aparcamiento, provocada por el nuevo eje ciclopeatonal&#8230;<\/p>\n","protected":false},"author":1,"featured_media":57077,"comment_status":"open","ping_status":"open","sticky":false,"template":"","format":"standard","meta":{"footnotes":""},"categories":[97,75,79],"tags":[1494,5050,9425,227,6934,4810],"class_list":["post-57076","post","type-post","status-publish","format-standard","has-post-thumbnail","hentry","category-alcoy","category-noticias","category-politicayeconomia","tag-alcoy","tag-carril-bici","tag-gasto","tag-pp","tag-quique-ruiz","tag-recuperacion"],"yoast_head":"<!-- This site is optimized with the Yoast SEO plugin v27.3 - https:\/\/yoast.com\/product\/yoast-seo-wordpress\/ -->\n<title>El PP critica el gasto para recuperar los aparcamientos eliminados por el carril bici - COPE Alcoy<\/title>\n<meta name=\"robots\" content=\"index, follow, max-snippet:-1, max-image-preview:large, max-video-preview:-1\" \/>\n<link rel=\"canonical\" href=\"https:\/\/www.copealcoy.es\/es\/el-pp-critica-el-gasto-para-recuperar-los-aparcamientos-eliminados-por-el-carril-bici\/\" \/>\n<meta property=\"og:locale\" content=\"es_ES\" \/>\n<meta property=\"og:type\" content=\"article\" \/>\n<meta property=\"og:title\" content=\"El PP critica el gasto para recuperar los aparcamientos eliminados por el carril bici - COPE Alcoy\" \/>\n<meta property=\"og:description\" content=\"El Partido Popular de Alcoy denuncia que la eliminaci\u00f3n de 222 plazas de aparcamiento, provocada por el nuevo eje ciclopeatonal...\" \/>\n<meta property=\"og:url\" content=\"https:\/\/www.copealcoy.es\/es\/el-pp-critica-el-gasto-para-recuperar-los-aparcamientos-eliminados-por-el-carril-bici\/\" \/>\n<meta property=\"og:site_name\" content=\"COPE Alcoy\" \/>\n<meta property=\"article:published_time\" content=\"2019-11-14T15:34:56+00:00\" \/>\n<meta name=\"author\" content=\"Cope Alcoy\" \/>\n<meta name=\"twitter:label1\" content=\"Escrito por\" \/>\n\t<meta name=\"twitter:data1\" content=\"Cope Alcoy\" \/>\n\t<meta name=\"twitter:label2\" content=\"Tiempo de lectura\" \/>\n\t<meta name=\"twitter:data2\" content=\"1 minuto\" \/>\n<script type=\"application\/ld+json\" class=\"yoast-schema-graph\">{\"@context\":\"https:\\\/\\\/schema.org\",\"@graph\":[{\"@type\":\"Article\",\"@id\":\"https:\\\/\\\/www.copealcoy.es\\\/es\\\/el-pp-critica-el-gasto-para-recuperar-los-aparcamientos-eliminados-por-el-carril-bici\\\/#article\",\"isPartOf\":{\"@id\":\"https:\\\/\\\/www.copealcoy.es\\\/es\\\/el-pp-critica-el-gasto-para-recuperar-los-aparcamientos-eliminados-por-el-carril-bici\\\/\"},\"author\":{\"name\":\"Cope Alcoy\",\"@id\":\"https:\\\/\\\/www.copealcoy.es\\\/es\\\/#\\\/schema\\\/person\\\/e777c87fa024e57d40170af9df39882c\"},\"headline\":\"El PP critica el gasto para recuperar los aparcamientos eliminados por el carril bici\",\"datePublished\":\"2019-11-14T15:34:56+00:00\",\"mainEntityOfPage\":{\"@id\":\"https:\\\/\\\/www.copealcoy.es\\\/es\\\/el-pp-critica-el-gasto-para-recuperar-los-aparcamientos-eliminados-por-el-carril-bici\\\/\"},\"wordCount\":300,\"commentCount\":0,\"image\":{\"@id\":\"https:\\\/\\\/www.copealcoy.es\\\/es\\\/el-pp-critica-el-gasto-para-recuperar-los-aparcamientos-eliminados-por-el-carril-bici\\\/#primaryimage\"},\"thumbnailUrl\":\"\",\"keywords\":[\"Alcoy\",\"carril bici\",\"gasto\",\"PP\",\"Quique Ruiz\",\"recuperaci\u00f3n\"],\"articleSection\":[\"Alcoy\",\"Noticias\",\"Pol\u00edtica y Econom\u00eda\"],\"inLanguage\":\"es\"},{\"@type\":\"WebPage\",\"@id\":\"https:\\\/\\\/www.copealcoy.es\\\/es\\\/el-pp-critica-el-gasto-para-recuperar-los-aparcamientos-eliminados-por-el-carril-bici\\\/\",\"url\":\"https:\\\/\\\/www.copealcoy.es\\\/es\\\/el-pp-critica-el-gasto-para-recuperar-los-aparcamientos-eliminados-por-el-carril-bici\\\/\",\"name\":\"El PP critica el gasto para recuperar los aparcamientos eliminados por el carril bici - COPE Alcoy\",\"isPartOf\":{\"@id\":\"https:\\\/\\\/www.copealcoy.es\\\/es\\\/#website\"},\"primaryImageOfPage\":{\"@id\":\"https:\\\/\\\/www.copealcoy.es\\\/es\\\/el-pp-critica-el-gasto-para-recuperar-los-aparcamientos-eliminados-por-el-carril-bici\\\/#primaryimage\"},\"image\":{\"@id\":\"https:\\\/\\\/www.copealcoy.es\\\/es\\\/el-pp-critica-el-gasto-para-recuperar-los-aparcamientos-eliminados-por-el-carril-bici\\\/#primaryimage\"},\"thumbnailUrl\":\"\",\"datePublished\":\"2019-11-14T15:34:56+00:00\",\"author\":{\"@id\":\"https:\\\/\\\/www.copealcoy.es\\\/es\\\/#\\\/schema\\\/person\\\/e777c87fa024e57d40170af9df39882c\"},\"breadcrumb\":{\"@id\":\"https:\\\/\\\/www.copealcoy.es\\\/es\\\/el-pp-critica-el-gasto-para-recuperar-los-aparcamientos-eliminados-por-el-carril-bici\\\/#breadcrumb\"},\"inLanguage\":\"es\",\"potentialAction\":[{\"@type\":\"ReadAction\",\"target\":[\"https:\\\/\\\/www.copealcoy.es\\\/es\\\/el-pp-critica-el-gasto-para-recuperar-los-aparcamientos-eliminados-por-el-carril-bici\\\/\"]}]},{\"@type\":\"ImageObject\",\"inLanguage\":\"es\",\"@id\":\"https:\\\/\\\/www.copealcoy.es\\\/es\\\/el-pp-critica-el-gasto-para-recuperar-los-aparcamientos-eliminados-por-el-carril-bici\\\/#primaryimage\",\"url\":\"\",\"contentUrl\":\"\"},{\"@type\":\"BreadcrumbList\",\"@id\":\"https:\\\/\\\/www.copealcoy.es\\\/es\\\/el-pp-critica-el-gasto-para-recuperar-los-aparcamientos-eliminados-por-el-carril-bici\\\/#breadcrumb\",\"itemListElement\":[{\"@type\":\"ListItem\",\"position\":1,\"name\":\"Portada\",\"item\":\"https:\\\/\\\/www.copealcoy.es\\\/es\\\/\"},{\"@type\":\"ListItem\",\"position\":2,\"name\":\"El PP critica el gasto para recuperar los aparcamientos eliminados por el carril bici\"}]},{\"@type\":\"WebSite\",\"@id\":\"https:\\\/\\\/www.copealcoy.es\\\/es\\\/#website\",\"url\":\"https:\\\/\\\/www.copealcoy.es\\\/es\\\/\",\"name\":\"COPE Alcoy\",\"description\":\"Emisora COPE de radio local con emisi\u00f3n online. Pont de Sant Jordi 8-10 03803 Alcoy\",\"potentialAction\":[{\"@type\":\"SearchAction\",\"target\":{\"@type\":\"EntryPoint\",\"urlTemplate\":\"https:\\\/\\\/www.copealcoy.es\\\/es\\\/?s={search_term_string}\"},\"query-input\":{\"@type\":\"PropertyValueSpecification\",\"valueRequired\":true,\"valueName\":\"search_term_string\"}}],\"inLanguage\":\"es\"},{\"@type\":\"Person\",\"@id\":\"https:\\\/\\\/www.copealcoy.es\\\/es\\\/#\\\/schema\\\/person\\\/e777c87fa024e57d40170af9df39882c\",\"name\":\"Cope Alcoy\",\"image\":{\"@type\":\"ImageObject\",\"inLanguage\":\"es\",\"@id\":\"https:\\\/\\\/secure.gravatar.com\\\/avatar\\\/bb65d0283347e303893ba14f0692005417c1e0e690a325a4c5d8bb2b3943ee14?s=96&d=mm&r=g\",\"url\":\"https:\\\/\\\/secure.gravatar.com\\\/avatar\\\/bb65d0283347e303893ba14f0692005417c1e0e690a325a4c5d8bb2b3943ee14?s=96&d=mm&r=g\",\"contentUrl\":\"https:\\\/\\\/secure.gravatar.com\\\/avatar\\\/bb65d0283347e303893ba14f0692005417c1e0e690a325a4c5d8bb2b3943ee14?s=96&d=mm&r=g\",\"caption\":\"Cope Alcoy\"}}]}<\/script>\n<!-- \/ Yoast SEO plugin. -->","yoast_head_json":{"title":"El PP critica el gasto para recuperar los aparcamientos eliminados por el carril bici - COPE Alcoy","robots":{"index":"index","follow":"follow","max-snippet":"max-snippet:-1","max-image-preview":"max-image-preview:large","max-video-preview":"max-video-preview:-1"},"canonical":"https:\/\/www.copealcoy.es\/es\/el-pp-critica-el-gasto-para-recuperar-los-aparcamientos-eliminados-por-el-carril-bici\/","og_locale":"es_ES","og_type":"article","og_title":"El PP critica el gasto para recuperar los aparcamientos eliminados por el carril bici - COPE Alcoy","og_description":"El Partido Popular de Alcoy denuncia que la eliminaci\u00f3n de 222 plazas de aparcamiento, provocada por el nuevo eje ciclopeatonal...","og_url":"https:\/\/www.copealcoy.es\/es\/el-pp-critica-el-gasto-para-recuperar-los-aparcamientos-eliminados-por-el-carril-bici\/","og_site_name":"COPE Alcoy","article_published_time":"2019-11-14T15:34:56+00:00","author":"Cope Alcoy","twitter_misc":{"Escrito por":"Cope Alcoy","Tiempo de lectura":"1 minuto"},"schema":{"@context":"https:\/\/schema.org","@graph":[{"@type":"Article","@id":"https:\/\/www.copealcoy.es\/es\/el-pp-critica-el-gasto-para-recuperar-los-aparcamientos-eliminados-por-el-carril-bici\/#article","isPartOf":{"@id":"https:\/\/www.copealcoy.es\/es\/el-pp-critica-el-gasto-para-recuperar-los-aparcamientos-eliminados-por-el-carril-bici\/"},"author":{"name":"Cope Alcoy","@id":"https:\/\/www.copealcoy.es\/es\/#\/schema\/person\/e777c87fa024e57d40170af9df39882c"},"headline":"El PP critica el gasto para recuperar los aparcamientos eliminados por el carril bici","datePublished":"2019-11-14T15:34:56+00:00","mainEntityOfPage":{"@id":"https:\/\/www.copealcoy.es\/es\/el-pp-critica-el-gasto-para-recuperar-los-aparcamientos-eliminados-por-el-carril-bici\/"},"wordCount":300,"commentCount":0,"image":{"@id":"https:\/\/www.copealcoy.es\/es\/el-pp-critica-el-gasto-para-recuperar-los-aparcamientos-eliminados-por-el-carril-bici\/#primaryimage"},"thumbnailUrl":"","keywords":["Alcoy","carril bici","gasto","PP","Quique Ruiz","recuperaci\u00f3n"],"articleSection":["Alcoy","Noticias","Pol\u00edtica y Econom\u00eda"],"inLanguage":"es"},{"@type":"WebPage","@id":"https:\/\/www.copealcoy.es\/es\/el-pp-critica-el-gasto-para-recuperar-los-aparcamientos-eliminados-por-el-carril-bici\/","url":"https:\/\/www.copealcoy.es\/es\/el-pp-critica-el-gasto-para-recuperar-los-aparcamientos-eliminados-por-el-carril-bici\/","name":"El PP critica el gasto para recuperar los aparcamientos eliminados por el carril bici - COPE Alcoy","isPartOf":{"@id":"https:\/\/www.copealcoy.es\/es\/#website"},"primaryImageOfPage":{"@id":"https:\/\/www.copealcoy.es\/es\/el-pp-critica-el-gasto-para-recuperar-los-aparcamientos-eliminados-por-el-carril-bici\/#primaryimage"},"image":{"@id":"https:\/\/www.copealcoy.es\/es\/el-pp-critica-el-gasto-para-recuperar-los-aparcamientos-eliminados-por-el-carril-bici\/#primaryimage"},"thumbnailUrl":"","datePublished":"2019-11-14T15:34:56+00:00","author":{"@id":"https:\/\/www.copealcoy.es\/es\/#\/schema\/person\/e777c87fa024e57d40170af9df39882c"},"breadcrumb":{"@id":"https:\/\/www.copealcoy.es\/es\/el-pp-critica-el-gasto-para-recuperar-los-aparcamientos-eliminados-por-el-carril-bici\/#breadcrumb"},"inLanguage":"es","potentialAction":[{"@type":"ReadAction","target":["https:\/\/www.copealcoy.es\/es\/el-pp-critica-el-gasto-para-recuperar-los-aparcamientos-eliminados-por-el-carril-bici\/"]}]},{"@type":"ImageObject","inLanguage":"es","@id":"https:\/\/www.copealcoy.es\/es\/el-pp-critica-el-gasto-para-recuperar-los-aparcamientos-eliminados-por-el-carril-bici\/#primaryimage","url":"","contentUrl":""},{"@type":"BreadcrumbList","@id":"https:\/\/www.copealcoy.es\/es\/el-pp-critica-el-gasto-para-recuperar-los-aparcamientos-eliminados-por-el-carril-bici\/#breadcrumb","itemListElement":[{"@type":"ListItem","position":1,"name":"Portada","item":"https:\/\/www.copealcoy.es\/es\/"},{"@type":"ListItem","position":2,"name":"El PP critica el gasto para recuperar los aparcamientos eliminados por el carril bici"}]},{"@type":"WebSite","@id":"https:\/\/www.copealcoy.es\/es\/#website","url":"https:\/\/www.copealcoy.es\/es\/","name":"COPE Alcoy","description":"Emisora COPE de radio local con emisi\u00f3n online. Pont de Sant Jordi 8-10 03803 Alcoy","potentialAction":[{"@type":"SearchAction","target":{"@type":"EntryPoint","urlTemplate":"https:\/\/www.copealcoy.es\/es\/?s={search_term_string}"},"query-input":{"@type":"PropertyValueSpecification","valueRequired":true,"valueName":"search_term_string"}}],"inLanguage":"es"},{"@type":"Person","@id":"https:\/\/www.copealcoy.es\/es\/#\/schema\/person\/e777c87fa024e57d40170af9df39882c","name":"Cope Alcoy","image":{"@type":"ImageObject","inLanguage":"es","@id":"https:\/\/secure.gravatar.com\/avatar\/bb65d0283347e303893ba14f0692005417c1e0e690a325a4c5d8bb2b3943ee14?s=96&d=mm&r=g","url":"https:\/\/secure.gravatar.com\/avatar\/bb65d0283347e303893ba14f0692005417c1e0e690a325a4c5d8bb2b3943ee14?s=96&d=mm&r=g","contentUrl":"https:\/\/secure.gravatar.com\/avatar\/bb65d0283347e303893ba14f0692005417c1e0e690a325a4c5d8bb2b3943ee14?s=96&d=mm&r=g","caption":"Cope Alcoy"}}]}},"_links":{"self":[{"href":"https:\/\/www.copealcoy.es\/es\/wp-json\/wp\/v2\/posts\/57076","targetHints":{"allow":["GET"]}}],"collection":[{"href":"https:\/\/www.copealcoy.es\/es\/wp-json\/wp\/v2\/posts"}],"about":[{"href":"https:\/\/www.copealcoy.es\/es\/wp-json\/wp\/v2\/types\/post"}],"author":[{"embeddable":true,"href":"https:\/\/www.copealcoy.es\/es\/wp-json\/wp\/v2\/users\/1"}],"replies":[{"embeddable":true,"href":"https:\/\/www.copealcoy.es\/es\/wp-json\/wp\/v2\/comments?post=57076"}],"version-history":[{"count":0,"href":"https:\/\/www.copealcoy.es\/es\/wp-json\/wp\/v2\/posts\/57076\/revisions"}],"wp:featuredmedia":[{"embeddable":true,"href":"https:\/\/www.copealcoy.es\/es\/wp-json\/"}],"wp:attachment":[{"href":"https:\/\/www.copealcoy.es\/es\/wp-json\/wp\/v2\/media?parent=57076"}],"wp:term":[{"taxonomy":"category","embeddable":true,"href":"https:\/\/www.copealcoy.es\/es\/wp-json\/wp\/v2\/categories?post=57076"},{"taxonomy":"post_tag","embeddable":true,"href":"https:\/\/www.copealcoy.es\/es\/wp-json\/wp\/v2\/tags?post=57076"}],"curies":[{"name":"wp","href":"https:\/\/api.w.org\/{rel}","templated":true}]}}