{"id":57030,"date":"2019-11-13T16:05:57","date_gmt":"2019-11-13T16:05:57","guid":{"rendered":"https:\/\/copealcoi.es\/?p=57030"},"modified":"2019-11-13T16:05:57","modified_gmt":"2019-11-13T16:05:57","slug":"alcoy-inicia-los-actos-para-honrar-al-patron-san-mauro","status":"publish","type":"post","link":"https:\/\/www.copealcoy.es\/es\/alcoy-inicia-los-actos-para-honrar-al-patron-san-mauro\/","title":{"rendered":"Alcoy inicia los actos para honrar al patr\u00f3n San Mauro"},"content":{"rendered":"<p style=\"text-align: justify;\">La <strong>Asociaci\u00f3n de San Mauro M\u00e1rtir<\/strong> ha organizado <strong>un amplio programa de actividades<\/strong> para celebrar la festividad de nuestro patr\u00f3n.<\/p>\n<p style=\"text-align: justify;\">Entre las propuestas destaca <strong>una campa\u00f1a de sensibilizaci\u00f3n<\/strong> para la <strong>donaci\u00f3n de \u00f3rganos<\/strong>, <strong>donaciones de sangre<\/strong> o <strong>la VI Gala &#8216;Somriures per Somriures&#8217;<\/strong> que acoger\u00e1 este s\u00e1bado el Teatro Salesianos de Alcoy y que incluir\u00e1 <strong>la representaci\u00f3n del sainete \u2018Festa o Fil\u00e0\u2019<\/strong>, de Ana Mar\u00eda Garc\u00eda Pascual, a cargo del <strong>Grupo de Teatro de San Mauro<\/strong>. Ser\u00e1 en sesiones de 18h y 20:30h y <strong>la recaudaci\u00f3n de la taquilla ir\u00e1 destinada \u00edntegramente a la Fundaci\u00f3n para el An\u00e1lisis, Estudio y Prevenci\u00f3n de las Adicciones (AEPA)<\/strong>.\u00a0 Un a\u00f1o m\u00e1s los colegios de la ciudad podr\u00e1n visitar al patr\u00f3n y del 28 al 30 de noviembre se celebrar\u00e1 en la iglesia de San Mauro <strong>el Triduo predicado por Don Rigoberto Peidr\u00f3<\/strong>.<\/p>\n<p style=\"text-align: justify;\">Por \u00faltimo, el domingo 1 de diciembre, se llevar\u00e1 a cabo <strong>el d\u00eda grande de esta festividad<\/strong> y la jornada incluir\u00e1 <strong>la misa mayor<\/strong> a las 12:30h, la <strong>Lectura del Acta del nombramiento de San Mauro<\/strong> como patr\u00f3n y <strong>una comida de hermandad<\/strong>. Las celebraciones acabar\u00e1n el d\u00eda 3 de diciembre con <strong>una nueva eucarist\u00eda a intenci\u00f3n de los difuntos de la Asociaci\u00f3n de San Mauro<\/strong>, un colectivo que <strong>nos ha visitado este mi\u00e9rcoles en el espacio #LaNostraFesta de COPE ALCOY<\/strong> para contarnos todos los preparativos de la festividad.<\/p>\n<p style=\"text-align: justify;\">Aqu\u00ed pod\u00e9is escuchar la entrevista que <strong>Carlos Tal\u00e9ns<\/strong> ha realizado a <strong>Jos\u00e9 Domingo Sempere<\/strong> (Presidente de la Asociaci\u00f3n de San Mauro), <strong>Don Jos\u00e9 Lu\u00eds Llopis<\/strong> (Titular de las Parroquias del Centro de Alcoy) y <strong>Carlos Casasempere<\/strong> (miembro de la Asociaci\u00f3n de San Mauro).<\/p>\n<p><iframe loading=\"lazy\" title=\"La Ma\u00f1ana En Alcoy Mi\u00e9rcoles 13 De Noviembre 2019\" width=\"100%\" height=\"120\" src=\"https:\/\/www.mixcloud.com\/widget\/iframe\/?feed=https%3A%2F%2Fwww.mixcloud.com%2FCOPEAlcoy%2Fla-ma%25C3%25B1ana-en-alcoy-mi%25C3%25A9rcoles-13-de-noviembre-2019%2F&amp;hide_cover=1\" frameborder=\"0\"><\/iframe><\/p>\n","protected":false},"excerpt":{"rendered":"<p>La Asociaci\u00f3n de San Mauro M\u00e1rtir ha organizado un amplio programa de actividades para celebrar la festividad de nuestro patr\u00f3n&#8230;.<\/p>\n","protected":false},"author":1,"featured_media":57031,"comment_status":"open","ping_status":"open","sticky":false,"template":"","format":"standard","meta":{"footnotes":""},"categories":[97,78,75],"tags":[746,1494,6997,126,127],"class_list":["post-57030","post","type-post","status-publish","format-standard","has-post-thumbnail","hentry","category-alcoy","category-fiestaycultura","category-noticias","tag-actos","tag-alcoy","tag-festividad","tag-patron","tag-san-mauro"],"yoast_head":"<!-- This site is optimized with the Yoast SEO plugin v27.3 - https:\/\/yoast.com\/product\/yoast-seo-wordpress\/ -->\n<title>Alcoy inicia los actos para honrar al patr\u00f3n San Mauro - COPE Alcoy<\/title>\n<meta name=\"robots\" content=\"index, follow, max-snippet:-1, max-image-preview:large, max-video-preview:-1\" \/>\n<link rel=\"canonical\" href=\"https:\/\/www.copealcoy.es\/es\/alcoy-inicia-los-actos-para-honrar-al-patron-san-mauro\/\" \/>\n<meta property=\"og:locale\" content=\"es_ES\" \/>\n<meta property=\"og:type\" content=\"article\" \/>\n<meta property=\"og:title\" content=\"Alcoy inicia los actos para honrar al patr\u00f3n San Mauro - COPE Alcoy\" \/>\n<meta property=\"og:description\" content=\"La Asociaci\u00f3n de San Mauro M\u00e1rtir ha organizado un amplio programa de actividades para celebrar la festividad de nuestro patr\u00f3n....\" \/>\n<meta property=\"og:url\" content=\"https:\/\/www.copealcoy.es\/es\/alcoy-inicia-los-actos-para-honrar-al-patron-san-mauro\/\" \/>\n<meta property=\"og:site_name\" content=\"COPE Alcoy\" \/>\n<meta property=\"article:published_time\" content=\"2019-11-13T16:05:57+00:00\" \/>\n<meta name=\"author\" content=\"Cope Alcoy\" \/>\n<meta name=\"twitter:label1\" content=\"Escrito por\" \/>\n\t<meta name=\"twitter:data1\" content=\"Cope Alcoy\" \/>\n\t<meta name=\"twitter:label2\" content=\"Tiempo de lectura\" \/>\n\t<meta name=\"twitter:data2\" content=\"2 minutos\" \/>\n<script type=\"application\/ld+json\" class=\"yoast-schema-graph\">{\"@context\":\"https:\\\/\\\/schema.org\",\"@graph\":[{\"@type\":\"Article\",\"@id\":\"https:\\\/\\\/www.copealcoy.es\\\/es\\\/alcoy-inicia-los-actos-para-honrar-al-patron-san-mauro\\\/#article\",\"isPartOf\":{\"@id\":\"https:\\\/\\\/www.copealcoy.es\\\/es\\\/alcoy-inicia-los-actos-para-honrar-al-patron-san-mauro\\\/\"},\"author\":{\"name\":\"Cope Alcoy\",\"@id\":\"https:\\\/\\\/www.copealcoy.es\\\/es\\\/#\\\/schema\\\/person\\\/e777c87fa024e57d40170af9df39882c\"},\"headline\":\"Alcoy inicia los actos para honrar al patr\u00f3n San Mauro\",\"datePublished\":\"2019-11-13T16:05:57+00:00\",\"mainEntityOfPage\":{\"@id\":\"https:\\\/\\\/www.copealcoy.es\\\/es\\\/alcoy-inicia-los-actos-para-honrar-al-patron-san-mauro\\\/\"},\"wordCount\":318,\"commentCount\":0,\"image\":{\"@id\":\"https:\\\/\\\/www.copealcoy.es\\\/es\\\/alcoy-inicia-los-actos-para-honrar-al-patron-san-mauro\\\/#primaryimage\"},\"thumbnailUrl\":\"\",\"keywords\":[\"Actos\",\"Alcoy\",\"festividad\",\"patr\u00f3n\",\"San Mauro\"],\"articleSection\":[\"Alcoy\",\"Fiesta y Cultura\",\"Noticias\"],\"inLanguage\":\"es\"},{\"@type\":\"WebPage\",\"@id\":\"https:\\\/\\\/www.copealcoy.es\\\/es\\\/alcoy-inicia-los-actos-para-honrar-al-patron-san-mauro\\\/\",\"url\":\"https:\\\/\\\/www.copealcoy.es\\\/es\\\/alcoy-inicia-los-actos-para-honrar-al-patron-san-mauro\\\/\",\"name\":\"Alcoy inicia los actos para honrar al patr\u00f3n San Mauro - COPE Alcoy\",\"isPartOf\":{\"@id\":\"https:\\\/\\\/www.copealcoy.es\\\/es\\\/#website\"},\"primaryImageOfPage\":{\"@id\":\"https:\\\/\\\/www.copealcoy.es\\\/es\\\/alcoy-inicia-los-actos-para-honrar-al-patron-san-mauro\\\/#primaryimage\"},\"image\":{\"@id\":\"https:\\\/\\\/www.copealcoy.es\\\/es\\\/alcoy-inicia-los-actos-para-honrar-al-patron-san-mauro\\\/#primaryimage\"},\"thumbnailUrl\":\"\",\"datePublished\":\"2019-11-13T16:05:57+00:00\",\"author\":{\"@id\":\"https:\\\/\\\/www.copealcoy.es\\\/es\\\/#\\\/schema\\\/person\\\/e777c87fa024e57d40170af9df39882c\"},\"breadcrumb\":{\"@id\":\"https:\\\/\\\/www.copealcoy.es\\\/es\\\/alcoy-inicia-los-actos-para-honrar-al-patron-san-mauro\\\/#breadcrumb\"},\"inLanguage\":\"es\",\"potentialAction\":[{\"@type\":\"ReadAction\",\"target\":[\"https:\\\/\\\/www.copealcoy.es\\\/es\\\/alcoy-inicia-los-actos-para-honrar-al-patron-san-mauro\\\/\"]}]},{\"@type\":\"ImageObject\",\"inLanguage\":\"es\",\"@id\":\"https:\\\/\\\/www.copealcoy.es\\\/es\\\/alcoy-inicia-los-actos-para-honrar-al-patron-san-mauro\\\/#primaryimage\",\"url\":\"\",\"contentUrl\":\"\"},{\"@type\":\"BreadcrumbList\",\"@id\":\"https:\\\/\\\/www.copealcoy.es\\\/es\\\/alcoy-inicia-los-actos-para-honrar-al-patron-san-mauro\\\/#breadcrumb\",\"itemListElement\":[{\"@type\":\"ListItem\",\"position\":1,\"name\":\"Portada\",\"item\":\"https:\\\/\\\/www.copealcoy.es\\\/es\\\/\"},{\"@type\":\"ListItem\",\"position\":2,\"name\":\"Alcoy inicia los actos para honrar al patr\u00f3n San Mauro\"}]},{\"@type\":\"WebSite\",\"@id\":\"https:\\\/\\\/www.copealcoy.es\\\/es\\\/#website\",\"url\":\"https:\\\/\\\/www.copealcoy.es\\\/es\\\/\",\"name\":\"COPE Alcoy\",\"description\":\"Emisora COPE de radio local con emisi\u00f3n online. Pont de Sant Jordi 8-10 03803 Alcoy\",\"potentialAction\":[{\"@type\":\"SearchAction\",\"target\":{\"@type\":\"EntryPoint\",\"urlTemplate\":\"https:\\\/\\\/www.copealcoy.es\\\/es\\\/?s={search_term_string}\"},\"query-input\":{\"@type\":\"PropertyValueSpecification\",\"valueRequired\":true,\"valueName\":\"search_term_string\"}}],\"inLanguage\":\"es\"},{\"@type\":\"Person\",\"@id\":\"https:\\\/\\\/www.copealcoy.es\\\/es\\\/#\\\/schema\\\/person\\\/e777c87fa024e57d40170af9df39882c\",\"name\":\"Cope Alcoy\",\"image\":{\"@type\":\"ImageObject\",\"inLanguage\":\"es\",\"@id\":\"https:\\\/\\\/secure.gravatar.com\\\/avatar\\\/bb65d0283347e303893ba14f0692005417c1e0e690a325a4c5d8bb2b3943ee14?s=96&d=mm&r=g\",\"url\":\"https:\\\/\\\/secure.gravatar.com\\\/avatar\\\/bb65d0283347e303893ba14f0692005417c1e0e690a325a4c5d8bb2b3943ee14?s=96&d=mm&r=g\",\"contentUrl\":\"https:\\\/\\\/secure.gravatar.com\\\/avatar\\\/bb65d0283347e303893ba14f0692005417c1e0e690a325a4c5d8bb2b3943ee14?s=96&d=mm&r=g\",\"caption\":\"Cope Alcoy\"}}]}<\/script>\n<!-- \/ Yoast SEO plugin. -->","yoast_head_json":{"title":"Alcoy inicia los actos para honrar al patr\u00f3n San Mauro - COPE Alcoy","robots":{"index":"index","follow":"follow","max-snippet":"max-snippet:-1","max-image-preview":"max-image-preview:large","max-video-preview":"max-video-preview:-1"},"canonical":"https:\/\/www.copealcoy.es\/es\/alcoy-inicia-los-actos-para-honrar-al-patron-san-mauro\/","og_locale":"es_ES","og_type":"article","og_title":"Alcoy inicia los actos para honrar al patr\u00f3n San Mauro - COPE Alcoy","og_description":"La Asociaci\u00f3n de San Mauro M\u00e1rtir ha organizado un amplio programa de actividades para celebrar la festividad de nuestro patr\u00f3n....","og_url":"https:\/\/www.copealcoy.es\/es\/alcoy-inicia-los-actos-para-honrar-al-patron-san-mauro\/","og_site_name":"COPE Alcoy","article_published_time":"2019-11-13T16:05:57+00:00","author":"Cope Alcoy","twitter_misc":{"Escrito por":"Cope Alcoy","Tiempo de lectura":"2 minutos"},"schema":{"@context":"https:\/\/schema.org","@graph":[{"@type":"Article","@id":"https:\/\/www.copealcoy.es\/es\/alcoy-inicia-los-actos-para-honrar-al-patron-san-mauro\/#article","isPartOf":{"@id":"https:\/\/www.copealcoy.es\/es\/alcoy-inicia-los-actos-para-honrar-al-patron-san-mauro\/"},"author":{"name":"Cope Alcoy","@id":"https:\/\/www.copealcoy.es\/es\/#\/schema\/person\/e777c87fa024e57d40170af9df39882c"},"headline":"Alcoy inicia los actos para honrar al patr\u00f3n San Mauro","datePublished":"2019-11-13T16:05:57+00:00","mainEntityOfPage":{"@id":"https:\/\/www.copealcoy.es\/es\/alcoy-inicia-los-actos-para-honrar-al-patron-san-mauro\/"},"wordCount":318,"commentCount":0,"image":{"@id":"https:\/\/www.copealcoy.es\/es\/alcoy-inicia-los-actos-para-honrar-al-patron-san-mauro\/#primaryimage"},"thumbnailUrl":"","keywords":["Actos","Alcoy","festividad","patr\u00f3n","San Mauro"],"articleSection":["Alcoy","Fiesta y Cultura","Noticias"],"inLanguage":"es"},{"@type":"WebPage","@id":"https:\/\/www.copealcoy.es\/es\/alcoy-inicia-los-actos-para-honrar-al-patron-san-mauro\/","url":"https:\/\/www.copealcoy.es\/es\/alcoy-inicia-los-actos-para-honrar-al-patron-san-mauro\/","name":"Alcoy inicia los actos para honrar al patr\u00f3n San Mauro - COPE Alcoy","isPartOf":{"@id":"https:\/\/www.copealcoy.es\/es\/#website"},"primaryImageOfPage":{"@id":"https:\/\/www.copealcoy.es\/es\/alcoy-inicia-los-actos-para-honrar-al-patron-san-mauro\/#primaryimage"},"image":{"@id":"https:\/\/www.copealcoy.es\/es\/alcoy-inicia-los-actos-para-honrar-al-patron-san-mauro\/#primaryimage"},"thumbnailUrl":"","datePublished":"2019-11-13T16:05:57+00:00","author":{"@id":"https:\/\/www.copealcoy.es\/es\/#\/schema\/person\/e777c87fa024e57d40170af9df39882c"},"breadcrumb":{"@id":"https:\/\/www.copealcoy.es\/es\/alcoy-inicia-los-actos-para-honrar-al-patron-san-mauro\/#breadcrumb"},"inLanguage":"es","potentialAction":[{"@type":"ReadAction","target":["https:\/\/www.copealcoy.es\/es\/alcoy-inicia-los-actos-para-honrar-al-patron-san-mauro\/"]}]},{"@type":"ImageObject","inLanguage":"es","@id":"https:\/\/www.copealcoy.es\/es\/alcoy-inicia-los-actos-para-honrar-al-patron-san-mauro\/#primaryimage","url":"","contentUrl":""},{"@type":"BreadcrumbList","@id":"https:\/\/www.copealcoy.es\/es\/alcoy-inicia-los-actos-para-honrar-al-patron-san-mauro\/#breadcrumb","itemListElement":[{"@type":"ListItem","position":1,"name":"Portada","item":"https:\/\/www.copealcoy.es\/es\/"},{"@type":"ListItem","position":2,"name":"Alcoy inicia los actos para honrar al patr\u00f3n San Mauro"}]},{"@type":"WebSite","@id":"https:\/\/www.copealcoy.es\/es\/#website","url":"https:\/\/www.copealcoy.es\/es\/","name":"COPE Alcoy","description":"Emisora COPE de radio local con emisi\u00f3n online. Pont de Sant Jordi 8-10 03803 Alcoy","potentialAction":[{"@type":"SearchAction","target":{"@type":"EntryPoint","urlTemplate":"https:\/\/www.copealcoy.es\/es\/?s={search_term_string}"},"query-input":{"@type":"PropertyValueSpecification","valueRequired":true,"valueName":"search_term_string"}}],"inLanguage":"es"},{"@type":"Person","@id":"https:\/\/www.copealcoy.es\/es\/#\/schema\/person\/e777c87fa024e57d40170af9df39882c","name":"Cope Alcoy","image":{"@type":"ImageObject","inLanguage":"es","@id":"https:\/\/secure.gravatar.com\/avatar\/bb65d0283347e303893ba14f0692005417c1e0e690a325a4c5d8bb2b3943ee14?s=96&d=mm&r=g","url":"https:\/\/secure.gravatar.com\/avatar\/bb65d0283347e303893ba14f0692005417c1e0e690a325a4c5d8bb2b3943ee14?s=96&d=mm&r=g","contentUrl":"https:\/\/secure.gravatar.com\/avatar\/bb65d0283347e303893ba14f0692005417c1e0e690a325a4c5d8bb2b3943ee14?s=96&d=mm&r=g","caption":"Cope Alcoy"}}]}},"_links":{"self":[{"href":"https:\/\/www.copealcoy.es\/es\/wp-json\/wp\/v2\/posts\/57030","targetHints":{"allow":["GET"]}}],"collection":[{"href":"https:\/\/www.copealcoy.es\/es\/wp-json\/wp\/v2\/posts"}],"about":[{"href":"https:\/\/www.copealcoy.es\/es\/wp-json\/wp\/v2\/types\/post"}],"author":[{"embeddable":true,"href":"https:\/\/www.copealcoy.es\/es\/wp-json\/wp\/v2\/users\/1"}],"replies":[{"embeddable":true,"href":"https:\/\/www.copealcoy.es\/es\/wp-json\/wp\/v2\/comments?post=57030"}],"version-history":[{"count":0,"href":"https:\/\/www.copealcoy.es\/es\/wp-json\/wp\/v2\/posts\/57030\/revisions"}],"wp:featuredmedia":[{"embeddable":true,"href":"https:\/\/www.copealcoy.es\/es\/wp-json\/"}],"wp:attachment":[{"href":"https:\/\/www.copealcoy.es\/es\/wp-json\/wp\/v2\/media?parent=57030"}],"wp:term":[{"taxonomy":"category","embeddable":true,"href":"https:\/\/www.copealcoy.es\/es\/wp-json\/wp\/v2\/categories?post=57030"},{"taxonomy":"post_tag","embeddable":true,"href":"https:\/\/www.copealcoy.es\/es\/wp-json\/wp\/v2\/tags?post=57030"}],"curies":[{"name":"wp","href":"https:\/\/api.w.org\/{rel}","templated":true}]}}