{"id":56978,"date":"2019-11-12T14:55:00","date_gmt":"2019-11-12T14:55:00","guid":{"rendered":"https:\/\/copealcoi.es\/?p=56978"},"modified":"2019-11-12T14:55:00","modified_gmt":"2019-11-12T14:55:00","slug":"muro-acomete-la-reforma-de-su-piscina-municipal","status":"publish","type":"post","link":"https:\/\/www.copealcoy.es\/es\/muro-acomete-la-reforma-de-su-piscina-municipal\/","title":{"rendered":"Muro acomete la reforma de su piscina municipal"},"content":{"rendered":"<p style=\"text-align: justify;\">El <strong>Ayuntamiento de Muro<\/strong> ha iniciado <strong>la reforma de la piscina municipal<\/strong> de esta localidad del Comtat.<\/p>\n<p style=\"text-align: justify;\">Los trabajos consistir\u00e1n en <strong>la ampliaci\u00f3n y rehabilitaci\u00f3n<\/strong> de la zona de ocio y recreo, la <strong>mejora integral<\/strong> en los vasos de la piscina para evitar p\u00e9rdidas de agua y <strong>la adecuaci\u00f3n<\/strong> de la instalaci\u00f3n mec\u00e1nica con filtros y bombas. Asimismo se llevar\u00e1 a cabo <strong>la ampliaci\u00f3n<\/strong> del cuarto de m\u00e1quinas y <strong>la uni\u00f3n<\/strong> de la piscina grande con la peque\u00f1a. Por \u00faltimo <strong>se rehabilitar\u00e1n los vestuarios<\/strong> para dotarlos de todas las infraestructuras necesarias &#8220;<em>se hac\u00eda muy urgente una rehabilitaci\u00f3n porque en treinta a\u00f1os apenas se hab\u00edan realizado mejoras en esta infraestructura y la misma ya presentaba importantes problemas a causa del deterioro causado por el paso del tiempo y el uso de las instalaciones<\/em>&#8220;, asevera <strong>Kike Pascual<\/strong>; concejal de Deportes en el Ayuntamiento murero.<\/p>\n<p style=\"text-align: justify;\">Indicar que <strong>la intervenci\u00f3n tiene un coste cercano a los 300.000 euros<\/strong> y cuenta con el <strong>respaldo econ\u00f3mico<\/strong> de la Diputaci\u00f3n Provincial de Alicante.<\/p>\n","protected":false},"excerpt":{"rendered":"<p>El Ayuntamiento de Muro ha iniciado la reforma de la piscina municipal de esta localidad del Comtat. Los trabajos consistir\u00e1n&#8230;<\/p>\n","protected":false},"author":1,"featured_media":56979,"comment_status":"open","ping_status":"open","sticky":false,"template":"","format":"standard","meta":{"footnotes":""},"categories":[98,75],"tags":[3319,135,2850,418],"class_list":["post-56978","post","type-post","status-publish","format-standard","has-post-thumbnail","hentry","category-comarcas","category-noticias","tag-kike-pascual","tag-muro","tag-piscina-municipal","tag-reforma"],"yoast_head":"<!-- This site is optimized with the Yoast SEO plugin v27.3 - https:\/\/yoast.com\/product\/yoast-seo-wordpress\/ -->\n<title>Muro acomete la reforma de su piscina municipal - COPE Alcoy<\/title>\n<meta name=\"robots\" content=\"index, follow, max-snippet:-1, max-image-preview:large, max-video-preview:-1\" \/>\n<link rel=\"canonical\" href=\"https:\/\/www.copealcoy.es\/es\/muro-acomete-la-reforma-de-su-piscina-municipal\/\" \/>\n<meta property=\"og:locale\" content=\"es_ES\" \/>\n<meta property=\"og:type\" content=\"article\" \/>\n<meta property=\"og:title\" content=\"Muro acomete la reforma de su piscina municipal - COPE Alcoy\" \/>\n<meta property=\"og:description\" content=\"El Ayuntamiento de Muro ha iniciado la reforma de la piscina municipal de esta localidad del Comtat. Los trabajos consistir\u00e1n...\" \/>\n<meta property=\"og:url\" content=\"https:\/\/www.copealcoy.es\/es\/muro-acomete-la-reforma-de-su-piscina-municipal\/\" \/>\n<meta property=\"og:site_name\" content=\"COPE Alcoy\" \/>\n<meta property=\"article:published_time\" content=\"2019-11-12T14:55:00+00:00\" \/>\n<meta name=\"author\" content=\"Cope Alcoy\" \/>\n<meta name=\"twitter:label1\" content=\"Escrito por\" \/>\n\t<meta name=\"twitter:data1\" content=\"Cope Alcoy\" \/>\n\t<meta name=\"twitter:label2\" content=\"Tiempo de lectura\" \/>\n\t<meta name=\"twitter:data2\" content=\"1 minuto\" \/>\n<script type=\"application\/ld+json\" class=\"yoast-schema-graph\">{\"@context\":\"https:\\\/\\\/schema.org\",\"@graph\":[{\"@type\":\"Article\",\"@id\":\"https:\\\/\\\/www.copealcoy.es\\\/es\\\/muro-acomete-la-reforma-de-su-piscina-municipal\\\/#article\",\"isPartOf\":{\"@id\":\"https:\\\/\\\/www.copealcoy.es\\\/es\\\/muro-acomete-la-reforma-de-su-piscina-municipal\\\/\"},\"author\":{\"name\":\"Cope Alcoy\",\"@id\":\"https:\\\/\\\/www.copealcoy.es\\\/es\\\/#\\\/schema\\\/person\\\/e777c87fa024e57d40170af9df39882c\"},\"headline\":\"Muro acomete la reforma de su piscina municipal\",\"datePublished\":\"2019-11-12T14:55:00+00:00\",\"mainEntityOfPage\":{\"@id\":\"https:\\\/\\\/www.copealcoy.es\\\/es\\\/muro-acomete-la-reforma-de-su-piscina-municipal\\\/\"},\"wordCount\":192,\"commentCount\":0,\"image\":{\"@id\":\"https:\\\/\\\/www.copealcoy.es\\\/es\\\/muro-acomete-la-reforma-de-su-piscina-municipal\\\/#primaryimage\"},\"thumbnailUrl\":\"\",\"keywords\":[\"Kike Pascual\",\"Muro\",\"piscina municipal\",\"Reforma\"],\"articleSection\":[\"Comarcas\",\"Noticias\"],\"inLanguage\":\"es\"},{\"@type\":\"WebPage\",\"@id\":\"https:\\\/\\\/www.copealcoy.es\\\/es\\\/muro-acomete-la-reforma-de-su-piscina-municipal\\\/\",\"url\":\"https:\\\/\\\/www.copealcoy.es\\\/es\\\/muro-acomete-la-reforma-de-su-piscina-municipal\\\/\",\"name\":\"Muro acomete la reforma de su piscina municipal - COPE Alcoy\",\"isPartOf\":{\"@id\":\"https:\\\/\\\/www.copealcoy.es\\\/es\\\/#website\"},\"primaryImageOfPage\":{\"@id\":\"https:\\\/\\\/www.copealcoy.es\\\/es\\\/muro-acomete-la-reforma-de-su-piscina-municipal\\\/#primaryimage\"},\"image\":{\"@id\":\"https:\\\/\\\/www.copealcoy.es\\\/es\\\/muro-acomete-la-reforma-de-su-piscina-municipal\\\/#primaryimage\"},\"thumbnailUrl\":\"\",\"datePublished\":\"2019-11-12T14:55:00+00:00\",\"author\":{\"@id\":\"https:\\\/\\\/www.copealcoy.es\\\/es\\\/#\\\/schema\\\/person\\\/e777c87fa024e57d40170af9df39882c\"},\"breadcrumb\":{\"@id\":\"https:\\\/\\\/www.copealcoy.es\\\/es\\\/muro-acomete-la-reforma-de-su-piscina-municipal\\\/#breadcrumb\"},\"inLanguage\":\"es\",\"potentialAction\":[{\"@type\":\"ReadAction\",\"target\":[\"https:\\\/\\\/www.copealcoy.es\\\/es\\\/muro-acomete-la-reforma-de-su-piscina-municipal\\\/\"]}]},{\"@type\":\"ImageObject\",\"inLanguage\":\"es\",\"@id\":\"https:\\\/\\\/www.copealcoy.es\\\/es\\\/muro-acomete-la-reforma-de-su-piscina-municipal\\\/#primaryimage\",\"url\":\"\",\"contentUrl\":\"\"},{\"@type\":\"BreadcrumbList\",\"@id\":\"https:\\\/\\\/www.copealcoy.es\\\/es\\\/muro-acomete-la-reforma-de-su-piscina-municipal\\\/#breadcrumb\",\"itemListElement\":[{\"@type\":\"ListItem\",\"position\":1,\"name\":\"Portada\",\"item\":\"https:\\\/\\\/www.copealcoy.es\\\/es\\\/\"},{\"@type\":\"ListItem\",\"position\":2,\"name\":\"Muro acomete la reforma de su piscina municipal\"}]},{\"@type\":\"WebSite\",\"@id\":\"https:\\\/\\\/www.copealcoy.es\\\/es\\\/#website\",\"url\":\"https:\\\/\\\/www.copealcoy.es\\\/es\\\/\",\"name\":\"COPE Alcoy\",\"description\":\"Emisora COPE de radio local con emisi\u00f3n online. Pont de Sant Jordi 8-10 03803 Alcoy\",\"potentialAction\":[{\"@type\":\"SearchAction\",\"target\":{\"@type\":\"EntryPoint\",\"urlTemplate\":\"https:\\\/\\\/www.copealcoy.es\\\/es\\\/?s={search_term_string}\"},\"query-input\":{\"@type\":\"PropertyValueSpecification\",\"valueRequired\":true,\"valueName\":\"search_term_string\"}}],\"inLanguage\":\"es\"},{\"@type\":\"Person\",\"@id\":\"https:\\\/\\\/www.copealcoy.es\\\/es\\\/#\\\/schema\\\/person\\\/e777c87fa024e57d40170af9df39882c\",\"name\":\"Cope Alcoy\",\"image\":{\"@type\":\"ImageObject\",\"inLanguage\":\"es\",\"@id\":\"https:\\\/\\\/secure.gravatar.com\\\/avatar\\\/bb65d0283347e303893ba14f0692005417c1e0e690a325a4c5d8bb2b3943ee14?s=96&d=mm&r=g\",\"url\":\"https:\\\/\\\/secure.gravatar.com\\\/avatar\\\/bb65d0283347e303893ba14f0692005417c1e0e690a325a4c5d8bb2b3943ee14?s=96&d=mm&r=g\",\"contentUrl\":\"https:\\\/\\\/secure.gravatar.com\\\/avatar\\\/bb65d0283347e303893ba14f0692005417c1e0e690a325a4c5d8bb2b3943ee14?s=96&d=mm&r=g\",\"caption\":\"Cope Alcoy\"}}]}<\/script>\n<!-- \/ Yoast SEO plugin. -->","yoast_head_json":{"title":"Muro acomete la reforma de su piscina municipal - COPE Alcoy","robots":{"index":"index","follow":"follow","max-snippet":"max-snippet:-1","max-image-preview":"max-image-preview:large","max-video-preview":"max-video-preview:-1"},"canonical":"https:\/\/www.copealcoy.es\/es\/muro-acomete-la-reforma-de-su-piscina-municipal\/","og_locale":"es_ES","og_type":"article","og_title":"Muro acomete la reforma de su piscina municipal - COPE Alcoy","og_description":"El Ayuntamiento de Muro ha iniciado la reforma de la piscina municipal de esta localidad del Comtat. Los trabajos consistir\u00e1n...","og_url":"https:\/\/www.copealcoy.es\/es\/muro-acomete-la-reforma-de-su-piscina-municipal\/","og_site_name":"COPE Alcoy","article_published_time":"2019-11-12T14:55:00+00:00","author":"Cope Alcoy","twitter_misc":{"Escrito por":"Cope Alcoy","Tiempo de lectura":"1 minuto"},"schema":{"@context":"https:\/\/schema.org","@graph":[{"@type":"Article","@id":"https:\/\/www.copealcoy.es\/es\/muro-acomete-la-reforma-de-su-piscina-municipal\/#article","isPartOf":{"@id":"https:\/\/www.copealcoy.es\/es\/muro-acomete-la-reforma-de-su-piscina-municipal\/"},"author":{"name":"Cope Alcoy","@id":"https:\/\/www.copealcoy.es\/es\/#\/schema\/person\/e777c87fa024e57d40170af9df39882c"},"headline":"Muro acomete la reforma de su piscina municipal","datePublished":"2019-11-12T14:55:00+00:00","mainEntityOfPage":{"@id":"https:\/\/www.copealcoy.es\/es\/muro-acomete-la-reforma-de-su-piscina-municipal\/"},"wordCount":192,"commentCount":0,"image":{"@id":"https:\/\/www.copealcoy.es\/es\/muro-acomete-la-reforma-de-su-piscina-municipal\/#primaryimage"},"thumbnailUrl":"","keywords":["Kike Pascual","Muro","piscina municipal","Reforma"],"articleSection":["Comarcas","Noticias"],"inLanguage":"es"},{"@type":"WebPage","@id":"https:\/\/www.copealcoy.es\/es\/muro-acomete-la-reforma-de-su-piscina-municipal\/","url":"https:\/\/www.copealcoy.es\/es\/muro-acomete-la-reforma-de-su-piscina-municipal\/","name":"Muro acomete la reforma de su piscina municipal - COPE Alcoy","isPartOf":{"@id":"https:\/\/www.copealcoy.es\/es\/#website"},"primaryImageOfPage":{"@id":"https:\/\/www.copealcoy.es\/es\/muro-acomete-la-reforma-de-su-piscina-municipal\/#primaryimage"},"image":{"@id":"https:\/\/www.copealcoy.es\/es\/muro-acomete-la-reforma-de-su-piscina-municipal\/#primaryimage"},"thumbnailUrl":"","datePublished":"2019-11-12T14:55:00+00:00","author":{"@id":"https:\/\/www.copealcoy.es\/es\/#\/schema\/person\/e777c87fa024e57d40170af9df39882c"},"breadcrumb":{"@id":"https:\/\/www.copealcoy.es\/es\/muro-acomete-la-reforma-de-su-piscina-municipal\/#breadcrumb"},"inLanguage":"es","potentialAction":[{"@type":"ReadAction","target":["https:\/\/www.copealcoy.es\/es\/muro-acomete-la-reforma-de-su-piscina-municipal\/"]}]},{"@type":"ImageObject","inLanguage":"es","@id":"https:\/\/www.copealcoy.es\/es\/muro-acomete-la-reforma-de-su-piscina-municipal\/#primaryimage","url":"","contentUrl":""},{"@type":"BreadcrumbList","@id":"https:\/\/www.copealcoy.es\/es\/muro-acomete-la-reforma-de-su-piscina-municipal\/#breadcrumb","itemListElement":[{"@type":"ListItem","position":1,"name":"Portada","item":"https:\/\/www.copealcoy.es\/es\/"},{"@type":"ListItem","position":2,"name":"Muro acomete la reforma de su piscina municipal"}]},{"@type":"WebSite","@id":"https:\/\/www.copealcoy.es\/es\/#website","url":"https:\/\/www.copealcoy.es\/es\/","name":"COPE Alcoy","description":"Emisora COPE de radio local con emisi\u00f3n online. Pont de Sant Jordi 8-10 03803 Alcoy","potentialAction":[{"@type":"SearchAction","target":{"@type":"EntryPoint","urlTemplate":"https:\/\/www.copealcoy.es\/es\/?s={search_term_string}"},"query-input":{"@type":"PropertyValueSpecification","valueRequired":true,"valueName":"search_term_string"}}],"inLanguage":"es"},{"@type":"Person","@id":"https:\/\/www.copealcoy.es\/es\/#\/schema\/person\/e777c87fa024e57d40170af9df39882c","name":"Cope Alcoy","image":{"@type":"ImageObject","inLanguage":"es","@id":"https:\/\/secure.gravatar.com\/avatar\/bb65d0283347e303893ba14f0692005417c1e0e690a325a4c5d8bb2b3943ee14?s=96&d=mm&r=g","url":"https:\/\/secure.gravatar.com\/avatar\/bb65d0283347e303893ba14f0692005417c1e0e690a325a4c5d8bb2b3943ee14?s=96&d=mm&r=g","contentUrl":"https:\/\/secure.gravatar.com\/avatar\/bb65d0283347e303893ba14f0692005417c1e0e690a325a4c5d8bb2b3943ee14?s=96&d=mm&r=g","caption":"Cope Alcoy"}}]}},"_links":{"self":[{"href":"https:\/\/www.copealcoy.es\/es\/wp-json\/wp\/v2\/posts\/56978","targetHints":{"allow":["GET"]}}],"collection":[{"href":"https:\/\/www.copealcoy.es\/es\/wp-json\/wp\/v2\/posts"}],"about":[{"href":"https:\/\/www.copealcoy.es\/es\/wp-json\/wp\/v2\/types\/post"}],"author":[{"embeddable":true,"href":"https:\/\/www.copealcoy.es\/es\/wp-json\/wp\/v2\/users\/1"}],"replies":[{"embeddable":true,"href":"https:\/\/www.copealcoy.es\/es\/wp-json\/wp\/v2\/comments?post=56978"}],"version-history":[{"count":0,"href":"https:\/\/www.copealcoy.es\/es\/wp-json\/wp\/v2\/posts\/56978\/revisions"}],"wp:featuredmedia":[{"embeddable":true,"href":"https:\/\/www.copealcoy.es\/es\/wp-json\/"}],"wp:attachment":[{"href":"https:\/\/www.copealcoy.es\/es\/wp-json\/wp\/v2\/media?parent=56978"}],"wp:term":[{"taxonomy":"category","embeddable":true,"href":"https:\/\/www.copealcoy.es\/es\/wp-json\/wp\/v2\/categories?post=56978"},{"taxonomy":"post_tag","embeddable":true,"href":"https:\/\/www.copealcoy.es\/es\/wp-json\/wp\/v2\/tags?post=56978"}],"curies":[{"name":"wp","href":"https:\/\/api.w.org\/{rel}","templated":true}]}}