{"id":56942,"date":"2019-11-11T14:37:44","date_gmt":"2019-11-11T14:37:44","guid":{"rendered":"https:\/\/copealcoi.es\/?p=56942"},"modified":"2019-11-11T14:37:44","modified_gmt":"2019-11-11T14:37:44","slug":"alcoy-promocionara-los-atractivos-de-su-gastronomia","status":"publish","type":"post","link":"https:\/\/www.copealcoy.es\/es\/alcoy-promocionara-los-atractivos-de-su-gastronomia\/","title":{"rendered":"Alcoy promocionar\u00e1 los atractivos de su gastronom\u00eda"},"content":{"rendered":"<p style=\"text-align: justify;\">Alcoy ser\u00e1 escenario de\u00a0<strong>unas Jornadas Gastron\u00f3micas<\/strong> entre el 19 de noviembre y el 1 de diciembre, un certamen que <strong>se enmarca bajo el lema &#8216;Alcoi gastron\u00f2mic. Arr\u00f2s i muntanya&#8217;<\/strong> y que pretende <strong>recuperar el esp\u00edritu<\/strong> del certamen &#8216;Manjaria&#8217;.<\/p>\n<p style=\"text-align: justify;\">El evento pretende <strong>dar a conocer los platos t\u00edpicos de la ciudad<\/strong> y la inauguraci\u00f3n del mismo <strong>tendr\u00e1 lugar el d\u00eda 18<\/strong> en un acto que se llevar\u00e1 a cabo en el Secotel Ciutat d\u2019Alcoi y que incluir\u00e1 tambi\u00e9 la presentaci\u00f3n de las jornadas.\u00a0Por su parte <strong>el \u00c0gora acoger\u00e1 una Feria Gastron\u00f3mica el d\u00eda 23 de noviembre<\/strong>, en la que empresas locales y de la comarca, mostrar\u00e1n los productos alimenticios de nuestra zona mientras que <strong>el d\u00eda 27 el chef de L\u2019Escaleta Kiko Moya impartir\u00e1 unas jornadas sobre Restauraci\u00f3n Tur\u00edstica<\/strong> en la C\u00e1mara de Comercio junto a <strong>Jorge Sanus de L&#8217;Amagatall de Tota y Evenor Sevilla de Masia La Mota<\/strong>. Todo ello se completa con <strong>men\u00fas especiales<\/strong> en los restaurantes y establecimientos hosteleros de la ciudad &#8220;<em>esperamos que se vayan sumando m\u00e1s sitios a este evento y aunque este a\u00f1o cueste arrancar, por ser el primero, esperamos que en quince a\u00f1os estas Jornadas Gastron\u00f3micas est\u00e9n plenamente consolidadas<\/em>&#8220;, afirma<strong> Indira Amaya<\/strong>; Presidenta de la Asociaci\u00f3n de Turismo Alicante Interior.<\/p>\n<p style=\"text-align: justify;\">La edil de Turismo, <strong>Lorena Zamorano<\/strong>, y <strong>Ram\u00f3n Reche<\/strong>, de tambi\u00e9n Turismo Interior, asistieron a <strong>la presentaci\u00f3n<\/strong> a los medios de estas jornadas y animaron a todos <strong>a disfrutar de las mismas<\/strong> as\u00ed como de<strong> todo lo bueno<\/strong> que ofrece la gastronom\u00eda alcoyana.<\/p>\n<p><iframe loading=\"lazy\" title=\"RP Fira Gastron\u00f2mica &#039;Alcoi gastron\u00f2mic&#039;\" width=\"1200\" height=\"675\" src=\"https:\/\/www.youtube.com\/embed\/lrPkMJHG5qI?feature=oembed\" frameborder=\"0\" allow=\"accelerometer; autoplay; encrypted-media; gyroscope; picture-in-picture\" allowfullscreen><\/iframe><\/p>\n","protected":false},"excerpt":{"rendered":"<p>Alcoy ser\u00e1 escenario de\u00a0unas Jornadas Gastron\u00f3micas entre el 19 de noviembre y el 1 de diciembre, un certamen que se&#8230;<\/p>\n","protected":false},"author":1,"featured_media":56943,"comment_status":"open","ping_status":"open","sticky":false,"template":"","format":"standard","meta":{"footnotes":""},"categories":[97,75,125],"tags":[1494,6999,716,454],"class_list":["post-56942","post","type-post","status-publish","format-standard","has-post-thumbnail","hentry","category-alcoy","category-noticias","category-portada","tag-alcoy","tag-atractivos-turisticos","tag-gastronomia","tag-promocion"],"yoast_head":"<!-- This site is optimized with the Yoast SEO plugin v27.3 - https:\/\/yoast.com\/product\/yoast-seo-wordpress\/ -->\n<title>Alcoy promocionar\u00e1 los atractivos de su gastronom\u00eda - COPE Alcoy<\/title>\n<meta name=\"robots\" content=\"index, follow, max-snippet:-1, max-image-preview:large, max-video-preview:-1\" \/>\n<link rel=\"canonical\" href=\"https:\/\/www.copealcoy.es\/es\/alcoy-promocionara-los-atractivos-de-su-gastronomia\/\" \/>\n<meta property=\"og:locale\" content=\"es_ES\" \/>\n<meta property=\"og:type\" content=\"article\" \/>\n<meta property=\"og:title\" content=\"Alcoy promocionar\u00e1 los atractivos de su gastronom\u00eda - COPE Alcoy\" \/>\n<meta property=\"og:description\" content=\"Alcoy ser\u00e1 escenario de\u00a0unas Jornadas Gastron\u00f3micas entre el 19 de noviembre y el 1 de diciembre, un certamen que se...\" \/>\n<meta property=\"og:url\" content=\"https:\/\/www.copealcoy.es\/es\/alcoy-promocionara-los-atractivos-de-su-gastronomia\/\" \/>\n<meta property=\"og:site_name\" content=\"COPE Alcoy\" \/>\n<meta property=\"article:published_time\" content=\"2019-11-11T14:37:44+00:00\" \/>\n<meta name=\"author\" content=\"Cope Alcoy\" \/>\n<meta name=\"twitter:label1\" content=\"Escrito por\" \/>\n\t<meta name=\"twitter:data1\" content=\"Cope Alcoy\" \/>\n\t<meta name=\"twitter:label2\" content=\"Tiempo de lectura\" \/>\n\t<meta name=\"twitter:data2\" content=\"1 minuto\" \/>\n<script type=\"application\/ld+json\" class=\"yoast-schema-graph\">{\"@context\":\"https:\\\/\\\/schema.org\",\"@graph\":[{\"@type\":\"Article\",\"@id\":\"https:\\\/\\\/www.copealcoy.es\\\/es\\\/alcoy-promocionara-los-atractivos-de-su-gastronomia\\\/#article\",\"isPartOf\":{\"@id\":\"https:\\\/\\\/www.copealcoy.es\\\/es\\\/alcoy-promocionara-los-atractivos-de-su-gastronomia\\\/\"},\"author\":{\"name\":\"Cope Alcoy\",\"@id\":\"https:\\\/\\\/www.copealcoy.es\\\/es\\\/#\\\/schema\\\/person\\\/e777c87fa024e57d40170af9df39882c\"},\"headline\":\"Alcoy promocionar\u00e1 los atractivos de su gastronom\u00eda\",\"datePublished\":\"2019-11-11T14:37:44+00:00\",\"mainEntityOfPage\":{\"@id\":\"https:\\\/\\\/www.copealcoy.es\\\/es\\\/alcoy-promocionara-los-atractivos-de-su-gastronomia\\\/\"},\"wordCount\":288,\"commentCount\":0,\"image\":{\"@id\":\"https:\\\/\\\/www.copealcoy.es\\\/es\\\/alcoy-promocionara-los-atractivos-de-su-gastronomia\\\/#primaryimage\"},\"thumbnailUrl\":\"\",\"keywords\":[\"Alcoy\",\"atractivos tur\u00edsticos\",\"Gastronom\u00eda\",\"Promoci\u00f3n\"],\"articleSection\":[\"Alcoy\",\"Noticias\",\"Portada\"],\"inLanguage\":\"es\"},{\"@type\":\"WebPage\",\"@id\":\"https:\\\/\\\/www.copealcoy.es\\\/es\\\/alcoy-promocionara-los-atractivos-de-su-gastronomia\\\/\",\"url\":\"https:\\\/\\\/www.copealcoy.es\\\/es\\\/alcoy-promocionara-los-atractivos-de-su-gastronomia\\\/\",\"name\":\"Alcoy promocionar\u00e1 los atractivos de su gastronom\u00eda - COPE Alcoy\",\"isPartOf\":{\"@id\":\"https:\\\/\\\/www.copealcoy.es\\\/es\\\/#website\"},\"primaryImageOfPage\":{\"@id\":\"https:\\\/\\\/www.copealcoy.es\\\/es\\\/alcoy-promocionara-los-atractivos-de-su-gastronomia\\\/#primaryimage\"},\"image\":{\"@id\":\"https:\\\/\\\/www.copealcoy.es\\\/es\\\/alcoy-promocionara-los-atractivos-de-su-gastronomia\\\/#primaryimage\"},\"thumbnailUrl\":\"\",\"datePublished\":\"2019-11-11T14:37:44+00:00\",\"author\":{\"@id\":\"https:\\\/\\\/www.copealcoy.es\\\/es\\\/#\\\/schema\\\/person\\\/e777c87fa024e57d40170af9df39882c\"},\"breadcrumb\":{\"@id\":\"https:\\\/\\\/www.copealcoy.es\\\/es\\\/alcoy-promocionara-los-atractivos-de-su-gastronomia\\\/#breadcrumb\"},\"inLanguage\":\"es\",\"potentialAction\":[{\"@type\":\"ReadAction\",\"target\":[\"https:\\\/\\\/www.copealcoy.es\\\/es\\\/alcoy-promocionara-los-atractivos-de-su-gastronomia\\\/\"]}]},{\"@type\":\"ImageObject\",\"inLanguage\":\"es\",\"@id\":\"https:\\\/\\\/www.copealcoy.es\\\/es\\\/alcoy-promocionara-los-atractivos-de-su-gastronomia\\\/#primaryimage\",\"url\":\"\",\"contentUrl\":\"\"},{\"@type\":\"BreadcrumbList\",\"@id\":\"https:\\\/\\\/www.copealcoy.es\\\/es\\\/alcoy-promocionara-los-atractivos-de-su-gastronomia\\\/#breadcrumb\",\"itemListElement\":[{\"@type\":\"ListItem\",\"position\":1,\"name\":\"Portada\",\"item\":\"https:\\\/\\\/www.copealcoy.es\\\/es\\\/\"},{\"@type\":\"ListItem\",\"position\":2,\"name\":\"Alcoy promocionar\u00e1 los atractivos de su gastronom\u00eda\"}]},{\"@type\":\"WebSite\",\"@id\":\"https:\\\/\\\/www.copealcoy.es\\\/es\\\/#website\",\"url\":\"https:\\\/\\\/www.copealcoy.es\\\/es\\\/\",\"name\":\"COPE Alcoy\",\"description\":\"Emisora COPE de radio local con emisi\u00f3n online. Pont de Sant Jordi 8-10 03803 Alcoy\",\"potentialAction\":[{\"@type\":\"SearchAction\",\"target\":{\"@type\":\"EntryPoint\",\"urlTemplate\":\"https:\\\/\\\/www.copealcoy.es\\\/es\\\/?s={search_term_string}\"},\"query-input\":{\"@type\":\"PropertyValueSpecification\",\"valueRequired\":true,\"valueName\":\"search_term_string\"}}],\"inLanguage\":\"es\"},{\"@type\":\"Person\",\"@id\":\"https:\\\/\\\/www.copealcoy.es\\\/es\\\/#\\\/schema\\\/person\\\/e777c87fa024e57d40170af9df39882c\",\"name\":\"Cope Alcoy\",\"image\":{\"@type\":\"ImageObject\",\"inLanguage\":\"es\",\"@id\":\"https:\\\/\\\/secure.gravatar.com\\\/avatar\\\/bb65d0283347e303893ba14f0692005417c1e0e690a325a4c5d8bb2b3943ee14?s=96&d=mm&r=g\",\"url\":\"https:\\\/\\\/secure.gravatar.com\\\/avatar\\\/bb65d0283347e303893ba14f0692005417c1e0e690a325a4c5d8bb2b3943ee14?s=96&d=mm&r=g\",\"contentUrl\":\"https:\\\/\\\/secure.gravatar.com\\\/avatar\\\/bb65d0283347e303893ba14f0692005417c1e0e690a325a4c5d8bb2b3943ee14?s=96&d=mm&r=g\",\"caption\":\"Cope Alcoy\"}}]}<\/script>\n<!-- \/ Yoast SEO plugin. -->","yoast_head_json":{"title":"Alcoy promocionar\u00e1 los atractivos de su gastronom\u00eda - COPE Alcoy","robots":{"index":"index","follow":"follow","max-snippet":"max-snippet:-1","max-image-preview":"max-image-preview:large","max-video-preview":"max-video-preview:-1"},"canonical":"https:\/\/www.copealcoy.es\/es\/alcoy-promocionara-los-atractivos-de-su-gastronomia\/","og_locale":"es_ES","og_type":"article","og_title":"Alcoy promocionar\u00e1 los atractivos de su gastronom\u00eda - COPE Alcoy","og_description":"Alcoy ser\u00e1 escenario de\u00a0unas Jornadas Gastron\u00f3micas entre el 19 de noviembre y el 1 de diciembre, un certamen que se...","og_url":"https:\/\/www.copealcoy.es\/es\/alcoy-promocionara-los-atractivos-de-su-gastronomia\/","og_site_name":"COPE Alcoy","article_published_time":"2019-11-11T14:37:44+00:00","author":"Cope Alcoy","twitter_misc":{"Escrito por":"Cope Alcoy","Tiempo de lectura":"1 minuto"},"schema":{"@context":"https:\/\/schema.org","@graph":[{"@type":"Article","@id":"https:\/\/www.copealcoy.es\/es\/alcoy-promocionara-los-atractivos-de-su-gastronomia\/#article","isPartOf":{"@id":"https:\/\/www.copealcoy.es\/es\/alcoy-promocionara-los-atractivos-de-su-gastronomia\/"},"author":{"name":"Cope Alcoy","@id":"https:\/\/www.copealcoy.es\/es\/#\/schema\/person\/e777c87fa024e57d40170af9df39882c"},"headline":"Alcoy promocionar\u00e1 los atractivos de su gastronom\u00eda","datePublished":"2019-11-11T14:37:44+00:00","mainEntityOfPage":{"@id":"https:\/\/www.copealcoy.es\/es\/alcoy-promocionara-los-atractivos-de-su-gastronomia\/"},"wordCount":288,"commentCount":0,"image":{"@id":"https:\/\/www.copealcoy.es\/es\/alcoy-promocionara-los-atractivos-de-su-gastronomia\/#primaryimage"},"thumbnailUrl":"","keywords":["Alcoy","atractivos tur\u00edsticos","Gastronom\u00eda","Promoci\u00f3n"],"articleSection":["Alcoy","Noticias","Portada"],"inLanguage":"es"},{"@type":"WebPage","@id":"https:\/\/www.copealcoy.es\/es\/alcoy-promocionara-los-atractivos-de-su-gastronomia\/","url":"https:\/\/www.copealcoy.es\/es\/alcoy-promocionara-los-atractivos-de-su-gastronomia\/","name":"Alcoy promocionar\u00e1 los atractivos de su gastronom\u00eda - COPE Alcoy","isPartOf":{"@id":"https:\/\/www.copealcoy.es\/es\/#website"},"primaryImageOfPage":{"@id":"https:\/\/www.copealcoy.es\/es\/alcoy-promocionara-los-atractivos-de-su-gastronomia\/#primaryimage"},"image":{"@id":"https:\/\/www.copealcoy.es\/es\/alcoy-promocionara-los-atractivos-de-su-gastronomia\/#primaryimage"},"thumbnailUrl":"","datePublished":"2019-11-11T14:37:44+00:00","author":{"@id":"https:\/\/www.copealcoy.es\/es\/#\/schema\/person\/e777c87fa024e57d40170af9df39882c"},"breadcrumb":{"@id":"https:\/\/www.copealcoy.es\/es\/alcoy-promocionara-los-atractivos-de-su-gastronomia\/#breadcrumb"},"inLanguage":"es","potentialAction":[{"@type":"ReadAction","target":["https:\/\/www.copealcoy.es\/es\/alcoy-promocionara-los-atractivos-de-su-gastronomia\/"]}]},{"@type":"ImageObject","inLanguage":"es","@id":"https:\/\/www.copealcoy.es\/es\/alcoy-promocionara-los-atractivos-de-su-gastronomia\/#primaryimage","url":"","contentUrl":""},{"@type":"BreadcrumbList","@id":"https:\/\/www.copealcoy.es\/es\/alcoy-promocionara-los-atractivos-de-su-gastronomia\/#breadcrumb","itemListElement":[{"@type":"ListItem","position":1,"name":"Portada","item":"https:\/\/www.copealcoy.es\/es\/"},{"@type":"ListItem","position":2,"name":"Alcoy promocionar\u00e1 los atractivos de su gastronom\u00eda"}]},{"@type":"WebSite","@id":"https:\/\/www.copealcoy.es\/es\/#website","url":"https:\/\/www.copealcoy.es\/es\/","name":"COPE Alcoy","description":"Emisora COPE de radio local con emisi\u00f3n online. Pont de Sant Jordi 8-10 03803 Alcoy","potentialAction":[{"@type":"SearchAction","target":{"@type":"EntryPoint","urlTemplate":"https:\/\/www.copealcoy.es\/es\/?s={search_term_string}"},"query-input":{"@type":"PropertyValueSpecification","valueRequired":true,"valueName":"search_term_string"}}],"inLanguage":"es"},{"@type":"Person","@id":"https:\/\/www.copealcoy.es\/es\/#\/schema\/person\/e777c87fa024e57d40170af9df39882c","name":"Cope Alcoy","image":{"@type":"ImageObject","inLanguage":"es","@id":"https:\/\/secure.gravatar.com\/avatar\/bb65d0283347e303893ba14f0692005417c1e0e690a325a4c5d8bb2b3943ee14?s=96&d=mm&r=g","url":"https:\/\/secure.gravatar.com\/avatar\/bb65d0283347e303893ba14f0692005417c1e0e690a325a4c5d8bb2b3943ee14?s=96&d=mm&r=g","contentUrl":"https:\/\/secure.gravatar.com\/avatar\/bb65d0283347e303893ba14f0692005417c1e0e690a325a4c5d8bb2b3943ee14?s=96&d=mm&r=g","caption":"Cope Alcoy"}}]}},"_links":{"self":[{"href":"https:\/\/www.copealcoy.es\/es\/wp-json\/wp\/v2\/posts\/56942","targetHints":{"allow":["GET"]}}],"collection":[{"href":"https:\/\/www.copealcoy.es\/es\/wp-json\/wp\/v2\/posts"}],"about":[{"href":"https:\/\/www.copealcoy.es\/es\/wp-json\/wp\/v2\/types\/post"}],"author":[{"embeddable":true,"href":"https:\/\/www.copealcoy.es\/es\/wp-json\/wp\/v2\/users\/1"}],"replies":[{"embeddable":true,"href":"https:\/\/www.copealcoy.es\/es\/wp-json\/wp\/v2\/comments?post=56942"}],"version-history":[{"count":0,"href":"https:\/\/www.copealcoy.es\/es\/wp-json\/wp\/v2\/posts\/56942\/revisions"}],"wp:featuredmedia":[{"embeddable":true,"href":"https:\/\/www.copealcoy.es\/es\/wp-json\/"}],"wp:attachment":[{"href":"https:\/\/www.copealcoy.es\/es\/wp-json\/wp\/v2\/media?parent=56942"}],"wp:term":[{"taxonomy":"category","embeddable":true,"href":"https:\/\/www.copealcoy.es\/es\/wp-json\/wp\/v2\/categories?post=56942"},{"taxonomy":"post_tag","embeddable":true,"href":"https:\/\/www.copealcoy.es\/es\/wp-json\/wp\/v2\/tags?post=56942"}],"curies":[{"name":"wp","href":"https:\/\/api.w.org\/{rel}","templated":true}]}}