{"id":56710,"date":"2019-11-07T15:47:51","date_gmt":"2019-11-07T15:47:51","guid":{"rendered":"https:\/\/copealcoi.es\/?p=56710"},"modified":"2019-11-07T15:47:51","modified_gmt":"2019-11-07T15:47:51","slug":"cocentaina-homenajeo-al-edifici-merin","status":"publish","type":"post","link":"https:\/\/www.copealcoy.es\/es\/cocentaina-homenajeo-al-edifici-merin\/","title":{"rendered":"Cocentaina homenaje\u00f3 al &#8216;Edifici Mer\u00edn&#8217;"},"content":{"rendered":"<p style=\"text-align: justify;\">Cocentaina rindi\u00f3 el pasado viernes 18 de octubre <strong>un nuevo homenaje al singular \u2018Edifici Mer\u00edn&#8217;<\/strong>, un inmueble que semanas atr\u00e1s <strong>fue distinguido por el Colegio Territorial de Arquitectos de la Provincia de Alicante<\/strong> como <strong>uno de los edificios m\u00e1s singulares<\/strong> de la zona.<\/p>\n<p style=\"text-align: justify;\">Por este motivo <strong>el Consistorio contestano prepar\u00f3 varias actividades<\/strong> entre las que destac\u00f3 <strong>un desfile modernista<\/strong> en el que participaron colectivos como la Asociaci\u00f3n Amigos del Modernismo de Alcoy o de la Asociaci\u00f3n Cocentaina Cl\u00e0ssics que aport\u00f3 a la comitiva curiosos coches de \u00e9poca. El citado pasacalles termin\u00f3 en <strong>la Pla\u00e7a Alcalde Reig<\/strong>, donde se ubica el edificio, y seguidamente <strong>se realiz\u00f3 una visita teatralizada<\/strong> al mismo tiempo que<strong> no falt\u00f3 un baile popular e incluso una degustaci\u00f3n de tapas t\u00edpicas<\/strong>.<\/p>\n<p style=\"text-align: justify;\">El edil de Cultura y Patrimonio en el Ayuntamiento de Cocentaina, <strong>Iv\u00e1n Jover<\/strong>, se mostr\u00f3 satisfecho por <strong>la gran acogida que tuvo el acto entre los vecinos de la Villa Condal<\/strong> y avanz\u00f3 que el Consistorio <strong>quiere trabajar en esta l\u00ednea<\/strong> \u201c<em>para organizar m\u00e1s actos que sirvan para poner en valor edificios \u00fanicos que tenemos en la poblaci\u00f3n y que merecen ser destacados por su singularidad y estilos arquitect\u00f3nicos\u201d,<\/em>afirm\u00f3.<\/p>\n<p style=\"text-align: justify;\">Indicar que <strong>el \u2018Edifici Mer\u00edn\u2019<\/strong>, en cuya fachada se ha colocado una placa para recordar la distinci\u00f3n que le tribut\u00f3 el Colegio Territorial de Arquitectos de Alicante, <strong>fue proyectado en el a\u00f1o 1930<\/strong> por el arquitecto Vicente Valls Gadea.<\/p>\n","protected":false},"excerpt":{"rendered":"<p>Cocentaina rindi\u00f3 el pasado viernes 18 de octubre un nuevo homenaje al singular \u2018Edifici Mer\u00edn&#8217;, un inmueble que semanas atr\u00e1s&#8230;<\/p>\n","protected":false},"author":1,"featured_media":56711,"comment_status":"open","ping_status":"open","sticky":false,"template":"","format":"standard","meta":{"footnotes":""},"categories":[98,75],"tags":[9308,132,901,7068,176],"class_list":["post-56710","post","type-post","status-publish","format-standard","has-post-thumbnail","hentry","category-comarcas","category-noticias","tag-edifici-merin","tag-cocentaina","tag-homenaje","tag-ivan-jover","tag-patrimonio"],"yoast_head":"<!-- This site is optimized with the Yoast SEO plugin v27.3 - https:\/\/yoast.com\/product\/yoast-seo-wordpress\/ -->\n<title>Cocentaina homenaje\u00f3 al &#039;Edifici Mer\u00edn&#039; - COPE Alcoy<\/title>\n<meta name=\"robots\" content=\"index, follow, max-snippet:-1, max-image-preview:large, max-video-preview:-1\" \/>\n<link rel=\"canonical\" href=\"https:\/\/www.copealcoy.es\/es\/cocentaina-homenajeo-al-edifici-merin\/\" \/>\n<meta property=\"og:locale\" content=\"es_ES\" \/>\n<meta property=\"og:type\" content=\"article\" \/>\n<meta property=\"og:title\" content=\"Cocentaina homenaje\u00f3 al &#039;Edifici Mer\u00edn&#039; - COPE Alcoy\" \/>\n<meta property=\"og:description\" content=\"Cocentaina rindi\u00f3 el pasado viernes 18 de octubre un nuevo homenaje al singular \u2018Edifici Mer\u00edn&#8217;, un inmueble que semanas atr\u00e1s...\" \/>\n<meta property=\"og:url\" content=\"https:\/\/www.copealcoy.es\/es\/cocentaina-homenajeo-al-edifici-merin\/\" \/>\n<meta property=\"og:site_name\" content=\"COPE Alcoy\" \/>\n<meta property=\"article:published_time\" content=\"2019-11-07T15:47:51+00:00\" \/>\n<meta name=\"author\" content=\"Cope Alcoy\" \/>\n<meta name=\"twitter:label1\" content=\"Escrito por\" \/>\n\t<meta name=\"twitter:data1\" content=\"Cope Alcoy\" \/>\n\t<meta name=\"twitter:label2\" content=\"Tiempo de lectura\" \/>\n\t<meta name=\"twitter:data2\" content=\"1 minuto\" \/>\n<script type=\"application\/ld+json\" class=\"yoast-schema-graph\">{\"@context\":\"https:\\\/\\\/schema.org\",\"@graph\":[{\"@type\":\"Article\",\"@id\":\"https:\\\/\\\/www.copealcoy.es\\\/es\\\/cocentaina-homenajeo-al-edifici-merin\\\/#article\",\"isPartOf\":{\"@id\":\"https:\\\/\\\/www.copealcoy.es\\\/es\\\/cocentaina-homenajeo-al-edifici-merin\\\/\"},\"author\":{\"name\":\"Cope Alcoy\",\"@id\":\"https:\\\/\\\/www.copealcoy.es\\\/es\\\/#\\\/schema\\\/person\\\/e777c87fa024e57d40170af9df39882c\"},\"headline\":\"Cocentaina homenaje\u00f3 al &#8216;Edifici Mer\u00edn&#8217;\",\"datePublished\":\"2019-11-07T15:47:51+00:00\",\"mainEntityOfPage\":{\"@id\":\"https:\\\/\\\/www.copealcoy.es\\\/es\\\/cocentaina-homenajeo-al-edifici-merin\\\/\"},\"wordCount\":254,\"commentCount\":0,\"image\":{\"@id\":\"https:\\\/\\\/www.copealcoy.es\\\/es\\\/cocentaina-homenajeo-al-edifici-merin\\\/#primaryimage\"},\"thumbnailUrl\":\"\",\"keywords\":[\"'Edifici Mer\u00edn'\",\"Cocentaina\",\"Homenaje\",\"Iv\u00e1n Jover\",\"Patrimonio\"],\"articleSection\":[\"Comarcas\",\"Noticias\"],\"inLanguage\":\"es\"},{\"@type\":\"WebPage\",\"@id\":\"https:\\\/\\\/www.copealcoy.es\\\/es\\\/cocentaina-homenajeo-al-edifici-merin\\\/\",\"url\":\"https:\\\/\\\/www.copealcoy.es\\\/es\\\/cocentaina-homenajeo-al-edifici-merin\\\/\",\"name\":\"Cocentaina homenaje\u00f3 al 'Edifici Mer\u00edn' - COPE Alcoy\",\"isPartOf\":{\"@id\":\"https:\\\/\\\/www.copealcoy.es\\\/es\\\/#website\"},\"primaryImageOfPage\":{\"@id\":\"https:\\\/\\\/www.copealcoy.es\\\/es\\\/cocentaina-homenajeo-al-edifici-merin\\\/#primaryimage\"},\"image\":{\"@id\":\"https:\\\/\\\/www.copealcoy.es\\\/es\\\/cocentaina-homenajeo-al-edifici-merin\\\/#primaryimage\"},\"thumbnailUrl\":\"\",\"datePublished\":\"2019-11-07T15:47:51+00:00\",\"author\":{\"@id\":\"https:\\\/\\\/www.copealcoy.es\\\/es\\\/#\\\/schema\\\/person\\\/e777c87fa024e57d40170af9df39882c\"},\"breadcrumb\":{\"@id\":\"https:\\\/\\\/www.copealcoy.es\\\/es\\\/cocentaina-homenajeo-al-edifici-merin\\\/#breadcrumb\"},\"inLanguage\":\"es\",\"potentialAction\":[{\"@type\":\"ReadAction\",\"target\":[\"https:\\\/\\\/www.copealcoy.es\\\/es\\\/cocentaina-homenajeo-al-edifici-merin\\\/\"]}]},{\"@type\":\"ImageObject\",\"inLanguage\":\"es\",\"@id\":\"https:\\\/\\\/www.copealcoy.es\\\/es\\\/cocentaina-homenajeo-al-edifici-merin\\\/#primaryimage\",\"url\":\"\",\"contentUrl\":\"\"},{\"@type\":\"BreadcrumbList\",\"@id\":\"https:\\\/\\\/www.copealcoy.es\\\/es\\\/cocentaina-homenajeo-al-edifici-merin\\\/#breadcrumb\",\"itemListElement\":[{\"@type\":\"ListItem\",\"position\":1,\"name\":\"Portada\",\"item\":\"https:\\\/\\\/www.copealcoy.es\\\/es\\\/\"},{\"@type\":\"ListItem\",\"position\":2,\"name\":\"Cocentaina homenaje\u00f3 al &#8216;Edifici Mer\u00edn&#8217;\"}]},{\"@type\":\"WebSite\",\"@id\":\"https:\\\/\\\/www.copealcoy.es\\\/es\\\/#website\",\"url\":\"https:\\\/\\\/www.copealcoy.es\\\/es\\\/\",\"name\":\"COPE Alcoy\",\"description\":\"Emisora COPE de radio local con emisi\u00f3n online. Pont de Sant Jordi 8-10 03803 Alcoy\",\"potentialAction\":[{\"@type\":\"SearchAction\",\"target\":{\"@type\":\"EntryPoint\",\"urlTemplate\":\"https:\\\/\\\/www.copealcoy.es\\\/es\\\/?s={search_term_string}\"},\"query-input\":{\"@type\":\"PropertyValueSpecification\",\"valueRequired\":true,\"valueName\":\"search_term_string\"}}],\"inLanguage\":\"es\"},{\"@type\":\"Person\",\"@id\":\"https:\\\/\\\/www.copealcoy.es\\\/es\\\/#\\\/schema\\\/person\\\/e777c87fa024e57d40170af9df39882c\",\"name\":\"Cope Alcoy\",\"image\":{\"@type\":\"ImageObject\",\"inLanguage\":\"es\",\"@id\":\"https:\\\/\\\/secure.gravatar.com\\\/avatar\\\/bb65d0283347e303893ba14f0692005417c1e0e690a325a4c5d8bb2b3943ee14?s=96&d=mm&r=g\",\"url\":\"https:\\\/\\\/secure.gravatar.com\\\/avatar\\\/bb65d0283347e303893ba14f0692005417c1e0e690a325a4c5d8bb2b3943ee14?s=96&d=mm&r=g\",\"contentUrl\":\"https:\\\/\\\/secure.gravatar.com\\\/avatar\\\/bb65d0283347e303893ba14f0692005417c1e0e690a325a4c5d8bb2b3943ee14?s=96&d=mm&r=g\",\"caption\":\"Cope Alcoy\"}}]}<\/script>\n<!-- \/ Yoast SEO plugin. -->","yoast_head_json":{"title":"Cocentaina homenaje\u00f3 al 'Edifici Mer\u00edn' - COPE Alcoy","robots":{"index":"index","follow":"follow","max-snippet":"max-snippet:-1","max-image-preview":"max-image-preview:large","max-video-preview":"max-video-preview:-1"},"canonical":"https:\/\/www.copealcoy.es\/es\/cocentaina-homenajeo-al-edifici-merin\/","og_locale":"es_ES","og_type":"article","og_title":"Cocentaina homenaje\u00f3 al 'Edifici Mer\u00edn' - COPE Alcoy","og_description":"Cocentaina rindi\u00f3 el pasado viernes 18 de octubre un nuevo homenaje al singular \u2018Edifici Mer\u00edn&#8217;, un inmueble que semanas atr\u00e1s...","og_url":"https:\/\/www.copealcoy.es\/es\/cocentaina-homenajeo-al-edifici-merin\/","og_site_name":"COPE Alcoy","article_published_time":"2019-11-07T15:47:51+00:00","author":"Cope Alcoy","twitter_misc":{"Escrito por":"Cope Alcoy","Tiempo de lectura":"1 minuto"},"schema":{"@context":"https:\/\/schema.org","@graph":[{"@type":"Article","@id":"https:\/\/www.copealcoy.es\/es\/cocentaina-homenajeo-al-edifici-merin\/#article","isPartOf":{"@id":"https:\/\/www.copealcoy.es\/es\/cocentaina-homenajeo-al-edifici-merin\/"},"author":{"name":"Cope Alcoy","@id":"https:\/\/www.copealcoy.es\/es\/#\/schema\/person\/e777c87fa024e57d40170af9df39882c"},"headline":"Cocentaina homenaje\u00f3 al &#8216;Edifici Mer\u00edn&#8217;","datePublished":"2019-11-07T15:47:51+00:00","mainEntityOfPage":{"@id":"https:\/\/www.copealcoy.es\/es\/cocentaina-homenajeo-al-edifici-merin\/"},"wordCount":254,"commentCount":0,"image":{"@id":"https:\/\/www.copealcoy.es\/es\/cocentaina-homenajeo-al-edifici-merin\/#primaryimage"},"thumbnailUrl":"","keywords":["'Edifici Mer\u00edn'","Cocentaina","Homenaje","Iv\u00e1n Jover","Patrimonio"],"articleSection":["Comarcas","Noticias"],"inLanguage":"es"},{"@type":"WebPage","@id":"https:\/\/www.copealcoy.es\/es\/cocentaina-homenajeo-al-edifici-merin\/","url":"https:\/\/www.copealcoy.es\/es\/cocentaina-homenajeo-al-edifici-merin\/","name":"Cocentaina homenaje\u00f3 al 'Edifici Mer\u00edn' - COPE Alcoy","isPartOf":{"@id":"https:\/\/www.copealcoy.es\/es\/#website"},"primaryImageOfPage":{"@id":"https:\/\/www.copealcoy.es\/es\/cocentaina-homenajeo-al-edifici-merin\/#primaryimage"},"image":{"@id":"https:\/\/www.copealcoy.es\/es\/cocentaina-homenajeo-al-edifici-merin\/#primaryimage"},"thumbnailUrl":"","datePublished":"2019-11-07T15:47:51+00:00","author":{"@id":"https:\/\/www.copealcoy.es\/es\/#\/schema\/person\/e777c87fa024e57d40170af9df39882c"},"breadcrumb":{"@id":"https:\/\/www.copealcoy.es\/es\/cocentaina-homenajeo-al-edifici-merin\/#breadcrumb"},"inLanguage":"es","potentialAction":[{"@type":"ReadAction","target":["https:\/\/www.copealcoy.es\/es\/cocentaina-homenajeo-al-edifici-merin\/"]}]},{"@type":"ImageObject","inLanguage":"es","@id":"https:\/\/www.copealcoy.es\/es\/cocentaina-homenajeo-al-edifici-merin\/#primaryimage","url":"","contentUrl":""},{"@type":"BreadcrumbList","@id":"https:\/\/www.copealcoy.es\/es\/cocentaina-homenajeo-al-edifici-merin\/#breadcrumb","itemListElement":[{"@type":"ListItem","position":1,"name":"Portada","item":"https:\/\/www.copealcoy.es\/es\/"},{"@type":"ListItem","position":2,"name":"Cocentaina homenaje\u00f3 al &#8216;Edifici Mer\u00edn&#8217;"}]},{"@type":"WebSite","@id":"https:\/\/www.copealcoy.es\/es\/#website","url":"https:\/\/www.copealcoy.es\/es\/","name":"COPE Alcoy","description":"Emisora COPE de radio local con emisi\u00f3n online. Pont de Sant Jordi 8-10 03803 Alcoy","potentialAction":[{"@type":"SearchAction","target":{"@type":"EntryPoint","urlTemplate":"https:\/\/www.copealcoy.es\/es\/?s={search_term_string}"},"query-input":{"@type":"PropertyValueSpecification","valueRequired":true,"valueName":"search_term_string"}}],"inLanguage":"es"},{"@type":"Person","@id":"https:\/\/www.copealcoy.es\/es\/#\/schema\/person\/e777c87fa024e57d40170af9df39882c","name":"Cope Alcoy","image":{"@type":"ImageObject","inLanguage":"es","@id":"https:\/\/secure.gravatar.com\/avatar\/bb65d0283347e303893ba14f0692005417c1e0e690a325a4c5d8bb2b3943ee14?s=96&d=mm&r=g","url":"https:\/\/secure.gravatar.com\/avatar\/bb65d0283347e303893ba14f0692005417c1e0e690a325a4c5d8bb2b3943ee14?s=96&d=mm&r=g","contentUrl":"https:\/\/secure.gravatar.com\/avatar\/bb65d0283347e303893ba14f0692005417c1e0e690a325a4c5d8bb2b3943ee14?s=96&d=mm&r=g","caption":"Cope Alcoy"}}]}},"_links":{"self":[{"href":"https:\/\/www.copealcoy.es\/es\/wp-json\/wp\/v2\/posts\/56710","targetHints":{"allow":["GET"]}}],"collection":[{"href":"https:\/\/www.copealcoy.es\/es\/wp-json\/wp\/v2\/posts"}],"about":[{"href":"https:\/\/www.copealcoy.es\/es\/wp-json\/wp\/v2\/types\/post"}],"author":[{"embeddable":true,"href":"https:\/\/www.copealcoy.es\/es\/wp-json\/wp\/v2\/users\/1"}],"replies":[{"embeddable":true,"href":"https:\/\/www.copealcoy.es\/es\/wp-json\/wp\/v2\/comments?post=56710"}],"version-history":[{"count":0,"href":"https:\/\/www.copealcoy.es\/es\/wp-json\/wp\/v2\/posts\/56710\/revisions"}],"wp:featuredmedia":[{"embeddable":true,"href":"https:\/\/www.copealcoy.es\/es\/wp-json\/"}],"wp:attachment":[{"href":"https:\/\/www.copealcoy.es\/es\/wp-json\/wp\/v2\/media?parent=56710"}],"wp:term":[{"taxonomy":"category","embeddable":true,"href":"https:\/\/www.copealcoy.es\/es\/wp-json\/wp\/v2\/categories?post=56710"},{"taxonomy":"post_tag","embeddable":true,"href":"https:\/\/www.copealcoy.es\/es\/wp-json\/wp\/v2\/tags?post=56710"}],"curies":[{"name":"wp","href":"https:\/\/api.w.org\/{rel}","templated":true}]}}