{"id":56585,"date":"2019-11-05T15:00:28","date_gmt":"2019-11-05T15:00:28","guid":{"rendered":"https:\/\/copealcoi.es\/?p=56585"},"modified":"2019-11-05T15:00:28","modified_gmt":"2019-11-05T15:00:28","slug":"la-generalitat-salda-la-deuda-con-los-afectados-de-ardystil","status":"publish","type":"post","link":"https:\/\/www.copealcoy.es\/es\/la-generalitat-salda-la-deuda-con-los-afectados-de-ardystil\/","title":{"rendered":"La Generalitat salda la deuda con los afectados de Ardystil"},"content":{"rendered":"<p style=\"text-align: justify;\">La <strong>Generalitat Valenciana<\/strong> ha iniciado ya <strong>el pago de\u00a0las subvenciones a las v\u00edctimas de Ardystil<\/strong> que estaban <strong>pendientes desde hace 26 a\u00f1os<\/strong>. Estas ayudas,\u00a0otorgadas de forma directa por razones humanitarias, <strong>van a ser percibidas por diecisiete afectados de un s\u00edndrome laboral<\/strong> que cop\u00f3 la actualidad informativa en las comarcas del Comtat y de l&#8217;Alcoi\u00e0<strong> hace casi tres d\u00e9cadas<\/strong>. La cuant\u00eda econ\u00f3mica, referida a los gastos judiciales del proceso, <strong>oscila entre los 5.000 as\u00ed como los 18.000 euros<\/strong> y estas cantidades <strong>provienen de los 500.000 euros que el Pleno del Consell<\/strong> aprob\u00f3 para tal fin el pasado mes de marzo.<\/p>\n<p style=\"text-align: justify;\">El Presidente de la Generalitat, <strong>Ximo Puig<\/strong>, recibi\u00f3 el pasado viernes 1 de noviembre <strong>a parte de las v\u00edctimas de Ardystil<\/strong> durante su visita a la Fira de Tots Sants y destac\u00f3 que <strong>con el pago de las citadas subvenciones<\/strong> se hace justicia con todas ellas. Adem\u00e1s manifest\u00f3 <strong>el apoyo del Consell a todos los que sufrieron las consecuencias del mencionado s\u00edndrome laboral<\/strong> &#8220;<em>la Generalitat no hab\u00eda cumplido con lo que le correspond\u00eda y ahora, casi tres d\u00e9cadas despu\u00e9s, se hecho justicia con los afectados y se podr\u00e1 cerrar de forma definitiva el Caso Ardystil aunque jam\u00e1s se olvidar\u00e1 a los fallecidos y a todas las personas que siguen padeciendo problemas de salud<\/em>&#8220;, manifest\u00f3 Puig en COPE ALCOY. Tambi\u00e9n<strong> Chelo Rag\u00fces<\/strong>, madre de las j\u00f3venes fallecidas<strong> Soraya y Yovana<\/strong>, agradec\u00eda visiblemente emocionada <strong>el apoyo<\/strong> que han tenido las v\u00edctimas por parte del actual Gobierno Auton\u00f3mico &#8220;<em>se ha cumplido, por fin, lo que nos prometieron y aunque estas heridas nunca se podr\u00e1n cerrar tenemos cierta satisfacci\u00f3n por ver que se han atendido nuestras reivindicaciones<\/em>&#8220;, manifest\u00f3.<\/p>\n<p style=\"text-align: justify;\">Recordar que fue en 1993 cuando \u00a0<strong>las Cortes Valencianas<\/strong> se comprometieron a hacer frente a los gastos judiciales del S\u00edndrome Ardystil, un hecho que jam\u00e1s lleg\u00f3 a producirse. El <strong>Caso Ardistyl<\/strong>, que tuvo gran repercusi\u00f3n medi\u00e1tica a principios de la d\u00e9cada de los noventa,<strong>\u00a0se cobr\u00f3 la muerte de seis trabajadores de aerograf\u00edas textiles de l&#8217;Alcoi\u00e0 y El Comtat<\/strong>\u00a0al mismo tiempo que gener\u00f3 m\u00e1s de medio centenar de afectados.<\/p>\n","protected":false},"excerpt":{"rendered":"<p>La Generalitat Valenciana ha iniciado ya el pago de\u00a0las subvenciones a las v\u00edctimas de Ardystil que estaban pendientes desde hace&#8230;<\/p>\n","protected":false},"author":1,"featured_media":56586,"comment_status":"open","ping_status":"open","sticky":false,"template":"","format":"standard","meta":{"footnotes":""},"categories":[98,75,125],"tags":[7327,4243,132,994,2181,897,1728],"class_list":["post-56585","post","type-post","status-publish","format-standard","has-post-thumbnail","hentry","category-comarcas","category-noticias","category-portada","tag-afectados","tag-ardystil","tag-cocentaina","tag-generalitat-valenciana","tag-pago","tag-subvenciones","tag-ximo-puig"],"yoast_head":"<!-- This site is optimized with the Yoast SEO plugin v27.3 - https:\/\/yoast.com\/product\/yoast-seo-wordpress\/ -->\n<title>La Generalitat salda la deuda con los afectados de Ardystil - COPE Alcoy<\/title>\n<meta name=\"robots\" content=\"index, follow, max-snippet:-1, max-image-preview:large, max-video-preview:-1\" \/>\n<link rel=\"canonical\" href=\"https:\/\/www.copealcoy.es\/es\/la-generalitat-salda-la-deuda-con-los-afectados-de-ardystil\/\" \/>\n<meta property=\"og:locale\" content=\"es_ES\" \/>\n<meta property=\"og:type\" content=\"article\" \/>\n<meta property=\"og:title\" content=\"La Generalitat salda la deuda con los afectados de Ardystil - COPE Alcoy\" \/>\n<meta property=\"og:description\" content=\"La Generalitat Valenciana ha iniciado ya el pago de\u00a0las subvenciones a las v\u00edctimas de Ardystil que estaban pendientes desde hace...\" \/>\n<meta property=\"og:url\" content=\"https:\/\/www.copealcoy.es\/es\/la-generalitat-salda-la-deuda-con-los-afectados-de-ardystil\/\" \/>\n<meta property=\"og:site_name\" content=\"COPE Alcoy\" \/>\n<meta property=\"article:published_time\" content=\"2019-11-05T15:00:28+00:00\" \/>\n<meta name=\"author\" content=\"Cope Alcoy\" \/>\n<meta name=\"twitter:label1\" content=\"Escrito por\" \/>\n\t<meta name=\"twitter:data1\" content=\"Cope Alcoy\" \/>\n\t<meta name=\"twitter:label2\" content=\"Tiempo de lectura\" \/>\n\t<meta name=\"twitter:data2\" content=\"2 minutos\" \/>\n<script type=\"application\/ld+json\" class=\"yoast-schema-graph\">{\"@context\":\"https:\\\/\\\/schema.org\",\"@graph\":[{\"@type\":\"Article\",\"@id\":\"https:\\\/\\\/www.copealcoy.es\\\/es\\\/la-generalitat-salda-la-deuda-con-los-afectados-de-ardystil\\\/#article\",\"isPartOf\":{\"@id\":\"https:\\\/\\\/www.copealcoy.es\\\/es\\\/la-generalitat-salda-la-deuda-con-los-afectados-de-ardystil\\\/\"},\"author\":{\"name\":\"Cope Alcoy\",\"@id\":\"https:\\\/\\\/www.copealcoy.es\\\/es\\\/#\\\/schema\\\/person\\\/e777c87fa024e57d40170af9df39882c\"},\"headline\":\"La Generalitat salda la deuda con los afectados de Ardystil\",\"datePublished\":\"2019-11-05T15:00:28+00:00\",\"mainEntityOfPage\":{\"@id\":\"https:\\\/\\\/www.copealcoy.es\\\/es\\\/la-generalitat-salda-la-deuda-con-los-afectados-de-ardystil\\\/\"},\"wordCount\":380,\"commentCount\":0,\"image\":{\"@id\":\"https:\\\/\\\/www.copealcoy.es\\\/es\\\/la-generalitat-salda-la-deuda-con-los-afectados-de-ardystil\\\/#primaryimage\"},\"thumbnailUrl\":\"\",\"keywords\":[\"afectados\",\"Ardystil\",\"Cocentaina\",\"Generalitat Valenciana\",\"pago\",\"Subvenciones\",\"Ximo Puig\"],\"articleSection\":[\"Comarcas\",\"Noticias\",\"Portada\"],\"inLanguage\":\"es\"},{\"@type\":\"WebPage\",\"@id\":\"https:\\\/\\\/www.copealcoy.es\\\/es\\\/la-generalitat-salda-la-deuda-con-los-afectados-de-ardystil\\\/\",\"url\":\"https:\\\/\\\/www.copealcoy.es\\\/es\\\/la-generalitat-salda-la-deuda-con-los-afectados-de-ardystil\\\/\",\"name\":\"La Generalitat salda la deuda con los afectados de Ardystil - COPE Alcoy\",\"isPartOf\":{\"@id\":\"https:\\\/\\\/www.copealcoy.es\\\/es\\\/#website\"},\"primaryImageOfPage\":{\"@id\":\"https:\\\/\\\/www.copealcoy.es\\\/es\\\/la-generalitat-salda-la-deuda-con-los-afectados-de-ardystil\\\/#primaryimage\"},\"image\":{\"@id\":\"https:\\\/\\\/www.copealcoy.es\\\/es\\\/la-generalitat-salda-la-deuda-con-los-afectados-de-ardystil\\\/#primaryimage\"},\"thumbnailUrl\":\"\",\"datePublished\":\"2019-11-05T15:00:28+00:00\",\"author\":{\"@id\":\"https:\\\/\\\/www.copealcoy.es\\\/es\\\/#\\\/schema\\\/person\\\/e777c87fa024e57d40170af9df39882c\"},\"breadcrumb\":{\"@id\":\"https:\\\/\\\/www.copealcoy.es\\\/es\\\/la-generalitat-salda-la-deuda-con-los-afectados-de-ardystil\\\/#breadcrumb\"},\"inLanguage\":\"es\",\"potentialAction\":[{\"@type\":\"ReadAction\",\"target\":[\"https:\\\/\\\/www.copealcoy.es\\\/es\\\/la-generalitat-salda-la-deuda-con-los-afectados-de-ardystil\\\/\"]}]},{\"@type\":\"ImageObject\",\"inLanguage\":\"es\",\"@id\":\"https:\\\/\\\/www.copealcoy.es\\\/es\\\/la-generalitat-salda-la-deuda-con-los-afectados-de-ardystil\\\/#primaryimage\",\"url\":\"\",\"contentUrl\":\"\"},{\"@type\":\"BreadcrumbList\",\"@id\":\"https:\\\/\\\/www.copealcoy.es\\\/es\\\/la-generalitat-salda-la-deuda-con-los-afectados-de-ardystil\\\/#breadcrumb\",\"itemListElement\":[{\"@type\":\"ListItem\",\"position\":1,\"name\":\"Portada\",\"item\":\"https:\\\/\\\/www.copealcoy.es\\\/es\\\/\"},{\"@type\":\"ListItem\",\"position\":2,\"name\":\"La Generalitat salda la deuda con los afectados de Ardystil\"}]},{\"@type\":\"WebSite\",\"@id\":\"https:\\\/\\\/www.copealcoy.es\\\/es\\\/#website\",\"url\":\"https:\\\/\\\/www.copealcoy.es\\\/es\\\/\",\"name\":\"COPE Alcoy\",\"description\":\"Emisora COPE de radio local con emisi\u00f3n online. Pont de Sant Jordi 8-10 03803 Alcoy\",\"potentialAction\":[{\"@type\":\"SearchAction\",\"target\":{\"@type\":\"EntryPoint\",\"urlTemplate\":\"https:\\\/\\\/www.copealcoy.es\\\/es\\\/?s={search_term_string}\"},\"query-input\":{\"@type\":\"PropertyValueSpecification\",\"valueRequired\":true,\"valueName\":\"search_term_string\"}}],\"inLanguage\":\"es\"},{\"@type\":\"Person\",\"@id\":\"https:\\\/\\\/www.copealcoy.es\\\/es\\\/#\\\/schema\\\/person\\\/e777c87fa024e57d40170af9df39882c\",\"name\":\"Cope Alcoy\",\"image\":{\"@type\":\"ImageObject\",\"inLanguage\":\"es\",\"@id\":\"https:\\\/\\\/secure.gravatar.com\\\/avatar\\\/bb65d0283347e303893ba14f0692005417c1e0e690a325a4c5d8bb2b3943ee14?s=96&d=mm&r=g\",\"url\":\"https:\\\/\\\/secure.gravatar.com\\\/avatar\\\/bb65d0283347e303893ba14f0692005417c1e0e690a325a4c5d8bb2b3943ee14?s=96&d=mm&r=g\",\"contentUrl\":\"https:\\\/\\\/secure.gravatar.com\\\/avatar\\\/bb65d0283347e303893ba14f0692005417c1e0e690a325a4c5d8bb2b3943ee14?s=96&d=mm&r=g\",\"caption\":\"Cope Alcoy\"}}]}<\/script>\n<!-- \/ Yoast SEO plugin. -->","yoast_head_json":{"title":"La Generalitat salda la deuda con los afectados de Ardystil - COPE Alcoy","robots":{"index":"index","follow":"follow","max-snippet":"max-snippet:-1","max-image-preview":"max-image-preview:large","max-video-preview":"max-video-preview:-1"},"canonical":"https:\/\/www.copealcoy.es\/es\/la-generalitat-salda-la-deuda-con-los-afectados-de-ardystil\/","og_locale":"es_ES","og_type":"article","og_title":"La Generalitat salda la deuda con los afectados de Ardystil - COPE Alcoy","og_description":"La Generalitat Valenciana ha iniciado ya el pago de\u00a0las subvenciones a las v\u00edctimas de Ardystil que estaban pendientes desde hace...","og_url":"https:\/\/www.copealcoy.es\/es\/la-generalitat-salda-la-deuda-con-los-afectados-de-ardystil\/","og_site_name":"COPE Alcoy","article_published_time":"2019-11-05T15:00:28+00:00","author":"Cope Alcoy","twitter_misc":{"Escrito por":"Cope Alcoy","Tiempo de lectura":"2 minutos"},"schema":{"@context":"https:\/\/schema.org","@graph":[{"@type":"Article","@id":"https:\/\/www.copealcoy.es\/es\/la-generalitat-salda-la-deuda-con-los-afectados-de-ardystil\/#article","isPartOf":{"@id":"https:\/\/www.copealcoy.es\/es\/la-generalitat-salda-la-deuda-con-los-afectados-de-ardystil\/"},"author":{"name":"Cope Alcoy","@id":"https:\/\/www.copealcoy.es\/es\/#\/schema\/person\/e777c87fa024e57d40170af9df39882c"},"headline":"La Generalitat salda la deuda con los afectados de Ardystil","datePublished":"2019-11-05T15:00:28+00:00","mainEntityOfPage":{"@id":"https:\/\/www.copealcoy.es\/es\/la-generalitat-salda-la-deuda-con-los-afectados-de-ardystil\/"},"wordCount":380,"commentCount":0,"image":{"@id":"https:\/\/www.copealcoy.es\/es\/la-generalitat-salda-la-deuda-con-los-afectados-de-ardystil\/#primaryimage"},"thumbnailUrl":"","keywords":["afectados","Ardystil","Cocentaina","Generalitat Valenciana","pago","Subvenciones","Ximo Puig"],"articleSection":["Comarcas","Noticias","Portada"],"inLanguage":"es"},{"@type":"WebPage","@id":"https:\/\/www.copealcoy.es\/es\/la-generalitat-salda-la-deuda-con-los-afectados-de-ardystil\/","url":"https:\/\/www.copealcoy.es\/es\/la-generalitat-salda-la-deuda-con-los-afectados-de-ardystil\/","name":"La Generalitat salda la deuda con los afectados de Ardystil - COPE Alcoy","isPartOf":{"@id":"https:\/\/www.copealcoy.es\/es\/#website"},"primaryImageOfPage":{"@id":"https:\/\/www.copealcoy.es\/es\/la-generalitat-salda-la-deuda-con-los-afectados-de-ardystil\/#primaryimage"},"image":{"@id":"https:\/\/www.copealcoy.es\/es\/la-generalitat-salda-la-deuda-con-los-afectados-de-ardystil\/#primaryimage"},"thumbnailUrl":"","datePublished":"2019-11-05T15:00:28+00:00","author":{"@id":"https:\/\/www.copealcoy.es\/es\/#\/schema\/person\/e777c87fa024e57d40170af9df39882c"},"breadcrumb":{"@id":"https:\/\/www.copealcoy.es\/es\/la-generalitat-salda-la-deuda-con-los-afectados-de-ardystil\/#breadcrumb"},"inLanguage":"es","potentialAction":[{"@type":"ReadAction","target":["https:\/\/www.copealcoy.es\/es\/la-generalitat-salda-la-deuda-con-los-afectados-de-ardystil\/"]}]},{"@type":"ImageObject","inLanguage":"es","@id":"https:\/\/www.copealcoy.es\/es\/la-generalitat-salda-la-deuda-con-los-afectados-de-ardystil\/#primaryimage","url":"","contentUrl":""},{"@type":"BreadcrumbList","@id":"https:\/\/www.copealcoy.es\/es\/la-generalitat-salda-la-deuda-con-los-afectados-de-ardystil\/#breadcrumb","itemListElement":[{"@type":"ListItem","position":1,"name":"Portada","item":"https:\/\/www.copealcoy.es\/es\/"},{"@type":"ListItem","position":2,"name":"La Generalitat salda la deuda con los afectados de Ardystil"}]},{"@type":"WebSite","@id":"https:\/\/www.copealcoy.es\/es\/#website","url":"https:\/\/www.copealcoy.es\/es\/","name":"COPE Alcoy","description":"Emisora COPE de radio local con emisi\u00f3n online. Pont de Sant Jordi 8-10 03803 Alcoy","potentialAction":[{"@type":"SearchAction","target":{"@type":"EntryPoint","urlTemplate":"https:\/\/www.copealcoy.es\/es\/?s={search_term_string}"},"query-input":{"@type":"PropertyValueSpecification","valueRequired":true,"valueName":"search_term_string"}}],"inLanguage":"es"},{"@type":"Person","@id":"https:\/\/www.copealcoy.es\/es\/#\/schema\/person\/e777c87fa024e57d40170af9df39882c","name":"Cope Alcoy","image":{"@type":"ImageObject","inLanguage":"es","@id":"https:\/\/secure.gravatar.com\/avatar\/bb65d0283347e303893ba14f0692005417c1e0e690a325a4c5d8bb2b3943ee14?s=96&d=mm&r=g","url":"https:\/\/secure.gravatar.com\/avatar\/bb65d0283347e303893ba14f0692005417c1e0e690a325a4c5d8bb2b3943ee14?s=96&d=mm&r=g","contentUrl":"https:\/\/secure.gravatar.com\/avatar\/bb65d0283347e303893ba14f0692005417c1e0e690a325a4c5d8bb2b3943ee14?s=96&d=mm&r=g","caption":"Cope Alcoy"}}]}},"_links":{"self":[{"href":"https:\/\/www.copealcoy.es\/es\/wp-json\/wp\/v2\/posts\/56585","targetHints":{"allow":["GET"]}}],"collection":[{"href":"https:\/\/www.copealcoy.es\/es\/wp-json\/wp\/v2\/posts"}],"about":[{"href":"https:\/\/www.copealcoy.es\/es\/wp-json\/wp\/v2\/types\/post"}],"author":[{"embeddable":true,"href":"https:\/\/www.copealcoy.es\/es\/wp-json\/wp\/v2\/users\/1"}],"replies":[{"embeddable":true,"href":"https:\/\/www.copealcoy.es\/es\/wp-json\/wp\/v2\/comments?post=56585"}],"version-history":[{"count":0,"href":"https:\/\/www.copealcoy.es\/es\/wp-json\/wp\/v2\/posts\/56585\/revisions"}],"wp:featuredmedia":[{"embeddable":true,"href":"https:\/\/www.copealcoy.es\/es\/wp-json\/"}],"wp:attachment":[{"href":"https:\/\/www.copealcoy.es\/es\/wp-json\/wp\/v2\/media?parent=56585"}],"wp:term":[{"taxonomy":"category","embeddable":true,"href":"https:\/\/www.copealcoy.es\/es\/wp-json\/wp\/v2\/categories?post=56585"},{"taxonomy":"post_tag","embeddable":true,"href":"https:\/\/www.copealcoy.es\/es\/wp-json\/wp\/v2\/tags?post=56585"}],"curies":[{"name":"wp","href":"https:\/\/api.w.org\/{rel}","templated":true}]}}