{"id":56546,"date":"2019-11-03T22:17:18","date_gmt":"2019-11-03T22:17:18","guid":{"rendered":"https:\/\/copealcoi.es\/?p=56546"},"modified":"2019-11-03T22:17:18","modified_gmt":"2019-11-03T22:17:18","slug":"cocentaina-culmina-una-fira-de-tots-sants-multitudinaria","status":"publish","type":"post","link":"https:\/\/www.copealcoy.es\/es\/cocentaina-culmina-una-fira-de-tots-sants-multitudinaria\/","title":{"rendered":"Cocentaina culmina una Fira de Tots Sants multitudinaria"},"content":{"rendered":"<p style=\"text-align: justify;\">La <strong>Fira de Tots Sants de Cocentaina<\/strong> lleg\u00f3 a su fin ayer domingo tras <strong>un nuevo d\u00eda\u00a0<\/strong>en la que las calles del municipio <strong>estuvieron totalmente abarrotadas de p\u00fablico<\/strong> desde primera hora de la ma\u00f1ana y hasta pasadas las diez de la noche.<\/p>\n<p style=\"text-align: justify;\">En la jornada del 3 de noviembre<strong> la oferta de la Fira volvi\u00f3 a funcionar a pleno rendimiento<\/strong> y destacaron tambi\u00e9n espect\u00e1culos como <strong>la exhibici\u00f3n de Monta y Doma de Caballos<\/strong>, organizada por Escuela de Equitaci\u00f3n Peluca, y que se pudo ver en el espacio de la Fira Caballar ubicado en la Avinguda de X\u00e0tiva junto al Pla de la Font. Adem\u00e1s los visitantes disfrutaron de las actuaciones en <strong>los Mercados Medieval y \u00c1rabe<\/strong>,\u00a0<strong>el &#8216;Porrat Valenci\u00e0&#8217;<\/strong>\u00a0o los espacios <strong>&#8216;Sol a Sol&#8217;<\/strong> y <strong>&#8216;Fira i Festa&#8217;<\/strong> as\u00ed como de lo que mostraban los stands de los sectores dedicados al <strong>Turismo, las Nuevas Tecnolog\u00edas, los Deportes &#8216;Outdoor&#8217;, la Maquinaria Agr\u00edcola e Industrial, la Automoci\u00f3n y las Exposiciones Culturales<\/strong>. Se\u00f1alar que tambi\u00e9n muchos aprovecharon <strong>para &#8216;Firarse&#8217;<\/strong>, verbo utilizado para describir la acci\u00f3n de adquirir los art\u00edculos que se venden en la Fira, y hubo espacio para deleitarse con <strong>los productos t\u00edpicos, la gastronom\u00eda o el ritmo fren\u00e9tico que ofrec\u00edan las atracciones infantiles<\/strong>.<\/p>\n<p style=\"text-align: justify;\">La alcaldesa de Cocentaina, <strong>Mireia Estepa<\/strong>, explicaba ayer por la ma\u00f1ana en COPE ALCOY que <strong>la Fira hab\u00eda transcurrido con total normalidad<\/strong> y hac\u00eda referencia a <strong>la masiva afluencia de visitantes<\/strong> registrada en el municipio durante todo el puente festivo de Todos los Santos <em>&#8220;la cifra oficial la conoceremos este lunes pero estamos seguros que habremos llegado a los 500.000 ya que durante el primer d\u00eda pasaron por nuestro pueblo 175.000 personas. N<\/em><span style=\"font-size: inherit;\"><em>os ha acompa\u00f1ado el tiempo, no hemos tenido que lamentar ning\u00fan incidente y la seguridad ha funcionado perfectamente. Muchos de los comerciantes nos han trasladado su sensaci\u00f3n de haber mejorado las ventas respecto al a\u00f1o pasado<\/em>&#8220;, asever\u00f3. Tambi\u00e9n la concejala de Fira, <strong>Mariona Carbonell<\/strong>, hac\u00eda referencia <strong>al buen desarrollo del evento<\/strong> y se mostraba satisfecha por <strong>el trabajo realizado en los cinco a\u00f1os<\/strong> que ha estado al frente de esta concejal\u00eda &#8220;<em>hoy, a pesar del viento, no ha habido ning\u00fan problema y Cocentaina ha disfrutado de una gran Fira de Tots Sants durante los tres d\u00edas. Estoy muy agradecida a todas las personas que han estado junto a m\u00ed en este tiempo y le deseo mucha suerte a la nueva concejala; Eugenia Miguel<\/em>&#8220;, dijo en COPE ALCOY.\u00a0<\/span><\/p>\n<p style=\"text-align: justify;\">La Fira de Tots Sants termin\u00f3 anoche con <strong>un gran espect\u00e1culo en la Plaza del Pla<\/strong>, en el que se proyectaron im\u00e1genes sobre los muros del Palau Comtal, y en el que <strong>se hizo un recorrido por la historia de Cocentaina<\/strong> sin dejar de lado <strong>los or\u00edgenes de una Feria que arranc\u00f3 en 1.346<\/strong> y que ha dado ya el salto internacional.<\/p>\n","protected":false},"excerpt":{"rendered":"<p>La Fira de Tots Sants de Cocentaina lleg\u00f3 a su fin ayer domingo tras un nuevo d\u00eda\u00a0en la que las&#8230;<\/p>\n","protected":false},"author":1,"featured_media":56547,"comment_status":"open","ping_status":"open","sticky":false,"template":"","format":"standard","meta":{"footnotes":""},"categories":[98,75,125],"tags":[132,237,1120,635,8205,447],"class_list":["post-56546","post","type-post","status-publish","format-standard","has-post-thumbnail","hentry","category-comarcas","category-noticias","category-portada","tag-cocentaina","tag-comtat","tag-feria","tag-fira-de-tots-sants","tag-multitudinaria","tag-tradiciones"],"yoast_head":"<!-- This site is optimized with the Yoast SEO plugin v27.3 - https:\/\/yoast.com\/product\/yoast-seo-wordpress\/ -->\n<title>Cocentaina culmina una Fira de Tots Sants multitudinaria - COPE Alcoy<\/title>\n<meta name=\"robots\" content=\"index, follow, max-snippet:-1, max-image-preview:large, max-video-preview:-1\" \/>\n<link rel=\"canonical\" href=\"https:\/\/www.copealcoy.es\/es\/cocentaina-culmina-una-fira-de-tots-sants-multitudinaria\/\" \/>\n<meta property=\"og:locale\" content=\"es_ES\" \/>\n<meta property=\"og:type\" content=\"article\" \/>\n<meta property=\"og:title\" content=\"Cocentaina culmina una Fira de Tots Sants multitudinaria - COPE Alcoy\" \/>\n<meta property=\"og:description\" content=\"La Fira de Tots Sants de Cocentaina lleg\u00f3 a su fin ayer domingo tras un nuevo d\u00eda\u00a0en la que las...\" \/>\n<meta property=\"og:url\" content=\"https:\/\/www.copealcoy.es\/es\/cocentaina-culmina-una-fira-de-tots-sants-multitudinaria\/\" \/>\n<meta property=\"og:site_name\" content=\"COPE Alcoy\" \/>\n<meta property=\"article:published_time\" content=\"2019-11-03T22:17:18+00:00\" \/>\n<meta name=\"author\" content=\"Cope Alcoy\" \/>\n<meta name=\"twitter:label1\" content=\"Escrito por\" \/>\n\t<meta name=\"twitter:data1\" content=\"Cope Alcoy\" \/>\n\t<meta name=\"twitter:label2\" content=\"Tiempo de lectura\" \/>\n\t<meta name=\"twitter:data2\" content=\"2 minutos\" \/>\n<script type=\"application\/ld+json\" class=\"yoast-schema-graph\">{\"@context\":\"https:\\\/\\\/schema.org\",\"@graph\":[{\"@type\":\"Article\",\"@id\":\"https:\\\/\\\/www.copealcoy.es\\\/es\\\/cocentaina-culmina-una-fira-de-tots-sants-multitudinaria\\\/#article\",\"isPartOf\":{\"@id\":\"https:\\\/\\\/www.copealcoy.es\\\/es\\\/cocentaina-culmina-una-fira-de-tots-sants-multitudinaria\\\/\"},\"author\":{\"name\":\"Cope Alcoy\",\"@id\":\"https:\\\/\\\/www.copealcoy.es\\\/es\\\/#\\\/schema\\\/person\\\/e777c87fa024e57d40170af9df39882c\"},\"headline\":\"Cocentaina culmina una Fira de Tots Sants multitudinaria\",\"datePublished\":\"2019-11-03T22:17:18+00:00\",\"mainEntityOfPage\":{\"@id\":\"https:\\\/\\\/www.copealcoy.es\\\/es\\\/cocentaina-culmina-una-fira-de-tots-sants-multitudinaria\\\/\"},\"wordCount\":507,\"commentCount\":0,\"image\":{\"@id\":\"https:\\\/\\\/www.copealcoy.es\\\/es\\\/cocentaina-culmina-una-fira-de-tots-sants-multitudinaria\\\/#primaryimage\"},\"thumbnailUrl\":\"\",\"keywords\":[\"Cocentaina\",\"Comtat\",\"Feria\",\"Fira de Tots Sants\",\"Multitudinaria\",\"Tradiciones\"],\"articleSection\":[\"Comarcas\",\"Noticias\",\"Portada\"],\"inLanguage\":\"es\"},{\"@type\":\"WebPage\",\"@id\":\"https:\\\/\\\/www.copealcoy.es\\\/es\\\/cocentaina-culmina-una-fira-de-tots-sants-multitudinaria\\\/\",\"url\":\"https:\\\/\\\/www.copealcoy.es\\\/es\\\/cocentaina-culmina-una-fira-de-tots-sants-multitudinaria\\\/\",\"name\":\"Cocentaina culmina una Fira de Tots Sants multitudinaria - COPE Alcoy\",\"isPartOf\":{\"@id\":\"https:\\\/\\\/www.copealcoy.es\\\/es\\\/#website\"},\"primaryImageOfPage\":{\"@id\":\"https:\\\/\\\/www.copealcoy.es\\\/es\\\/cocentaina-culmina-una-fira-de-tots-sants-multitudinaria\\\/#primaryimage\"},\"image\":{\"@id\":\"https:\\\/\\\/www.copealcoy.es\\\/es\\\/cocentaina-culmina-una-fira-de-tots-sants-multitudinaria\\\/#primaryimage\"},\"thumbnailUrl\":\"\",\"datePublished\":\"2019-11-03T22:17:18+00:00\",\"author\":{\"@id\":\"https:\\\/\\\/www.copealcoy.es\\\/es\\\/#\\\/schema\\\/person\\\/e777c87fa024e57d40170af9df39882c\"},\"breadcrumb\":{\"@id\":\"https:\\\/\\\/www.copealcoy.es\\\/es\\\/cocentaina-culmina-una-fira-de-tots-sants-multitudinaria\\\/#breadcrumb\"},\"inLanguage\":\"es\",\"potentialAction\":[{\"@type\":\"ReadAction\",\"target\":[\"https:\\\/\\\/www.copealcoy.es\\\/es\\\/cocentaina-culmina-una-fira-de-tots-sants-multitudinaria\\\/\"]}]},{\"@type\":\"ImageObject\",\"inLanguage\":\"es\",\"@id\":\"https:\\\/\\\/www.copealcoy.es\\\/es\\\/cocentaina-culmina-una-fira-de-tots-sants-multitudinaria\\\/#primaryimage\",\"url\":\"\",\"contentUrl\":\"\"},{\"@type\":\"BreadcrumbList\",\"@id\":\"https:\\\/\\\/www.copealcoy.es\\\/es\\\/cocentaina-culmina-una-fira-de-tots-sants-multitudinaria\\\/#breadcrumb\",\"itemListElement\":[{\"@type\":\"ListItem\",\"position\":1,\"name\":\"Portada\",\"item\":\"https:\\\/\\\/www.copealcoy.es\\\/es\\\/\"},{\"@type\":\"ListItem\",\"position\":2,\"name\":\"Cocentaina culmina una Fira de Tots Sants multitudinaria\"}]},{\"@type\":\"WebSite\",\"@id\":\"https:\\\/\\\/www.copealcoy.es\\\/es\\\/#website\",\"url\":\"https:\\\/\\\/www.copealcoy.es\\\/es\\\/\",\"name\":\"COPE Alcoy\",\"description\":\"Emisora COPE de radio local con emisi\u00f3n online. Pont de Sant Jordi 8-10 03803 Alcoy\",\"potentialAction\":[{\"@type\":\"SearchAction\",\"target\":{\"@type\":\"EntryPoint\",\"urlTemplate\":\"https:\\\/\\\/www.copealcoy.es\\\/es\\\/?s={search_term_string}\"},\"query-input\":{\"@type\":\"PropertyValueSpecification\",\"valueRequired\":true,\"valueName\":\"search_term_string\"}}],\"inLanguage\":\"es\"},{\"@type\":\"Person\",\"@id\":\"https:\\\/\\\/www.copealcoy.es\\\/es\\\/#\\\/schema\\\/person\\\/e777c87fa024e57d40170af9df39882c\",\"name\":\"Cope Alcoy\",\"image\":{\"@type\":\"ImageObject\",\"inLanguage\":\"es\",\"@id\":\"https:\\\/\\\/secure.gravatar.com\\\/avatar\\\/bb65d0283347e303893ba14f0692005417c1e0e690a325a4c5d8bb2b3943ee14?s=96&d=mm&r=g\",\"url\":\"https:\\\/\\\/secure.gravatar.com\\\/avatar\\\/bb65d0283347e303893ba14f0692005417c1e0e690a325a4c5d8bb2b3943ee14?s=96&d=mm&r=g\",\"contentUrl\":\"https:\\\/\\\/secure.gravatar.com\\\/avatar\\\/bb65d0283347e303893ba14f0692005417c1e0e690a325a4c5d8bb2b3943ee14?s=96&d=mm&r=g\",\"caption\":\"Cope Alcoy\"}}]}<\/script>\n<!-- \/ Yoast SEO plugin. -->","yoast_head_json":{"title":"Cocentaina culmina una Fira de Tots Sants multitudinaria - COPE Alcoy","robots":{"index":"index","follow":"follow","max-snippet":"max-snippet:-1","max-image-preview":"max-image-preview:large","max-video-preview":"max-video-preview:-1"},"canonical":"https:\/\/www.copealcoy.es\/es\/cocentaina-culmina-una-fira-de-tots-sants-multitudinaria\/","og_locale":"es_ES","og_type":"article","og_title":"Cocentaina culmina una Fira de Tots Sants multitudinaria - COPE Alcoy","og_description":"La Fira de Tots Sants de Cocentaina lleg\u00f3 a su fin ayer domingo tras un nuevo d\u00eda\u00a0en la que las...","og_url":"https:\/\/www.copealcoy.es\/es\/cocentaina-culmina-una-fira-de-tots-sants-multitudinaria\/","og_site_name":"COPE Alcoy","article_published_time":"2019-11-03T22:17:18+00:00","author":"Cope Alcoy","twitter_misc":{"Escrito por":"Cope Alcoy","Tiempo de lectura":"2 minutos"},"schema":{"@context":"https:\/\/schema.org","@graph":[{"@type":"Article","@id":"https:\/\/www.copealcoy.es\/es\/cocentaina-culmina-una-fira-de-tots-sants-multitudinaria\/#article","isPartOf":{"@id":"https:\/\/www.copealcoy.es\/es\/cocentaina-culmina-una-fira-de-tots-sants-multitudinaria\/"},"author":{"name":"Cope Alcoy","@id":"https:\/\/www.copealcoy.es\/es\/#\/schema\/person\/e777c87fa024e57d40170af9df39882c"},"headline":"Cocentaina culmina una Fira de Tots Sants multitudinaria","datePublished":"2019-11-03T22:17:18+00:00","mainEntityOfPage":{"@id":"https:\/\/www.copealcoy.es\/es\/cocentaina-culmina-una-fira-de-tots-sants-multitudinaria\/"},"wordCount":507,"commentCount":0,"image":{"@id":"https:\/\/www.copealcoy.es\/es\/cocentaina-culmina-una-fira-de-tots-sants-multitudinaria\/#primaryimage"},"thumbnailUrl":"","keywords":["Cocentaina","Comtat","Feria","Fira de Tots Sants","Multitudinaria","Tradiciones"],"articleSection":["Comarcas","Noticias","Portada"],"inLanguage":"es"},{"@type":"WebPage","@id":"https:\/\/www.copealcoy.es\/es\/cocentaina-culmina-una-fira-de-tots-sants-multitudinaria\/","url":"https:\/\/www.copealcoy.es\/es\/cocentaina-culmina-una-fira-de-tots-sants-multitudinaria\/","name":"Cocentaina culmina una Fira de Tots Sants multitudinaria - COPE Alcoy","isPartOf":{"@id":"https:\/\/www.copealcoy.es\/es\/#website"},"primaryImageOfPage":{"@id":"https:\/\/www.copealcoy.es\/es\/cocentaina-culmina-una-fira-de-tots-sants-multitudinaria\/#primaryimage"},"image":{"@id":"https:\/\/www.copealcoy.es\/es\/cocentaina-culmina-una-fira-de-tots-sants-multitudinaria\/#primaryimage"},"thumbnailUrl":"","datePublished":"2019-11-03T22:17:18+00:00","author":{"@id":"https:\/\/www.copealcoy.es\/es\/#\/schema\/person\/e777c87fa024e57d40170af9df39882c"},"breadcrumb":{"@id":"https:\/\/www.copealcoy.es\/es\/cocentaina-culmina-una-fira-de-tots-sants-multitudinaria\/#breadcrumb"},"inLanguage":"es","potentialAction":[{"@type":"ReadAction","target":["https:\/\/www.copealcoy.es\/es\/cocentaina-culmina-una-fira-de-tots-sants-multitudinaria\/"]}]},{"@type":"ImageObject","inLanguage":"es","@id":"https:\/\/www.copealcoy.es\/es\/cocentaina-culmina-una-fira-de-tots-sants-multitudinaria\/#primaryimage","url":"","contentUrl":""},{"@type":"BreadcrumbList","@id":"https:\/\/www.copealcoy.es\/es\/cocentaina-culmina-una-fira-de-tots-sants-multitudinaria\/#breadcrumb","itemListElement":[{"@type":"ListItem","position":1,"name":"Portada","item":"https:\/\/www.copealcoy.es\/es\/"},{"@type":"ListItem","position":2,"name":"Cocentaina culmina una Fira de Tots Sants multitudinaria"}]},{"@type":"WebSite","@id":"https:\/\/www.copealcoy.es\/es\/#website","url":"https:\/\/www.copealcoy.es\/es\/","name":"COPE Alcoy","description":"Emisora COPE de radio local con emisi\u00f3n online. Pont de Sant Jordi 8-10 03803 Alcoy","potentialAction":[{"@type":"SearchAction","target":{"@type":"EntryPoint","urlTemplate":"https:\/\/www.copealcoy.es\/es\/?s={search_term_string}"},"query-input":{"@type":"PropertyValueSpecification","valueRequired":true,"valueName":"search_term_string"}}],"inLanguage":"es"},{"@type":"Person","@id":"https:\/\/www.copealcoy.es\/es\/#\/schema\/person\/e777c87fa024e57d40170af9df39882c","name":"Cope Alcoy","image":{"@type":"ImageObject","inLanguage":"es","@id":"https:\/\/secure.gravatar.com\/avatar\/bb65d0283347e303893ba14f0692005417c1e0e690a325a4c5d8bb2b3943ee14?s=96&d=mm&r=g","url":"https:\/\/secure.gravatar.com\/avatar\/bb65d0283347e303893ba14f0692005417c1e0e690a325a4c5d8bb2b3943ee14?s=96&d=mm&r=g","contentUrl":"https:\/\/secure.gravatar.com\/avatar\/bb65d0283347e303893ba14f0692005417c1e0e690a325a4c5d8bb2b3943ee14?s=96&d=mm&r=g","caption":"Cope Alcoy"}}]}},"_links":{"self":[{"href":"https:\/\/www.copealcoy.es\/es\/wp-json\/wp\/v2\/posts\/56546","targetHints":{"allow":["GET"]}}],"collection":[{"href":"https:\/\/www.copealcoy.es\/es\/wp-json\/wp\/v2\/posts"}],"about":[{"href":"https:\/\/www.copealcoy.es\/es\/wp-json\/wp\/v2\/types\/post"}],"author":[{"embeddable":true,"href":"https:\/\/www.copealcoy.es\/es\/wp-json\/wp\/v2\/users\/1"}],"replies":[{"embeddable":true,"href":"https:\/\/www.copealcoy.es\/es\/wp-json\/wp\/v2\/comments?post=56546"}],"version-history":[{"count":0,"href":"https:\/\/www.copealcoy.es\/es\/wp-json\/wp\/v2\/posts\/56546\/revisions"}],"wp:featuredmedia":[{"embeddable":true,"href":"https:\/\/www.copealcoy.es\/es\/wp-json\/"}],"wp:attachment":[{"href":"https:\/\/www.copealcoy.es\/es\/wp-json\/wp\/v2\/media?parent=56546"}],"wp:term":[{"taxonomy":"category","embeddable":true,"href":"https:\/\/www.copealcoy.es\/es\/wp-json\/wp\/v2\/categories?post=56546"},{"taxonomy":"post_tag","embeddable":true,"href":"https:\/\/www.copealcoy.es\/es\/wp-json\/wp\/v2\/tags?post=56546"}],"curies":[{"name":"wp","href":"https:\/\/api.w.org\/{rel}","templated":true}]}}