{"id":56507,"date":"2019-11-01T13:41:27","date_gmt":"2019-11-01T13:41:27","guid":{"rendered":"https:\/\/copealcoi.es\/?p=56507"},"modified":"2019-11-01T13:41:27","modified_gmt":"2019-11-01T13:41:27","slug":"cocentaina-da-la-bievenida-a-su-fira-mas-internacional","status":"publish","type":"post","link":"https:\/\/www.copealcoy.es\/es\/cocentaina-da-la-bievenida-a-su-fira-mas-internacional\/","title":{"rendered":"Cocentaina da la bievenida a su Fira m\u00e1s internacional"},"content":{"rendered":"<p style=\"text-align: justify;\">Cocentaina ha amanecido en este viernes 1 de noviembre <strong>totalmente inmersa en la 673 edici\u00f3n de la Fira de Tots Sants<\/strong>, un evento que este a\u00f1o se celebrar\u00e1 hasta el domingo y que<strong> espera recibir a m\u00e1s de medio mill\u00f3n de visitantes<\/strong>.<\/p>\n<p style=\"text-align: justify;\">La jornada inaugural de la Fira, enmarcada por tercer a\u00f1o consecutivo en el d\u00eda de Todos los Santos, <strong>ha arrancado en el Pla de la Font con el cl\u00e1sico &#8216;Esmorzar&#8217;<\/strong>. All\u00ed <strong>la Asociaci\u00f3n de Amas de Casa<\/strong> ha preparado desde primera hora de la ma\u00f1ana <strong>casi tres mil bocadillos de blanco y negro<\/strong> que se han repartido a los visitantes junto a <strong>vino con gaseosa<\/strong> e incluso <strong>las cl\u00e1sicas &#8216;Olives Trencades&#8217;<\/strong> &#8220;<em>este a\u00f1o hemos intentado agilizar las colas repartiendo los tickets durante los d\u00edas anteriores en las carnicer\u00edas y panader\u00edas del pueblo. Es una cita que espera mucha gente porque se crea muy buen ambiente en esta plaza<\/em>&#8220;, aseguraba en COPE ALCOY la Presidenta de la entidad; <strong>Esther Faus<\/strong>. El acto ha estado amenizado por <strong>los bailes populares del Grup de Danses Cocentaina<\/strong> y se ha enmarcado, como siempre, en <strong>la Fira Caballar<\/strong>.<\/p>\n<p style=\"text-align: justify;\">Una hora despu\u00e9s ha tenido lugar <strong>la inauguraci\u00f3n oficial de la Fira<\/strong> con <strong>la lectura del Privilegi<\/strong> desde los balcones del Palau Comtal. Se trata <strong>del documento con el que el Rey Pere IV El Ceremoni\u00f3s<\/strong> autoriz\u00f3, \u00a0en 1.346, a la celebraci\u00f3n de <strong>una Feria con car\u00e1cter anual<\/strong>. El Magistrado contestano <strong>Miguel Soler<\/strong> ha sido el encargado de <strong>dar lectura a este texto<\/strong> ante la mirada atenta de <strong>centenares de visitantes<\/strong> &#8220;<em>me he sentido muy satisfecho por el reconocimiento que me ha hecho todo el pueblo y he estado acompa\u00f1ado en todo momento por los vecinos y el Ayuntamiento. Ha sido todo un honor para mi personas regresar a mi tierra, a mi pueblo<\/em>&#8220;, manifest\u00f3 el protagonista.<\/p>\n<p>Aqu\u00ed <strong>pod\u00e9is escuchar<\/strong> el Privilegi le\u00eddo por Miguel Soler:<\/p>\n<audio class=\"wp-audio-shortcode\" id=\"audio-56507-1\" preload=\"none\" style=\"width: 100%;\" controls=\"controls\"><source type=\"audio\/mpeg\" src=\"https:\/\/copealcoi.es\/wp-content\/uploads\/2019\/11\/PRIVILEGI-FIRA.mp3?_=1\" \/><a href=\"https:\/\/copealcoi.es\/wp-content\/uploads\/2019\/11\/PRIVILEGI-FIRA.mp3\">https:\/\/copealcoi.es\/wp-content\/uploads\/2019\/11\/PRIVILEGI-FIRA.mp3<\/a><\/audio>\n<p style=\"text-align: justify;\">La inauguraci\u00f3n de la Fira, que ha coincidido con <strong>el arranque de la campa\u00f1a para las Elecciones Generales del 10N<\/strong>, ha reunido en esta ma\u00f1ana a <strong>una amplia representaci\u00f3n institucional<\/strong>. Esta ha estado encabezada por el Ministro \u00a0de\u00a0Ciencia, Innovaci\u00f3n y Universidades en funciones; <strong>Pedro Duque<\/strong>, y el mismo ha afirmado <strong>sentirse maravillado por la oferta de la Fira<\/strong> &#8220;<em>es incre\u00edble todo lo que nos ofrece este pueblo, especialmente la gastronom\u00eda, y me ha encantado la m\u00fasica tradicional que nos ha acompa\u00f1ado durante todo el acto. Es, sin ning\u00fan tipo de dudas, un evento de gran magnitud<\/em>&#8220;, afirm\u00f3. Tambi\u00e9n el Presidente de la Generalitat, <strong>Ximo Puig<\/strong>, felicit\u00f3 a Cocentaina por tener ya <strong>una Fira de Inter\u00e9s Tur\u00edstico Internacional<\/strong> y anunci\u00f3 que <strong>habr\u00e1 mayor apoyo econ\u00f3mico<\/strong> para esta tradici\u00f3n &#8220;<em>estamos ultimando el convenio con la Ag\u00e8ncia Valenciana de Turisme para que la Fira tenga m\u00e1s financiaci\u00f3n y para el a\u00f1o que viene, si se aprueban los Presupuestos, habr\u00e1 una subvenci\u00f3n de 40.000 euros<\/em>&#8220;, destac\u00f3 el Jefe del Consell. Por \u00faltimo el Presidente de la Diputaci\u00f3n, <strong>Carlos Maz\u00f3n<\/strong>, manifest\u00f3 tambi\u00e9n<strong> el respaldo del ente provincial a la Fira<\/strong> <em>&#8220;si se est\u00e1 trabajando en un convenio a dos este puede ser tambi\u00e9n a tres para que as\u00ed el Ayuntamiento, la Generalitat y la Diputaci\u00f3n podamos trabajar en la misma l\u00ednea de cara a apoyar una feria de tan gran valor como la de Cocentaina<\/em>&#8220;, apostill\u00f3.<\/p>\n<p style=\"text-align: justify;\">En la inauguraci\u00f3n de la Fira estuvieron presentes tambi\u00e9n el <strong>Presidente de les Corts Valencianes<\/strong> (Enric Morera), los Consellers <strong>Ana Barcel\u00f3<\/strong> (Sanidad), <strong>Rafael Climent<\/strong> (Econom\u00eda Sostenible, Sectores Productivos, Comercio y Trabajo) y <strong>Mireia Moll\u00e0<\/strong>\u00a0(Agricultura, Desarrollo Rural, Emergencia Clim\u00e1tica y Transici\u00f3n Ecol\u00f3gica). No faltaron tampoco <strong>candidatos al Congreso y al Senado por Alicante<\/strong> de cara a las Elecciones Generales, Diputados Nacionales como <strong>Patricia Blanquer<\/strong> (PSOE) o <strong>Joan Baldov\u00ed<\/strong> (Comprom\u00eds), <strong>Diputados Auton\u00f3micos<\/strong> como la alcoyana <strong>Estefan\u00eda Blanes<\/strong> (Unides Podem-Esquerra Unida), los <strong>Diputados Provinciales<\/strong> <strong>Toni Franc\u00e9s<\/strong> (PSOE) y <strong>Javier Sendra<\/strong> (PP) o altos cargos de la Generalitat Valenciana de nuestras comarcas como <strong>Rafa Briet<\/strong>\u00a0(Subsecretario de Pol\u00edtica Territorial y Obras P\u00fablicas),<strong> Manolo Gomicia<\/strong>\u00a0(Director General de Formaci\u00f3n Profesional)<strong>\u00a0y Julia Company\u00a0<\/strong>(Directora General del IVACE). Tambi\u00e9n acudieron a la apertura del Certamen el <strong>Presidente de la Mancomunitat de l&#8217;Alcoi\u00e0-Comta<\/strong>t (Blas Calbo), gran cantidad de <strong>alcaldes y alcaldesas del Comtat y de l\u2019Alcoi\u00e0<\/strong> o <strong>representantes de diferentes instituciones<\/strong> como la Universidad de Alicante, AITEX, el Campus de Alcoy de la UPV o la Acad\u00e8mia Valenciana de la Llengua; entre otros muchos.<\/p>\n","protected":false},"excerpt":{"rendered":"<p>Cocentaina ha amanecido en este viernes 1 de noviembre totalmente inmersa en la 673 edici\u00f3n de la Fira de Tots&#8230;<\/p>\n","protected":false},"author":1,"featured_media":56510,"comment_status":"open","ping_status":"open","sticky":false,"template":"","format":"standard","meta":{"footnotes":""},"categories":[98,75,125],"tags":[132,9380,635,1550,8808,8594],"class_list":["post-56507","post","type-post","status-publish","format-standard","has-post-thumbnail","hentry","category-comarcas","category-noticias","category-portada","tag-cocentaina","tag-fira-2019","tag-fira-de-tots-sants","tag-inauguracion","tag-interes-turistico-internacional","tag-pedro-duque"],"yoast_head":"<!-- This site is optimized with the Yoast SEO plugin v27.3 - https:\/\/yoast.com\/product\/yoast-seo-wordpress\/ -->\n<title>Cocentaina da la bievenida a su Fira m\u00e1s internacional - COPE Alcoy<\/title>\n<meta name=\"robots\" content=\"index, follow, max-snippet:-1, max-image-preview:large, max-video-preview:-1\" \/>\n<link rel=\"canonical\" href=\"https:\/\/www.copealcoy.es\/es\/cocentaina-da-la-bievenida-a-su-fira-mas-internacional\/\" \/>\n<meta property=\"og:locale\" content=\"es_ES\" \/>\n<meta property=\"og:type\" content=\"article\" \/>\n<meta property=\"og:title\" content=\"Cocentaina da la bievenida a su Fira m\u00e1s internacional - COPE Alcoy\" \/>\n<meta property=\"og:description\" content=\"Cocentaina ha amanecido en este viernes 1 de noviembre totalmente inmersa en la 673 edici\u00f3n de la Fira de Tots...\" \/>\n<meta property=\"og:url\" content=\"https:\/\/www.copealcoy.es\/es\/cocentaina-da-la-bievenida-a-su-fira-mas-internacional\/\" \/>\n<meta property=\"og:site_name\" content=\"COPE Alcoy\" \/>\n<meta property=\"article:published_time\" content=\"2019-11-01T13:41:27+00:00\" \/>\n<meta name=\"author\" content=\"Cope Alcoy\" \/>\n<meta name=\"twitter:label1\" content=\"Escrito por\" \/>\n\t<meta name=\"twitter:data1\" content=\"Cope Alcoy\" \/>\n\t<meta name=\"twitter:label2\" content=\"Tiempo de lectura\" \/>\n\t<meta name=\"twitter:data2\" content=\"4 minutos\" \/>\n<script type=\"application\/ld+json\" class=\"yoast-schema-graph\">{\"@context\":\"https:\\\/\\\/schema.org\",\"@graph\":[{\"@type\":\"Article\",\"@id\":\"https:\\\/\\\/www.copealcoy.es\\\/es\\\/cocentaina-da-la-bievenida-a-su-fira-mas-internacional\\\/#article\",\"isPartOf\":{\"@id\":\"https:\\\/\\\/www.copealcoy.es\\\/es\\\/cocentaina-da-la-bievenida-a-su-fira-mas-internacional\\\/\"},\"author\":{\"name\":\"Cope Alcoy\",\"@id\":\"https:\\\/\\\/www.copealcoy.es\\\/es\\\/#\\\/schema\\\/person\\\/e777c87fa024e57d40170af9df39882c\"},\"headline\":\"Cocentaina da la bievenida a su Fira m\u00e1s internacional\",\"datePublished\":\"2019-11-01T13:41:27+00:00\",\"mainEntityOfPage\":{\"@id\":\"https:\\\/\\\/www.copealcoy.es\\\/es\\\/cocentaina-da-la-bievenida-a-su-fira-mas-internacional\\\/\"},\"wordCount\":803,\"commentCount\":0,\"image\":{\"@id\":\"https:\\\/\\\/www.copealcoy.es\\\/es\\\/cocentaina-da-la-bievenida-a-su-fira-mas-internacional\\\/#primaryimage\"},\"thumbnailUrl\":\"\",\"keywords\":[\"Cocentaina\",\"Fira 2019\",\"Fira de Tots Sants\",\"Inauguraci\u00f3n\",\"Inter\u00e9s Tur\u00edstico Internacional\",\"Pedro Duque\"],\"articleSection\":[\"Comarcas\",\"Noticias\",\"Portada\"],\"inLanguage\":\"es\"},{\"@type\":\"WebPage\",\"@id\":\"https:\\\/\\\/www.copealcoy.es\\\/es\\\/cocentaina-da-la-bievenida-a-su-fira-mas-internacional\\\/\",\"url\":\"https:\\\/\\\/www.copealcoy.es\\\/es\\\/cocentaina-da-la-bievenida-a-su-fira-mas-internacional\\\/\",\"name\":\"Cocentaina da la bievenida a su Fira m\u00e1s internacional - COPE Alcoy\",\"isPartOf\":{\"@id\":\"https:\\\/\\\/www.copealcoy.es\\\/es\\\/#website\"},\"primaryImageOfPage\":{\"@id\":\"https:\\\/\\\/www.copealcoy.es\\\/es\\\/cocentaina-da-la-bievenida-a-su-fira-mas-internacional\\\/#primaryimage\"},\"image\":{\"@id\":\"https:\\\/\\\/www.copealcoy.es\\\/es\\\/cocentaina-da-la-bievenida-a-su-fira-mas-internacional\\\/#primaryimage\"},\"thumbnailUrl\":\"\",\"datePublished\":\"2019-11-01T13:41:27+00:00\",\"author\":{\"@id\":\"https:\\\/\\\/www.copealcoy.es\\\/es\\\/#\\\/schema\\\/person\\\/e777c87fa024e57d40170af9df39882c\"},\"breadcrumb\":{\"@id\":\"https:\\\/\\\/www.copealcoy.es\\\/es\\\/cocentaina-da-la-bievenida-a-su-fira-mas-internacional\\\/#breadcrumb\"},\"inLanguage\":\"es\",\"potentialAction\":[{\"@type\":\"ReadAction\",\"target\":[\"https:\\\/\\\/www.copealcoy.es\\\/es\\\/cocentaina-da-la-bievenida-a-su-fira-mas-internacional\\\/\"]}]},{\"@type\":\"ImageObject\",\"inLanguage\":\"es\",\"@id\":\"https:\\\/\\\/www.copealcoy.es\\\/es\\\/cocentaina-da-la-bievenida-a-su-fira-mas-internacional\\\/#primaryimage\",\"url\":\"\",\"contentUrl\":\"\"},{\"@type\":\"BreadcrumbList\",\"@id\":\"https:\\\/\\\/www.copealcoy.es\\\/es\\\/cocentaina-da-la-bievenida-a-su-fira-mas-internacional\\\/#breadcrumb\",\"itemListElement\":[{\"@type\":\"ListItem\",\"position\":1,\"name\":\"Portada\",\"item\":\"https:\\\/\\\/www.copealcoy.es\\\/es\\\/\"},{\"@type\":\"ListItem\",\"position\":2,\"name\":\"Cocentaina da la bievenida a su Fira m\u00e1s internacional\"}]},{\"@type\":\"WebSite\",\"@id\":\"https:\\\/\\\/www.copealcoy.es\\\/es\\\/#website\",\"url\":\"https:\\\/\\\/www.copealcoy.es\\\/es\\\/\",\"name\":\"COPE Alcoy\",\"description\":\"Emisora COPE de radio local con emisi\u00f3n online. Pont de Sant Jordi 8-10 03803 Alcoy\",\"potentialAction\":[{\"@type\":\"SearchAction\",\"target\":{\"@type\":\"EntryPoint\",\"urlTemplate\":\"https:\\\/\\\/www.copealcoy.es\\\/es\\\/?s={search_term_string}\"},\"query-input\":{\"@type\":\"PropertyValueSpecification\",\"valueRequired\":true,\"valueName\":\"search_term_string\"}}],\"inLanguage\":\"es\"},{\"@type\":\"Person\",\"@id\":\"https:\\\/\\\/www.copealcoy.es\\\/es\\\/#\\\/schema\\\/person\\\/e777c87fa024e57d40170af9df39882c\",\"name\":\"Cope Alcoy\",\"image\":{\"@type\":\"ImageObject\",\"inLanguage\":\"es\",\"@id\":\"https:\\\/\\\/secure.gravatar.com\\\/avatar\\\/bb65d0283347e303893ba14f0692005417c1e0e690a325a4c5d8bb2b3943ee14?s=96&d=mm&r=g\",\"url\":\"https:\\\/\\\/secure.gravatar.com\\\/avatar\\\/bb65d0283347e303893ba14f0692005417c1e0e690a325a4c5d8bb2b3943ee14?s=96&d=mm&r=g\",\"contentUrl\":\"https:\\\/\\\/secure.gravatar.com\\\/avatar\\\/bb65d0283347e303893ba14f0692005417c1e0e690a325a4c5d8bb2b3943ee14?s=96&d=mm&r=g\",\"caption\":\"Cope Alcoy\"}}]}<\/script>\n<!-- \/ Yoast SEO plugin. -->","yoast_head_json":{"title":"Cocentaina da la bievenida a su Fira m\u00e1s internacional - COPE Alcoy","robots":{"index":"index","follow":"follow","max-snippet":"max-snippet:-1","max-image-preview":"max-image-preview:large","max-video-preview":"max-video-preview:-1"},"canonical":"https:\/\/www.copealcoy.es\/es\/cocentaina-da-la-bievenida-a-su-fira-mas-internacional\/","og_locale":"es_ES","og_type":"article","og_title":"Cocentaina da la bievenida a su Fira m\u00e1s internacional - COPE Alcoy","og_description":"Cocentaina ha amanecido en este viernes 1 de noviembre totalmente inmersa en la 673 edici\u00f3n de la Fira de Tots...","og_url":"https:\/\/www.copealcoy.es\/es\/cocentaina-da-la-bievenida-a-su-fira-mas-internacional\/","og_site_name":"COPE Alcoy","article_published_time":"2019-11-01T13:41:27+00:00","author":"Cope Alcoy","twitter_misc":{"Escrito por":"Cope Alcoy","Tiempo de lectura":"4 minutos"},"schema":{"@context":"https:\/\/schema.org","@graph":[{"@type":"Article","@id":"https:\/\/www.copealcoy.es\/es\/cocentaina-da-la-bievenida-a-su-fira-mas-internacional\/#article","isPartOf":{"@id":"https:\/\/www.copealcoy.es\/es\/cocentaina-da-la-bievenida-a-su-fira-mas-internacional\/"},"author":{"name":"Cope Alcoy","@id":"https:\/\/www.copealcoy.es\/es\/#\/schema\/person\/e777c87fa024e57d40170af9df39882c"},"headline":"Cocentaina da la bievenida a su Fira m\u00e1s internacional","datePublished":"2019-11-01T13:41:27+00:00","mainEntityOfPage":{"@id":"https:\/\/www.copealcoy.es\/es\/cocentaina-da-la-bievenida-a-su-fira-mas-internacional\/"},"wordCount":803,"commentCount":0,"image":{"@id":"https:\/\/www.copealcoy.es\/es\/cocentaina-da-la-bievenida-a-su-fira-mas-internacional\/#primaryimage"},"thumbnailUrl":"","keywords":["Cocentaina","Fira 2019","Fira de Tots Sants","Inauguraci\u00f3n","Inter\u00e9s Tur\u00edstico Internacional","Pedro Duque"],"articleSection":["Comarcas","Noticias","Portada"],"inLanguage":"es"},{"@type":"WebPage","@id":"https:\/\/www.copealcoy.es\/es\/cocentaina-da-la-bievenida-a-su-fira-mas-internacional\/","url":"https:\/\/www.copealcoy.es\/es\/cocentaina-da-la-bievenida-a-su-fira-mas-internacional\/","name":"Cocentaina da la bievenida a su Fira m\u00e1s internacional - COPE Alcoy","isPartOf":{"@id":"https:\/\/www.copealcoy.es\/es\/#website"},"primaryImageOfPage":{"@id":"https:\/\/www.copealcoy.es\/es\/cocentaina-da-la-bievenida-a-su-fira-mas-internacional\/#primaryimage"},"image":{"@id":"https:\/\/www.copealcoy.es\/es\/cocentaina-da-la-bievenida-a-su-fira-mas-internacional\/#primaryimage"},"thumbnailUrl":"","datePublished":"2019-11-01T13:41:27+00:00","author":{"@id":"https:\/\/www.copealcoy.es\/es\/#\/schema\/person\/e777c87fa024e57d40170af9df39882c"},"breadcrumb":{"@id":"https:\/\/www.copealcoy.es\/es\/cocentaina-da-la-bievenida-a-su-fira-mas-internacional\/#breadcrumb"},"inLanguage":"es","potentialAction":[{"@type":"ReadAction","target":["https:\/\/www.copealcoy.es\/es\/cocentaina-da-la-bievenida-a-su-fira-mas-internacional\/"]}]},{"@type":"ImageObject","inLanguage":"es","@id":"https:\/\/www.copealcoy.es\/es\/cocentaina-da-la-bievenida-a-su-fira-mas-internacional\/#primaryimage","url":"","contentUrl":""},{"@type":"BreadcrumbList","@id":"https:\/\/www.copealcoy.es\/es\/cocentaina-da-la-bievenida-a-su-fira-mas-internacional\/#breadcrumb","itemListElement":[{"@type":"ListItem","position":1,"name":"Portada","item":"https:\/\/www.copealcoy.es\/es\/"},{"@type":"ListItem","position":2,"name":"Cocentaina da la bievenida a su Fira m\u00e1s internacional"}]},{"@type":"WebSite","@id":"https:\/\/www.copealcoy.es\/es\/#website","url":"https:\/\/www.copealcoy.es\/es\/","name":"COPE Alcoy","description":"Emisora COPE de radio local con emisi\u00f3n online. Pont de Sant Jordi 8-10 03803 Alcoy","potentialAction":[{"@type":"SearchAction","target":{"@type":"EntryPoint","urlTemplate":"https:\/\/www.copealcoy.es\/es\/?s={search_term_string}"},"query-input":{"@type":"PropertyValueSpecification","valueRequired":true,"valueName":"search_term_string"}}],"inLanguage":"es"},{"@type":"Person","@id":"https:\/\/www.copealcoy.es\/es\/#\/schema\/person\/e777c87fa024e57d40170af9df39882c","name":"Cope Alcoy","image":{"@type":"ImageObject","inLanguage":"es","@id":"https:\/\/secure.gravatar.com\/avatar\/bb65d0283347e303893ba14f0692005417c1e0e690a325a4c5d8bb2b3943ee14?s=96&d=mm&r=g","url":"https:\/\/secure.gravatar.com\/avatar\/bb65d0283347e303893ba14f0692005417c1e0e690a325a4c5d8bb2b3943ee14?s=96&d=mm&r=g","contentUrl":"https:\/\/secure.gravatar.com\/avatar\/bb65d0283347e303893ba14f0692005417c1e0e690a325a4c5d8bb2b3943ee14?s=96&d=mm&r=g","caption":"Cope Alcoy"}}]}},"_links":{"self":[{"href":"https:\/\/www.copealcoy.es\/es\/wp-json\/wp\/v2\/posts\/56507","targetHints":{"allow":["GET"]}}],"collection":[{"href":"https:\/\/www.copealcoy.es\/es\/wp-json\/wp\/v2\/posts"}],"about":[{"href":"https:\/\/www.copealcoy.es\/es\/wp-json\/wp\/v2\/types\/post"}],"author":[{"embeddable":true,"href":"https:\/\/www.copealcoy.es\/es\/wp-json\/wp\/v2\/users\/1"}],"replies":[{"embeddable":true,"href":"https:\/\/www.copealcoy.es\/es\/wp-json\/wp\/v2\/comments?post=56507"}],"version-history":[{"count":0,"href":"https:\/\/www.copealcoy.es\/es\/wp-json\/wp\/v2\/posts\/56507\/revisions"}],"wp:featuredmedia":[{"embeddable":true,"href":"https:\/\/www.copealcoy.es\/es\/wp-json\/"}],"wp:attachment":[{"href":"https:\/\/www.copealcoy.es\/es\/wp-json\/wp\/v2\/media?parent=56507"}],"wp:term":[{"taxonomy":"category","embeddable":true,"href":"https:\/\/www.copealcoy.es\/es\/wp-json\/wp\/v2\/categories?post=56507"},{"taxonomy":"post_tag","embeddable":true,"href":"https:\/\/www.copealcoy.es\/es\/wp-json\/wp\/v2\/tags?post=56507"}],"curies":[{"name":"wp","href":"https:\/\/api.w.org\/{rel}","templated":true}]}}