{"id":56413,"date":"2019-10-30T12:44:31","date_gmt":"2019-10-30T12:44:31","guid":{"rendered":"https:\/\/copealcoi.es\/?p=56413"},"modified":"2019-10-30T12:44:31","modified_gmt":"2019-10-30T12:44:31","slug":"el-pp-califica-de-nefasta-la-gestion-del-gobierno-en-la-policia-local","status":"publish","type":"post","link":"https:\/\/www.copealcoy.es\/es\/el-pp-califica-de-nefasta-la-gestion-del-gobierno-en-la-policia-local\/","title":{"rendered":"El PP califica de &#8216;nefasta&#8217; la gesti\u00f3n del Gobierno en la Polic\u00eda Local"},"content":{"rendered":"<p style=\"text-align: justify;\">El <strong>Partido Popular de Alcoy<\/strong> exige al alcalde, <strong>Antonio Franc\u00e9s<\/strong>, que depure &#8220;<em>responsabilidades pol\u00edticas<\/em>&#8221; por <strong>las graves consecuencias<\/strong> que, a su juicio, ha causado &#8220;<em>la nefasta gesti\u00f3n<\/em>&#8221; del <strong>Gobierno Local del PSOE<\/strong> en la Polic\u00eda Local.<\/p>\n<p style=\"text-align: justify;\">La petici\u00f3n del PP <strong>surge a ra\u00edz de la \u00faltima sentencia<\/strong>, difundida en los \u00faltimos d\u00edas, que condena al ex jefe de la Polic\u00eda, <strong>Jos\u00e9 Luis Guerrero<\/strong>; por acoso y lesiones a su antecesor, <strong>Carlos Mart\u00edn<\/strong>. El Juzgado de lo Penal n\u00famero 9 de Alicante <strong>fija una indemnizaci\u00f3n de 23.341 euros y una pena de tres meses de prisi\u00f3n<\/strong> tal y como recuerda la formaci\u00f3n pol\u00edtica. El Ayuntamiento de Alcoy, seg\u00fan el fallo, es <strong>responsable subsidiario<\/strong>.<\/p>\n<p style=\"text-align: justify;\">El portavoz del PP en el Ayuntamiento de Alcoy, <strong>Quique Ruiz<\/strong>, califica de <strong>especialmente grave<\/strong> la \u00faltima sentencia y afirma que la misma <strong>condena por un delito penal a un polic\u00eda<\/strong> impuesto directamente por el entonces concejal Jordi Mart\u00ednez para dirigir la Polic\u00eda Local &#8220;<em>el alto tribunal tambi\u00e9n ha anulado este mismo a\u00f1o la designaci\u00f3n del actual jefe de la Polic\u00eda Local al advertir anomal\u00edas en el proceso de selecci\u00f3n. Son demasiadas decisiones judiciales que deben tener responsabilidades porque son fruto de acuerdos pol\u00edticos que est\u00e1n provocando mucho da\u00f1o a la Polic\u00eda y al Ayuntamiento<\/em>&#8220;, lamenta Ruiz.<\/p>\n<p style=\"text-align: justify;\">Finalmente el PP destaca que <strong>dentro de la gesti\u00f3n de la Polic\u00eda Local<\/strong>, <strong>Jordi Mart\u00ednez<\/strong>, la concejal <strong>Lorena Zamorano<\/strong> y el ex jefe <strong>Jos\u00e9 Luis Guerrero<\/strong> est\u00e1n investigados por <strong>un presunto delito de malversaci\u00f3n de caudales p\u00fablicos<\/strong>. Seg\u00fan la investigaci\u00f3n, detallan los populares, <strong>pagaron horas extraordinarias sin justificar a un oficial<\/strong>, cu\u00f1ado del ex jefe, y destinado a Alcoy<strong> dentro de la remodelaci\u00f3n de la Polic\u00eda<\/strong> promovida por Mart\u00ednez en <strong>la primera legislatura<\/strong> del Gobierno Municipal de Antonio Franc\u00e9s. El caso, como ya les cont\u00f3 COPE ALCOY en su momento, <strong>est\u00e1 pendiente de la apertura del juicio<\/strong> despu\u00e9s de que la Fiscal\u00eda y el juzgado <strong>rechazase la petici\u00f3n de sobreseimiento<\/strong> de los investigados.<\/p>\n\n\n<p><\/p>\n","protected":false},"excerpt":{"rendered":"<p>El Partido Popular de Alcoy exige al alcalde, Antonio Franc\u00e9s, que depure &#8220;responsabilidades pol\u00edticas&#8221; por las graves consecuencias que, a&#8230;<\/p>\n","protected":false},"author":1,"featured_media":15153,"comment_status":"open","ping_status":"open","sticky":false,"template":"","format":"standard","meta":{"footnotes":""},"categories":[97,75,79],"tags":[1494,1793,217,9372,9373,846,227],"class_list":["post-56413","post","type-post","status-publish","format-standard","has-post-thumbnail","hentry","category-alcoy","category-noticias","category-politicayeconomia","tag-alcoy","tag-antonio-frances","tag-gobierno","tag-gobierno-local-psoe","tag-nefasta-gestion","tag-policia-local","tag-pp"],"yoast_head":"<!-- This site is optimized with the Yoast SEO plugin v27.3 - https:\/\/yoast.com\/product\/yoast-seo-wordpress\/ -->\n<title>El PP califica de &#039;nefasta&#039; la gesti\u00f3n del Gobierno en la Polic\u00eda Local - COPE Alcoy<\/title>\n<meta name=\"robots\" content=\"index, follow, max-snippet:-1, max-image-preview:large, max-video-preview:-1\" \/>\n<link rel=\"canonical\" href=\"https:\/\/www.copealcoy.es\/es\/el-pp-califica-de-nefasta-la-gestion-del-gobierno-en-la-policia-local\/\" \/>\n<meta property=\"og:locale\" content=\"es_ES\" \/>\n<meta property=\"og:type\" content=\"article\" \/>\n<meta property=\"og:title\" content=\"El PP califica de &#039;nefasta&#039; la gesti\u00f3n del Gobierno en la Polic\u00eda Local - COPE Alcoy\" \/>\n<meta property=\"og:description\" content=\"El Partido Popular de Alcoy exige al alcalde, Antonio Franc\u00e9s, que depure &#8220;responsabilidades pol\u00edticas&#8221; por las graves consecuencias que, a...\" \/>\n<meta property=\"og:url\" content=\"https:\/\/www.copealcoy.es\/es\/el-pp-califica-de-nefasta-la-gestion-del-gobierno-en-la-policia-local\/\" \/>\n<meta property=\"og:site_name\" content=\"COPE Alcoy\" \/>\n<meta property=\"article:published_time\" content=\"2019-10-30T12:44:31+00:00\" \/>\n<meta property=\"og:image\" content=\"https:\/\/www.copealcoy.es\/wp-content\/uploads\/2015\/08\/Police-in-helicopter.jpg\" \/>\n\t<meta property=\"og:image:width\" content=\"400\" \/>\n\t<meta property=\"og:image:height\" content=\"225\" \/>\n\t<meta property=\"og:image:type\" content=\"image\/jpeg\" \/>\n<meta name=\"author\" content=\"Cope Alcoy\" \/>\n<meta name=\"twitter:label1\" content=\"Escrito por\" \/>\n\t<meta name=\"twitter:data1\" content=\"Cope Alcoy\" \/>\n\t<meta name=\"twitter:label2\" content=\"Tiempo de lectura\" \/>\n\t<meta name=\"twitter:data2\" content=\"2 minutos\" \/>\n<script type=\"application\/ld+json\" class=\"yoast-schema-graph\">{\"@context\":\"https:\\\/\\\/schema.org\",\"@graph\":[{\"@type\":\"Article\",\"@id\":\"https:\\\/\\\/www.copealcoy.es\\\/es\\\/el-pp-califica-de-nefasta-la-gestion-del-gobierno-en-la-policia-local\\\/#article\",\"isPartOf\":{\"@id\":\"https:\\\/\\\/www.copealcoy.es\\\/es\\\/el-pp-califica-de-nefasta-la-gestion-del-gobierno-en-la-policia-local\\\/\"},\"author\":{\"name\":\"Cope Alcoy\",\"@id\":\"https:\\\/\\\/www.copealcoy.es\\\/es\\\/#\\\/schema\\\/person\\\/e777c87fa024e57d40170af9df39882c\"},\"headline\":\"El PP califica de &#8216;nefasta&#8217; la gesti\u00f3n del Gobierno en la Polic\u00eda Local\",\"datePublished\":\"2019-10-30T12:44:31+00:00\",\"mainEntityOfPage\":{\"@id\":\"https:\\\/\\\/www.copealcoy.es\\\/es\\\/el-pp-califica-de-nefasta-la-gestion-del-gobierno-en-la-policia-local\\\/\"},\"wordCount\":379,\"commentCount\":0,\"image\":{\"@id\":\"https:\\\/\\\/www.copealcoy.es\\\/es\\\/el-pp-califica-de-nefasta-la-gestion-del-gobierno-en-la-policia-local\\\/#primaryimage\"},\"thumbnailUrl\":\"https:\\\/\\\/www.copealcoy.es\\\/wp-content\\\/uploads\\\/2015\\\/08\\\/Police-in-helicopter.jpg\",\"keywords\":[\"Alcoy\",\"Antonio Franc\u00e9s\",\"Gobierno\",\"Gobierno Local PSOE\",\"nefasta gesti\u00f3n\",\"Polic\u00eda Local\",\"PP\"],\"articleSection\":[\"Alcoy\",\"Noticias\",\"Pol\u00edtica y Econom\u00eda\"],\"inLanguage\":\"es\"},{\"@type\":\"WebPage\",\"@id\":\"https:\\\/\\\/www.copealcoy.es\\\/es\\\/el-pp-califica-de-nefasta-la-gestion-del-gobierno-en-la-policia-local\\\/\",\"url\":\"https:\\\/\\\/www.copealcoy.es\\\/es\\\/el-pp-califica-de-nefasta-la-gestion-del-gobierno-en-la-policia-local\\\/\",\"name\":\"El PP califica de 'nefasta' la gesti\u00f3n del Gobierno en la Polic\u00eda Local - COPE Alcoy\",\"isPartOf\":{\"@id\":\"https:\\\/\\\/www.copealcoy.es\\\/es\\\/#website\"},\"primaryImageOfPage\":{\"@id\":\"https:\\\/\\\/www.copealcoy.es\\\/es\\\/el-pp-califica-de-nefasta-la-gestion-del-gobierno-en-la-policia-local\\\/#primaryimage\"},\"image\":{\"@id\":\"https:\\\/\\\/www.copealcoy.es\\\/es\\\/el-pp-califica-de-nefasta-la-gestion-del-gobierno-en-la-policia-local\\\/#primaryimage\"},\"thumbnailUrl\":\"https:\\\/\\\/www.copealcoy.es\\\/wp-content\\\/uploads\\\/2015\\\/08\\\/Police-in-helicopter.jpg\",\"datePublished\":\"2019-10-30T12:44:31+00:00\",\"author\":{\"@id\":\"https:\\\/\\\/www.copealcoy.es\\\/es\\\/#\\\/schema\\\/person\\\/e777c87fa024e57d40170af9df39882c\"},\"breadcrumb\":{\"@id\":\"https:\\\/\\\/www.copealcoy.es\\\/es\\\/el-pp-califica-de-nefasta-la-gestion-del-gobierno-en-la-policia-local\\\/#breadcrumb\"},\"inLanguage\":\"es\",\"potentialAction\":[{\"@type\":\"ReadAction\",\"target\":[\"https:\\\/\\\/www.copealcoy.es\\\/es\\\/el-pp-califica-de-nefasta-la-gestion-del-gobierno-en-la-policia-local\\\/\"]}]},{\"@type\":\"ImageObject\",\"inLanguage\":\"es\",\"@id\":\"https:\\\/\\\/www.copealcoy.es\\\/es\\\/el-pp-califica-de-nefasta-la-gestion-del-gobierno-en-la-policia-local\\\/#primaryimage\",\"url\":\"https:\\\/\\\/www.copealcoy.es\\\/wp-content\\\/uploads\\\/2015\\\/08\\\/Police-in-helicopter.jpg\",\"contentUrl\":\"https:\\\/\\\/www.copealcoy.es\\\/wp-content\\\/uploads\\\/2015\\\/08\\\/Police-in-helicopter.jpg\",\"width\":400,\"height\":225,\"caption\":\"Polic\u00eda Local de Alcoy\"},{\"@type\":\"BreadcrumbList\",\"@id\":\"https:\\\/\\\/www.copealcoy.es\\\/es\\\/el-pp-califica-de-nefasta-la-gestion-del-gobierno-en-la-policia-local\\\/#breadcrumb\",\"itemListElement\":[{\"@type\":\"ListItem\",\"position\":1,\"name\":\"Portada\",\"item\":\"https:\\\/\\\/www.copealcoy.es\\\/es\\\/\"},{\"@type\":\"ListItem\",\"position\":2,\"name\":\"El PP califica de &#8216;nefasta&#8217; la gesti\u00f3n del Gobierno en la Polic\u00eda Local\"}]},{\"@type\":\"WebSite\",\"@id\":\"https:\\\/\\\/www.copealcoy.es\\\/es\\\/#website\",\"url\":\"https:\\\/\\\/www.copealcoy.es\\\/es\\\/\",\"name\":\"COPE Alcoy\",\"description\":\"Emisora COPE de radio local con emisi\u00f3n online. Pont de Sant Jordi 8-10 03803 Alcoy\",\"potentialAction\":[{\"@type\":\"SearchAction\",\"target\":{\"@type\":\"EntryPoint\",\"urlTemplate\":\"https:\\\/\\\/www.copealcoy.es\\\/es\\\/?s={search_term_string}\"},\"query-input\":{\"@type\":\"PropertyValueSpecification\",\"valueRequired\":true,\"valueName\":\"search_term_string\"}}],\"inLanguage\":\"es\"},{\"@type\":\"Person\",\"@id\":\"https:\\\/\\\/www.copealcoy.es\\\/es\\\/#\\\/schema\\\/person\\\/e777c87fa024e57d40170af9df39882c\",\"name\":\"Cope Alcoy\",\"image\":{\"@type\":\"ImageObject\",\"inLanguage\":\"es\",\"@id\":\"https:\\\/\\\/secure.gravatar.com\\\/avatar\\\/bb65d0283347e303893ba14f0692005417c1e0e690a325a4c5d8bb2b3943ee14?s=96&d=mm&r=g\",\"url\":\"https:\\\/\\\/secure.gravatar.com\\\/avatar\\\/bb65d0283347e303893ba14f0692005417c1e0e690a325a4c5d8bb2b3943ee14?s=96&d=mm&r=g\",\"contentUrl\":\"https:\\\/\\\/secure.gravatar.com\\\/avatar\\\/bb65d0283347e303893ba14f0692005417c1e0e690a325a4c5d8bb2b3943ee14?s=96&d=mm&r=g\",\"caption\":\"Cope Alcoy\"}}]}<\/script>\n<!-- \/ Yoast SEO plugin. -->","yoast_head_json":{"title":"El PP califica de 'nefasta' la gesti\u00f3n del Gobierno en la Polic\u00eda Local - COPE Alcoy","robots":{"index":"index","follow":"follow","max-snippet":"max-snippet:-1","max-image-preview":"max-image-preview:large","max-video-preview":"max-video-preview:-1"},"canonical":"https:\/\/www.copealcoy.es\/es\/el-pp-califica-de-nefasta-la-gestion-del-gobierno-en-la-policia-local\/","og_locale":"es_ES","og_type":"article","og_title":"El PP califica de 'nefasta' la gesti\u00f3n del Gobierno en la Polic\u00eda Local - COPE Alcoy","og_description":"El Partido Popular de Alcoy exige al alcalde, Antonio Franc\u00e9s, que depure &#8220;responsabilidades pol\u00edticas&#8221; por las graves consecuencias que, a...","og_url":"https:\/\/www.copealcoy.es\/es\/el-pp-califica-de-nefasta-la-gestion-del-gobierno-en-la-policia-local\/","og_site_name":"COPE Alcoy","article_published_time":"2019-10-30T12:44:31+00:00","og_image":[{"width":400,"height":225,"url":"https:\/\/www.copealcoy.es\/wp-content\/uploads\/2015\/08\/Police-in-helicopter.jpg","type":"image\/jpeg"}],"author":"Cope Alcoy","twitter_misc":{"Escrito por":"Cope Alcoy","Tiempo de lectura":"2 minutos"},"schema":{"@context":"https:\/\/schema.org","@graph":[{"@type":"Article","@id":"https:\/\/www.copealcoy.es\/es\/el-pp-califica-de-nefasta-la-gestion-del-gobierno-en-la-policia-local\/#article","isPartOf":{"@id":"https:\/\/www.copealcoy.es\/es\/el-pp-califica-de-nefasta-la-gestion-del-gobierno-en-la-policia-local\/"},"author":{"name":"Cope Alcoy","@id":"https:\/\/www.copealcoy.es\/es\/#\/schema\/person\/e777c87fa024e57d40170af9df39882c"},"headline":"El PP califica de &#8216;nefasta&#8217; la gesti\u00f3n del Gobierno en la Polic\u00eda Local","datePublished":"2019-10-30T12:44:31+00:00","mainEntityOfPage":{"@id":"https:\/\/www.copealcoy.es\/es\/el-pp-califica-de-nefasta-la-gestion-del-gobierno-en-la-policia-local\/"},"wordCount":379,"commentCount":0,"image":{"@id":"https:\/\/www.copealcoy.es\/es\/el-pp-califica-de-nefasta-la-gestion-del-gobierno-en-la-policia-local\/#primaryimage"},"thumbnailUrl":"https:\/\/www.copealcoy.es\/wp-content\/uploads\/2015\/08\/Police-in-helicopter.jpg","keywords":["Alcoy","Antonio Franc\u00e9s","Gobierno","Gobierno Local PSOE","nefasta gesti\u00f3n","Polic\u00eda Local","PP"],"articleSection":["Alcoy","Noticias","Pol\u00edtica y Econom\u00eda"],"inLanguage":"es"},{"@type":"WebPage","@id":"https:\/\/www.copealcoy.es\/es\/el-pp-califica-de-nefasta-la-gestion-del-gobierno-en-la-policia-local\/","url":"https:\/\/www.copealcoy.es\/es\/el-pp-califica-de-nefasta-la-gestion-del-gobierno-en-la-policia-local\/","name":"El PP califica de 'nefasta' la gesti\u00f3n del Gobierno en la Polic\u00eda Local - COPE Alcoy","isPartOf":{"@id":"https:\/\/www.copealcoy.es\/es\/#website"},"primaryImageOfPage":{"@id":"https:\/\/www.copealcoy.es\/es\/el-pp-califica-de-nefasta-la-gestion-del-gobierno-en-la-policia-local\/#primaryimage"},"image":{"@id":"https:\/\/www.copealcoy.es\/es\/el-pp-califica-de-nefasta-la-gestion-del-gobierno-en-la-policia-local\/#primaryimage"},"thumbnailUrl":"https:\/\/www.copealcoy.es\/wp-content\/uploads\/2015\/08\/Police-in-helicopter.jpg","datePublished":"2019-10-30T12:44:31+00:00","author":{"@id":"https:\/\/www.copealcoy.es\/es\/#\/schema\/person\/e777c87fa024e57d40170af9df39882c"},"breadcrumb":{"@id":"https:\/\/www.copealcoy.es\/es\/el-pp-califica-de-nefasta-la-gestion-del-gobierno-en-la-policia-local\/#breadcrumb"},"inLanguage":"es","potentialAction":[{"@type":"ReadAction","target":["https:\/\/www.copealcoy.es\/es\/el-pp-califica-de-nefasta-la-gestion-del-gobierno-en-la-policia-local\/"]}]},{"@type":"ImageObject","inLanguage":"es","@id":"https:\/\/www.copealcoy.es\/es\/el-pp-califica-de-nefasta-la-gestion-del-gobierno-en-la-policia-local\/#primaryimage","url":"https:\/\/www.copealcoy.es\/wp-content\/uploads\/2015\/08\/Police-in-helicopter.jpg","contentUrl":"https:\/\/www.copealcoy.es\/wp-content\/uploads\/2015\/08\/Police-in-helicopter.jpg","width":400,"height":225,"caption":"Polic\u00eda Local de Alcoy"},{"@type":"BreadcrumbList","@id":"https:\/\/www.copealcoy.es\/es\/el-pp-califica-de-nefasta-la-gestion-del-gobierno-en-la-policia-local\/#breadcrumb","itemListElement":[{"@type":"ListItem","position":1,"name":"Portada","item":"https:\/\/www.copealcoy.es\/es\/"},{"@type":"ListItem","position":2,"name":"El PP califica de &#8216;nefasta&#8217; la gesti\u00f3n del Gobierno en la Polic\u00eda Local"}]},{"@type":"WebSite","@id":"https:\/\/www.copealcoy.es\/es\/#website","url":"https:\/\/www.copealcoy.es\/es\/","name":"COPE Alcoy","description":"Emisora COPE de radio local con emisi\u00f3n online. Pont de Sant Jordi 8-10 03803 Alcoy","potentialAction":[{"@type":"SearchAction","target":{"@type":"EntryPoint","urlTemplate":"https:\/\/www.copealcoy.es\/es\/?s={search_term_string}"},"query-input":{"@type":"PropertyValueSpecification","valueRequired":true,"valueName":"search_term_string"}}],"inLanguage":"es"},{"@type":"Person","@id":"https:\/\/www.copealcoy.es\/es\/#\/schema\/person\/e777c87fa024e57d40170af9df39882c","name":"Cope Alcoy","image":{"@type":"ImageObject","inLanguage":"es","@id":"https:\/\/secure.gravatar.com\/avatar\/bb65d0283347e303893ba14f0692005417c1e0e690a325a4c5d8bb2b3943ee14?s=96&d=mm&r=g","url":"https:\/\/secure.gravatar.com\/avatar\/bb65d0283347e303893ba14f0692005417c1e0e690a325a4c5d8bb2b3943ee14?s=96&d=mm&r=g","contentUrl":"https:\/\/secure.gravatar.com\/avatar\/bb65d0283347e303893ba14f0692005417c1e0e690a325a4c5d8bb2b3943ee14?s=96&d=mm&r=g","caption":"Cope Alcoy"}}]}},"_links":{"self":[{"href":"https:\/\/www.copealcoy.es\/es\/wp-json\/wp\/v2\/posts\/56413","targetHints":{"allow":["GET"]}}],"collection":[{"href":"https:\/\/www.copealcoy.es\/es\/wp-json\/wp\/v2\/posts"}],"about":[{"href":"https:\/\/www.copealcoy.es\/es\/wp-json\/wp\/v2\/types\/post"}],"author":[{"embeddable":true,"href":"https:\/\/www.copealcoy.es\/es\/wp-json\/wp\/v2\/users\/1"}],"replies":[{"embeddable":true,"href":"https:\/\/www.copealcoy.es\/es\/wp-json\/wp\/v2\/comments?post=56413"}],"version-history":[{"count":0,"href":"https:\/\/www.copealcoy.es\/es\/wp-json\/wp\/v2\/posts\/56413\/revisions"}],"wp:featuredmedia":[{"embeddable":true,"href":"https:\/\/www.copealcoy.es\/es\/wp-json\/wp\/v2\/media\/15153"}],"wp:attachment":[{"href":"https:\/\/www.copealcoy.es\/es\/wp-json\/wp\/v2\/media?parent=56413"}],"wp:term":[{"taxonomy":"category","embeddable":true,"href":"https:\/\/www.copealcoy.es\/es\/wp-json\/wp\/v2\/categories?post=56413"},{"taxonomy":"post_tag","embeddable":true,"href":"https:\/\/www.copealcoy.es\/es\/wp-json\/wp\/v2\/tags?post=56413"}],"curies":[{"name":"wp","href":"https:\/\/api.w.org\/{rel}","templated":true}]}}